{"id":5660,"date":"2016-01-13T16:54:05","date_gmt":"2016-01-13T16:54:05","guid":{"rendered":"http:\/\/50.22.11.12\/~grietaor\/?p=5660"},"modified":"2016-03-27T16:57:22","modified_gmt":"2016-03-27T16:57:22","slug":"paro-de-maestros-en-el-crena","status":"publish","type":"post","link":"http:\/\/www.grieta.org.mx\/index.php\/2016\/01\/13\/paro-de-maestros-en-el-crena\/","title":{"rendered":"Paro de maestros en el CRENA"},"content":{"rendered":"<p>Gilberto S\u00e1nchez Triana<\/p>\n<p>Aguascalientes, Enero 13 (2016).- Maestros de la Escuela Normal (Centro Regional de Educaci\u00f3n Normal de Aguascalientes) decidieron realizar un paro de labores hasta tener respuesta del cambio de direcci\u00f3n que debe realizar el Instituto de Educaci\u00f3n, el cual el pasado once del mes en curso anunci\u00f3 que tanto esta Instituci\u00f3n como otras 4, comenzaban el proceso de renovaci\u00f3n para directores.<\/p>\n<p>El Director General del Instituto de Educaci\u00f3n de Aguascalientes, Francisco Ch\u00e1vez Rangel, anunci\u00f3 que dio inicio el proceso para la renovaci\u00f3n del director de la Escuela Normal Rural \u201cJusto Sierra\u201d de Ca\u00f1ada Honda, cumpliendo as\u00ed en tiempo y forma con el compromiso de dar inicio en la segunda semana de enero.<\/p>\n<p>Garantiz\u00f3 que ser\u00e1 un proceso transparente, luego que se integrar\u00e1 un Comit\u00e9 de Selecci\u00f3n, encargado de recibir la documentaci\u00f3n de los aspirantes, sus portafolios de evidencias, as\u00ed como de realizar las entrevistas correspondientes de los maestros que se inscriban en dicho proceso, para posteriormente determinar qui\u00e9n ser\u00e1 el nuevo director de dicha normal.<\/p>\n<p>Dijo que el periodo de recepci\u00f3n de documentos vencer\u00e1 el pr\u00f3ximo viernes 15 de enero, para que la siguiente semana, la mesa dictaminadora emita los resultados y posteriormente se proceda al nombramiento del nuevo director, recordando que el periodo del anterior director concluy\u00f3 el pasado 31 de diciembre.<\/p>\n<p>Ch\u00e1vez Rangel destac\u00f3 al respecto, que el Comit\u00e9 de Alumnas de la Normal \u201cJusto Sierra\u201d se sum\u00f3 al proceso, tras un acuerdo con autoridades del IEA, luego del incidente ocurrido el pasado mes de diciembre cuando intentaron imponer a un director.<\/p>\n<p>Asimismo, inform\u00f3 que tambi\u00e9n se abrieron los procesos para la renovaci\u00f3n de directores en otras normales: la Normal Superior Federal \u201cJos\u00e9 Santos Vald\u00e9s\u201d, la Normal de Rinc\u00f3n de Romos, el Centro Regional de Educaci\u00f3n Normal de Aguascalientes (CRENA) y la Universidad Pedag\u00f3gica Nacional (UPN).<\/p>\n<p>El titular del IEA explic\u00f3 que todos los procesos son abiertos, por lo que podr\u00e1 aspirar todo maestro que tenga la intenci\u00f3n de dirigir dichos planteles, siempre y cuando cumplan con los requisitos marcados, como contar con una preparaci\u00f3n normal, entre otros y deber\u00e1n presentar adem\u00e1s un proyecto de ruta de mejora.<\/p>\n<p>Finalmente, Francisco Ch\u00e1vez se\u00f1al\u00f3 que se est\u00e1n respetando todos los procesos de renovaci\u00f3n de directores de Normales, destacando que estar\u00e1n al frente de los planteles, quienes cuenten con la mejor preparaci\u00f3n, beneficiando as\u00ed a la poblaci\u00f3n estudiantil.<\/p>\n<p><a href=\"http:\/\/alchileaguascalientes.com\/~alchilea\/?p=54049\" target=\"_blank\">alchileaguascalientes.com\/~alchilea\/?p=54049<\/a><\/p>\n","protected":false},"excerpt":{"rendered":"<p>Gilberto S\u00e1nchez Triana Aguascalientes, Enero 13 (2016).- Maestros de la Escuela Normal (Centro Regional de Educaci\u00f3n Normal de Aguascalientes) decidieron realizar un paro de labores hasta tener respuesta del cambio &hellip; <a href=\"http:\/\/www.grieta.org.mx\/index.php\/2016\/01\/13\/paro-de-maestros-en-el-crena\/\" class=\"more-link\">Leer m\u00e1s<\/a><\/p>\n","protected":false},"author":2,"featured_media":21928,"comment_status":"closed","ping_status":"open","sticky":false,"template":"","format":"standard","meta":{"ngg_post_thumbnail":0,"_jetpack_newsletter_access":"","_jetpack_dont_email_post_to_subs":false,"_jetpack_newsletter_tier_id":0,"_jetpack_memberships_contains_paywalled_content":false,"_jetpack_memberships_contains_paid_content":false,"footnotes":""},"categories":[305,80],"tags":[107,225],"class_list":["post-5660","post","type-post","status-publish","format-standard","has-post-thumbnail","hentry","category-aguascalientes","category-cintillo","tag-educacion","tag-normalistas","entry"],"jetpack_featured_media_url":"http:\/\/www.grieta.org.mx\/wp-content\/uploads\/2018\/03\/14524434_1106112876131411_958039263622046936_o.jpg","jetpack_sharing_enabled":true,"jetpack_shortlink":"https:\/\/wp.me\/p7ZJR4-1ti","jetpack_likes_enabled":false,"jetpack-related-posts":[{"id":15166,"url":"http:\/\/www.grieta.org.mx\/index.php\/2016\/06\/18\/entraran-en-paro-normalistas-de-aguascalientes\/","url_meta":{"origin":5660,"position":0},"title":"Entrar\u00e1n en paro normalistas de Aguascalientes","author":"grieta","date":"18 junio, 2016","format":false,"excerpt":"Karla M\u00e9ndez, Aguascalientes Todas las Escuelas Normales del estado de Aguascalientes entrar\u00e1n en un paro de labores el pr\u00f3ximo lunes, inform\u00f3 el l\u00edder del Sindicato de Trabajadores de la Educaci\u00f3n Secci\u00f3n 1, Mario Armando Valdez. \"En todas las normales del estado por la situaci\u00f3n de los corrimientos que est\u00e1 detenido\u2026","rel":"","context":"En &quot;aguascalientes&quot;","block_context":{"text":"aguascalientes","link":"http:\/\/www.grieta.org.mx\/index.php\/category\/aguascalientes\/"},"img":{"alt_text":"","src":"https:\/\/i0.wp.com\/www.grieta.org.mx\/wp-content\/uploads\/2018\/03\/14524434_1106112876131411_958039263622046936_o.jpg?resize=350%2C200","width":350,"height":200,"srcset":"https:\/\/i0.wp.com\/www.grieta.org.mx\/wp-content\/uploads\/2018\/03\/14524434_1106112876131411_958039263622046936_o.jpg?resize=350%2C200 1x, https:\/\/i0.wp.com\/www.grieta.org.mx\/wp-content\/uploads\/2018\/03\/14524434_1106112876131411_958039263622046936_o.jpg?resize=525%2C300 1.5x, https:\/\/i0.wp.com\/www.grieta.org.mx\/wp-content\/uploads\/2018\/03\/14524434_1106112876131411_958039263622046936_o.jpg?resize=700%2C400 2x"},"classes":[]},{"id":16144,"url":"http:\/\/www.grieta.org.mx\/index.php\/2016\/06\/20\/paro-laboral-en-escuelas-normales\/","url_meta":{"origin":5660,"position":1},"title":"\u00a1Paro laboral en escuelas normales! (AGS)","author":"grieta","date":"20 junio, 2016","format":false,"excerpt":"Redacci\u00f3n Hidroc\u00e1lido. Aguascalientes, Ags.- A partir de hoy, los maestros de todas las escuelas normales del estado entran en paro laboral, pues dicen que no les han cumplido con el pliego petitorio que se entreg\u00f3 con anterioridad a las autoridades, por lo que cientos de estudiantes se quedar\u00e1n sin clases,\u2026","rel":"","context":"En &quot;aguascalientes&quot;","block_context":{"text":"aguascalientes","link":"http:\/\/www.grieta.org.mx\/index.php\/category\/aguascalientes\/"},"img":{"alt_text":"","src":"https:\/\/i0.wp.com\/www.grieta.org.mx\/wp-content\/uploads\/2018\/03\/14524434_1106112876131411_958039263622046936_o.jpg?resize=350%2C200","width":350,"height":200,"srcset":"https:\/\/i0.wp.com\/www.grieta.org.mx\/wp-content\/uploads\/2018\/03\/14524434_1106112876131411_958039263622046936_o.jpg?resize=350%2C200 1x, https:\/\/i0.wp.com\/www.grieta.org.mx\/wp-content\/uploads\/2018\/03\/14524434_1106112876131411_958039263622046936_o.jpg?resize=525%2C300 1.5x, https:\/\/i0.wp.com\/www.grieta.org.mx\/wp-content\/uploads\/2018\/03\/14524434_1106112876131411_958039263622046936_o.jpg?resize=700%2C400 2x"},"classes":[]},{"id":5656,"url":"http:\/\/www.grieta.org.mx\/index.php\/2016\/01\/04\/piden-normalistas-elevar-la-transparencia-en-el-sistema-educativo\/","url_meta":{"origin":5660,"position":2},"title":"Piden normalistas elevar la transparencia en el sistema educativo","author":"grieta","date":"4 enero, 2016","format":false,"excerpt":"Carlos Alonso L\u00f3pez, Aguascalientes. Estudiantes de la Escuela Normal Rural Justo Sierra M\u00e9ndez lamentaron que las autoridades del Instituto de Educaci\u00f3n de Aguascalientes no hayan satisfecho una serie de cuestionamientos en materia presupuestal. Ambas partes se enfrentaron hace s\u00f3lo unas semanas. El jueves 17 de diciembre decenas de normalistas bloquearon\u2026","rel":"","context":"En &quot;aguascalientes&quot;","block_context":{"text":"aguascalientes","link":"http:\/\/www.grieta.org.mx\/index.php\/category\/aguascalientes\/"},"img":{"alt_text":"","src":"https:\/\/i0.wp.com\/www.grieta.org.mx\/wp-content\/uploads\/2018\/03\/14524434_1106112876131411_958039263622046936_o.jpg?resize=350%2C200","width":350,"height":200,"srcset":"https:\/\/i0.wp.com\/www.grieta.org.mx\/wp-content\/uploads\/2018\/03\/14524434_1106112876131411_958039263622046936_o.jpg?resize=350%2C200 1x, https:\/\/i0.wp.com\/www.grieta.org.mx\/wp-content\/uploads\/2018\/03\/14524434_1106112876131411_958039263622046936_o.jpg?resize=525%2C300 1.5x, https:\/\/i0.wp.com\/www.grieta.org.mx\/wp-content\/uploads\/2018\/03\/14524434_1106112876131411_958039263622046936_o.jpg?resize=700%2C400 2x"},"classes":[]},{"id":5619,"url":"http:\/\/www.grieta.org.mx\/index.php\/2016\/07\/15\/movilizaciones-de-normalistas-en-aguascalientes\/","url_meta":{"origin":5660,"position":3},"title":"Movilizaciones de normalistas en Aguascalientes","author":"grieta","date":"15 julio, 2016","format":false,"excerpt":"15\/07\/16. Normalista de Ca\u00f1ada Honda atropellada en Michoac\u00e1n El Sol del Centro 20\/06\/16. \u00a1Paro laboral en escuelas normales! Hidroc\u00e1lido 03\/06\/16. Se manifiestan normalistas de Ca\u00f1ada Honda La Jornada Aguascalientes 13\/01\/16. Paro de maestros en el CRENA Al Chile Aguascalientes 04\/01\/16. Piden normalistas elevar la transparencia en el sistema educativo La\u2026","rel":"","context":"En &quot;Aguascalientes&quot;","block_context":{"text":"Aguascalientes","link":"http:\/\/www.grieta.org.mx\/index.php\/category\/noticias-nacionales\/aguascalientes\/"},"img":{"alt_text":"","src":"https:\/\/i0.wp.com\/www.grieta.org.mx\/wp-content\/uploads\/2018\/03\/14524434_1106112876131411_958039263622046936_o.jpg?resize=350%2C200","width":350,"height":200,"srcset":"https:\/\/i0.wp.com\/www.grieta.org.mx\/wp-content\/uploads\/2018\/03\/14524434_1106112876131411_958039263622046936_o.jpg?resize=350%2C200 1x, https:\/\/i0.wp.com\/www.grieta.org.mx\/wp-content\/uploads\/2018\/03\/14524434_1106112876131411_958039263622046936_o.jpg?resize=525%2C300 1.5x, https:\/\/i0.wp.com\/www.grieta.org.mx\/wp-content\/uploads\/2018\/03\/14524434_1106112876131411_958039263622046936_o.jpg?resize=700%2C400 2x"},"classes":[]},{"id":41502,"url":"http:\/\/www.grieta.org.mx\/index.php\/2019\/11\/12\/seis-escuelas-normales-de-aguascalientes-en-paro-de-labores\/","url_meta":{"origin":5660,"position":4},"title":"SEIS ESCUELAS NORMALES DE AGUASCALIENTES, EN PARO DE LABORES","author":"grieta","date":"12 noviembre, 2019","format":false,"excerpt":"Adriana Garc\u00eda Campos\/La Jornada Aguascalientes 12 noviembre 2019 Docentes y personal administrativo se manifiestan, exigiendo la renuncia de directivos Acusan favoritismo y manejo discrecional de los planteles por parte del jefe de Departamento de Normales Refieren trabajadores acoso laboral, prepotencia y abuso de poder Desde la ma\u00f1ana de este lunes\u2026","rel":"","context":"En &quot;Aguascalientes&quot;","block_context":{"text":"Aguascalientes","link":"http:\/\/www.grieta.org.mx\/index.php\/category\/noticias-nacionales\/aguascalientes\/"},"img":{"alt_text":"","src":"https:\/\/i0.wp.com\/www.grieta.org.mx\/wp-content\/uploads\/2019\/11\/15105252000_52a652cfa6_c.jpg?resize=350%2C200","width":350,"height":200,"srcset":"https:\/\/i0.wp.com\/www.grieta.org.mx\/wp-content\/uploads\/2019\/11\/15105252000_52a652cfa6_c.jpg?resize=350%2C200 1x, https:\/\/i0.wp.com\/www.grieta.org.mx\/wp-content\/uploads\/2019\/11\/15105252000_52a652cfa6_c.jpg?resize=525%2C300 1.5x, https:\/\/i0.wp.com\/www.grieta.org.mx\/wp-content\/uploads\/2019\/11\/15105252000_52a652cfa6_c.jpg?resize=700%2C400 2x"},"classes":[]},{"id":5647,"url":"http:\/\/www.grieta.org.mx\/index.php\/2015\/12\/14\/se-manifiestan-normalistas-en-el-iea-exigen-audiencia-con-director\/","url_meta":{"origin":5660,"position":5},"title":"Se manifiestan normalistas en el IEA, exigen audiencia con director","author":"grieta","date":"14 diciembre, 2015","format":false,"excerpt":"M\u00f3nica Cerb\u00f3n, Aguascalientes. \u201cLas estudiantes de la Escuela Normal Rural Justo Sierra M\u00e9ndez de Ca\u00f1ada Honda, Aguascalientes; se han estado presentando ante las autoridades educativas de Aguascalientes (IEA), puesto que no se ha dado apertura a la audiencia solicitada hace tiempo. Se gir\u00f3 un oficio de car\u00e1cter resolutivo con la\u2026","rel":"","context":"En &quot;aguascalientes&quot;","block_context":{"text":"aguascalientes","link":"http:\/\/www.grieta.org.mx\/index.php\/category\/aguascalientes\/"},"img":{"alt_text":"","src":"https:\/\/i0.wp.com\/www.grieta.org.mx\/wp-content\/uploads\/2018\/03\/14524434_1106112876131411_958039263622046936_o.jpg?resize=350%2C200","width":350,"height":200,"srcset":"https:\/\/i0.wp.com\/www.grieta.org.mx\/wp-content\/uploads\/2018\/03\/14524434_1106112876131411_958039263622046936_o.jpg?resize=350%2C200 1x, https:\/\/i0.wp.com\/www.grieta.org.mx\/wp-content\/uploads\/2018\/03\/14524434_1106112876131411_958039263622046936_o.jpg?resize=525%2C300 1.5x, https:\/\/i0.wp.com\/www.grieta.org.mx\/wp-content\/uploads\/2018\/03\/14524434_1106112876131411_958039263622046936_o.jpg?resize=700%2C400 2x"},"classes":[]}],"_links":{"self":[{"href":"http:\/\/www.grieta.org.mx\/index.php\/wp-json\/wp\/v2\/posts\/5660","targetHints":{"allow":["GET"]}}],"collection":[{"href":"http:\/\/www.grieta.org.mx\/index.php\/wp-json\/wp\/v2\/posts"}],"about":[{"href":"http:\/\/www.grieta.org.mx\/index.php\/wp-json\/wp\/v2\/types\/post"}],"author":[{"embeddable":true,"href":"http:\/\/www.grieta.org.mx\/index.php\/wp-json\/wp\/v2\/users\/2"}],"replies":[{"embeddable":true,"href":"http:\/\/www.grieta.org.mx\/index.php\/wp-json\/wp\/v2\/comments?post=5660"}],"version-history":[{"count":1,"href":"http:\/\/www.grieta.org.mx\/index.php\/wp-json\/wp\/v2\/posts\/5660\/revisions"}],"predecessor-version":[{"id":5661,"href":"http:\/\/www.grieta.org.mx\/index.php\/wp-json\/wp\/v2\/posts\/5660\/revisions\/5661"}],"wp:featuredmedia":[{"embeddable":true,"href":"http:\/\/www.grieta.org.mx\/index.php\/wp-json\/wp\/v2\/media\/21928"}],"wp:attachment":[{"href":"http:\/\/www.grieta.org.mx\/index.php\/wp-json\/wp\/v2\/media?parent=5660"}],"wp:term":[{"taxonomy":"category","embeddable":true,"href":"http:\/\/www.grieta.org.mx\/index.php\/wp-json\/wp\/v2\/categories?post=5660"},{"taxonomy":"post_tag","embeddable":true,"href":"http:\/\/www.grieta.org.mx\/index.php\/wp-json\/wp\/v2\/tags?post=5660"}],"curies":[{"name":"wp","href":"https:\/\/api.w.org\/{rel}","templated":true}]}}