{"id":56592,"date":"2021-01-29T12:42:35","date_gmt":"2021-01-29T18:42:35","guid":{"rendered":"http:\/\/www.grieta.org.mx\/?p=56592"},"modified":"2021-02-01T12:49:59","modified_gmt":"2021-02-01T18:49:59","slug":"trabajadores-de-la-secretaria-de-salud-piden-ser-reinstalados-jalisco","status":"publish","type":"post","link":"http:\/\/www.grieta.org.mx\/index.php\/2021\/01\/29\/trabajadores-de-la-secretaria-de-salud-piden-ser-reinstalados-jalisco\/","title":{"rendered":"Trabajadores de la Secretar\u00eda de Salud piden ser reinstalados (Jalisco)"},"content":{"rendered":"<p><img loading=\"lazy\" decoding=\"async\" data-attachment-id=\"56593\" data-permalink=\"http:\/\/www.grieta.org.mx\/index.php\/2021\/01\/29\/trabajadores-de-la-secretaria-de-salud-piden-ser-reinstalados-jalisco\/whatsapp-image-2021-01-29-at-11-26-40-2-696x522\/\" data-orig-file=\"http:\/\/www.grieta.org.mx\/wp-content\/uploads\/2021\/02\/WhatsApp-Image-2021-01-29-at-11.26.40-2-696x522-1.jpeg\" data-orig-size=\"696,522\" data-comments-opened=\"0\" data-image-meta=\"{&quot;aperture&quot;:&quot;0&quot;,&quot;credit&quot;:&quot;&quot;,&quot;camera&quot;:&quot;&quot;,&quot;caption&quot;:&quot;&quot;,&quot;created_timestamp&quot;:&quot;0&quot;,&quot;copyright&quot;:&quot;&quot;,&quot;focal_length&quot;:&quot;0&quot;,&quot;iso&quot;:&quot;0&quot;,&quot;shutter_speed&quot;:&quot;0&quot;,&quot;title&quot;:&quot;&quot;,&quot;orientation&quot;:&quot;0&quot;}\" data-image-title=\"WhatsApp-Image-2021-01-29-at-11.26.40-2-696&amp;#215;522\" data-image-description=\"\" data-image-caption=\"\" data-medium-file=\"http:\/\/www.grieta.org.mx\/wp-content\/uploads\/2021\/02\/WhatsApp-Image-2021-01-29-at-11.26.40-2-696x522-1-300x225.jpeg\" data-large-file=\"http:\/\/www.grieta.org.mx\/wp-content\/uploads\/2021\/02\/WhatsApp-Image-2021-01-29-at-11.26.40-2-696x522-1.jpeg\" class=\" wp-image-56593 aligncenter\" src=\"http:\/\/www.grieta.org.mx\/wp-content\/uploads\/2021\/02\/WhatsApp-Image-2021-01-29-at-11.26.40-2-696x522-1.jpeg\" alt=\"\" width=\"799\" height=\"599\" srcset=\"http:\/\/www.grieta.org.mx\/wp-content\/uploads\/2021\/02\/WhatsApp-Image-2021-01-29-at-11.26.40-2-696x522-1.jpeg 696w, http:\/\/www.grieta.org.mx\/wp-content\/uploads\/2021\/02\/WhatsApp-Image-2021-01-29-at-11.26.40-2-696x522-1-300x225.jpeg 300w, http:\/\/www.grieta.org.mx\/wp-content\/uploads\/2021\/02\/WhatsApp-Image-2021-01-29-at-11.26.40-2-696x522-1-667x500.jpeg 667w\" sizes=\"auto, (max-width: 799px) 100vw, 799px\" \/><\/p>\n<p>Foto: Roc\u00edo L\u00f3pez Fonseca<\/p>\n<p>Roc\u00edo L\u00f3pez Fonseca \/ UDGTV<\/p>\n<p>Otra vez como cada a\u00f1o,\u00a0<strong>los trabajadores de contrato de la Secretar\u00eda de Salud se manifestaron afuera de Casa Jalisco pidiendo ser reinstalados<\/strong>\u00a0y es que cada a\u00f1o es lo mismo, se quedan sin trabajo durante semanas.<\/p>\n<p>Una de las inconformes, Liliana Gonz\u00e1lez, explica:<\/p>\n<p><em>\u201cOtro a\u00f1o a pesar de la pandemia, seguimos tocando puertas para que no se nos est\u00e9 cortando el contrato, ya que cada a\u00f1o se nos termin\u00f3 el contrato y es hora que la autoridad correspondiente no nos da respuesta para nuestra reincorporaci\u00f3n\u201d.<\/em><\/p>\n<p><strong>Son alrededor de 400 trabajadores de varias dependencias como del Instituto Jalisciense de Salud Mental, Centros de Salud, del Hospital Psiqui\u00e1trico el Zapote<\/strong>, brigadistas contra el dengue, de Promoci\u00f3n de la salud, enfermeros, quienes tienen a\u00f1os renovando contrato anualmente y esperan ser considerados para las basificaciones:<\/p>\n<p><em>\u201cTambi\u00e9n otra de nuestras peticiones es que se nos respete la antig\u00fcedad desde el primer d\u00eda que empezamos la relaci\u00f3n laboral con la OPD ya que queremos aspirar al programa de basificaci\u00f3n a nivel nacional para los trabajadores de la salud\u201d.<\/em><\/p>\n<p>Lamenta que han tenido compa\u00f1eros que se han contagiado de Covid-19 y han fallecido.<\/p>\n<p><a href=\"https:\/\/udgtv.com\/noticias\/jalisco\/trabajadores-secretaria-salud-piden-reinstalados\/\">https:\/\/udgtv.com\/noticias\/jalisco\/trabajadores-secretaria-salud-piden-reinstalados\/<\/a><\/p>\n","protected":false},"excerpt":{"rendered":"<p>Foto: Roc\u00edo L\u00f3pez Fonseca Roc\u00edo L\u00f3pez Fonseca \/ UDGTV Otra vez como cada a\u00f1o,\u00a0los trabajadores de contrato de la Secretar\u00eda de Salud se manifestaron afuera de Casa Jalisco pidiendo ser &hellip; <a href=\"http:\/\/www.grieta.org.mx\/index.php\/2021\/01\/29\/trabajadores-de-la-secretaria-de-salud-piden-ser-reinstalados-jalisco\/\" class=\"more-link\">Leer m\u00e1s<\/a><\/p>\n","protected":false},"author":2,"featured_media":56593,"comment_status":"closed","ping_status":"closed","sticky":false,"template":"","format":"standard","meta":{"ngg_post_thumbnail":0,"_jetpack_newsletter_access":"","_jetpack_dont_email_post_to_subs":false,"_jetpack_newsletter_tier_id":0,"_jetpack_memberships_contains_paywalled_content":false,"_jetpack_memberships_contains_paid_content":false,"footnotes":""},"categories":[80,1722,20,2],"tags":[113,3788,3789],"class_list":["post-56592","post","type-post","status-publish","format-standard","has-post-thumbnail","hentry","category-cintillo","category-conflictos-laborales-de-trabajadores-del-estado-en-jalisco","category-jalisco","category-noticias-nacionales","tag-conflictos-laborales","tag-derecho-al-trabajo","tag-protestas-de-trabajadores-de-la-salud","entry"],"jetpack_featured_media_url":"http:\/\/www.grieta.org.mx\/wp-content\/uploads\/2021\/02\/WhatsApp-Image-2021-01-29-at-11.26.40-2-696x522-1.jpeg","jetpack_sharing_enabled":true,"jetpack_shortlink":"https:\/\/wp.me\/p7ZJR4-eIM","jetpack_likes_enabled":false,"jetpack-related-posts":[{"id":59151,"url":"http:\/\/www.grieta.org.mx\/index.php\/2021\/04\/27\/trabajadores-de-hospitales-covid-19-se-manifiestan-en-casa-jalisco-por-despido\/","url_meta":{"origin":56592,"position":0},"title":"Trabajadores de hospitales covid-19 se manifiestan en Casa Jalisco por despido","author":"grieta","date":"27 abril, 2021","format":false,"excerpt":"Foto: Medios Roc\u00edo Fonseca \/ UDGTV Esta no es la primera vez que la secretar\u00eda de Salud prescinde de trabajadores que sacaron adelante las \u00e1reas covid-19 en el sector P\u00fablico. El 25 de noviembre una veintena de\u00a0trabajadores del Hospital \u00c1ngel Lea\u00f1o fueron dados de baja del servicio a pesar de\u2026","rel":"","context":"En &quot;CINTILLO&quot;","block_context":{"text":"CINTILLO","link":"http:\/\/www.grieta.org.mx\/index.php\/category\/cintillo\/"},"img":{"alt_text":"","src":"https:\/\/i0.wp.com\/www.grieta.org.mx\/wp-content\/uploads\/2021\/05\/Casa-Jalisco-medios.jpg?resize=350%2C200","width":350,"height":200,"srcset":"https:\/\/i0.wp.com\/www.grieta.org.mx\/wp-content\/uploads\/2021\/05\/Casa-Jalisco-medios.jpg?resize=350%2C200 1x, https:\/\/i0.wp.com\/www.grieta.org.mx\/wp-content\/uploads\/2021\/05\/Casa-Jalisco-medios.jpg?resize=525%2C300 1.5x, https:\/\/i0.wp.com\/www.grieta.org.mx\/wp-content\/uploads\/2021\/05\/Casa-Jalisco-medios.jpg?resize=700%2C400 2x"},"classes":[]},{"id":58988,"url":"http:\/\/www.grieta.org.mx\/index.php\/2021\/04\/20\/trabajadores-del-imss-piden-se-vacune-a-todo-el-personal-de-salud-jalisco\/","url_meta":{"origin":56592,"position":1},"title":"Trabajadores del IMSS piden se vacune a todo el personal de salud (Jalisco)","author":"grieta","date":"20 abril, 2021","format":false,"excerpt":"Foto: Rub\u00e9n Fraire Roc\u00edo L\u00f3pez Fonseca \/ UDGTV Luego del caos en algunas cl\u00ednicas del IMSS donde se aplicaron algunas vacunas al personal de salud, casi un centenar de trabajadores del instituto se manifestaron en las inmediaciones del Centro M\u00e9dico cerrando la circulaci\u00f3n de la calle Belisario Dom\u00ednguez. Un miembro\u2026","rel":"","context":"En &quot;CINTILLO&quot;","block_context":{"text":"CINTILLO","link":"http:\/\/www.grieta.org.mx\/index.php\/category\/cintillo\/"},"img":{"alt_text":"","src":"https:\/\/i0.wp.com\/www.grieta.org.mx\/wp-content\/uploads\/2021\/04\/MAnifestacion-IMSS-Ruben-Fraire-696x522-1.jpeg?resize=350%2C200","width":350,"height":200,"srcset":"https:\/\/i0.wp.com\/www.grieta.org.mx\/wp-content\/uploads\/2021\/04\/MAnifestacion-IMSS-Ruben-Fraire-696x522-1.jpeg?resize=350%2C200 1x, https:\/\/i0.wp.com\/www.grieta.org.mx\/wp-content\/uploads\/2021\/04\/MAnifestacion-IMSS-Ruben-Fraire-696x522-1.jpeg?resize=525%2C300 1.5x"},"classes":[]},{"id":47914,"url":"http:\/\/www.grieta.org.mx\/index.php\/2020\/04\/15\/47914\/","url_meta":{"origin":56592,"position":2},"title":"Denuncia STNS acoso y hostigamiento contra trabajadores en la Secretar\u00eda de Salud Jalisco","author":"grieta","date":"15 abril, 2020","format":false,"excerpt":"Imagen: Ilustrativa Aseguran que decenas de trabajadores ha sufrido amenazas e intimidaci\u00f3n por autoridades de las regiones sanitaria Isaura L\u00f3pez \/ El Occidenttal El Sindicato de Trabajadores del Sistema Nacional en Salud (STNS), Secci\u00f3n 22, denuncia acoso y hostigamiento laboral por autoridades de la Secretar\u00eda de Salud Jalisco (SSJ) hacia\u2026","rel":"","context":"En &quot;CINTILLO&quot;","block_context":{"text":"CINTILLO","link":"http:\/\/www.grieta.org.mx\/index.php\/category\/cintillo\/"},"img":{"alt_text":"","src":"https:\/\/i0.wp.com\/www.grieta.org.mx\/wp-content\/uploads\/2020\/04\/75612302_3bW6v7fZjns3p4DLZbTZkpqit3eT1RmOqheefkmXUGE.jpg?resize=350%2C200","width":350,"height":200,"srcset":"https:\/\/i0.wp.com\/www.grieta.org.mx\/wp-content\/uploads\/2020\/04\/75612302_3bW6v7fZjns3p4DLZbTZkpqit3eT1RmOqheefkmXUGE.jpg?resize=350%2C200 1x, https:\/\/i0.wp.com\/www.grieta.org.mx\/wp-content\/uploads\/2020\/04\/75612302_3bW6v7fZjns3p4DLZbTZkpqit3eT1RmOqheefkmXUGE.jpg?resize=525%2C300 1.5x, https:\/\/i0.wp.com\/www.grieta.org.mx\/wp-content\/uploads\/2020\/04\/75612302_3bW6v7fZjns3p4DLZbTZkpqit3eT1RmOqheefkmXUGE.jpg?resize=700%2C400 2x"},"classes":[]},{"id":5431,"url":"http:\/\/www.grieta.org.mx\/index.php\/2016\/09\/07\/conflictos-laborales-en-jalisco\/","url_meta":{"origin":56592,"position":3},"title":"Conflictos laborales de trabajadores del estado en Jalisco","author":"grieta","date":"7 septiembre, 2016","format":false,"excerpt":"07\/09\/16. Bur\u00f3cratas se manifiestan; piden restituir dinero a IpejalUni\u00f3n Jalisco 06\/07\/16. Trabajadores exigen aumento de salarioNtr Guadalajara 07\/06\/16. Exigen trabajadores dinero de sus pensionesNtr Guadalajara 24\/05\/16. Jalisco invierte dinero de sus bur\u00f3cratas en desarrollos hotelerosEl Financiero 20\/02\/16. Trabajadores de Cruz Roja Guadalajara exigen prestaciones m\u00e9dicas P\u00e1gina 24 29\/01\/16. Trabajadores del\u2026","rel":"","context":"En &quot;CINTILLO&quot;","block_context":{"text":"CINTILLO","link":"http:\/\/www.grieta.org.mx\/index.php\/category\/cintillo\/"},"img":{"alt_text":"","src":"https:\/\/i0.wp.com\/www.grieta.org.mx\/wp-content\/uploads\/2018\/03\/14524434_1106112876131411_958039263622046936_o.jpg?resize=350%2C200","width":350,"height":200,"srcset":"https:\/\/i0.wp.com\/www.grieta.org.mx\/wp-content\/uploads\/2018\/03\/14524434_1106112876131411_958039263622046936_o.jpg?resize=350%2C200 1x, https:\/\/i0.wp.com\/www.grieta.org.mx\/wp-content\/uploads\/2018\/03\/14524434_1106112876131411_958039263622046936_o.jpg?resize=525%2C300 1.5x, https:\/\/i0.wp.com\/www.grieta.org.mx\/wp-content\/uploads\/2018\/03\/14524434_1106112876131411_958039263622046936_o.jpg?resize=700%2C400 2x"},"classes":[]},{"id":34359,"url":"http:\/\/www.grieta.org.mx\/index.php\/2019\/05\/28\/trabajadores-del-issste-se-manifiestan-ante-despido-de-personal-de-turissste-jalisco\/","url_meta":{"origin":56592,"position":4},"title":"Trabajadores del ISSSTE se manifiestan ante despido de personal de TURISSSTE (Jalisco)","author":"grieta","date":"28 mayo, 2019","format":false,"excerpt":"El secretario General de SITISSSTE, Enrique Vera Sioria, denunci\u00f3 que a nivel nacional se est\u00e1n llevando a cabo los despidos iniciando con la agencia tur\u00edstica Isaura L\u00f3pez \/\u00a0 El Occidental Ante despidos del personal de Turismo del Instituto de Seguridad y Servicios Sociales de los Trabajadores del Estado (TURISSSTE) a\u2026","rel":"","context":"En &quot;CINTILLO&quot;","block_context":{"text":"CINTILLO","link":"http:\/\/www.grieta.org.mx\/index.php\/category\/cintillo\/"},"img":{"alt_text":"","src":"https:\/\/i0.wp.com\/www.grieta.org.mx\/wp-content\/uploads\/2018\/03\/14524434_1106112876131411_958039263622046936_o.jpg?resize=350%2C200","width":350,"height":200,"srcset":"https:\/\/i0.wp.com\/www.grieta.org.mx\/wp-content\/uploads\/2018\/03\/14524434_1106112876131411_958039263622046936_o.jpg?resize=350%2C200 1x, https:\/\/i0.wp.com\/www.grieta.org.mx\/wp-content\/uploads\/2018\/03\/14524434_1106112876131411_958039263622046936_o.jpg?resize=525%2C300 1.5x, https:\/\/i0.wp.com\/www.grieta.org.mx\/wp-content\/uploads\/2018\/03\/14524434_1106112876131411_958039263622046936_o.jpg?resize=700%2C400 2x"},"classes":[]},{"id":55967,"url":"http:\/\/www.grieta.org.mx\/index.php\/2020\/12\/24\/100-trabajadores-de-la-salud-en-q-roo-son-despedidos-por-insabi\/","url_meta":{"origin":56592,"position":5},"title":"100 trabajadores de la salud en Q.Roo son despedidos por INSABI","author":"grieta","date":"24 diciembre, 2020","format":false,"excerpt":"Gustavo Guardian \/ Yucat\u00e1n a la Mano Personal m\u00e9dico recibi\u00f3 el aviso de que su contrato termina a partir del 31 de diciembre. Quintana Roo empezar\u00e1 el 2021 con 100 trabajadores de salud menos en el \u00e1rea de atenci\u00f3n a COVID-19, porque a solo d\u00edas de concluir el a\u00f1o, el\u2026","rel":"","context":"En &quot;CINTILLO&quot;","block_context":{"text":"CINTILLO","link":"http:\/\/www.grieta.org.mx\/index.php\/category\/cintillo\/"},"img":{"alt_text":"","src":"https:\/\/i0.wp.com\/www.grieta.org.mx\/wp-content\/uploads\/2020\/12\/InsabiQRoo-e1609090541376.png?resize=350%2C200","width":350,"height":200,"srcset":"https:\/\/i0.wp.com\/www.grieta.org.mx\/wp-content\/uploads\/2020\/12\/InsabiQRoo-e1609090541376.png?resize=350%2C200 1x, https:\/\/i0.wp.com\/www.grieta.org.mx\/wp-content\/uploads\/2020\/12\/InsabiQRoo-e1609090541376.png?resize=525%2C300 1.5x, https:\/\/i0.wp.com\/www.grieta.org.mx\/wp-content\/uploads\/2020\/12\/InsabiQRoo-e1609090541376.png?resize=700%2C400 2x"},"classes":[]}],"_links":{"self":[{"href":"http:\/\/www.grieta.org.mx\/index.php\/wp-json\/wp\/v2\/posts\/56592","targetHints":{"allow":["GET"]}}],"collection":[{"href":"http:\/\/www.grieta.org.mx\/index.php\/wp-json\/wp\/v2\/posts"}],"about":[{"href":"http:\/\/www.grieta.org.mx\/index.php\/wp-json\/wp\/v2\/types\/post"}],"author":[{"embeddable":true,"href":"http:\/\/www.grieta.org.mx\/index.php\/wp-json\/wp\/v2\/users\/2"}],"replies":[{"embeddable":true,"href":"http:\/\/www.grieta.org.mx\/index.php\/wp-json\/wp\/v2\/comments?post=56592"}],"version-history":[{"count":1,"href":"http:\/\/www.grieta.org.mx\/index.php\/wp-json\/wp\/v2\/posts\/56592\/revisions"}],"predecessor-version":[{"id":56594,"href":"http:\/\/www.grieta.org.mx\/index.php\/wp-json\/wp\/v2\/posts\/56592\/revisions\/56594"}],"wp:featuredmedia":[{"embeddable":true,"href":"http:\/\/www.grieta.org.mx\/index.php\/wp-json\/wp\/v2\/media\/56593"}],"wp:attachment":[{"href":"http:\/\/www.grieta.org.mx\/index.php\/wp-json\/wp\/v2\/media?parent=56592"}],"wp:term":[{"taxonomy":"category","embeddable":true,"href":"http:\/\/www.grieta.org.mx\/index.php\/wp-json\/wp\/v2\/categories?post=56592"},{"taxonomy":"post_tag","embeddable":true,"href":"http:\/\/www.grieta.org.mx\/index.php\/wp-json\/wp\/v2\/tags?post=56592"}],"curies":[{"name":"wp","href":"https:\/\/api.w.org\/{rel}","templated":true}]}}