{"id":56572,"date":"2021-01-20T20:03:43","date_gmt":"2021-01-21T02:03:43","guid":{"rendered":"http:\/\/www.grieta.org.mx\/?p=56572"},"modified":"2021-01-31T22:07:40","modified_gmt":"2021-02-01T04:07:40","slug":"asesinan-a-una-estudiante-de-16-anos-en-oaxaca","status":"publish","type":"post","link":"http:\/\/www.grieta.org.mx\/index.php\/2021\/01\/20\/asesinan-a-una-estudiante-de-16-anos-en-oaxaca\/","title":{"rendered":"Asesinan a una estudiante de 16 a\u00f1os en Oaxaca"},"content":{"rendered":"<p>Proceso \/ Pedro Mat\u00edas.<\/p>\n<p>La menor sali\u00f3 de su comunidad, en Buena Vista Zoquiapam, para pagar la luz en San Isidro Zoquiapam, pero no regres\u00f3. Este mi\u00e9rcoles se encontr\u00f3 su cuerpo en un arroyo con visibles huellas de violencia.<\/p>\n<p><img loading=\"lazy\" decoding=\"async\" data-attachment-id=\"56573\" data-permalink=\"http:\/\/www.grieta.org.mx\/index.php\/2021\/01\/20\/asesinan-a-una-estudiante-de-16-anos-en-oaxaca\/1-134\/\" data-orig-file=\"http:\/\/www.grieta.org.mx\/wp-content\/uploads\/2021\/01\/1-12.jpg\" data-orig-size=\"800,450\" data-comments-opened=\"0\" data-image-meta=\"{&quot;aperture&quot;:&quot;0&quot;,&quot;credit&quot;:&quot;&quot;,&quot;camera&quot;:&quot;&quot;,&quot;caption&quot;:&quot;&quot;,&quot;created_timestamp&quot;:&quot;0&quot;,&quot;copyright&quot;:&quot;&quot;,&quot;focal_length&quot;:&quot;0&quot;,&quot;iso&quot;:&quot;0&quot;,&quot;shutter_speed&quot;:&quot;0&quot;,&quot;title&quot;:&quot;&quot;,&quot;orientation&quot;:&quot;0&quot;}\" data-image-title=\"1\" data-image-description=\"\" data-image-caption=\"\" data-medium-file=\"http:\/\/www.grieta.org.mx\/wp-content\/uploads\/2021\/01\/1-12-300x169.jpg\" data-large-file=\"http:\/\/www.grieta.org.mx\/wp-content\/uploads\/2021\/01\/1-12.jpg\" class=\"alignnone wp-image-56573\" src=\"http:\/\/www.grieta.org.mx\/wp-content\/uploads\/2021\/01\/1-12.jpg\" alt=\"\" width=\"800\" height=\"450\" srcset=\"http:\/\/www.grieta.org.mx\/wp-content\/uploads\/2021\/01\/1-12.jpg 800w, http:\/\/www.grieta.org.mx\/wp-content\/uploads\/2021\/01\/1-12-300x169.jpg 300w, http:\/\/www.grieta.org.mx\/wp-content\/uploads\/2021\/01\/1-12-768x432.jpg 768w\" sizes=\"auto, (max-width: 800px) 100vw, 800px\" \/><\/p>\n<p>OAXACA, Oax. (apro).- Una estudiante de 16 a\u00f1os del Instituto de Estudios de Bachillerato del Estado de Oaxaca (IEBO) fue asesinada en San Isidro Zoquiapam. Con este caso suman 18 feminicidios cometidos en la regi\u00f3n mazateca en el sexenio de Alejandro Murat Hinojosa.<\/p>\n<p>Tras los hechos, la diputada local Elisa Zepeda Lagunas, de Morena, pidi\u00f3 a la Fiscal\u00eda General de Oaxaca que el crimen se investigue bajo protocolos que tengan como base la perspectiva de g\u00e9nero.<\/p>\n<p>Los hechos ocurrieron el pasado lunes 18, cuando la menor sali\u00f3 de su comunidad, Buena Vista Zoquiapam, rumbo a San Isidro Zoquiapam, para realizar el pago de su recibo de luz.<\/p>\n<p>Pasaron las horas y la adolescente no regres\u00f3, por lo que sus familiares y las autoridades realizaron un operativo de b\u00fasqueda, y alrededor de las 17:40 localizaron el cuerpo sin vida de la estudiante, con visibles huellas de violencia, cerca del arroyo \u201cR\u00edo Duende\u201d.<\/p>\n<p>La diputada Zepeda solicit\u00f3 a la Fiscal\u00eda recabar los datos de prueba suficientes para alcanzar la justicia por el feminicidio de la menor.<\/p>\n<p>De igual manera, refiri\u00f3 que la violencia contra las mujeres contin\u00faa increment\u00e1ndose en la entidad, pese a que existe una declaratoria de Alerta de Violencia de G\u00e9nero contra las Mujeres, mientras que \u201clas dependencias del Poder Ejecutivo en Oaxaca y la Fiscal\u00eda General nada han hecho para cambiar esta realidad lacerante\u201d.<\/p>\n<p>Por separado, las autoridades de San Isidro Zoquiapam advirtieron que \u201cno permitir\u00e1n una atrocidad de esta naturaleza o que quede impune este acto violento, por lo que exigen a la Fiscal\u00eda del estado que realice las investigaciones necesarias para dar con \u00e9l o los responsables de estos reprobables actos\u201d.<\/p>\n<p>A su vez, el Centro de Documentaci\u00f3n del Grupo de Estudios sobre la Mujer \u201cRosario Castellanos\u201d (GESMujer) manifest\u00f3 que con el crimen de la estudiante suman seis los casos de mujeres asesinadas en lo que va de 2021.<\/p>\n<p>Y, seg\u00fan su informe de muertes violentas en Oaxaca, del 1 de diciembre de 2016 al 20 de enero de 2021, es decir lo que va del gobierno de Alejandro Murat Hinojosa, se han registrado 501 casos de mujeres asesinadas.<\/p>\n<p>Respecto a las cifras de los \u00faltimos sexenios, mencion\u00f3 que en el gobierno de Jos\u00e9 Murat Casab documentaron 429 mujeres asesinadas; en el de Ulises Ruiz Ortiz, 283; en el de Gabino Cu\u00e9 Monteagudo, 527, y en los primeros cuatro a\u00f1os de Alejandro Murat ya van 501 casos. <\/p>\n<p><a href=\"https:\/\/www.proceso.com.mx\/nacional\/2021\/1\/20\/asesinan-una-estudiante-de-16-anos-en-oaxaca-256675.html\" rel=\"noopener\" target=\"_blank\">https:\/\/www.proceso.com.mx\/nacional\/2021\/1\/20\/asesinan-una-estudiante-de-16-anos-en-oaxaca-256675.html<\/a><\/p>\n","protected":false},"excerpt":{"rendered":"<p>Proceso \/ Pedro Mat\u00edas. La menor sali\u00f3 de su comunidad, en Buena Vista Zoquiapam, para pagar la luz en San Isidro Zoquiapam, pero no regres\u00f3. Este mi\u00e9rcoles se encontr\u00f3 su &hellip; <a href=\"http:\/\/www.grieta.org.mx\/index.php\/2021\/01\/20\/asesinan-a-una-estudiante-de-16-anos-en-oaxaca\/\" class=\"more-link\">Leer m\u00e1s<\/a><\/p>\n","protected":false},"author":2,"featured_media":56573,"comment_status":"closed","ping_status":"closed","sticky":false,"template":"","format":"standard","meta":{"ngg_post_thumbnail":0,"_jetpack_newsletter_access":"","_jetpack_dont_email_post_to_subs":false,"_jetpack_newsletter_tier_id":0,"_jetpack_memberships_contains_paywalled_content":false,"_jetpack_memberships_contains_paid_content":false,"footnotes":""},"categories":[80,1325,2,25,1665],"tags":[],"class_list":["post-56572","post","type-post","status-publish","format-standard","has-post-thumbnail","hentry","category-cintillo","category-feminicidios-en-oaxaca-oaxaca","category-noticias-nacionales","category-oaxaca","category-violencia-contra-las-mujeres-en-oaxaca","entry"],"jetpack_featured_media_url":"http:\/\/www.grieta.org.mx\/wp-content\/uploads\/2021\/01\/1-12.jpg","jetpack_sharing_enabled":true,"jetpack_shortlink":"https:\/\/wp.me\/p7ZJR4-eIs","jetpack_likes_enabled":false,"jetpack-related-posts":[{"id":70308,"url":"http:\/\/www.grieta.org.mx\/index.php\/2024\/10\/20\/van-8-feminicidios-en-el-mes-de-octubre-en-oaxaca-anoche-asesinaron-a-antonieta-una-famosa-costurera-en-tuxtepec-oaxaca\/","url_meta":{"origin":56572,"position":0},"title":"Van 8 feminicidios en el mes de octubre en Oaxaca: Anoche asesinaron a Antonieta, una famosa costurera en Tuxtepec, Oaxaca","author":"grieta","date":"20 octubre, 2024","format":false,"excerpt":"Imagen: Itsmo Press Diana Manzo \/ Itsmo Press #Oaxaca 20 Oct (#Istmopress) \u2013 Antonieta, de 48 a\u00f1os de edad y conocida costurera de Tuxtepec, Oaxaca fue asesinada anoche a balazos en su vivienda. Con este feminicidio, suman 8 mujeres asesinadas en lo que va del mes de octubre en este\u2026","rel":"","context":"En &quot;CINTILLO&quot;","block_context":{"text":"CINTILLO","link":"http:\/\/www.grieta.org.mx\/index.php\/category\/cintillo\/"},"img":{"alt_text":"","src":"https:\/\/i0.wp.com\/www.grieta.org.mx\/wp-content\/uploads\/2024\/10\/1729478970767-1024x576-1.jpg?resize=350%2C200","width":350,"height":200,"srcset":"https:\/\/i0.wp.com\/www.grieta.org.mx\/wp-content\/uploads\/2024\/10\/1729478970767-1024x576-1.jpg?resize=350%2C200 1x, https:\/\/i0.wp.com\/www.grieta.org.mx\/wp-content\/uploads\/2024\/10\/1729478970767-1024x576-1.jpg?resize=525%2C300 1.5x, https:\/\/i0.wp.com\/www.grieta.org.mx\/wp-content\/uploads\/2024\/10\/1729478970767-1024x576-1.jpg?resize=700%2C400 2x"},"classes":[]},{"id":55359,"url":"http:\/\/www.grieta.org.mx\/index.php\/2020\/11\/16\/desaparece-joven-de-17-anos-habia-salido-de-oaxaca-de-juarez-con-direccion-a-tlaxiaco\/","url_meta":{"origin":56572,"position":1},"title":"Desaparece joven de 17 a\u00f1os; hab\u00eda salido de Oaxaca de Ju\u00e1rez con direcci\u00f3n a Tlaxiaco","author":"grieta","date":"16 noviembre, 2020","format":false,"excerpt":"Noticias \/ IGAVEC \/ Fernando Reyes. La jovencita no regres\u00f3 a casa. HUAJUAPAN DE LE\u00d3N, Oaxaca.- Yenifer Judith Ram\u00edrez S\u00e1nchez, de 17 a\u00f1os de edad, sali\u00f3 de la ciudad de Oaxaca con direcci\u00f3n al municipio de Tlaxiaco, desconoci\u00e9ndose hasta el momento de su paradero ya que no lleg\u00f3 a su\u2026","rel":"","context":"En &quot;CINTILLO&quot;","block_context":{"text":"CINTILLO","link":"http:\/\/www.grieta.org.mx\/index.php\/category\/cintillo\/"},"img":{"alt_text":"","src":"https:\/\/i0.wp.com\/www.grieta.org.mx\/wp-content\/uploads\/2020\/11\/A-1.jpg?resize=350%2C200","width":350,"height":200,"srcset":"https:\/\/i0.wp.com\/www.grieta.org.mx\/wp-content\/uploads\/2020\/11\/A-1.jpg?resize=350%2C200 1x, https:\/\/i0.wp.com\/www.grieta.org.mx\/wp-content\/uploads\/2020\/11\/A-1.jpg?resize=525%2C300 1.5x, https:\/\/i0.wp.com\/www.grieta.org.mx\/wp-content\/uploads\/2020\/11\/A-1.jpg?resize=700%2C400 2x, https:\/\/i0.wp.com\/www.grieta.org.mx\/wp-content\/uploads\/2020\/11\/A-1.jpg?resize=1050%2C600 3x"},"classes":[]},{"id":35407,"url":"http:\/\/www.grieta.org.mx\/index.php\/2019\/06\/26\/piden-alto-a-los-feminicidios-oaxaca\/","url_meta":{"origin":56572,"position":2},"title":"Piden alto a los feminicidios (Oaxaca)","author":"grieta","date":"26 junio, 2019","format":false,"excerpt":"Lesli Aguilar \/ Noticias. Los feminicidios han aumentado en Huajuapan. HUAJUAPAN DE LE\u00d3N, Oaxaca.- Defensores de Derechos Humanos en Tlaxiaco pidieron alto a las agresiones y feminicidios en la regi\u00f3n Mixteca, pues el estado de Oaxaca posee una alerta de g\u00e9nero debido a la gran cantidad de agresiones contra el\u2026","rel":"","context":"En &quot;CINTILLO&quot;","block_context":{"text":"CINTILLO","link":"http:\/\/www.grieta.org.mx\/index.php\/category\/cintillo\/"},"img":{"alt_text":"","src":"https:\/\/i0.wp.com\/www.grieta.org.mx\/wp-content\/uploads\/2019\/06\/image_28_372.jpg?resize=350%2C200","width":350,"height":200,"srcset":"https:\/\/i0.wp.com\/www.grieta.org.mx\/wp-content\/uploads\/2019\/06\/image_28_372.jpg?resize=350%2C200 1x, https:\/\/i0.wp.com\/www.grieta.org.mx\/wp-content\/uploads\/2019\/06\/image_28_372.jpg?resize=525%2C300 1.5x, https:\/\/i0.wp.com\/www.grieta.org.mx\/wp-content\/uploads\/2019\/06\/image_28_372.jpg?resize=700%2C400 2x, https:\/\/i0.wp.com\/www.grieta.org.mx\/wp-content\/uploads\/2019\/06\/image_28_372.jpg?resize=1050%2C600 3x"},"classes":[]},{"id":69966,"url":"http:\/\/www.grieta.org.mx\/index.php\/2024\/08\/29\/van-64-feminicidios-en-oaxaca-en-lo-que-va-del-ano\/","url_meta":{"origin":56572,"position":3},"title":"Van 64 feminicidios en Oaxaca en lo que va del a\u00f1o","author":"grieta","date":"29 agosto, 2024","format":false,"excerpt":"Imagen: Proceso De acuerdo con el informe de GESMujer, en lo que va del gobierno morenista de Salom\u00f3n Jara Cruz, es decir, del 1\u00ba de diciembre de 2022 al 28 de agosto de 2024, se han registrado 173 casos de mujeres asesinadas. Pedro Mat\u00edas \/ Proceso OAXACA, Oax. (apro).- \u201c\u00a1Exigimos\u2026","rel":"","context":"En &quot;CINTILLO&quot;","block_context":{"text":"CINTILLO","link":"http:\/\/www.grieta.org.mx\/index.php\/category\/cintillo\/"},"img":{"alt_text":"","src":"https:\/\/i0.wp.com\/www.grieta.org.mx\/wp-content\/uploads\/2024\/10\/187996.jpeg?resize=350%2C200","width":350,"height":200,"srcset":"https:\/\/i0.wp.com\/www.grieta.org.mx\/wp-content\/uploads\/2024\/10\/187996.jpeg?resize=350%2C200 1x, https:\/\/i0.wp.com\/www.grieta.org.mx\/wp-content\/uploads\/2024\/10\/187996.jpeg?resize=525%2C300 1.5x, https:\/\/i0.wp.com\/www.grieta.org.mx\/wp-content\/uploads\/2024\/10\/187996.jpeg?resize=700%2C400 2x, https:\/\/i0.wp.com\/www.grieta.org.mx\/wp-content\/uploads\/2024\/10\/187996.jpeg?resize=1050%2C600 3x, https:\/\/i0.wp.com\/www.grieta.org.mx\/wp-content\/uploads\/2024\/10\/187996.jpeg?resize=1400%2C800 4x"},"classes":[]},{"id":62231,"url":"http:\/\/www.grieta.org.mx\/index.php\/2021\/10\/07\/asesinan-a-madre-e-hija-en-nazareno-etla-oaxaca\/","url_meta":{"origin":56572,"position":4},"title":"Asesinan a madre e hija en Nazareno Etla, Oaxaca","author":"grieta","date":"7 octubre, 2021","format":false,"excerpt":"Proceso \/ Pedro Mat\u00edas. La Fiscal\u00eda General de Oaxaca dio a conocer el hallazgo de una mujer de 27 a\u00f1os y su hija, de 1 a\u00f1o de edad, asesinadas en el paraje La Guamuchera, perteneciente al municipio de Nazareno Etla. OAXACA, Oax. (apro).- La Fiscal\u00eda General de Oaxaca dio a\u2026","rel":"","context":"En &quot;CINTILLO&quot;","block_context":{"text":"CINTILLO","link":"http:\/\/www.grieta.org.mx\/index.php\/category\/cintillo\/"},"img":{"alt_text":"","src":"https:\/\/i0.wp.com\/www.grieta.org.mx\/wp-content\/uploads\/2021\/10\/a.jpg?resize=350%2C200","width":350,"height":200,"srcset":"https:\/\/i0.wp.com\/www.grieta.org.mx\/wp-content\/uploads\/2021\/10\/a.jpg?resize=350%2C200 1x, https:\/\/i0.wp.com\/www.grieta.org.mx\/wp-content\/uploads\/2021\/10\/a.jpg?resize=525%2C300 1.5x, https:\/\/i0.wp.com\/www.grieta.org.mx\/wp-content\/uploads\/2021\/10\/a.jpg?resize=700%2C400 2x"},"classes":[]},{"id":51476,"url":"http:\/\/www.grieta.org.mx\/index.php\/2020\/06\/30\/se-agrava-pandemia-de-violencia-feminicida-en-oaxaca-matan-y-queman-a-alumna-de-cobao-y-a-su-hijo\/","url_meta":{"origin":56572,"position":5},"title":"Se agrava pandemia de violencia feminicida en Oaxaca; matan y queman a alumna de Cobao y a su hijo","author":"grieta","date":"30 junio, 2020","format":false,"excerpt":"P\u00e1gina 3 \/ Pedro Mat\u00edas. - Suman 443 mujeres asesinadas en el sexenio de Murat; van 60 solo en el 2020 - Congreso pide a Fiscal investigaci\u00f3n expedita en este feminicidio e infanticidio OAXACA, Oax.- La pandemia de la violencia feminicida se agrava en Oaxaca con el caso de una\u2026","rel":"","context":"En &quot;CINTILLO&quot;","block_context":{"text":"CINTILLO","link":"http:\/\/www.grieta.org.mx\/index.php\/category\/cintillo\/"},"img":{"alt_text":"","src":"https:\/\/i0.wp.com\/www.grieta.org.mx\/wp-content\/uploads\/2020\/06\/A-3.jpg?resize=350%2C200","width":350,"height":200},"classes":[]}],"_links":{"self":[{"href":"http:\/\/www.grieta.org.mx\/index.php\/wp-json\/wp\/v2\/posts\/56572","targetHints":{"allow":["GET"]}}],"collection":[{"href":"http:\/\/www.grieta.org.mx\/index.php\/wp-json\/wp\/v2\/posts"}],"about":[{"href":"http:\/\/www.grieta.org.mx\/index.php\/wp-json\/wp\/v2\/types\/post"}],"author":[{"embeddable":true,"href":"http:\/\/www.grieta.org.mx\/index.php\/wp-json\/wp\/v2\/users\/2"}],"replies":[{"embeddable":true,"href":"http:\/\/www.grieta.org.mx\/index.php\/wp-json\/wp\/v2\/comments?post=56572"}],"version-history":[{"count":1,"href":"http:\/\/www.grieta.org.mx\/index.php\/wp-json\/wp\/v2\/posts\/56572\/revisions"}],"predecessor-version":[{"id":56575,"href":"http:\/\/www.grieta.org.mx\/index.php\/wp-json\/wp\/v2\/posts\/56572\/revisions\/56575"}],"wp:featuredmedia":[{"embeddable":true,"href":"http:\/\/www.grieta.org.mx\/index.php\/wp-json\/wp\/v2\/media\/56573"}],"wp:attachment":[{"href":"http:\/\/www.grieta.org.mx\/index.php\/wp-json\/wp\/v2\/media?parent=56572"}],"wp:term":[{"taxonomy":"category","embeddable":true,"href":"http:\/\/www.grieta.org.mx\/index.php\/wp-json\/wp\/v2\/categories?post=56572"},{"taxonomy":"post_tag","embeddable":true,"href":"http:\/\/www.grieta.org.mx\/index.php\/wp-json\/wp\/v2\/tags?post=56572"}],"curies":[{"name":"wp","href":"https:\/\/api.w.org\/{rel}","templated":true}]}}