{"id":56541,"date":"2021-01-23T10:48:48","date_gmt":"2021-01-23T16:48:48","guid":{"rendered":"http:\/\/www.grieta.org.mx\/?p=56541"},"modified":"2021-01-30T11:00:48","modified_gmt":"2021-01-30T17:00:48","slug":"el-aire-mas-caro-del-mundo-lo-tiene-la-operadora-queretaro-moderno-queretaro","status":"publish","type":"post","link":"http:\/\/www.grieta.org.mx\/index.php\/2021\/01\/23\/el-aire-mas-caro-del-mundo-lo-tiene-la-operadora-queretaro-moderno-queretaro\/","title":{"rendered":"EL AIRE MAS CARO DEL MUNDO LO TIENE LA OPERADORA QUER\u00c9TARO MODERNO! (Quer\u00e9taro)"},"content":{"rendered":"<p><img loading=\"lazy\" decoding=\"async\" data-attachment-id=\"56542\" data-permalink=\"http:\/\/www.grieta.org.mx\/index.php\/2021\/01\/23\/el-aire-mas-caro-del-mundo-lo-tiene-la-operadora-queretaro-moderno-queretaro\/el-aire-mas-caro-del-mundo-lo-tiene-la-operadora-queretaro-moderno-qro-ene\/\" data-orig-file=\"http:\/\/www.grieta.org.mx\/wp-content\/uploads\/2021\/01\/EL-AIRE-MAS-CARO-DEL-MUNDO-LO-TIENE-LA-OPERADORA-QUERETARO-MODERNO-qro-ene.jpg\" data-orig-size=\"450,600\" data-comments-opened=\"0\" data-image-meta=\"{&quot;aperture&quot;:&quot;0&quot;,&quot;credit&quot;:&quot;&quot;,&quot;camera&quot;:&quot;&quot;,&quot;caption&quot;:&quot;&quot;,&quot;created_timestamp&quot;:&quot;0&quot;,&quot;copyright&quot;:&quot;&quot;,&quot;focal_length&quot;:&quot;0&quot;,&quot;iso&quot;:&quot;0&quot;,&quot;shutter_speed&quot;:&quot;0&quot;,&quot;title&quot;:&quot;&quot;,&quot;orientation&quot;:&quot;0&quot;}\" data-image-title=\"EL AIRE MAS CARO DEL MUNDO LO TIENE LA OPERADORA QUER\u00c9TARO MODERNO! qro ene\" data-image-description=\"\" data-image-caption=\"\" data-medium-file=\"http:\/\/www.grieta.org.mx\/wp-content\/uploads\/2021\/01\/EL-AIRE-MAS-CARO-DEL-MUNDO-LO-TIENE-LA-OPERADORA-QUERETARO-MODERNO-qro-ene-225x300.jpg\" data-large-file=\"http:\/\/www.grieta.org.mx\/wp-content\/uploads\/2021\/01\/EL-AIRE-MAS-CARO-DEL-MUNDO-LO-TIENE-LA-OPERADORA-QUERETARO-MODERNO-qro-ene.jpg\" class=\"alignnone  wp-image-56542\" src=\"http:\/\/www.grieta.org.mx\/wp-content\/uploads\/2021\/01\/EL-AIRE-MAS-CARO-DEL-MUNDO-LO-TIENE-LA-OPERADORA-QUERETARO-MODERNO-qro-ene.jpg\" alt=\"\" width=\"439\" height=\"585\" srcset=\"http:\/\/www.grieta.org.mx\/wp-content\/uploads\/2021\/01\/EL-AIRE-MAS-CARO-DEL-MUNDO-LO-TIENE-LA-OPERADORA-QUERETARO-MODERNO-qro-ene.jpg 450w, http:\/\/www.grieta.org.mx\/wp-content\/uploads\/2021\/01\/EL-AIRE-MAS-CARO-DEL-MUNDO-LO-TIENE-LA-OPERADORA-QUERETARO-MODERNO-qro-ene-225x300.jpg 225w, http:\/\/www.grieta.org.mx\/wp-content\/uploads\/2021\/01\/EL-AIRE-MAS-CARO-DEL-MUNDO-LO-TIENE-LA-OPERADORA-QUERETARO-MODERNO-qro-ene-375x500.jpg 375w\" sizes=\"auto, (max-width: 439px) 100vw, 439px\" \/><\/p>\n<h6>Fotos tomadas de: facebook.com\/NQD.Oficial\/<\/h6>\n<p>Noticias de Qro al d\u00eda<\/p>\n<div class=\"o9v6fnle cxmmr5t8 oygrvhab hcukyx3x c1et5uql ii04i59q\">\n<div dir=\"auto\">Varios vecinos se reunieron este s\u00e1bado en el parque Jamadi ubicado en Zibat\u00e1, esto con el fin de hablar y organizar acciones ya legales contra la Operadora Quer\u00e9taro Moderno, quien desde hace mucho tiempo, mencionan muchos, hay problemas graves, no solo en Zibat\u00e1, si no tambi\u00e9n en Zakia y El refugio, todos en el municipio de El Marqu\u00e9s<\/div>\n<\/div>\n<div class=\"o9v6fnle cxmmr5t8 oygrvhab hcukyx3x c1et5uql ii04i59q\">\n<div dir=\"auto\">Se desconoce con exactitud de d\u00f3nde procede el agua, se teme que tenga qu\u00edmicos como Flour y Ars\u00e9nico, contaminantes naturales altamente t\u00f3xicos, ya que OQM ha demostrado no contar con una potabilizadora de agua.<\/div>\n<\/div>\n<div class=\"o9v6fnle cxmmr5t8 oygrvhab hcukyx3x c1et5uql ii04i59q\">\n<div dir=\"auto\">Otro de los principales problemas es el consumo que se supone que registran las casas, 35 a 50 m\u00b3 al mes, estamos hablando de m\u00e1s de 35 a 50 mil litros por cada casa, una tasa exageradamente alta, ni las tuber\u00edas caseras tienen para soportar tales cantidades de agua, con recibos que incluso rebasan los 21 mil pesos y que se han apelado, la OQM simplemente se deslinda o hace caso omiso a las peticiones de sus clientes.<\/div>\n<\/div>\n<div class=\"o9v6fnle cxmmr5t8 oygrvhab hcukyx3x c1et5uql ii04i59q\">\n<div dir=\"auto\">Una de las peticiones que frecuentemente se realiza es tener un servicio eficiente y de calidad as\u00ed como lo venden, se ha demostrado que las tuber\u00edas est\u00e1n en muy mal estado, la infraestructura deficiente de la OQM debido a la presi\u00f3n, provoca que las tuber\u00edas &#8220;chafas&#8221; se rompan y provocan cortes semanales de suministro de agua, incluso unos llegan a tener m\u00e1s de 4 d\u00edas de duraci\u00f3n y por supuesto, despu\u00e9s de todo esto llega grandes cantidades de aire a las tuber\u00edas que el medidor contabiliza como m\u00b3 de agua.<\/div>\n<\/div>\n<div class=\"o9v6fnle cxmmr5t8 oygrvhab hcukyx3x c1et5uql ii04i59q\">\n<div dir=\"auto\">Vecinos de varias privadas han demostrado que al menos el 50% de sus lecturas son aire, est\u00e1 confirmado que lo que se vende es el aire m\u00e1s caro del mundo, no agua.<\/div>\n<\/div>\n<div class=\"o9v6fnle cxmmr5t8 oygrvhab hcukyx3x c1et5uql ii04i59q\">\n<div dir=\"auto\">Numerosos han sido los intentos de arreglar las cosas con la operadora, de los cuales han sido in\u00fatiles, algunos han dicho recibir amenazas, incluso sobornos de la misma operadora para que no se arme la &#8220;revoluci\u00f3n&#8221; contra ellos, de un recibo de 15 mil, te compran ofreci\u00e9ndote que pagues solamente 1,500 o similares.<\/div>\n<\/div>\n<div dir=\"auto\"><\/div>\n<div dir=\"auto\"><img loading=\"lazy\" decoding=\"async\" data-attachment-id=\"56543\" data-permalink=\"http:\/\/www.grieta.org.mx\/index.php\/2021\/01\/23\/el-aire-mas-caro-del-mundo-lo-tiene-la-operadora-queretaro-moderno-queretaro\/140338468_279316226947712_6724928108357451626_n\/\" data-orig-file=\"http:\/\/www.grieta.org.mx\/wp-content\/uploads\/2021\/01\/140338468_279316226947712_6724928108357451626_n.jpg\" data-orig-size=\"960,867\" data-comments-opened=\"0\" data-image-meta=\"{&quot;aperture&quot;:&quot;0&quot;,&quot;credit&quot;:&quot;&quot;,&quot;camera&quot;:&quot;&quot;,&quot;caption&quot;:&quot;&quot;,&quot;created_timestamp&quot;:&quot;0&quot;,&quot;copyright&quot;:&quot;&quot;,&quot;focal_length&quot;:&quot;0&quot;,&quot;iso&quot;:&quot;0&quot;,&quot;shutter_speed&quot;:&quot;0&quot;,&quot;title&quot;:&quot;&quot;,&quot;orientation&quot;:&quot;0&quot;}\" data-image-title=\"140338468_279316226947712_6724928108357451626_n\" data-image-description=\"\" data-image-caption=\"\" data-medium-file=\"http:\/\/www.grieta.org.mx\/wp-content\/uploads\/2021\/01\/140338468_279316226947712_6724928108357451626_n-300x271.jpg\" data-large-file=\"http:\/\/www.grieta.org.mx\/wp-content\/uploads\/2021\/01\/140338468_279316226947712_6724928108357451626_n.jpg\" class=\"alignnone  wp-image-56543\" src=\"http:\/\/www.grieta.org.mx\/wp-content\/uploads\/2021\/01\/140338468_279316226947712_6724928108357451626_n.jpg\" alt=\"\" width=\"636\" height=\"574\" srcset=\"http:\/\/www.grieta.org.mx\/wp-content\/uploads\/2021\/01\/140338468_279316226947712_6724928108357451626_n.jpg 960w, http:\/\/www.grieta.org.mx\/wp-content\/uploads\/2021\/01\/140338468_279316226947712_6724928108357451626_n-300x271.jpg 300w, http:\/\/www.grieta.org.mx\/wp-content\/uploads\/2021\/01\/140338468_279316226947712_6724928108357451626_n-768x694.jpg 768w, http:\/\/www.grieta.org.mx\/wp-content\/uploads\/2021\/01\/140338468_279316226947712_6724928108357451626_n-554x500.jpg 554w\" sizes=\"auto, (max-width: 636px) 100vw, 636px\" \/><\/div>\n<div dir=\"auto\"><img loading=\"lazy\" decoding=\"async\" data-attachment-id=\"56544\" data-permalink=\"http:\/\/www.grieta.org.mx\/index.php\/2021\/01\/23\/el-aire-mas-caro-del-mundo-lo-tiene-la-operadora-queretaro-moderno-queretaro\/141971407_279316206947714_7360602032753489997_n\/\" data-orig-file=\"http:\/\/www.grieta.org.mx\/wp-content\/uploads\/2021\/01\/141971407_279316206947714_7360602032753489997_n.jpg\" data-orig-size=\"540,960\" data-comments-opened=\"0\" data-image-meta=\"{&quot;aperture&quot;:&quot;0&quot;,&quot;credit&quot;:&quot;&quot;,&quot;camera&quot;:&quot;&quot;,&quot;caption&quot;:&quot;&quot;,&quot;created_timestamp&quot;:&quot;0&quot;,&quot;copyright&quot;:&quot;&quot;,&quot;focal_length&quot;:&quot;0&quot;,&quot;iso&quot;:&quot;0&quot;,&quot;shutter_speed&quot;:&quot;0&quot;,&quot;title&quot;:&quot;&quot;,&quot;orientation&quot;:&quot;0&quot;}\" data-image-title=\"141971407_279316206947714_7360602032753489997_n\" data-image-description=\"\" data-image-caption=\"\" data-medium-file=\"http:\/\/www.grieta.org.mx\/wp-content\/uploads\/2021\/01\/141971407_279316206947714_7360602032753489997_n-169x300.jpg\" data-large-file=\"http:\/\/www.grieta.org.mx\/wp-content\/uploads\/2021\/01\/141971407_279316206947714_7360602032753489997_n.jpg\" class=\"alignnone  wp-image-56544\" src=\"http:\/\/www.grieta.org.mx\/wp-content\/uploads\/2021\/01\/141971407_279316206947714_7360602032753489997_n.jpg\" alt=\"\" width=\"500\" height=\"889\" srcset=\"http:\/\/www.grieta.org.mx\/wp-content\/uploads\/2021\/01\/141971407_279316206947714_7360602032753489997_n.jpg 540w, http:\/\/www.grieta.org.mx\/wp-content\/uploads\/2021\/01\/141971407_279316206947714_7360602032753489997_n-169x300.jpg 169w, http:\/\/www.grieta.org.mx\/wp-content\/uploads\/2021\/01\/141971407_279316206947714_7360602032753489997_n-281x500.jpg 281w\" sizes=\"auto, (max-width: 500px) 100vw, 500px\" \/><\/div>\n<div dir=\"auto\"><img loading=\"lazy\" decoding=\"async\" data-attachment-id=\"56545\" data-permalink=\"http:\/\/www.grieta.org.mx\/index.php\/2021\/01\/23\/el-aire-mas-caro-del-mundo-lo-tiene-la-operadora-queretaro-moderno-queretaro\/141670166_279316186947716_2000666882033187000_n\/\" data-orig-file=\"http:\/\/www.grieta.org.mx\/wp-content\/uploads\/2021\/01\/141670166_279316186947716_2000666882033187000_n.jpg\" data-orig-size=\"960,720\" data-comments-opened=\"0\" data-image-meta=\"{&quot;aperture&quot;:&quot;0&quot;,&quot;credit&quot;:&quot;&quot;,&quot;camera&quot;:&quot;&quot;,&quot;caption&quot;:&quot;&quot;,&quot;created_timestamp&quot;:&quot;0&quot;,&quot;copyright&quot;:&quot;&quot;,&quot;focal_length&quot;:&quot;0&quot;,&quot;iso&quot;:&quot;0&quot;,&quot;shutter_speed&quot;:&quot;0&quot;,&quot;title&quot;:&quot;&quot;,&quot;orientation&quot;:&quot;0&quot;}\" data-image-title=\"141670166_279316186947716_2000666882033187000_n\" data-image-description=\"\" data-image-caption=\"\" data-medium-file=\"http:\/\/www.grieta.org.mx\/wp-content\/uploads\/2021\/01\/141670166_279316186947716_2000666882033187000_n-300x225.jpg\" data-large-file=\"http:\/\/www.grieta.org.mx\/wp-content\/uploads\/2021\/01\/141670166_279316186947716_2000666882033187000_n.jpg\" class=\"alignnone  wp-image-56545\" src=\"http:\/\/www.grieta.org.mx\/wp-content\/uploads\/2021\/01\/141670166_279316186947716_2000666882033187000_n.jpg\" alt=\"\" width=\"626\" height=\"469\" srcset=\"http:\/\/www.grieta.org.mx\/wp-content\/uploads\/2021\/01\/141670166_279316186947716_2000666882033187000_n.jpg 960w, http:\/\/www.grieta.org.mx\/wp-content\/uploads\/2021\/01\/141670166_279316186947716_2000666882033187000_n-300x225.jpg 300w, http:\/\/www.grieta.org.mx\/wp-content\/uploads\/2021\/01\/141670166_279316186947716_2000666882033187000_n-768x576.jpg 768w, http:\/\/www.grieta.org.mx\/wp-content\/uploads\/2021\/01\/141670166_279316186947716_2000666882033187000_n-667x500.jpg 667w\" sizes=\"auto, (max-width: 626px) 100vw, 626px\" \/><\/div>\n<div dir=\"auto\"><img loading=\"lazy\" decoding=\"async\" data-attachment-id=\"56546\" data-permalink=\"http:\/\/www.grieta.org.mx\/index.php\/2021\/01\/23\/el-aire-mas-caro-del-mundo-lo-tiene-la-operadora-queretaro-moderno-queretaro\/140930199_279316166947718_5513960081863297638_n\/\" data-orig-file=\"http:\/\/www.grieta.org.mx\/wp-content\/uploads\/2021\/01\/140930199_279316166947718_5513960081863297638_n.jpg\" data-orig-size=\"720,960\" data-comments-opened=\"0\" data-image-meta=\"{&quot;aperture&quot;:&quot;0&quot;,&quot;credit&quot;:&quot;&quot;,&quot;camera&quot;:&quot;&quot;,&quot;caption&quot;:&quot;&quot;,&quot;created_timestamp&quot;:&quot;0&quot;,&quot;copyright&quot;:&quot;&quot;,&quot;focal_length&quot;:&quot;0&quot;,&quot;iso&quot;:&quot;0&quot;,&quot;shutter_speed&quot;:&quot;0&quot;,&quot;title&quot;:&quot;&quot;,&quot;orientation&quot;:&quot;0&quot;}\" data-image-title=\"140930199_279316166947718_5513960081863297638_n\" data-image-description=\"\" data-image-caption=\"\" data-medium-file=\"http:\/\/www.grieta.org.mx\/wp-content\/uploads\/2021\/01\/140930199_279316166947718_5513960081863297638_n-225x300.jpg\" data-large-file=\"http:\/\/www.grieta.org.mx\/wp-content\/uploads\/2021\/01\/140930199_279316166947718_5513960081863297638_n.jpg\" class=\"alignnone  wp-image-56546\" src=\"http:\/\/www.grieta.org.mx\/wp-content\/uploads\/2021\/01\/140930199_279316166947718_5513960081863297638_n.jpg\" alt=\"\" width=\"643\" height=\"857\" srcset=\"http:\/\/www.grieta.org.mx\/wp-content\/uploads\/2021\/01\/140930199_279316166947718_5513960081863297638_n.jpg 720w, http:\/\/www.grieta.org.mx\/wp-content\/uploads\/2021\/01\/140930199_279316166947718_5513960081863297638_n-225x300.jpg 225w, http:\/\/www.grieta.org.mx\/wp-content\/uploads\/2021\/01\/140930199_279316166947718_5513960081863297638_n-375x500.jpg 375w\" sizes=\"auto, (max-width: 643px) 100vw, 643px\" \/><\/div>\n<div dir=\"auto\"><\/div>\n<div dir=\"auto\"><\/div>\n<div dir=\"auto\"><a href=\"https:\/\/www.facebook.com\/NQD.Oficial\/\" target=\"_blank\" rel=\"noopener\">https:\/\/www.facebook.com\/NQD.Oficial\/<\/a><\/div>\n","protected":false},"excerpt":{"rendered":"<p>Fotos tomadas de: facebook.com\/NQD.Oficial\/ Noticias de Qro al d\u00eda Varios vecinos se reunieron este s\u00e1bado en el parque Jamadi ubicado en Zibat\u00e1, esto con el fin de hablar y organizar &hellip; <a href=\"http:\/\/www.grieta.org.mx\/index.php\/2021\/01\/23\/el-aire-mas-caro-del-mundo-lo-tiene-la-operadora-queretaro-moderno-queretaro\/\" class=\"more-link\">Leer m\u00e1s<\/a><\/p>\n","protected":false},"author":2,"featured_media":56542,"comment_status":"closed","ping_status":"closed","sticky":false,"template":"","format":"standard","meta":{"ngg_post_thumbnail":0,"_jetpack_newsletter_access":"","_jetpack_dont_email_post_to_subs":false,"_jetpack_newsletter_tier_id":0,"_jetpack_memberships_contains_paywalled_content":false,"_jetpack_memberships_contains_paid_content":false,"footnotes":""},"categories":[80,914,3030,3031,2978,2,27,83],"tags":[2403,1068],"class_list":["post-56541","post","type-post","status-publish","format-standard","has-post-thumbnail","hentry","category-cintillo","category-privatizacion-del-agua","category-crisis-del-agua-en-queretaro","category-incremento-del-costo-de-la-vida-en-queretaro","category-movilizaciones-y-protestas-de-habitantes-en-queretaro","category-noticias-nacionales","category-queretaro","category-temas-nacionales","tag-crisis-del-agua","tag-incremento-en-el-costo-de-la-vida","entry"],"jetpack_featured_media_url":"http:\/\/www.grieta.org.mx\/wp-content\/uploads\/2021\/01\/EL-AIRE-MAS-CARO-DEL-MUNDO-LO-TIENE-LA-OPERADORA-QUERETARO-MODERNO-qro-ene.jpg","jetpack_sharing_enabled":true,"jetpack_shortlink":"https:\/\/wp.me\/p7ZJR4-eHX","jetpack_likes_enabled":false,"jetpack-related-posts":[{"id":56033,"url":"http:\/\/www.grieta.org.mx\/index.php\/2020\/12\/17\/exigen-un-alto-a-la-privatizacion-del-agua-en-queretaro\/","url_meta":{"origin":56541,"position":0},"title":"EXIGEN UN ALTO A LA PRIVATIZACI\u00d3N DEL AGUA EN QUER\u00c9TARO","author":"grieta","date":"17 diciembre, 2020","format":false,"excerpt":"Fotos: Infoqromex Noticias Infoqromex Noticias QUER\u00c9TARO, Qro., a 17 de diciembre de 2020. Alrededor de 50 personas entre vecinos, ciudadanos y activistas se manifestaron en inmediaciones de la Comisi\u00f3n Estatal de Aguas (CEA). Los inconformes se oponen al abastecimiento del agua a cargo de un empresa privada como Abastecedora Queretana\u2026","rel":"","context":"En &quot;CINTILLO&quot;","block_context":{"text":"CINTILLO","link":"http:\/\/www.grieta.org.mx\/index.php\/category\/cintillo\/"},"img":{"alt_text":"","src":"https:\/\/i0.wp.com\/www.grieta.org.mx\/wp-content\/uploads\/2020\/12\/7-photo5105085329202850053-1024x715-1.jpg?resize=350%2C200","width":350,"height":200,"srcset":"https:\/\/i0.wp.com\/www.grieta.org.mx\/wp-content\/uploads\/2020\/12\/7-photo5105085329202850053-1024x715-1.jpg?resize=350%2C200 1x, https:\/\/i0.wp.com\/www.grieta.org.mx\/wp-content\/uploads\/2020\/12\/7-photo5105085329202850053-1024x715-1.jpg?resize=525%2C300 1.5x, https:\/\/i0.wp.com\/www.grieta.org.mx\/wp-content\/uploads\/2020\/12\/7-photo5105085329202850053-1024x715-1.jpg?resize=700%2C400 2x"},"classes":[]},{"id":42168,"url":"http:\/\/www.grieta.org.mx\/index.php\/2019\/12\/11\/sin-acuerdos-en-la-pradera-queretaro\/","url_meta":{"origin":56541,"position":1},"title":"Sin acuerdos en La Pradera (Quer\u00e9taro)","author":"grieta","date":"11 diciembre, 2019","format":false,"excerpt":"Cecilia Rubalcava \/ Meganoticias Los vecinos de la pradera siguen sin llegar a un acuerdo con las autoridades para que pueda entrar la comisi\u00f3n Estatal de aguas a brindarles el servicio por lo que exigen que este acuerdo se logre antes de terminar el a\u00f1o pues no quieren seguir trabajando\u2026","rel":"","context":"En &quot;CINTILLO&quot;","block_context":{"text":"CINTILLO","link":"http:\/\/www.grieta.org.mx\/index.php\/category\/cintillo\/"},"img":{"alt_text":"","src":"https:\/\/i0.wp.com\/www.grieta.org.mx\/wp-content\/uploads\/2019\/12\/Sin-acuerdos-en-La-Pradera-qro-dic.jpg?resize=350%2C200","width":350,"height":200,"srcset":"https:\/\/i0.wp.com\/www.grieta.org.mx\/wp-content\/uploads\/2019\/12\/Sin-acuerdos-en-La-Pradera-qro-dic.jpg?resize=350%2C200 1x, https:\/\/i0.wp.com\/www.grieta.org.mx\/wp-content\/uploads\/2019\/12\/Sin-acuerdos-en-La-Pradera-qro-dic.jpg?resize=525%2C300 1.5x, https:\/\/i0.wp.com\/www.grieta.org.mx\/wp-content\/uploads\/2019\/12\/Sin-acuerdos-en-La-Pradera-qro-dic.jpg?resize=700%2C400 2x"},"classes":[]},{"id":43309,"url":"http:\/\/www.grieta.org.mx\/index.php\/2020\/01\/18\/colonos-de-la-pradera-exigen-retirar-concesion-a-aqua-queretaro\/","url_meta":{"origin":56541,"position":2},"title":"Colonos de La Pradera exigen retirar concesi\u00f3n a Aqua (Quer\u00e9taro)","author":"grieta","date":"18 enero, 2020","format":false,"excerpt":"Rafael Vigil \/ Alerta Quer\u00e9taro Noticias Habitantes del fraccionamiento La Pradera, ubicado en el municipio de El Marqu\u00e9s, se manifestaron la tarde de este s\u00e1bado en las inmediaciones del anillo vial Fray Jun\u00edpero Serra para exigir la salida de la empresa concesionaria Aqua, que dota del vital l\u00edquido a los\u2026","rel":"","context":"En &quot;CINTILLO&quot;","block_context":{"text":"CINTILLO","link":"http:\/\/www.grieta.org.mx\/index.php\/category\/cintillo\/"},"img":{"alt_text":"","src":"https:\/\/i0.wp.com\/www.grieta.org.mx\/wp-content\/uploads\/2020\/01\/Colonos-de-La-Pradera-exigen-retirar-concesi%C3%B3n-a-Aqua-qro-ene.jpg?resize=350%2C200","width":350,"height":200},"classes":[]},{"id":43299,"url":"http:\/\/www.grieta.org.mx\/index.php\/2020\/01\/21\/vecinos-de-santillan-tequisquiapan-denuncian-atropellos-en-subministro-de-agua-queretaro\/","url_meta":{"origin":56541,"position":3},"title":"Vecinos de Santill\u00e1n Tequisquiapan denuncian atropellos en subministro de agua (Quer\u00e9taro)","author":"grieta","date":"21 enero, 2020","format":false,"excerpt":"AM Quer\u00e9taro Vecinos del municipio Santill\u00e1n Tequisquiapan, denunciaron una serie de atropellos que ha sufrido 19 familias propietarias de tierras Vecinos del municipio Santill\u00e1n Tequisquiapan, de Quer\u00e9taro, denunciaron ante las autoridades correspondiente una serie de atropellos que ha sufrido 19 familias propietarias de tierras ejidales por parte de Conagua que,\u2026","rel":"","context":"En &quot;CINTILLO&quot;","block_context":{"text":"CINTILLO","link":"http:\/\/www.grieta.org.mx\/index.php\/category\/cintillo\/"},"img":{"alt_text":"","src":"https:\/\/i0.wp.com\/www.grieta.org.mx\/wp-content\/uploads\/2020\/01\/Vecinos-de-Santill%C3%A1n-Tequisquiapan-denuncian-atropellos-en-subministro-de-agua-qro-ene.jpg?resize=350%2C200","width":350,"height":200,"srcset":"https:\/\/i0.wp.com\/www.grieta.org.mx\/wp-content\/uploads\/2020\/01\/Vecinos-de-Santill%C3%A1n-Tequisquiapan-denuncian-atropellos-en-subministro-de-agua-qro-ene.jpg?resize=350%2C200 1x, https:\/\/i0.wp.com\/www.grieta.org.mx\/wp-content\/uploads\/2020\/01\/Vecinos-de-Santill%C3%A1n-Tequisquiapan-denuncian-atropellos-en-subministro-de-agua-qro-ene.jpg?resize=525%2C300 1.5x, https:\/\/i0.wp.com\/www.grieta.org.mx\/wp-content\/uploads\/2020\/01\/Vecinos-de-Santill%C3%A1n-Tequisquiapan-denuncian-atropellos-en-subministro-de-agua-qro-ene.jpg?resize=700%2C400 2x"},"classes":[]},{"id":51629,"url":"http:\/\/www.grieta.org.mx\/index.php\/2020\/07\/02\/agresiones-al-pueblo-de-santiago-mexquititlan-queretaro\/","url_meta":{"origin":56541,"position":4},"title":"Agresiones al pueblo de Santiago Mexquititl\u00e1n (Quer\u00e9taro)","author":"grieta","date":"2 julio, 2020","format":false,"excerpt":"Imagen tomada de: sicmx.org Agust\u00edn Escobar Ledesma \/ Sistema Informativo Ciudadano Uno de los problemas m\u00e1s acuciantes que tiene Santiago Mexquititl\u00e1n, Amealco, Qro., es que sus seis barrios, repetidamente, son dejados sin el servicio de agua potable. La \u00faltima ocasi\u00f3n, ocurrida entre mayo y junio, fue que la Comisi\u00f3n Estatal\u2026","rel":"","context":"En &quot;Autonom\u00edas&quot;","block_context":{"text":"Autonom\u00edas","link":"http:\/\/www.grieta.org.mx\/index.php\/category\/resistencias\/autonomias\/"},"img":{"alt_text":"","src":"https:\/\/i0.wp.com\/www.grieta.org.mx\/wp-content\/uploads\/2020\/07\/Agresiones-al-pueblo-de-Santiago-Mexquititl%C3%A1n-qro-jul.jpeg?resize=350%2C200","width":350,"height":200,"srcset":"https:\/\/i0.wp.com\/www.grieta.org.mx\/wp-content\/uploads\/2020\/07\/Agresiones-al-pueblo-de-Santiago-Mexquititl%C3%A1n-qro-jul.jpeg?resize=350%2C200 1x, https:\/\/i0.wp.com\/www.grieta.org.mx\/wp-content\/uploads\/2020\/07\/Agresiones-al-pueblo-de-Santiago-Mexquititl%C3%A1n-qro-jul.jpeg?resize=525%2C300 1.5x, https:\/\/i0.wp.com\/www.grieta.org.mx\/wp-content\/uploads\/2020\/07\/Agresiones-al-pueblo-de-Santiago-Mexquititl%C3%A1n-qro-jul.jpeg?resize=700%2C400 2x"},"classes":[]},{"id":69806,"url":"http:\/\/www.grieta.org.mx\/index.php\/2024\/09\/22\/piden-agua-en-oasis-desertika-queretaro\/","url_meta":{"origin":56541,"position":5},"title":"Piden agua en Oasis Des\u00e9rtika (Quer\u00e9taro)","author":"grieta","date":"22 septiembre, 2024","format":false,"excerpt":"\u00a0 Lorena Sandoval \/ Diario de Quer\u00e9taro Fotos: Ira\u00eds S\u00e1nchez \/ Diario de Quer\u00e9taro \u00a0 De acuerdo con los manifestantes, desde hace varios a\u00f1os han solicitado apoyo a las autoridades municipales, pero las respuestas han sido escasas y sin acciones concretas Residentes del condominio Oasis Des\u00e9rtica, ubicado en Puertas de\u2026","rel":"","context":"En &quot;CINTILLO&quot;","block_context":{"text":"CINTILLO","link":"http:\/\/www.grieta.org.mx\/index.php\/category\/cintillo\/"},"img":{"alt_text":"","src":"https:\/\/i0.wp.com\/www.grieta.org.mx\/wp-content\/uploads\/2024\/09\/Piden-agua-en-Oasis-Desertika.jpeg?resize=350%2C200","width":350,"height":200,"srcset":"https:\/\/i0.wp.com\/www.grieta.org.mx\/wp-content\/uploads\/2024\/09\/Piden-agua-en-Oasis-Desertika.jpeg?resize=350%2C200 1x, https:\/\/i0.wp.com\/www.grieta.org.mx\/wp-content\/uploads\/2024\/09\/Piden-agua-en-Oasis-Desertika.jpeg?resize=525%2C300 1.5x, https:\/\/i0.wp.com\/www.grieta.org.mx\/wp-content\/uploads\/2024\/09\/Piden-agua-en-Oasis-Desertika.jpeg?resize=700%2C400 2x"},"classes":[]}],"_links":{"self":[{"href":"http:\/\/www.grieta.org.mx\/index.php\/wp-json\/wp\/v2\/posts\/56541","targetHints":{"allow":["GET"]}}],"collection":[{"href":"http:\/\/www.grieta.org.mx\/index.php\/wp-json\/wp\/v2\/posts"}],"about":[{"href":"http:\/\/www.grieta.org.mx\/index.php\/wp-json\/wp\/v2\/types\/post"}],"author":[{"embeddable":true,"href":"http:\/\/www.grieta.org.mx\/index.php\/wp-json\/wp\/v2\/users\/2"}],"replies":[{"embeddable":true,"href":"http:\/\/www.grieta.org.mx\/index.php\/wp-json\/wp\/v2\/comments?post=56541"}],"version-history":[{"count":1,"href":"http:\/\/www.grieta.org.mx\/index.php\/wp-json\/wp\/v2\/posts\/56541\/revisions"}],"predecessor-version":[{"id":56547,"href":"http:\/\/www.grieta.org.mx\/index.php\/wp-json\/wp\/v2\/posts\/56541\/revisions\/56547"}],"wp:featuredmedia":[{"embeddable":true,"href":"http:\/\/www.grieta.org.mx\/index.php\/wp-json\/wp\/v2\/media\/56542"}],"wp:attachment":[{"href":"http:\/\/www.grieta.org.mx\/index.php\/wp-json\/wp\/v2\/media?parent=56541"}],"wp:term":[{"taxonomy":"category","embeddable":true,"href":"http:\/\/www.grieta.org.mx\/index.php\/wp-json\/wp\/v2\/categories?post=56541"},{"taxonomy":"post_tag","embeddable":true,"href":"http:\/\/www.grieta.org.mx\/index.php\/wp-json\/wp\/v2\/tags?post=56541"}],"curies":[{"name":"wp","href":"https:\/\/api.w.org\/{rel}","templated":true}]}}