{"id":56492,"date":"2021-01-28T11:32:10","date_gmt":"2021-01-28T17:32:10","guid":{"rendered":"http:\/\/www.grieta.org.mx\/?p=56492"},"modified":"2021-01-29T11:37:39","modified_gmt":"2021-01-29T17:37:39","slug":"agredieron-a-balazos-a-un-grupo-de-madres-que-busca-a-sus-hijos-desaparecidos-sinaloa","status":"publish","type":"post","link":"http:\/\/www.grieta.org.mx\/index.php\/2021\/01\/28\/agredieron-a-balazos-a-un-grupo-de-madres-que-busca-a-sus-hijos-desaparecidos-sinaloa\/","title":{"rendered":"Agredieron a balazos a un grupo de madres que busca a sus hijos desaparecidos (Sinaloa)"},"content":{"rendered":"<picture class=\"visual__image\"><img loading=\"lazy\" decoding=\"async\" class=\"\" src=\"https:\/\/www.infobae.com\/new-resizer\/q_kmkARZlUTLcRAxEessuPqSy3I=\/420x280\/filters:format(jpg):quality(85)\/\/cloudfront-us-east-1.images.arcpublishing.com\/infobae\/LXQF46WS3NHPBNT5BA7P4VSF7Y.jpeg\" alt=\"CULIAC\u00c1N, SINALOA, 25ENERO2021.- El colectivo de buscadoras de desaparecidos en Sinaloa, Sabuesos Guerreras, fue agredida a balazos, despu\u00e9s de hallar restos humanos en una hacienda abandonada FOTO: JUAN CARLOS CRUZ\/CUARTOSCURO\" width=\"808\" height=\"539\" \/><\/picture>\n<p>INFOBAE<\/p>\n<picture class=\"visual__image\">CULIAC\u00c1N, SINALOA, 25ENERO2021.- El colectivo de buscadoras de desaparecidos en Sinaloa, Sabuesos Guerreras, fue agredida a balazos, despu\u00e9s de hallar restos humanos en una hacienda abandonada FOTO: JUAN CARLOS CRUZ\/CUARTOSCURO<\/picture>\n<p class=\"paragraph\"><b>Un colectivo de madres rastreadoras de desaparecidos llamado \u201cSabuesos Guerreras\u201d fueron atacadas a balazos en<\/b>\u00a0los alrededores de Culiacancito, en el\u00a0<b>municipio de Culiac\u00e1n<\/b>, donde realizaban labores de b\u00fasqueda el lunes pasado.<\/p>\n<p class=\"paragraph\"><b>Este martes, las buscadoras regresaron al lugar, acompa\u00f1adas por elementos de la Polic\u00eda Estatal Preventiva, Ej\u00e9rcito y Guardia Nacional, y desde temprana hora continuaron las labores<\/b>\u00a0y han logrado localizar hasta el momento,\u00a0<b>tres osamentas humanas<\/b>.<\/p>\n<p class=\"paragraph\">Al lugar tambi\u00e9n arrib\u00f3 personal de la Comisi\u00f3n Estatal de B\u00fasqueda de Personas, encabezados por el titular Juan Carlos Saavedra Ortega, as\u00ed como personal pericial de la Fiscal\u00eda de Sinaloa.<\/p>\n<picture class=\"visual__image\"><source srcset=\"https:\/\/www.infobae.com\/new-resizer\/6lpXqzEzsROQIuR11rFb-f56meY=\/768x1152\/filters:format(jpg):quality(85)\/cloudfront-us-east-1.images.arcpublishing.com\/infobae\/GB52U4JJNVEQ7PCGHUHHZ5LJDM.jpg 1200w\" type=\"image\/jpg\" \/><source srcset=\"https:\/\/www.infobae.com\/new-resizer\/6lpXqzEzsROQIuR11rFb-f56meY=\/768x1152\/filters:format(jpg):quality(85)\/cloudfront-us-east-1.images.arcpublishing.com\/infobae\/GB52U4JJNVEQ7PCGHUHHZ5LJDM.jpg 992w\" type=\"image\/jpg\" \/><source srcset=\"https:\/\/www.infobae.com\/new-resizer\/6lpXqzEzsROQIuR11rFb-f56meY=\/768x1152\/filters:format(jpg):quality(85)\/cloudfront-us-east-1.images.arcpublishing.com\/infobae\/GB52U4JJNVEQ7PCGHUHHZ5LJDM.jpg 768w\" type=\"image\/jpg\" \/><source srcset=\"https:\/\/www.infobae.com\/new-resizer\/qduJLUHAjMcKo43qImHWXvuOujc=\/420x630\/filters:format(jpg):quality(85)\/cloudfront-us-east-1.images.arcpublishing.com\/infobae\/GB52U4JJNVEQ7PCGHUHHZ5LJDM.jpg 420w\" type=\"image\/jpg\" \/><img loading=\"lazy\" decoding=\"async\" src=\"https:\/\/www.infobae.com\/new-resizer\/qduJLUHAjMcKo43qImHWXvuOujc=\/420x630\/filters:format(jpg):quality(85)\/\/cloudfront-us-east-1.images.arcpublishing.com\/infobae\/GB52U4JJNVEQ7PCGHUHHZ5LJDM.jpg\" alt=\"Foto: (Facebook)\" width=\"397\" height=\"588\" \/><\/picture>\n<picture class=\"visual__image\">Foto: (Facebook)<\/picture>\n<p class=\"paragraph\"><b>Al volver al predio, las madres de los desaparecidos se percataron que les robaron celulares, palas y otros objetos<\/b>, y adem\u00e1s quemaron una playera de la persona que hallaron sepultada.<\/p>\n<p class=\"paragraph\"><b>Los restos de las tres personas fueron llevados al Servicio M\u00e9dico Forense. Se estima que en el predio haya m\u00e1s cuerpos enterrados<\/b>, por lo que los trabajos de excavaci\u00f3n continuar\u00e1n en la zona.<\/p>\n<p class=\"paragraph\">Los restos \u00f3seos de otras dos personas ejecutadas, fueron halladas en fosas clandestinas dentro de los terrenos de una finca abandonada en Culiacancito, y se sospecha pueda haber m\u00e1s cuerpos enterrados.<\/p>\n<p>agredieron a balazos a un grupo de madres que busca a sus hijos desaparecidos<\/p>\n<picture class=\"visual__image\">Hallaron los restos de al menos tres personas Foto: (Sabuesos guerreras)<\/picture>\n<p class=\"paragraph\"><b>Se dividieron en dos brigadas, una de las cuales se dirigi\u00f3 a la zona de la pensi\u00f3n de autos de la empresa Gr\u00faas Culiac\u00e1n, en la cual se han registrado una serie de incendios\u00a0<\/b>y adem\u00e1s en las \u00faltimas semanas han localizado dos cuerpos. En la pensi\u00f3n la b\u00fasqueda result\u00f3 negativa.<\/p>\n<p class=\"paragraph\">Sin embargo, en la finca abandonada en las inmediaciones de la sindicatura de Culiacancito, cerca de una granja de puercos, la b\u00fasqueda result\u00f3 positiva.<\/p>\n<p class=\"paragraph\"><b>Debido a que la zona est\u00e1 enmontada fue necesario hacer trabajos de desmonte<\/b>\u00a0y de excavaci\u00f3n.<\/p>\n<p class=\"paragraph\"><b>La l\u00edder del grupo, Mar\u00eda Isabel \u201cN\u201d, comparti\u00f3 que al momento del ataque salieron r\u00e1pidamente del lugar<\/b>, donde hab\u00edan encontrado restos humanos, el cual se encuentra en la carretera Culiacancito-La Palma.<\/p>\n<p class=\"paragraph\">Inform\u00f3 que al rastrear la zona encontraron restos humanos, pero de\u00a0<b>pronto escucharon disparos, lo que las alert\u00f3 y pudieron ponerse a salvo.<\/b><\/p>\n<p class=\"paragraph\">Agentes de la Polic\u00eda Municipal les brindaron protecci\u00f3n y desplegaron un operativo para dar con los responsables, lo cual tuvo resultados negativos, pero al inspeccionar el lugar, se percataron que\u00a0<b>saquearon sus mochilas, se llevaron sus celulares y les robaron sus herramientas de trabajo.<\/b><\/p>\n<p>&nbsp;<\/p>\n<p class=\"paragraph\">Finalmente, se solicit\u00f3 la presencia de investigadores y forenses para proceder en la excavaci\u00f3n de los restos encontrados.<\/p>\n<p class=\"paragraph\"><b>\u201cGracias a todos los que se preocuparon por nosotros estamos bien y a seguir buscando porque si nosotros no los buscamos nadie lo har\u00e1 \u00a1\u00a1\u00a1Hasta encontrarles!!! porque los desaparecidos son de todos\u201d<\/b>, comentaron en sue cuenta de Facebook.<\/p>\n<p class=\"paragraph\">\u201cQuerido Michael Corleone ma\u00f1ana cumples 4 a\u00f1os de tu desaparici\u00f3n cobarde pero tienes madre y mucha para seguir busc\u00e1ndote y ma\u00f1ana onrare tu memoria regresando tesoros a casa te amo y te amare por el resto de mi vida espero tu regreso con ansias\u201d, a\u00f1adi\u00f3 una madre que no se rendir\u00e1 hasta encontrar a su hijo.<\/p>\n<p>https:\/\/www.infobae.com\/america\/mexico\/2021\/01\/27\/terror-en-culiacan-agredieron-a-balazos-a-un-grupo-de-madres-que-busca-a-sus-hijos-desaparecidos\/<\/p>\n","protected":false},"excerpt":{"rendered":"<p>INFOBAE CULIAC\u00c1N, SINALOA, 25ENERO2021.- El colectivo de buscadoras de desaparecidos en Sinaloa, Sabuesos Guerreras, fue agredida a balazos, despu\u00e9s de hallar restos humanos en una hacienda abandonada FOTO: JUAN CARLOS &hellip; <a href=\"http:\/\/www.grieta.org.mx\/index.php\/2021\/01\/28\/agredieron-a-balazos-a-un-grupo-de-madres-que-busca-a-sus-hijos-desaparecidos-sinaloa\/\" class=\"more-link\">Leer m\u00e1s<\/a><\/p>\n","protected":false},"author":2,"featured_media":56493,"comment_status":"closed","ping_status":"closed","sticky":false,"template":"","format":"standard","meta":{"ngg_post_thumbnail":0,"_jetpack_newsletter_access":"","_jetpack_dont_email_post_to_subs":false,"_jetpack_newsletter_tier_id":0,"_jetpack_memberships_contains_paywalled_content":false,"_jetpack_memberships_contains_paid_content":false,"footnotes":""},"categories":[80,1203,30],"tags":[1668],"class_list":["post-56492","post","type-post","status-publish","format-standard","has-post-thumbnail","hentry","category-cintillo","category-desaparecidos-en-sinaloa","category-sinaloa","tag-familiares-de-desaparecidos","entry"],"jetpack_featured_media_url":"http:\/\/www.grieta.org.mx\/wp-content\/uploads\/2021\/01\/KACM34KTVVAVJIYFXFHVZ7UF7I.jpg","jetpack_sharing_enabled":true,"jetpack_shortlink":"https:\/\/wp.me\/p7ZJR4-eHa","jetpack_likes_enabled":false,"jetpack-related-posts":[{"id":66707,"url":"http:\/\/www.grieta.org.mx\/index.php\/2023\/03\/26\/colectivo-de-busqueda-tapiza-el-centro-de-culiacan-con-fichas-de-desaparecidos\/","url_meta":{"origin":56492,"position":0},"title":"Colectivo de b\u00fasqueda tapiza el centro de Culiac\u00e1n con fichas de desaparecidos","author":"grieta","date":"26 marzo, 2023","format":false,"excerpt":"Miembros del colectivo de b\u00fasqueda Sabuesos Guerreras en compa\u00f1\u00eda de la Comisi\u00f3n Estatal de B\u00fasqueda y la Polic\u00eda Municipal realizaron la pega de fichas El colectivo Sabuesos Guerreras peg\u00f3 las fichas de sus familiares desaparecidos en el centro de la ciudad. Foto: Manuela Bustamante | El Sol de Sinaloa Manuela\u2026","rel":"","context":"En &quot;Desaparecidos en Sinaloa&quot;","block_context":{"text":"Desaparecidos en Sinaloa","link":"http:\/\/www.grieta.org.mx\/index.php\/category\/noticias-nacionales\/sinaloa\/desaparecidos-en-sinaloa\/"},"img":{"alt_text":"","src":"https:\/\/i0.wp.com\/www.grieta.org.mx\/wp-content\/uploads\/2023\/03\/crearan-registro-de-desaparecidos-en-sonora-sinaloa-y-durango-172202-1.jpeg?resize=350%2C200","width":350,"height":200,"srcset":"https:\/\/i0.wp.com\/www.grieta.org.mx\/wp-content\/uploads\/2023\/03\/crearan-registro-de-desaparecidos-en-sonora-sinaloa-y-durango-172202-1.jpeg?resize=350%2C200 1x, https:\/\/i0.wp.com\/www.grieta.org.mx\/wp-content\/uploads\/2023\/03\/crearan-registro-de-desaparecidos-en-sonora-sinaloa-y-durango-172202-1.jpeg?resize=525%2C300 1.5x, https:\/\/i0.wp.com\/www.grieta.org.mx\/wp-content\/uploads\/2023\/03\/crearan-registro-de-desaparecidos-en-sonora-sinaloa-y-durango-172202-1.jpeg?resize=700%2C400 2x"},"classes":[]},{"id":34921,"url":"http:\/\/www.grieta.org.mx\/index.php\/2019\/06\/16\/nada-que-celebrar-en-el-dia-del-padre-sabuesos-guerreras-sinaloa\/","url_meta":{"origin":56492,"position":1},"title":"&#8220;Nada que celebrar&#8221; en el d\u00eda del padre: Sabuesos Guerreras (Sinaloa)","author":"grieta","date":"16 junio, 2019","format":false,"excerpt":"Jes\u00fas Verdugo \/ El Sol de Sinaloa Culiac\u00e1n,Sin.\u00a0El grupo de b\u00fasqueda de desaparecidos;\u00a0Sabuesos Guerreras A.C.\u00a0protest\u00f3 pac\u00edficamente\u00a0en el kiosko de la Plazuela Obreg\u00f3n a un costado de la Catedral colgando lonas con la leyenda \"no m\u00e1s desaparecidos\" y fotos de los hijos y familiares de sus integrantes. Mar\u00eda Isabel Bernal, dirigente\u2026","rel":"","context":"En &quot;CINTILLO&quot;","block_context":{"text":"CINTILLO","link":"http:\/\/www.grieta.org.mx\/index.php\/category\/cintillo\/"},"img":{"alt_text":"","src":"https:\/\/i0.wp.com\/www.grieta.org.mx\/wp-content\/uploads\/2019\/06\/sabuesos-guerreras-manifestacion-catedral-4-1-o89mlge361iz7fxyaf0c1tgbomndh4w4k23jcdfv60.jpeg?resize=350%2C200","width":350,"height":200,"srcset":"https:\/\/i0.wp.com\/www.grieta.org.mx\/wp-content\/uploads\/2019\/06\/sabuesos-guerreras-manifestacion-catedral-4-1-o89mlge361iz7fxyaf0c1tgbomndh4w4k23jcdfv60.jpeg?resize=350%2C200 1x, https:\/\/i0.wp.com\/www.grieta.org.mx\/wp-content\/uploads\/2019\/06\/sabuesos-guerreras-manifestacion-catedral-4-1-o89mlge361iz7fxyaf0c1tgbomndh4w4k23jcdfv60.jpeg?resize=525%2C300 1.5x, https:\/\/i0.wp.com\/www.grieta.org.mx\/wp-content\/uploads\/2019\/06\/sabuesos-guerreras-manifestacion-catedral-4-1-o89mlge361iz7fxyaf0c1tgbomndh4w4k23jcdfv60.jpeg?resize=700%2C400 2x, https:\/\/i0.wp.com\/www.grieta.org.mx\/wp-content\/uploads\/2019\/06\/sabuesos-guerreras-manifestacion-catedral-4-1-o89mlge361iz7fxyaf0c1tgbomndh4w4k23jcdfv60.jpeg?resize=1050%2C600 3x"},"classes":[]},{"id":70199,"url":"http:\/\/www.grieta.org.mx\/index.php\/2024\/10\/10\/familias-de-desaparecidos-protestan-en-culiacan-por-un-alto-a-la-violencia\/","url_meta":{"origin":56492,"position":2},"title":"Familias de desaparecidos protestan en Culiac\u00e1n por un alto a la violencia","author":"grieta","date":"10 octubre, 2024","format":false,"excerpt":"El Sol de Sinaloa Colectivos de madres buscadores, recorrieron las calles de Culiac\u00e1n desde Catedral hasta la Fiscal\u00eda General del Estado ante m\u00e1s de 190 casos de desaparici\u00f3n que se han presentado en el mes de septiembre Madres buscadoras y familiares de desaparecidos se manifestaron este jueves en la ciudad\u2026","rel":"","context":"En &quot;Desaparecidos en Sinaloa&quot;","block_context":{"text":"Desaparecidos en Sinaloa","link":"http:\/\/www.grieta.org.mx\/index.php\/category\/noticias-nacionales\/sinaloa\/desaparecidos-en-sinaloa\/"},"img":{"alt_text":"","src":"https:\/\/i0.wp.com\/www.grieta.org.mx\/wp-content\/uploads\/2024\/10\/imagen.jpg?resize=350%2C200","width":350,"height":200,"srcset":"https:\/\/i0.wp.com\/www.grieta.org.mx\/wp-content\/uploads\/2024\/10\/imagen.jpg?resize=350%2C200 1x, https:\/\/i0.wp.com\/www.grieta.org.mx\/wp-content\/uploads\/2024\/10\/imagen.jpg?resize=525%2C300 1.5x, https:\/\/i0.wp.com\/www.grieta.org.mx\/wp-content\/uploads\/2024\/10\/imagen.jpg?resize=700%2C400 2x"},"classes":[]},{"id":36104,"url":"http:\/\/www.grieta.org.mx\/index.php\/2019\/07\/09\/localizan-restos-humanos-en-poblado-de-costa-rica-sinaloa\/","url_meta":{"origin":56492,"position":3},"title":"Localizan restos humanos en poblado de Costa Rica, Sinaloa","author":"grieta","date":"9 julio, 2019","format":false,"excerpt":"Foto: El Debate El colectivo Sabuesos Guerreras hall\u00f3 al menos tres cuerpos y restos \u00f3seos en el poblado Chapeado, en Costa Rica, Sinaloa Hern\u00e1n Alfaro \/ El Debate Culiac\u00e1n, Sinaloa.- Esta ma\u00f1ana fueron localizados restos humanos como osamentas, huesos y un cuerpo en estado de descomposici\u00f3n\u00a0en una\u00a0fosa clandestina\u00a0situada\u00a0en el poblado\u2026","rel":"","context":"En &quot;CINTILLO&quot;","block_context":{"text":"CINTILLO","link":"http:\/\/www.grieta.org.mx\/index.php\/category\/cintillo\/"},"img":{"alt_text":"","src":"https:\/\/i0.wp.com\/www.grieta.org.mx\/wp-content\/uploads\/2019\/07\/costa_rica_3_dbt_crop1562708079167.jpeg_1727466156.jpeg?resize=350%2C200","width":350,"height":200,"srcset":"https:\/\/i0.wp.com\/www.grieta.org.mx\/wp-content\/uploads\/2019\/07\/costa_rica_3_dbt_crop1562708079167.jpeg_1727466156.jpeg?resize=350%2C200 1x, https:\/\/i0.wp.com\/www.grieta.org.mx\/wp-content\/uploads\/2019\/07\/costa_rica_3_dbt_crop1562708079167.jpeg_1727466156.jpeg?resize=525%2C300 1.5x, https:\/\/i0.wp.com\/www.grieta.org.mx\/wp-content\/uploads\/2019\/07\/costa_rica_3_dbt_crop1562708079167.jpeg_1727466156.jpeg?resize=700%2C400 2x"},"classes":[]},{"id":36661,"url":"http:\/\/www.grieta.org.mx\/index.php\/2019\/07\/14\/sabuesos-guerreras-solicitan-apoyo-para-sus-busquedas-sinaloa\/","url_meta":{"origin":56492,"position":4},"title":"Sabuesos Guerreras solicitan apoyo para sus b\u00fasquedas (Sinaloa)","author":"grieta","date":"14 julio, 2019","format":false,"excerpt":"Foto: El Debate Sabuesos Guerreras solicitan apoyo para sus b\u00fasquedas Mario N\u00fa\u00f1ez Lozada \/ El Debate Culiac\u00e1n.- La lucha y esperanza para encontrar a sus hijos o familiares desaparecidos une cada d\u00eda m\u00e1s fuerte al grupo de Sabuesos Guerreras. El colectivo de b\u00fasqueda de personas desaparecidas inici\u00f3 ayer el Sabuesot\u00f3n,\u2026","rel":"","context":"En &quot;CINTILLO&quot;","block_context":{"text":"CINTILLO","link":"http:\/\/www.grieta.org.mx\/index.php\/category\/cintillo\/"},"img":{"alt_text":"","src":"https:\/\/i0.wp.com\/www.grieta.org.mx\/wp-content\/uploads\/2019\/07\/durante_la_recaudacixn_de_apoyos_del_sabuesotxn_crop1563125874611.jpg_1727466156.jpg?resize=350%2C200","width":350,"height":200,"srcset":"https:\/\/i0.wp.com\/www.grieta.org.mx\/wp-content\/uploads\/2019\/07\/durante_la_recaudacixn_de_apoyos_del_sabuesotxn_crop1563125874611.jpg_1727466156.jpg?resize=350%2C200 1x, https:\/\/i0.wp.com\/www.grieta.org.mx\/wp-content\/uploads\/2019\/07\/durante_la_recaudacixn_de_apoyos_del_sabuesotxn_crop1563125874611.jpg_1727466156.jpg?resize=525%2C300 1.5x, https:\/\/i0.wp.com\/www.grieta.org.mx\/wp-content\/uploads\/2019\/07\/durante_la_recaudacixn_de_apoyos_del_sabuesotxn_crop1563125874611.jpg_1727466156.jpg?resize=700%2C400 2x"},"classes":[]},{"id":35470,"url":"http:\/\/www.grieta.org.mx\/index.php\/2019\/06\/25\/sabuesos-guerreras-encuentran-restos-humanos-en-fosas-clandestinas-de-eldorado-sinaloa\/","url_meta":{"origin":56492,"position":5},"title":"Sabuesos guerreras encuentran restos humanos en fosas clandestinas de Eldorado (Sinaloa)","author":"grieta","date":"25 junio, 2019","format":false,"excerpt":"Foto: Espejo La ma\u00f1ana del pasado lunes el grupo de b\u00fasqueda Sabuesos Guerreras, acompa\u00f1adas por elementos de la Fiscal\u00eda General del Estado, se dirigieron a la sindicatura de Eldorado donde encontraron restos humanos y el cuerpo en estado descomposici\u00f3n de una mujer. Redacci\u00f3n \/ Espejo Sabuesos Guerreras se han convertido\u2026","rel":"","context":"En &quot;CINTILLO&quot;","block_context":{"text":"CINTILLO","link":"http:\/\/www.grieta.org.mx\/index.php\/category\/cintillo\/"},"img":{"alt_text":"","src":"https:\/\/i0.wp.com\/www.grieta.org.mx\/wp-content\/uploads\/2019\/06\/sabuesos.jpg?resize=350%2C200","width":350,"height":200,"srcset":"https:\/\/i0.wp.com\/www.grieta.org.mx\/wp-content\/uploads\/2019\/06\/sabuesos.jpg?resize=350%2C200 1x, https:\/\/i0.wp.com\/www.grieta.org.mx\/wp-content\/uploads\/2019\/06\/sabuesos.jpg?resize=525%2C300 1.5x, https:\/\/i0.wp.com\/www.grieta.org.mx\/wp-content\/uploads\/2019\/06\/sabuesos.jpg?resize=700%2C400 2x, https:\/\/i0.wp.com\/www.grieta.org.mx\/wp-content\/uploads\/2019\/06\/sabuesos.jpg?resize=1050%2C600 3x"},"classes":[]}],"_links":{"self":[{"href":"http:\/\/www.grieta.org.mx\/index.php\/wp-json\/wp\/v2\/posts\/56492","targetHints":{"allow":["GET"]}}],"collection":[{"href":"http:\/\/www.grieta.org.mx\/index.php\/wp-json\/wp\/v2\/posts"}],"about":[{"href":"http:\/\/www.grieta.org.mx\/index.php\/wp-json\/wp\/v2\/types\/post"}],"author":[{"embeddable":true,"href":"http:\/\/www.grieta.org.mx\/index.php\/wp-json\/wp\/v2\/users\/2"}],"replies":[{"embeddable":true,"href":"http:\/\/www.grieta.org.mx\/index.php\/wp-json\/wp\/v2\/comments?post=56492"}],"version-history":[{"count":1,"href":"http:\/\/www.grieta.org.mx\/index.php\/wp-json\/wp\/v2\/posts\/56492\/revisions"}],"predecessor-version":[{"id":56495,"href":"http:\/\/www.grieta.org.mx\/index.php\/wp-json\/wp\/v2\/posts\/56492\/revisions\/56495"}],"wp:featuredmedia":[{"embeddable":true,"href":"http:\/\/www.grieta.org.mx\/index.php\/wp-json\/wp\/v2\/media\/56493"}],"wp:attachment":[{"href":"http:\/\/www.grieta.org.mx\/index.php\/wp-json\/wp\/v2\/media?parent=56492"}],"wp:term":[{"taxonomy":"category","embeddable":true,"href":"http:\/\/www.grieta.org.mx\/index.php\/wp-json\/wp\/v2\/categories?post=56492"},{"taxonomy":"post_tag","embeddable":true,"href":"http:\/\/www.grieta.org.mx\/index.php\/wp-json\/wp\/v2\/tags?post=56492"}],"curies":[{"name":"wp","href":"https:\/\/api.w.org\/{rel}","templated":true}]}}