{"id":56467,"date":"2021-01-26T01:34:35","date_gmt":"2021-01-26T07:34:35","guid":{"rendered":"http:\/\/www.grieta.org.mx\/?p=56467"},"modified":"2021-01-29T01:41:13","modified_gmt":"2021-01-29T07:41:13","slug":"gobierno-de-cdmx-dice-que-hay-camas-para-atender-covid-pero-los-paramedicos-no-las-encuentran","status":"publish","type":"post","link":"http:\/\/www.grieta.org.mx\/index.php\/2021\/01\/26\/gobierno-de-cdmx-dice-que-hay-camas-para-atender-covid-pero-los-paramedicos-no-las-encuentran\/","title":{"rendered":"Gobierno de CDMX dice que hay camas para atender COVID&#8230; pero los param\u00e9dicos no las encuentran"},"content":{"rendered":"<p><img loading=\"lazy\" decoding=\"async\" data-attachment-id=\"56468\" data-permalink=\"http:\/\/www.grieta.org.mx\/index.php\/2021\/01\/26\/gobierno-de-cdmx-dice-que-hay-camas-para-atender-covid-pero-los-paramedicos-no-las-encuentran\/gobierno-de-cdmx-dice-que-hay-camas-para-atender-covid-pero-los-paramedicos-no-las-encuentran-cdmx-ene\/\" data-orig-file=\"http:\/\/www.grieta.org.mx\/wp-content\/uploads\/2021\/01\/Gobierno-de-CDMX-dice-que-hay-camas-para-atender-COVID...-pero-los-paramedicos-no-las-encuentran-cdmx-ene.jpg\" data-orig-size=\"300,168\" data-comments-opened=\"0\" data-image-meta=\"{&quot;aperture&quot;:&quot;0&quot;,&quot;credit&quot;:&quot;&quot;,&quot;camera&quot;:&quot;&quot;,&quot;caption&quot;:&quot;&quot;,&quot;created_timestamp&quot;:&quot;0&quot;,&quot;copyright&quot;:&quot;&quot;,&quot;focal_length&quot;:&quot;0&quot;,&quot;iso&quot;:&quot;0&quot;,&quot;shutter_speed&quot;:&quot;0&quot;,&quot;title&quot;:&quot;&quot;,&quot;orientation&quot;:&quot;0&quot;}\" data-image-title=\"Gobierno de CDMX dice que hay camas para atender COVID&amp;#8230; pero los param\u00e9dicos no las encuentran cdmx ene\" data-image-description=\"\" data-image-caption=\"\" data-medium-file=\"http:\/\/www.grieta.org.mx\/wp-content\/uploads\/2021\/01\/Gobierno-de-CDMX-dice-que-hay-camas-para-atender-COVID...-pero-los-paramedicos-no-las-encuentran-cdmx-ene.jpg\" data-large-file=\"http:\/\/www.grieta.org.mx\/wp-content\/uploads\/2021\/01\/Gobierno-de-CDMX-dice-que-hay-camas-para-atender-COVID...-pero-los-paramedicos-no-las-encuentran-cdmx-ene.jpg\" class=\"alignnone size-full wp-image-56468\" src=\"http:\/\/www.grieta.org.mx\/wp-content\/uploads\/2021\/01\/Gobierno-de-CDMX-dice-que-hay-camas-para-atender-COVID...-pero-los-paramedicos-no-las-encuentran-cdmx-ene.jpg\" alt=\"\" width=\"300\" height=\"168\" \/><\/p>\n<h6>La hospitalizaci\u00f3n por COVID-19 es alta en la CDMX. Foto:\u00a0<span class=\"credit\">Cuartoscuro<\/span><\/h6>\n<p>Nacha Cattan y Andrea Navarro \/ Bloomberg<\/p>\n<h2>Ante el alto nivel de contagios y muertes, los profesionales de la Salud han tenido que hacer de todo para poder salvar vidas.<\/h2>\n<p class=\"paragraph\" data-count=\"92\" data-wrap=\"18\">As\u00ed se siente en este momento estar en la primera l\u00ednea de la pandemia en<strong>Ciudad de M\u00e9xico<\/strong>:<\/p>\n<p class=\"paragraph\" data-count=\"157\" data-wrap=\"29\">*Un hombre de 77 a\u00f1os es trasladado de urgencia a un hospital, pero <strong>queda varado dentro de la ambulancia durante 11 horas <\/strong>antes de que una cama quede libre.<\/p>\n<p class=\"paragraph\" data-count=\"205\" data-wrap=\"36\">*Un param\u00e9dico de 50 a\u00f1os, que ha pasado meses ayudando a otros, se enferma y no puede respirar. Despu\u00e9s de cinco horas de llamadas desesperadas de sus colegas, <strong>consigue una cama y muere al d\u00eda siguiente.<\/strong><\/p>\n<p class=\"paragraph\" data-count=\"195\" data-wrap=\"34\">*Despu\u00e9s de conducir a un paciente toda la noche por la ciudad, Miguel Mata decide manejar durante tres horas hacia el norte y s<strong>olo as\u00ed encuentra una sala de emergencias con una cama disponible.<\/strong><\/p>\n<p class=\"paragraph\" data-count=\"228\" data-wrap=\"44\">La semana pasada, las muertes por coronavirus en M\u00e9xico aumentaron en m\u00e1s de mil 500 durante tres d\u00edas, alcanzando un total de m\u00e1s de 150 mil, lo que lo convierte en el pa\u00eds con el cuarto lugar m\u00e1s alto de mortalidad del mundo.<\/p>\n<p class=\"paragraph\" data-count=\"185\" data-wrap=\"30\">El COVID-19 aparece por todas partes. El presidente <strong>Andr\u00e9s Manuel L\u00f3pez Obrador, <\/strong>y la persona m\u00e1s rica del pa\u00eds, <strong>Carlos Slim<\/strong>, dieron positivo esta semana y ambos tienen s\u00edntomas leves.<\/p>\n<p class=\"paragraph\" data-count=\"213\" data-wrap=\"38\">Lo peor est\u00e1 en la Zona Metropolitana del Valle de M\u00e9xico, con sus 21 millones de residentes y un excesivo n\u00famero de muertes que, seg\u00fan los informes, <strong>es m\u00e1s alto que en cualquier otra ciudad importante del mundo.<\/strong><\/p>\n<p class=\"paragraph\" data-count=\"61\" data-wrap=\"9\">Solo hay que preguntarle a quienes conducen las ambulancias.<\/p>\n<p class=\"paragraph\" data-count=\"251\" data-wrap=\"45\">\u201cEscuchamos que el Gobierno dice que estamos a una capacidad de 90 por ciento, esto quiere decir que vas a llegar a un hospital y que va a haber una cama disponible\u201d, se\u00f1al\u00f3 Mata, quien dirige una asociaci\u00f3n de 15 proveedores privados de ambulancias.<\/p>\n<p class=\"paragraph\" data-count=\"96\" data-wrap=\"19\">\u201cNo es lo que estamos viendo. Conseguir una cama hoy en Ciudad de M\u00e9xico es un tema de suerte\u201d.<\/p>\n<p class=\"paragraph\" data-count=\"311\" data-wrap=\"46\"><strong>El Gobierno capitalino reconoce que la ocupaci\u00f3n hospitalaria es alta, pero dice que a\u00fan hay espacio.<\/strong> Asegura que tiene cerca de mil camas disponibles y est\u00e1 haciendo avances extraordinarios para agregar ventiladores y equipar m\u00e1s hospitales, incluido uno con fondos de Grupo Modelo, un conglomerado cervecero.<\/p>\n<p class=\"paragraph\" data-count=\"196\" data-wrap=\"30\">\u201cHicimos un esfuerzo enorme todas las instituciones por agregar ventiladores al ver la velocidad de cambio de las hospitalizaciones\u201d, declar\u00f3 Oliva L\u00f3pez, secretaria de Salud de Ciudad de M\u00e9xico.<\/p>\n<p class=\"paragraph\" data-count=\"92\" data-wrap=\"15\">\u201cPlane\u00e1bamos agregar 100 ventiladores al final de enero y hemos logrado a\u00f1adir m\u00e1s de 200\u201d.<\/p>\n<p class=\"paragraph\" data-count=\"182\" data-wrap=\"32\"><strong>Pero los n\u00fameros siguen cambiando. <\/strong>En enero, el total de camas con ventiladores era de 2.069, una semana m\u00e1s tarde, el n\u00famero cay\u00f3 y d\u00edas despu\u00e9s, nuevamente, alcanz\u00f3 un nivel alto.<\/p>\n<p class=\"paragraph\" data-count=\"308\" data-wrap=\"50\">Los funcionarios explican que eso se debe a que los ventiladores nuevos a\u00fan no se hab\u00edan contado porque no funcionaban correctamente. La ciudad tambi\u00e9n indic\u00f3 que su aplicaci\u00f3n para smartphones que indica qu\u00e9 hospitales tienen camas disponibles no puede mantener el ritmo, <strong>por lo que es mejor llamar al 911.<\/strong><\/p>\n<p class=\"paragraph\" data-count=\"196\" data-wrap=\"35\">Incluso el propio centro de control del 911 de la CDMX no es lo suficientemente r\u00e1pido, afirma Diego Arcos, quien dirige las<strong> unidades de motocicletas de emergencia de la Cruz Roja en la capital.<\/strong><\/p>\n<p class=\"paragraph\" data-count=\"123\" data-wrap=\"20\">El mi\u00e9rcoles pasado, Arcos transportaba al paciente de 77 a\u00f1os a un centro m\u00e9dico que supuestamente ten\u00eda cama disponible.<\/p>\n<p class=\"paragraph\" data-count=\"219\" data-wrap=\"40\">Sin embargo, no fue as\u00ed y tuvo que pasar toda la noche coordinando motocicletas para que llevaran tanques de ox\u00edgeno al hombre semiconsciente y as\u00ed lograr elevar sus niveles de ox\u00edgeno de 39 por ciento a 75 por ciento.<\/p>\n<p class=\"paragraph\" data-count=\"67\" data-wrap=\"10\">Despu\u00e9s de una larga espera, el paciente fue finalmente ingresado.<\/p>\n<p class=\"paragraph\" data-count=\"222\" data-wrap=\"39\">\u201cSi tenemos que esperar tanto, es porque no hay nada disponible\u201d, asegur\u00f3 Arcos, quien luch\u00f3 durante horas para conseguirle una cama a su compa\u00f1ero param\u00e9dico de la Cruz Roja a principios de este mes antes de que muriera.<\/p>\n<p class=\"paragraph\" data-count=\"81\" data-wrap=\"16\">\u201cTenemos que esperar para que haya camas, que den a uno de alta o que fallezca\u201d.<\/p>\n<p class=\"paragraph\" data-count=\"190\" data-wrap=\"31\">La secretaria de Salud reconoce que los recursos est\u00e1n agotados y que los pacientes esperan en promedio dos horas de casa al hospital. \u201cPero todav\u00eda tenemos espacio para maniobrar\u201d, estim\u00f3.<\/p>\n<p class=\"paragraph\" data-count=\"189\" data-wrap=\"31\">Las hospitalizaciones en Ciudad de M\u00e9xico crecieron 21 por ciento la semana del 11 de enero, pero L\u00f3pez menciona que la tasa de aceleraci\u00f3n ha comenzado a mostrar signos de desaceleraci\u00f3n.<\/p>\n<p class=\"paragraph\" data-count=\"167\" data-wrap=\"26\">La capital ha implementado una estrategia de alta hospitalaria para los pacientes con COVID-19 que muestran signos vitales estables y pueden ser monitoreados en casa.<\/p>\n<p class=\"paragraph\" data-count=\"92\" data-wrap=\"14\">Aproximadamente 24 mil pacientes han pasado por ese programa desde que comenz\u00f3 la pandemia.<\/p>\n<p class=\"paragraph\" data-count=\"223\" data-wrap=\"39\">Eso podr\u00eda ayudar a aliviar la presi\u00f3n en los hospitales, pero una de las medidas para enviar a las personas a casa, una saturaci\u00f3n de ox\u00edgeno de 90 por ciento, en otros lugares ser\u00eda suficiente para enviarlas al hospital.<\/p>\n<p class=\"paragraph\" data-count=\"248\" data-wrap=\"43\">Rafael Aguilar, m\u00e9dico jefe de la Cruz Roja de la ciudad, ha tenido que devolver a los hospitales a los pacientes que, seg\u00fan dijo, fueron dados de alta demasiado pronto. \u201cHorrible, terrible, no alcanzo a describir lo que hay en este momento\u201d, dijo.<\/p>\n<p data-count=\"248\" data-wrap=\"43\"><a href=\"https:\/\/www.elfinanciero.com.mx\/salud\/gobierno-de-cdmx-dice-que-hay-camas-para-atender-covid-pero-los-paramedicos-no-las-encuentran\" target=\"_blank\" rel=\"noopener\">https:\/\/www.elfinanciero.com.mx\/salud\/gobierno-de-cdmx-dice-que-hay-camas-para-atender-covid-pero-los-paramedicos-no-las-encuentran<\/a><\/p>\n<p>&nbsp;<\/p>\n","protected":false},"excerpt":{"rendered":"<p>La hospitalizaci\u00f3n por COVID-19 es alta en la CDMX. Foto:\u00a0Cuartoscuro Nacha Cattan y Andrea Navarro \/ Bloomberg Ante el alto nivel de contagios y muertes, los profesionales de la Salud &hellip; <a href=\"http:\/\/www.grieta.org.mx\/index.php\/2021\/01\/26\/gobierno-de-cdmx-dice-que-hay-camas-para-atender-covid-pero-los-paramedicos-no-las-encuentran\/\" class=\"more-link\">Leer m\u00e1s<\/a><\/p>\n","protected":false},"author":2,"featured_media":56468,"comment_status":"closed","ping_status":"closed","sticky":false,"template":"","format":"standard","meta":{"ngg_post_thumbnail":0,"_jetpack_newsletter_access":"","_jetpack_dont_email_post_to_subs":false,"_jetpack_newsletter_tier_id":0,"_jetpack_memberships_contains_paywalled_content":false,"_jetpack_memberships_contains_paid_content":false,"footnotes":""},"categories":[80,14,3295,918,3033,910,2,2119,83],"tags":[3241,3133,2841],"class_list":["post-56467","post","type-post","status-publish","format-standard","has-post-thumbnail","hentry","category-cintillo","category-ciudad-de-mexico","category-covid-19-en-ciudad-de-mexico","category-privatizacion-del-sector-salud","category-crisis-en-el-sector-salud-en-la-ciudad-de-mexico","category-explotacion-y-precariedad-laboral","category-noticias-nacionales","category-precarizacion-de-las-condiciones-laborales-en-la-ciudad-de-mexico","category-temas-nacionales","tag-covid-19","tag-crisis-del-sector-salud","tag-explotacion-y-precariedad-laboral","entry"],"jetpack_featured_media_url":"http:\/\/www.grieta.org.mx\/wp-content\/uploads\/2021\/01\/Gobierno-de-CDMX-dice-que-hay-camas-para-atender-COVID...-pero-los-paramedicos-no-las-encuentran-cdmx-ene.jpg","jetpack_sharing_enabled":true,"jetpack_shortlink":"https:\/\/wp.me\/p7ZJR4-eGL","jetpack_likes_enabled":false,"jetpack-related-posts":[{"id":56457,"url":"http:\/\/www.grieta.org.mx\/index.php\/2021\/01\/24\/mueren-383-barrenderos-de-la-cdmx-por-covid-19\/","url_meta":{"origin":56467,"position":0},"title":"Mueren 383 barrenderos de la CDMX por COVID-19","author":"grieta","date":"24 enero, 2021","format":false,"excerpt":"Barrenderos muertos por COVID-19 en la CDMX. Foto: Cuartoscuro David Rodr\u00edguez \/ Plumas At\u00f3micas Los trabajadores de la limpieza y la recolecci\u00f3n de basura suplican a la poblaci\u00f3n que marque los residuos de las personas contagiadas El\u00a0COVID-19 provoc\u00f3 la muerte a 383 barrenderos de la Ciudad de M\u00e9xico, inform\u00f3 La\u2026","rel":"","context":"En &quot;CINTILLO&quot;","block_context":{"text":"CINTILLO","link":"http:\/\/www.grieta.org.mx\/index.php\/category\/cintillo\/"},"img":{"alt_text":"","src":"https:\/\/i0.wp.com\/www.grieta.org.mx\/wp-content\/uploads\/2021\/01\/Mueren-383-barrenderos-de-la-CDMX-por-COVID-19-cdmx-ene.jpeg?resize=350%2C200","width":350,"height":200,"srcset":"https:\/\/i0.wp.com\/www.grieta.org.mx\/wp-content\/uploads\/2021\/01\/Mueren-383-barrenderos-de-la-CDMX-por-COVID-19-cdmx-ene.jpeg?resize=350%2C200 1x, https:\/\/i0.wp.com\/www.grieta.org.mx\/wp-content\/uploads\/2021\/01\/Mueren-383-barrenderos-de-la-CDMX-por-COVID-19-cdmx-ene.jpeg?resize=525%2C300 1.5x, https:\/\/i0.wp.com\/www.grieta.org.mx\/wp-content\/uploads\/2021\/01\/Mueren-383-barrenderos-de-la-CDMX-por-COVID-19-cdmx-ene.jpeg?resize=700%2C400 2x, https:\/\/i0.wp.com\/www.grieta.org.mx\/wp-content\/uploads\/2021\/01\/Mueren-383-barrenderos-de-la-CDMX-por-COVID-19-cdmx-ene.jpeg?resize=1050%2C600 3x"},"classes":[]},{"id":48327,"url":"http:\/\/www.grieta.org.mx\/index.php\/2020\/04\/27\/personal-medico-bloquea-ermita-iztapalapa-por-falta-de-insumos-ciudad-de-mexico\/","url_meta":{"origin":56467,"position":1},"title":"Personal m\u00e9dico bloquea Ermita Iztapalapa por falta de insumos (Ciudad de M\u00e9xico)","author":"grieta","date":"27 abril, 2020","format":false,"excerpt":"Foto: @GRAWPEREZ Diario de M\u00e9xico Ciudad de M\u00e9xico. -M\u00e9dicos, enfermeras y personal de salud que trabaja en el Hospital Pedi\u00e1trico de Iztapalapa, mantienen bloqueada la circulaci\u00f3n en la Avenida Ermita Iztapalapa, entre Eje 3 Oriente y La Viga. El personal m\u00e9dico asegura que no tienen los materiales necesarios, como cubrebocas\u2026","rel":"","context":"En &quot;CINTILLO&quot;","block_context":{"text":"CINTILLO","link":"http:\/\/www.grieta.org.mx\/index.php\/category\/cintillo\/"},"img":{"alt_text":"","src":"https:\/\/i0.wp.com\/www.grieta.org.mx\/wp-content\/uploads\/2020\/04\/Personal-m%C3%A9dico-bloquea-Ermita-Iztapalapa-por-falta-de-insumos-cdmx-abr.jpg?resize=350%2C200","width":350,"height":200,"srcset":"https:\/\/i0.wp.com\/www.grieta.org.mx\/wp-content\/uploads\/2020\/04\/Personal-m%C3%A9dico-bloquea-Ermita-Iztapalapa-por-falta-de-insumos-cdmx-abr.jpg?resize=350%2C200 1x, https:\/\/i0.wp.com\/www.grieta.org.mx\/wp-content\/uploads\/2020\/04\/Personal-m%C3%A9dico-bloquea-Ermita-Iztapalapa-por-falta-de-insumos-cdmx-abr.jpg?resize=525%2C300 1.5x, https:\/\/i0.wp.com\/www.grieta.org.mx\/wp-content\/uploads\/2020\/04\/Personal-m%C3%A9dico-bloquea-Ermita-Iztapalapa-por-falta-de-insumos-cdmx-abr.jpg?resize=700%2C400 2x, https:\/\/i0.wp.com\/www.grieta.org.mx\/wp-content\/uploads\/2020\/04\/Personal-m%C3%A9dico-bloquea-Ermita-Iztapalapa-por-falta-de-insumos-cdmx-abr.jpg?resize=1050%2C600 3x"},"classes":[]},{"id":71967,"url":"http:\/\/www.grieta.org.mx\/index.php\/2025\/07\/08\/trabajadores-de-la-salud-bloquean-paseo-de-la-reforma-denuncian-irregularidades-ciudad-de-mexico\/","url_meta":{"origin":56467,"position":2},"title":"Trabajadores de la salud bloquean Paseo de la Reforma; denuncian irregularidades (Ciudad de M\u00e9xico)","author":"grieta","date":"8 julio, 2025","format":false,"excerpt":"Natalia Estrada Garc\u00eda \/ Enfoque noticias CDMX.- Trabajadoras y trabajadores pertenecientes al sector salud fueron agredidos tras mantener un bloqueo sobre carriles laterales del Perif\u00e9rico y avenida Paseo de la Reforma en la colonia Bosques de Chapultepec, Miguel Hidalgo. Laura Quintero delegada estatal de Ciudad de M\u00e9xico de la Fuerza\u2026","rel":"","context":"En &quot;Abuso policiaco y tortura en la Ciudad de M\u00e9xico&quot;","block_context":{"text":"Abuso policiaco y tortura en la Ciudad de M\u00e9xico","link":"http:\/\/www.grieta.org.mx\/index.php\/category\/noticias-nacionales\/ciudad-de-mexico\/abuso-policiaco-y-tortura-en-la-ciudad-de-mexico\/"},"img":{"alt_text":"","src":"https:\/\/i0.wp.com\/www.grieta.org.mx\/wp-content\/uploads\/2025\/07\/Captura-de-pantalla-2025-07-08-233604.png?resize=350%2C200","width":350,"height":200,"srcset":"https:\/\/i0.wp.com\/www.grieta.org.mx\/wp-content\/uploads\/2025\/07\/Captura-de-pantalla-2025-07-08-233604.png?resize=350%2C200 1x, https:\/\/i0.wp.com\/www.grieta.org.mx\/wp-content\/uploads\/2025\/07\/Captura-de-pantalla-2025-07-08-233604.png?resize=525%2C300 1.5x, https:\/\/i0.wp.com\/www.grieta.org.mx\/wp-content\/uploads\/2025\/07\/Captura-de-pantalla-2025-07-08-233604.png?resize=700%2C400 2x"},"classes":[]},{"id":47953,"url":"http:\/\/www.grieta.org.mx\/index.php\/2020\/04\/14\/mascarillas-n95-que-llegaron-al-hospital-1-de-octubre-se-extraviaron-ana-maria-pilares-ciudad-de-mexico\/","url_meta":{"origin":56467,"position":3},"title":"Mascarillas N95 que llegaron al hospital 1 de Octubre se extraviaron: Ana Mar\u00eda Pilares (Ciudad de M\u00e9xico)","author":"grieta","date":"14 abril, 2020","format":false,"excerpt":"Varias enfermeras y m\u00e9dicos han sido atacados por las personas en las calles. FOTO: Cuartoscuro El Heraldo de M\u00e9xico La enfermera del hospital 1 de Octubre del ISSSTE, denunci\u00f3 que mientras el subsecretario de salud Hugo L\u00f3pez Gatell ha dicho que los insumos ya han sido entregados, la realidad es\u2026","rel":"","context":"En &quot;CINTILLO&quot;","block_context":{"text":"CINTILLO","link":"http:\/\/www.grieta.org.mx\/index.php\/category\/cintillo\/"},"img":{"alt_text":"","src":"https:\/\/i0.wp.com\/www.grieta.org.mx\/wp-content\/uploads\/2020\/04\/Mascarillas-N95-que-llegaron-al-hospital-1-de-Octubre-se-extraviaron-Ana-Mar%C3%ADa-Pilares-cdmx-abr.jpg?resize=350%2C200","width":350,"height":200},"classes":[]},{"id":47810,"url":"http:\/\/www.grieta.org.mx\/index.php\/2020\/04\/13\/personal-medico-del-imss-exige-insumos-para-atender-coronavirus-ciudad-de-mexico\/","url_meta":{"origin":56467,"position":4},"title":"Personal m\u00e9dico del IMSS exige insumos para atender coronavirus (Ciudad de M\u00e9xico)","author":"grieta","date":"13 abril, 2020","format":false,"excerpt":"Imagen tomada de: www.eluniversal.com.mx Carla Mart\u00ednez \/ El Universal Personal que labora en el Hospital General de Zona Venados del IMSS bloque\u00f3 la avenida Municipio Libre para exigir insumos m\u00e9dicos para atender a pacientes con Covid-19 Por falta de insumos m\u00e9dicos para atender a pacientes con Covid-19, personal de salud\u2026","rel":"","context":"En &quot;CINTILLO&quot;","block_context":{"text":"CINTILLO","link":"http:\/\/www.grieta.org.mx\/index.php\/category\/cintillo\/"},"img":{"alt_text":"","src":"https:\/\/i0.wp.com\/www.grieta.org.mx\/wp-content\/uploads\/2020\/04\/Personal-m%C3%A9dico-del-IMSS-exige-insumos-para-atender-coronavirus-cdmx-abr.jpg?resize=350%2C200","width":350,"height":200},"classes":[]},{"id":46659,"url":"http:\/\/www.grieta.org.mx\/index.php\/2020\/03\/23\/personal-del-imss-protesta-por-falta-de-insumos-y-protocolos-ante-covid-19-ciudad-de-mexico\/","url_meta":{"origin":56467,"position":5},"title":"Personal del IMSS protesta por falta de insumos y protocolos ante Covid-19 (Ciudad de M\u00e9xico)","author":"grieta","date":"23 marzo, 2020","format":false,"excerpt":"Foto: Jorge Gonz\u00e1lez Jorge Gonz\u00e1lez \/ Excelsior Enfermeras, camilleros y doctores de la Cl\u00ednica 32, piden capacitaci\u00f3n y medidas para la recepci\u00f3n de pacientes CIUDAD DE M\u00c9XICO. La ma\u00f1ana de este lunes, trabajadores del Instituto Mexicano del Seguro Social (IMSS) salieron a las calles a levantar la voz por la\u2026","rel":"","context":"En &quot;CINTILLO&quot;","block_context":{"text":"CINTILLO","link":"http:\/\/www.grieta.org.mx\/index.php\/category\/cintillo\/"},"img":{"alt_text":"","src":"https:\/\/i0.wp.com\/www.grieta.org.mx\/wp-content\/uploads\/2020\/03\/Personal-del-IMSS-protesta-por-falta-de-insumos-y-protocolos-ante-Covid-19-cdmx-mzo.jpg?resize=350%2C200","width":350,"height":200,"srcset":"https:\/\/i0.wp.com\/www.grieta.org.mx\/wp-content\/uploads\/2020\/03\/Personal-del-IMSS-protesta-por-falta-de-insumos-y-protocolos-ante-Covid-19-cdmx-mzo.jpg?resize=350%2C200 1x, https:\/\/i0.wp.com\/www.grieta.org.mx\/wp-content\/uploads\/2020\/03\/Personal-del-IMSS-protesta-por-falta-de-insumos-y-protocolos-ante-Covid-19-cdmx-mzo.jpg?resize=525%2C300 1.5x, https:\/\/i0.wp.com\/www.grieta.org.mx\/wp-content\/uploads\/2020\/03\/Personal-del-IMSS-protesta-por-falta-de-insumos-y-protocolos-ante-Covid-19-cdmx-mzo.jpg?resize=700%2C400 2x, https:\/\/i0.wp.com\/www.grieta.org.mx\/wp-content\/uploads\/2020\/03\/Personal-del-IMSS-protesta-por-falta-de-insumos-y-protocolos-ante-Covid-19-cdmx-mzo.jpg?resize=1050%2C600 3x"},"classes":[]}],"_links":{"self":[{"href":"http:\/\/www.grieta.org.mx\/index.php\/wp-json\/wp\/v2\/posts\/56467","targetHints":{"allow":["GET"]}}],"collection":[{"href":"http:\/\/www.grieta.org.mx\/index.php\/wp-json\/wp\/v2\/posts"}],"about":[{"href":"http:\/\/www.grieta.org.mx\/index.php\/wp-json\/wp\/v2\/types\/post"}],"author":[{"embeddable":true,"href":"http:\/\/www.grieta.org.mx\/index.php\/wp-json\/wp\/v2\/users\/2"}],"replies":[{"embeddable":true,"href":"http:\/\/www.grieta.org.mx\/index.php\/wp-json\/wp\/v2\/comments?post=56467"}],"version-history":[{"count":1,"href":"http:\/\/www.grieta.org.mx\/index.php\/wp-json\/wp\/v2\/posts\/56467\/revisions"}],"predecessor-version":[{"id":56469,"href":"http:\/\/www.grieta.org.mx\/index.php\/wp-json\/wp\/v2\/posts\/56467\/revisions\/56469"}],"wp:featuredmedia":[{"embeddable":true,"href":"http:\/\/www.grieta.org.mx\/index.php\/wp-json\/wp\/v2\/media\/56468"}],"wp:attachment":[{"href":"http:\/\/www.grieta.org.mx\/index.php\/wp-json\/wp\/v2\/media?parent=56467"}],"wp:term":[{"taxonomy":"category","embeddable":true,"href":"http:\/\/www.grieta.org.mx\/index.php\/wp-json\/wp\/v2\/categories?post=56467"},{"taxonomy":"post_tag","embeddable":true,"href":"http:\/\/www.grieta.org.mx\/index.php\/wp-json\/wp\/v2\/tags?post=56467"}],"curies":[{"name":"wp","href":"https:\/\/api.w.org\/{rel}","templated":true}]}}