{"id":56449,"date":"2020-10-04T00:37:05","date_gmt":"2020-10-04T05:37:05","guid":{"rendered":"http:\/\/www.grieta.org.mx\/?p=56449"},"modified":"2021-01-29T00:47:18","modified_gmt":"2021-01-29T06:47:18","slug":"menstruacion-en-la-calle-decidir-entre-comer-o-comprar-una-toalla-en-mexico","status":"publish","type":"post","link":"http:\/\/www.grieta.org.mx\/index.php\/2020\/10\/04\/menstruacion-en-la-calle-decidir-entre-comer-o-comprar-una-toalla-en-mexico\/","title":{"rendered":"Menstruaci\u00f3n en la calle: decidir entre comer o comprar una toalla en M\u00e9xico"},"content":{"rendered":"<p>&nbsp;<\/p>\n<p><img loading=\"lazy\" decoding=\"async\" data-attachment-id=\"56450\" data-permalink=\"http:\/\/www.grieta.org.mx\/index.php\/2020\/10\/04\/menstruacion-en-la-calle-decidir-entre-comer-o-comprar-una-toalla-en-mexico\/menstruacion-en-la-calle-decidir-entre-comer-o-comprar-una-toalla-en-mexico-cdmx-ene\/\" data-orig-file=\"http:\/\/www.grieta.org.mx\/wp-content\/uploads\/2021\/01\/Menstruacion-en-la-calle-decidir-entre-comer-o-comprar-una-toalla-en-Mexico-cdmx-ene.jpg\" data-orig-size=\"836,470\" data-comments-opened=\"0\" data-image-meta=\"{&quot;aperture&quot;:&quot;0&quot;,&quot;credit&quot;:&quot;&quot;,&quot;camera&quot;:&quot;&quot;,&quot;caption&quot;:&quot;&quot;,&quot;created_timestamp&quot;:&quot;0&quot;,&quot;copyright&quot;:&quot;&quot;,&quot;focal_length&quot;:&quot;0&quot;,&quot;iso&quot;:&quot;0&quot;,&quot;shutter_speed&quot;:&quot;0&quot;,&quot;title&quot;:&quot;&quot;,&quot;orientation&quot;:&quot;0&quot;}\" data-image-title=\"Menstruaci\u00f3n en la calle decidir entre comer o comprar una toalla en M\u00e9xico cdmx ene\" data-image-description=\"\" data-image-caption=\"\" data-medium-file=\"http:\/\/www.grieta.org.mx\/wp-content\/uploads\/2021\/01\/Menstruacion-en-la-calle-decidir-entre-comer-o-comprar-una-toalla-en-Mexico-cdmx-ene-300x169.jpg\" data-large-file=\"http:\/\/www.grieta.org.mx\/wp-content\/uploads\/2021\/01\/Menstruacion-en-la-calle-decidir-entre-comer-o-comprar-una-toalla-en-Mexico-cdmx-ene.jpg\" class=\"alignnone  wp-image-56450\" src=\"http:\/\/www.grieta.org.mx\/wp-content\/uploads\/2021\/01\/Menstruacion-en-la-calle-decidir-entre-comer-o-comprar-una-toalla-en-Mexico-cdmx-ene.jpg\" alt=\"\" width=\"636\" height=\"357\" srcset=\"http:\/\/www.grieta.org.mx\/wp-content\/uploads\/2021\/01\/Menstruacion-en-la-calle-decidir-entre-comer-o-comprar-una-toalla-en-Mexico-cdmx-ene.jpg 836w, http:\/\/www.grieta.org.mx\/wp-content\/uploads\/2021\/01\/Menstruacion-en-la-calle-decidir-entre-comer-o-comprar-una-toalla-en-Mexico-cdmx-ene-300x169.jpg 300w, http:\/\/www.grieta.org.mx\/wp-content\/uploads\/2021\/01\/Menstruacion-en-la-calle-decidir-entre-comer-o-comprar-una-toalla-en-Mexico-cdmx-ene-768x432.jpg 768w\" sizes=\"auto, (max-width: 636px) 100vw, 636px\" \/><\/p>\n<h6 class=\"ql-align-justify\"><em>Foto de portada: Proceso.<\/em><\/h6>\n<h6 class=\"ql-align-justify\"><em>Con informaci\u00f3n de EFE.<\/em><\/h6>\n<h6 class=\"ql-align-justify\"><em>Fotos interior de la nota: EFE.<\/em><\/h6>\n<p>Lau Almaraz \/ Cultura Colectiva News<\/p>\n<h2 class=\"post-subtitle\">A trav\u00e9s de Susana Gonz\u00e1lez, conocemos c\u00f3mo es que la menstruaci\u00f3n hace m\u00e1s dif\u00edcil la supervivencia en las calles.<\/h2>\n<p class=\"ql-align-justify\">Cada mes, Susana Gonz\u00e1lez debe decidir entre comer o comprar una toalla femenina. Ella vive en la calle, lo cual ya considera una de las situaciones m\u00e1s complicadas por las que una persona pueda pasar, pero menstruar, dice, hace mucho m\u00e1s dif\u00edcil su supervivencia. &#8220;Vivir tu menstruaci\u00f3n en la calle es bien dif\u00edcil&#8221;, dice a Efe Susana, quien desde hace 24 a\u00f1os vive en situaci\u00f3n de calle en Ciudad de M\u00e9xico.<\/p>\n<p class=\"ql-align-justify\">Afirma que aunque procura reservar algo del dinero que recibe por la limpieza de tubos en el troleb\u00fas de la capital mexicana, en ocasiones es complicado para ella y algunas compa\u00f1eras conseguir las compresas que les ayudan a gestionar su periodo menstrual. Las mujeres en situaci\u00f3n de calle, reconoce Alexia Moreno, coordinadora de la Asociaci\u00f3n El Caracol, tienen que elegir cuando est\u00e1n menstruando entre utilizar el poco dinero de su trabajo para adquirir toallas sanitarias o comprar algo de comer.<\/p>\n<p class=\"ql-align-justify\">En M\u00e9xico no existe una instituci\u00f3n gubernamental a la que las mujeres indigentes se puedan acercar para obtener toallas sanitarias o puedan tener un lugar donde asearse. Esto pese a que s\u00f3lo en Ciudad de M\u00e9xico se estima en seis mil las personas en situaci\u00f3n de calle, de las cuales 12 por ciento son mujeres, seg\u00fan las \u00faltimas cifras proporcionadas por el Gobierno de la capital mexicana.<\/p>\n<p class=\"ql-align-justify\">De acuerdo con la Comisi\u00f3n Econ\u00f3mica para Am\u00e9rica Latina y el Caribe (Cepal), el n\u00famero de personas que viv\u00edan en la calle hasta el 2011, \u00faltimo a\u00f1o del que se tienen cifras, era de m\u00e1s de 14.9 millones, aunque no se especifica cu\u00e1ntas son mujeres. Alexia Moreno asegura que este n\u00famero, debido a la crisis por coronavirus, puede estar aumentando.<\/p>\n<p><img loading=\"lazy\" decoding=\"async\" data-attachment-id=\"56451\" data-permalink=\"http:\/\/www.grieta.org.mx\/index.php\/2020\/10\/04\/menstruacion-en-la-calle-decidir-entre-comer-o-comprar-una-toalla-en-mexico\/9ff4b0d1575a73b26206b1f4a486b36e4132f0ebm-medium\/\" data-orig-file=\"http:\/\/www.grieta.org.mx\/wp-content\/uploads\/2021\/01\/9ff4b0d1575a73b26206b1f4a486b36e4132f0ebm-medium.jpg\" data-orig-size=\"567,378\" data-comments-opened=\"0\" data-image-meta=\"{&quot;aperture&quot;:&quot;0&quot;,&quot;credit&quot;:&quot;&quot;,&quot;camera&quot;:&quot;&quot;,&quot;caption&quot;:&quot;&quot;,&quot;created_timestamp&quot;:&quot;0&quot;,&quot;copyright&quot;:&quot;&quot;,&quot;focal_length&quot;:&quot;0&quot;,&quot;iso&quot;:&quot;0&quot;,&quot;shutter_speed&quot;:&quot;0&quot;,&quot;title&quot;:&quot;&quot;,&quot;orientation&quot;:&quot;0&quot;}\" data-image-title=\"9ff4b0d1575a73b26206b1f4a486b36e4132f0ebm-medium\" data-image-description=\"\" data-image-caption=\"\" data-medium-file=\"http:\/\/www.grieta.org.mx\/wp-content\/uploads\/2021\/01\/9ff4b0d1575a73b26206b1f4a486b36e4132f0ebm-medium-300x200.jpg\" data-large-file=\"http:\/\/www.grieta.org.mx\/wp-content\/uploads\/2021\/01\/9ff4b0d1575a73b26206b1f4a486b36e4132f0ebm-medium.jpg\" class=\"alignnone  wp-image-56451\" src=\"http:\/\/www.grieta.org.mx\/wp-content\/uploads\/2021\/01\/9ff4b0d1575a73b26206b1f4a486b36e4132f0ebm-medium.jpg\" alt=\"\" width=\"552\" height=\"368\" srcset=\"http:\/\/www.grieta.org.mx\/wp-content\/uploads\/2021\/01\/9ff4b0d1575a73b26206b1f4a486b36e4132f0ebm-medium.jpg 567w, http:\/\/www.grieta.org.mx\/wp-content\/uploads\/2021\/01\/9ff4b0d1575a73b26206b1f4a486b36e4132f0ebm-medium-300x200.jpg 300w\" sizes=\"auto, (max-width: 552px) 100vw, 552px\" \/><\/p>\n<h2 class=\"ql-align-justify\"><strong>Sobrevivir o comprar toallas<\/strong><\/h2>\n<p class=\"ql-align-justify\">Las mujeres que viven en la calle tienen que luchar todos los d\u00edas por sobrevivir y, adem\u00e1s, batallar durante su periodo por conseguir toallas sanitarias y un lugar d\u00f3nde asearse. Susana se\u00f1ala que durante su periodo acude a ba\u00f1os p\u00fablicos para lavarse o a veces junta dinero que le alcanza para rentar la habitaci\u00f3n de un hotel y poder darse un ba\u00f1o.<\/p>\n<p class=\"ql-align-justify\">En general, dice Moreno, el acceso al agua es uno de los problemas m\u00e1s severos para las personas en situaci\u00f3n de calle, pues deben ir a un albergue, o muchas veces la toman de fuentes o espacios p\u00fablicos. &#8220;(Tienen acceso) en puestos de comida con los que a veces colaboran y les permiten tomar agua y comer o en mercados p\u00fablicos. Ahora con el tema de covid-19 todo est\u00e1 cerrado&#8221;, manifiesta.<\/p>\n<p class=\"ql-align-justify\">Susana asegura que aunque trata de mantenerse limpia, el estigma es una de las barreras que impide que pueda tener acceso al agua, el cual es primordial en los d\u00edas que tiene su menstruaci\u00f3n. &#8220;De por s\u00ed la gente te etiqueta como mugroso (sucio) pero no saben que no es que queramos estar mugrosas, sino que simplemente a veces no hay un lugar donde podamos ba\u00f1arnos&#8221;, dice.<\/p>\n<h2 class=\"ql-align-justify\"><strong>Ha recurrido a pedazos de tela<\/strong><\/h2>\n<p class=\"ql-align-justify\">Reconoce que en ocasiones, cuando no logra tener acceso a toallas higi\u00e9nicas, ha recurrido a pedazos de tela para evitar manchar su ropa. Algo que la hace mucho m\u00e1s vulnerables a infecciones y enfermedades m\u00e1s graves. Moreno considera que las toallas higi\u00e9nicas siguen siendo art\u00edculos de lujo &#8220;y entonces son caras y es muy dif\u00edcil gestionar un proyecto o gestionar un apoyo que pueda permitir que esos productos les lleguen a ellas&#8221;.<\/p>\n<p class=\"ql-align-justify\">En M\u00e9xico, el precio promedio de un paquete con diez toallas sanitarias ronda los 25 pesos (1.1 d\u00f3lares), el cual no alcanza para un periodo menstrual completo de 3 a 5 d\u00edas pues diariamente se ocupan entre 4 y 6 compresas. Susana comenta que, en promedio, diariamente gana entre 70 y 100 pesos (3.1 y 4.42 d\u00f3lares), a veces un poco m\u00e1s, lo cual le debe alcanzar para comer, asearse y comprar sus diferentes insumos. &#8220;La mayor\u00eda trabajamos en el metro pero ya no nos dejan trabajar y la banda tiene que andar buscando el pan y todo&#8221;, afirma.<\/p>\n<p><img loading=\"lazy\" decoding=\"async\" data-attachment-id=\"56452\" data-permalink=\"http:\/\/www.grieta.org.mx\/index.php\/2020\/10\/04\/menstruacion-en-la-calle-decidir-entre-comer-o-comprar-una-toalla-en-mexico\/5c95618e81e8ef6f17f23d60e3c153461b478fffm-medium\/\" data-orig-file=\"http:\/\/www.grieta.org.mx\/wp-content\/uploads\/2021\/01\/5c95618e81e8ef6f17f23d60e3c153461b478fffm-medium.jpg\" data-orig-size=\"567,378\" data-comments-opened=\"0\" data-image-meta=\"{&quot;aperture&quot;:&quot;0&quot;,&quot;credit&quot;:&quot;&quot;,&quot;camera&quot;:&quot;&quot;,&quot;caption&quot;:&quot;&quot;,&quot;created_timestamp&quot;:&quot;0&quot;,&quot;copyright&quot;:&quot;&quot;,&quot;focal_length&quot;:&quot;0&quot;,&quot;iso&quot;:&quot;0&quot;,&quot;shutter_speed&quot;:&quot;0&quot;,&quot;title&quot;:&quot;&quot;,&quot;orientation&quot;:&quot;0&quot;}\" data-image-title=\"5c95618e81e8ef6f17f23d60e3c153461b478fffm-medium\" data-image-description=\"\" data-image-caption=\"\" data-medium-file=\"http:\/\/www.grieta.org.mx\/wp-content\/uploads\/2021\/01\/5c95618e81e8ef6f17f23d60e3c153461b478fffm-medium-300x200.jpg\" data-large-file=\"http:\/\/www.grieta.org.mx\/wp-content\/uploads\/2021\/01\/5c95618e81e8ef6f17f23d60e3c153461b478fffm-medium.jpg\" class=\"alignnone size-full wp-image-56452\" src=\"http:\/\/www.grieta.org.mx\/wp-content\/uploads\/2021\/01\/5c95618e81e8ef6f17f23d60e3c153461b478fffm-medium.jpg\" alt=\"\" width=\"567\" height=\"378\" srcset=\"http:\/\/www.grieta.org.mx\/wp-content\/uploads\/2021\/01\/5c95618e81e8ef6f17f23d60e3c153461b478fffm-medium.jpg 567w, http:\/\/www.grieta.org.mx\/wp-content\/uploads\/2021\/01\/5c95618e81e8ef6f17f23d60e3c153461b478fffm-medium-300x200.jpg 300w\" sizes=\"auto, (max-width: 567px) 100vw, 567px\" \/><\/p>\n<h2 class=\"ql-align-justify\"><strong>Falta informaci\u00f3n<\/strong><\/h2>\n<div class=\"cc-colbannerDisplay\" data-google-query-id=\"CMOkpNbDwO4CFQgAPwodE80Ocw\">\n<p class=\"ql-align-justify\">A decir de Alexia Moreno, la menstruaci\u00f3n es todav\u00eda un tab\u00fa para las mujeres en situaci\u00f3n de calle. Gabriela Olvera P\u00e9rez vive desde los 14 a\u00f1os en situaci\u00f3n de calle. Tiene cinco hijos, dos son mujeres y aunque asegura que trata de hablar con ellas sobre la menstruaci\u00f3n, reconoce que muchas veces no sabe c\u00f3mo hacerlo. &#8220;Ya les digo que va a llegar cierta edad que les va a llegar su menstruaci\u00f3n, que tienen que tener mucha higiene, a diario ba\u00f1arse&#8221;, afirma.<\/p>\n<p class=\"ql-align-justify\">Es por ello que la Asociaci\u00f3n El Caracol ha creado cursos en los que explican a las mujeres en situaci\u00f3n de calle que este es un proceso normal, adem\u00e1s de que han promovido iniciativas para que el Gobierno ponga al alcance de manera gratuita este tipo de implementos para las personas m\u00e1s vulnerables.<\/p>\n<p class=\"ql-align-justify\">Moreno destaca la importancia de colocar el tema en las agendas feministas y luego las agendas p\u00fablicas para empezar a hacer visible que estas mujeres necesitan un acompa\u00f1amiento diferenciado. &#8220;Es evidente que no gozan de los mismos derechos y privilegios que las que tenemos una casa, que tenemos acceso a formaci\u00f3n acad\u00e9mica y dem\u00e1s&#8221;, finaliza.<\/p>\n<p><a href=\"https:\/\/news.culturacolectiva.com\/mexico\/menstruacion-calle-decidir-entre-comer-o-comprar-una-toalla-mexico\/\" target=\"_blank\" rel=\"noopener\">https:\/\/news.culturacolectiva.com\/mexico\/menstruacion-calle-decidir-entre-comer-o-comprar-una-toalla-mexico\/<\/a><\/p>\n<\/div>\n","protected":false},"excerpt":{"rendered":"<p>&nbsp; Foto de portada: Proceso. Con informaci\u00f3n de EFE. Fotos interior de la nota: EFE. Lau Almaraz \/ Cultura Colectiva News A trav\u00e9s de Susana Gonz\u00e1lez, conocemos c\u00f3mo es que &hellip; <a href=\"http:\/\/www.grieta.org.mx\/index.php\/2020\/10\/04\/menstruacion-en-la-calle-decidir-entre-comer-o-comprar-una-toalla-en-mexico\/\" class=\"more-link\">Leer m\u00e1s<\/a><\/p>\n","protected":false},"author":2,"featured_media":56450,"comment_status":"closed","ping_status":"closed","sticky":false,"template":"","format":"standard","meta":{"ngg_post_thumbnail":0,"_jetpack_newsletter_access":"","_jetpack_dont_email_post_to_subs":false,"_jetpack_newsletter_tier_id":0,"_jetpack_memberships_contains_paywalled_content":false,"_jetpack_memberships_contains_paid_content":false,"footnotes":""},"categories":[80,14,3295,3036,2065,2,2797,2388],"tags":[3241,1953,94],"class_list":["post-56449","post","type-post","status-publish","format-standard","has-post-thumbnail","hentry","category-cintillo","category-ciudad-de-mexico","category-covid-19-en-ciudad-de-mexico","category-incremento-en-el-costo-de-la-vida-en-la-ciudad-de-mexico","category-movilizaciones-y-protestas-de-habitantes-de-la-ciudad-de-mexico","category-noticias-nacionales","category-pobreza-en-la-ciudad-de-mexico","category-violencia-contra-las-mujeres-en-la-ciudad-de-mexico","tag-covid-19","tag-pobreza","tag-violencia-contra-mujeres","entry"],"jetpack_featured_media_url":"http:\/\/www.grieta.org.mx\/wp-content\/uploads\/2021\/01\/Menstruacion-en-la-calle-decidir-entre-comer-o-comprar-una-toalla-en-Mexico-cdmx-ene.jpg","jetpack_sharing_enabled":true,"jetpack_shortlink":"https:\/\/wp.me\/p7ZJR4-eGt","jetpack_likes_enabled":false,"jetpack-related-posts":[{"id":50967,"url":"http:\/\/www.grieta.org.mx\/index.php\/2020\/06\/09\/locales-y-puestos-reabren-en-la-cdmx-con-semaforo-rojo-y-miles-de-muertos-hay-que-comer-dicen\/","url_meta":{"origin":56449,"position":0},"title":"Locales y puestos reabren en la CdMx con sem\u00e1foro rojo y miles de muertos. Hay que comer, dicen","author":"grieta","date":"9 junio, 2020","format":false,"excerpt":"Los comercientes en el centro hist\u00f3rico de la Ciudad de M\u00e9xico no pueden parar pese a la COVID-19. Foto: Jos\u00e9 M\u00e9ndez, EFE. EFE \/ Sin Embargo Comerciantes del centro de la Ciudad de M\u00e9xico retomaron ya sus actividades por la necesidad de recursos econ\u00f3micos. \u201cLa gente no aguanta m\u00e1s esto\u2026","rel":"","context":"En &quot;CINTILLO&quot;","block_context":{"text":"CINTILLO","link":"http:\/\/www.grieta.org.mx\/index.php\/category\/cintillo\/"},"img":{"alt_text":"","src":"https:\/\/i0.wp.com\/www.grieta.org.mx\/wp-content\/uploads\/2020\/06\/Locales-y-puestos-reabren-en-la-CdMx-con-sem%C3%A1foro-rojo-y-miles-de-muertos.-Hay-que-comer-dicen-cdmx-jun.jpg?resize=350%2C200","width":350,"height":200,"srcset":"https:\/\/i0.wp.com\/www.grieta.org.mx\/wp-content\/uploads\/2020\/06\/Locales-y-puestos-reabren-en-la-CdMx-con-sem%C3%A1foro-rojo-y-miles-de-muertos.-Hay-que-comer-dicen-cdmx-jun.jpg?resize=350%2C200 1x, https:\/\/i0.wp.com\/www.grieta.org.mx\/wp-content\/uploads\/2020\/06\/Locales-y-puestos-reabren-en-la-CdMx-con-sem%C3%A1foro-rojo-y-miles-de-muertos.-Hay-que-comer-dicen-cdmx-jun.jpg?resize=525%2C300 1.5x, https:\/\/i0.wp.com\/www.grieta.org.mx\/wp-content\/uploads\/2020\/06\/Locales-y-puestos-reabren-en-la-CdMx-con-sem%C3%A1foro-rojo-y-miles-de-muertos.-Hay-que-comer-dicen-cdmx-jun.jpg?resize=700%2C400 2x, https:\/\/i0.wp.com\/www.grieta.org.mx\/wp-content\/uploads\/2020\/06\/Locales-y-puestos-reabren-en-la-CdMx-con-sem%C3%A1foro-rojo-y-miles-de-muertos.-Hay-que-comer-dicen-cdmx-jun.jpg?resize=1050%2C600 3x"},"classes":[]},{"id":38516,"url":"http:\/\/www.grieta.org.mx\/index.php\/2019\/08\/30\/protestan-por-sus-desparecidos-frente-al-palacio-nacional-fotogaleria\/","url_meta":{"origin":56449,"position":1},"title":"Protestan por sus desparecidos frente al Palacio Nacional (fotogaler\u00eda)","author":"grieta","date":"30 agosto, 2019","format":false,"excerpt":"EFE\/Vanguardia Los familiares de desaparecidos adem\u00e1s planean entregar 80.000 firmas para exigir al Estado mejoras en los protocolos de investigaci\u00f3n. https:\/\/vanguardia.com.mx\/articulo\/protestan-por-sus-desparecidos-frente-al-palacio-nacional-fotogaleria","rel":"","context":"En &quot;CINTILLO&quot;","block_context":{"text":"CINTILLO","link":"http:\/\/www.grieta.org.mx\/index.php\/category\/cintillo\/"},"img":{"alt_text":"","src":"https:\/\/i0.wp.com\/www.grieta.org.mx\/wp-content\/uploads\/2019\/08\/1-4.jpg?resize=350%2C200","width":350,"height":200,"srcset":"https:\/\/i0.wp.com\/www.grieta.org.mx\/wp-content\/uploads\/2019\/08\/1-4.jpg?resize=350%2C200 1x, https:\/\/i0.wp.com\/www.grieta.org.mx\/wp-content\/uploads\/2019\/08\/1-4.jpg?resize=525%2C300 1.5x, https:\/\/i0.wp.com\/www.grieta.org.mx\/wp-content\/uploads\/2019\/08\/1-4.jpg?resize=700%2C400 2x"},"classes":[]},{"id":47548,"url":"http:\/\/www.grieta.org.mx\/index.php\/2020\/04\/08\/trabajadoras-sexuales-expulsadas-de-hoteles-por-cuarentena-instalan-campamento-temporal-ciudad-de-mexico\/","url_meta":{"origin":56449,"position":2},"title":"Trabajadoras sexuales, expulsadas de hoteles por cuarentena, instalan campamento temporal (Ciudad de M\u00e9xico)","author":"grieta","date":"8 abril, 2020","format":false,"excerpt":"Imagen tomada de:news.culturacolectiva.com Cultura Colectiva La mayor\u00eda de los y las trabajadores sexuales se quedaron sin empleo y duermen en la calle ante el cierre de hoteles y posadas por la pandemia. Ante la vulnerabilidad tras el cierre de hoteles y posadas por la emergencia sanitaria que representa el coronavirus\u2026","rel":"","context":"En &quot;CINTILLO&quot;","block_context":{"text":"CINTILLO","link":"http:\/\/www.grieta.org.mx\/index.php\/category\/cintillo\/"},"img":{"alt_text":"","src":"https:\/\/i0.wp.com\/www.grieta.org.mx\/wp-content\/uploads\/2020\/04\/Trabajadoras-sexuales-expulsadas-de-hoteles-por-cuarentena-instalan-campamento-temporal-cdmx-abr.jpeg?resize=350%2C200","width":350,"height":200,"srcset":"https:\/\/i0.wp.com\/www.grieta.org.mx\/wp-content\/uploads\/2020\/04\/Trabajadoras-sexuales-expulsadas-de-hoteles-por-cuarentena-instalan-campamento-temporal-cdmx-abr.jpeg?resize=350%2C200 1x, https:\/\/i0.wp.com\/www.grieta.org.mx\/wp-content\/uploads\/2020\/04\/Trabajadoras-sexuales-expulsadas-de-hoteles-por-cuarentena-instalan-campamento-temporal-cdmx-abr.jpeg?resize=525%2C300 1.5x, https:\/\/i0.wp.com\/www.grieta.org.mx\/wp-content\/uploads\/2020\/04\/Trabajadoras-sexuales-expulsadas-de-hoteles-por-cuarentena-instalan-campamento-temporal-cdmx-abr.jpeg?resize=700%2C400 2x"},"classes":[]},{"id":11291,"url":"http:\/\/www.grieta.org.mx\/index.php\/2016\/04\/26\/movilizacion-contra-la-violencia-hacia-las-mujeres-en-ciudad-de-mexico\/","url_meta":{"origin":56449,"position":3},"title":"Movilizaci\u00f3n contra la violencia hacia las mujeres en Ciudad de M\u00e9xico","author":"grieta","date":"26 abril, 2016","format":false,"excerpt":"25\/04\/16. La primavera violeta, contra las violencias machistasRegeneraci\u00f3n Radio 24\/04\/16. \u2018Todo lo quieren tapar\u2019La Jornada","rel":"","context":"En &quot;Ciudad de M\u00e9xico&quot;","block_context":{"text":"Ciudad de M\u00e9xico","link":"http:\/\/www.grieta.org.mx\/index.php\/category\/noticias-nacionales\/ciudad-de-mexico\/"},"img":{"alt_text":"","src":"https:\/\/i0.wp.com\/www.grieta.org.mx\/wp-content\/uploads\/2018\/03\/14524434_1106112876131411_958039263622046936_o.jpg?resize=350%2C200","width":350,"height":200,"srcset":"https:\/\/i0.wp.com\/www.grieta.org.mx\/wp-content\/uploads\/2018\/03\/14524434_1106112876131411_958039263622046936_o.jpg?resize=350%2C200 1x, https:\/\/i0.wp.com\/www.grieta.org.mx\/wp-content\/uploads\/2018\/03\/14524434_1106112876131411_958039263622046936_o.jpg?resize=525%2C300 1.5x, https:\/\/i0.wp.com\/www.grieta.org.mx\/wp-content\/uploads\/2018\/03\/14524434_1106112876131411_958039263622046936_o.jpg?resize=700%2C400 2x"},"classes":[]},{"id":43404,"url":"http:\/\/www.grieta.org.mx\/index.php\/2020\/01\/23\/estudiantes-de-filosofia-y-prepa-9-denuncian-agresiones-ciudad-de-mexico\/","url_meta":{"origin":56449,"position":4},"title":"Estudiantes de Filosof\u00eda y prepa 9 denuncian agresiones (Ciudad de M\u00e9xico)","author":"grieta","date":"23 enero, 2020","format":false,"excerpt":"Jordana Gonz\u00e1lez y Aseneth Hern\u00e1ndez \/ Contral\u00ednea La Colectiva Mujeres Organizadas de la Facultad de Filosof\u00eda y Letras denunci\u00f3 haber sufrido diversas agresiones en los 79 d\u00edas que lleva el paro de actividades. Durante el foro \u201cViolencia en la UNAM\u201d, celebrado en el estacionamiento del plantel 9 de la Escuela\u2026","rel":"","context":"En &quot;CINTILLO&quot;","block_context":{"text":"CINTILLO","link":"http:\/\/www.grieta.org.mx\/index.php\/category\/cintillo\/"},"img":{"alt_text":"","src":"https:\/\/i0.wp.com\/www.grieta.org.mx\/wp-content\/uploads\/2020\/01\/Estudiantes-de-Filosof%C3%ADa-y-prepa-9-denuncian-agresiones-cdmx-ene.jpg?resize=350%2C200","width":350,"height":200,"srcset":"https:\/\/i0.wp.com\/www.grieta.org.mx\/wp-content\/uploads\/2020\/01\/Estudiantes-de-Filosof%C3%ADa-y-prepa-9-denuncian-agresiones-cdmx-ene.jpg?resize=350%2C200 1x, https:\/\/i0.wp.com\/www.grieta.org.mx\/wp-content\/uploads\/2020\/01\/Estudiantes-de-Filosof%C3%ADa-y-prepa-9-denuncian-agresiones-cdmx-ene.jpg?resize=525%2C300 1.5x"},"classes":[]},{"id":57597,"url":"http:\/\/www.grieta.org.mx\/index.php\/2021\/03\/08\/trabajadoras-sexuales-se-unen-a-contingentes-de-la-marcha-8m-en-el-centro-por-derechos-laborales-ciudad-de-mexico\/","url_meta":{"origin":56449,"position":5},"title":"Trabajadoras sexuales se unen a contingentes de la marcha 8M en el centro por derechos laborales (Ciudad de M\u00e9xico)","author":"grieta","date":"8 marzo, 2021","format":false,"excerpt":"El contingente de AMETS a su paso frente a la Alameda (Karen Flores) \u00daltimo Minuto Con mensajes como \"Ni v\u00edctimas ni criminales, somos trabajadoras sexuales\", \u00a0marcharon por Reforma exigiendo que las autoridades las reconozcan Integrantes de la Alianza Mexicana de Trabajadoras Sexuales (AMETS) se unieron a las marchas con motivo\u2026","rel":"","context":"En &quot;CINTILLO&quot;","block_context":{"text":"CINTILLO","link":"http:\/\/www.grieta.org.mx\/index.php\/category\/cintillo\/"},"img":{"alt_text":"El contingente de AMETS a su paso frente a la Alameda","src":"https:\/\/i0.wp.com\/assets.ultimominuto.news\/__export\/1615245124029\/sites\/debate\/img\/2021\/03\/08\/trabajadoras_sexuales_8m.jpeg_172596871.jpeg?resize=350%2C200&ssl=1","width":350,"height":200,"srcset":"https:\/\/i0.wp.com\/assets.ultimominuto.news\/__export\/1615245124029\/sites\/debate\/img\/2021\/03\/08\/trabajadoras_sexuales_8m.jpeg_172596871.jpeg?resize=350%2C200&ssl=1 1x, https:\/\/i0.wp.com\/assets.ultimominuto.news\/__export\/1615245124029\/sites\/debate\/img\/2021\/03\/08\/trabajadoras_sexuales_8m.jpeg_172596871.jpeg?resize=525%2C300&ssl=1 1.5x"},"classes":[]}],"_links":{"self":[{"href":"http:\/\/www.grieta.org.mx\/index.php\/wp-json\/wp\/v2\/posts\/56449","targetHints":{"allow":["GET"]}}],"collection":[{"href":"http:\/\/www.grieta.org.mx\/index.php\/wp-json\/wp\/v2\/posts"}],"about":[{"href":"http:\/\/www.grieta.org.mx\/index.php\/wp-json\/wp\/v2\/types\/post"}],"author":[{"embeddable":true,"href":"http:\/\/www.grieta.org.mx\/index.php\/wp-json\/wp\/v2\/users\/2"}],"replies":[{"embeddable":true,"href":"http:\/\/www.grieta.org.mx\/index.php\/wp-json\/wp\/v2\/comments?post=56449"}],"version-history":[{"count":1,"href":"http:\/\/www.grieta.org.mx\/index.php\/wp-json\/wp\/v2\/posts\/56449\/revisions"}],"predecessor-version":[{"id":56453,"href":"http:\/\/www.grieta.org.mx\/index.php\/wp-json\/wp\/v2\/posts\/56449\/revisions\/56453"}],"wp:featuredmedia":[{"embeddable":true,"href":"http:\/\/www.grieta.org.mx\/index.php\/wp-json\/wp\/v2\/media\/56450"}],"wp:attachment":[{"href":"http:\/\/www.grieta.org.mx\/index.php\/wp-json\/wp\/v2\/media?parent=56449"}],"wp:term":[{"taxonomy":"category","embeddable":true,"href":"http:\/\/www.grieta.org.mx\/index.php\/wp-json\/wp\/v2\/categories?post=56449"},{"taxonomy":"post_tag","embeddable":true,"href":"http:\/\/www.grieta.org.mx\/index.php\/wp-json\/wp\/v2\/tags?post=56449"}],"curies":[{"name":"wp","href":"https:\/\/api.w.org\/{rel}","templated":true}]}}