{"id":56418,"date":"2021-01-20T14:49:35","date_gmt":"2021-01-20T20:49:35","guid":{"rendered":"http:\/\/www.grieta.org.mx\/?p=56418"},"modified":"2021-01-25T14:56:19","modified_gmt":"2021-01-25T20:56:19","slug":"la-verdad-historica-del-caso-ayotzinapa-encubria-al-ejercito-guerrero","status":"publish","type":"post","link":"http:\/\/www.grieta.org.mx\/index.php\/2021\/01\/20\/la-verdad-historica-del-caso-ayotzinapa-encubria-al-ejercito-guerrero\/","title":{"rendered":"La \u201cverdad hist\u00f3rica\u201d del Caso Ayotzinapa encubr\u00eda al Ej\u00e9rcito (Guerrero)"},"content":{"rendered":"<p><a href=\"http:\/\/www.grieta.org.mx\/wp-content\/uploads\/2021\/01\/f800x450-128754_180200_5050.jpg\"><img loading=\"lazy\" decoding=\"async\" data-attachment-id=\"56419\" data-permalink=\"http:\/\/www.grieta.org.mx\/index.php\/2021\/01\/20\/la-verdad-historica-del-caso-ayotzinapa-encubria-al-ejercito-guerrero\/f800x450-128754_180200_5050\/\" data-orig-file=\"http:\/\/www.grieta.org.mx\/wp-content\/uploads\/2021\/01\/f800x450-128754_180200_5050.jpg\" data-orig-size=\"800,450\" data-comments-opened=\"0\" data-image-meta=\"{&quot;aperture&quot;:&quot;0&quot;,&quot;credit&quot;:&quot;&quot;,&quot;camera&quot;:&quot;&quot;,&quot;caption&quot;:&quot;&quot;,&quot;created_timestamp&quot;:&quot;0&quot;,&quot;copyright&quot;:&quot;&quot;,&quot;focal_length&quot;:&quot;0&quot;,&quot;iso&quot;:&quot;0&quot;,&quot;shutter_speed&quot;:&quot;0&quot;,&quot;title&quot;:&quot;&quot;,&quot;orientation&quot;:&quot;0&quot;}\" data-image-title=\"f800x450-128754_180200_5050\" data-image-description=\"\" data-image-caption=\"\" data-medium-file=\"http:\/\/www.grieta.org.mx\/wp-content\/uploads\/2021\/01\/f800x450-128754_180200_5050-300x169.jpg\" data-large-file=\"http:\/\/www.grieta.org.mx\/wp-content\/uploads\/2021\/01\/f800x450-128754_180200_5050.jpg\" class=\"aligncenter size-full wp-image-56419\" src=\"http:\/\/www.grieta.org.mx\/wp-content\/uploads\/2021\/01\/f800x450-128754_180200_5050.jpg\" alt=\"\" width=\"800\" height=\"450\" srcset=\"http:\/\/www.grieta.org.mx\/wp-content\/uploads\/2021\/01\/f800x450-128754_180200_5050.jpg 800w, http:\/\/www.grieta.org.mx\/wp-content\/uploads\/2021\/01\/f800x450-128754_180200_5050-300x169.jpg 300w, http:\/\/www.grieta.org.mx\/wp-content\/uploads\/2021\/01\/f800x450-128754_180200_5050-768x432.jpg 768w\" sizes=\"auto, (max-width: 800px) 100vw, 800px\" \/><\/a><\/p>\n<p>\u00c1lvaro Delgado \/ Proceso<\/p>\n<p>En julio de 2020, Proceso public\u00f3 en su edici\u00f3n impresa 2280 un reportaje que daba cuenta, a partir del testimonio de un testigo, de la participaci\u00f3n activa del Ej\u00e9rcito y otras fuerzas de seguridad p\u00fablica en la desaparici\u00f3n de los 43 normalistas de Ayotzinapa. Este mi\u00e9rcoles, m\u00e1s de seis meses despu\u00e9s, el secretario de la Defensa Nacional, Luis Cresencio Sandoval, se\u00f1al\u00f3 que si los militares cometieron &#8220;errores&#8221; por este caso, deber\u00e1n pagar por ellos. En ese escenario, Proceso publica \u00edntegramente el trabajo period\u00edstico en cuesti\u00f3n por el inter\u00e9s de los lectores.<\/p>\n<p>La investigaci\u00f3n en torno a la desaparici\u00f3n de los 43 normalistas de Ayotzinapa lleg\u00f3, el sexenio pasado, a una \u201cverdad hist\u00f3rica\u201d y \u00e9sta limitaba la responsabilidad de los hechos al crimen organizado. Ahora, en nuevas indagatorias que lleva adelante la Fiscal\u00eda General de la Rep\u00fablica, sale a la luz un hecho grave: la supuesta participaci\u00f3n de miembros del Ej\u00e9rcito \u2013algo que se neg\u00f3 reiteradamente en el gobierno pe\u00f1anietista\u2013 en la desaparici\u00f3n y ejecuci\u00f3n de los estudiantes.<\/p>\n<p>CIUDAD DE M\u00c9XICO (Proceso).- En contraste con la \u201cverdad hist\u00f3rica\u201d del gobierno de Enrique Pe\u00f1a Nieto sobre la desaparici\u00f3n de los 43 normalistas de Ayotzinapa, en 2014, la Fiscal\u00eda General de la Rep\u00fablica (FGR) ha documentado la participaci\u00f3n directa en los hechos de elementos del Ej\u00e9rcito mexicano, presuntamente corrompidos por el c\u00e1rtel Guerreros Unidos: detuvieron a numerosos j\u00f3venes, los ingresaron a instalaciones militares para interrogarlos y despu\u00e9s los entregaron al grupo criminal que los destaz\u00f3, inciner\u00f3 y disolvi\u00f3 en \u00e1cido.<\/p>\n<p>La hip\u00f3tesis de la FGR sobre la noche de Iguala, entre el 26 y el 27 de septiembre de ese a\u00f1o, establece que los restos de los j\u00f3venes fueron sepultados y esparcidos en varios lugares; esto se comprob\u00f3 con el caso de Christian Alfonso Rodr\u00edguez Telumbre, cuyos restos fueron localizados a 800 metros del basurero de Cocula, donde la \u201cverdad hist\u00f3rica\u201d del exprocurador Jes\u00fas Murillo Karam asegur\u00f3 que se inciner\u00f3 a los 43.<\/p>\n<p>Las nuevas evidencias, con base en declaraciones ministeriales de nuevos testigos, incluidos miembros de Guerreros Unidos, indican tambi\u00e9n que ese c\u00e1rtel entregaba sobornos a mandos y miembros del Ej\u00e9rcito para permitir el trasiego de drogas, armas y dinero en esa regi\u00f3n de Guerrero, y por ello participaron en la desa\u00adparici\u00f3n de los normalistas, seg\u00fan documentos que obtuvo Proceso.<\/p>\n<p>Detalles de la participaci\u00f3n de militares en La Noche de Iguala, que tanto se hab\u00eda negado durante el gobierno de Pe\u00f1a Nieto, emergen en la carpeta de investigaci\u00f3n AP\/PGR\/SEIDO\/UE\/IDMS\/\/1017\/2014 que integra el fiscal Omar G\u00f3mez Trejo, ante quien uno de los testigos \u201cde identidad reservada\u201d asegur\u00f3 que comenz\u00f3 desde que los estudiantes llegaron a Iguala.<\/p>\n<p>\u201cEntre la Polic\u00eda Municipal de Iguala, la Polic\u00eda Estatal de Guerrero y el Ej\u00e9rcito, junto con la Polic\u00eda Federal y la Federal Ministerial empezaron a detener a los muchachos en diferentes puntos de la ciudad\u201d, declar\u00f3 Juan, quien afirm\u00f3 que los estudiantes fueron detenidos en grupos, uno de los cuales fue llevado por militares armados, en veh\u00edculos oficiales, a la sede del 27 Batall\u00f3n de Infanter\u00eda, en Iguala.<\/p>\n<p>\u201cLa parte que se llev\u00f3 el Ej\u00e9rcito fue a las instalaciones del 27 Batall\u00f3n, tampoco se inform\u00f3 el n\u00famero de personas que se llevaron, se los llevaron en camionetas de ellos, no puedo precisar qui\u00e9n iba al frente de los militares que se llevaron a los muchachos\u201d, afirm\u00f3 el testigo, quien, como miembro de Guerreros Unidos, asegur\u00f3 que tuvo \u201cconocimiento de los hechos directamente, v\u00eda radio, pl\u00e1ticas y porque los vi\u201d.<\/p>\n<p>En marzo, en la reuni\u00f3n con el presidente Andr\u00e9s Manuel L\u00f3pez Obrador, el fiscal Alejandro Gertz y el presidente de la Suprema Corte de Justicia de la Naci\u00f3n, Arturo Sald\u00edvar, los padres de los 43 normalistas exigieron no s\u00f3lo proceder contra el exjefe policiaco Tom\u00e1s Zer\u00f3n de Lucio, contra quien se libr\u00f3 orden de aprehensi\u00f3n, sino contra los militares que participaron en la Noche de Iguala (Proceso 2263).<\/p>\n<p>En el escrito que entregaron, los padres de familia les exigieron \u201cproceder penalmente contra elementos del 27 Batall\u00f3n de Infanter\u00eda que incurrieron en falsedad en sus primeras declaraciones y\/o que incurrieron en delitos por sus omisiones la noche de los hechos: al menos el capit\u00e1n Jos\u00e9 Mart\u00ednez Crespo, (el) teniente Joel Ch\u00e1vez (y el) soldado Eduardo Mota\u201d.<\/p>\n<p>Y le exigieron a L\u00f3pez Obrador que \u201creitere sus instrucciones a las Fuerzas Armadas para que colaboren proactivamente entregando toda la informaci\u00f3n vinculada directa o indirectamente con el caso y el contexto en que ocurri\u00f3, sin encubrir a ning\u00fan elemento que haya estado involucrado en la desaparici\u00f3n de nuestros hijos, en la irregular investigaci\u00f3n que lo subsigui\u00f3, o m\u00e1s ampliamente en la red criminal que operaba en Guerrero al momento de los hechos\u201d.<\/p>\n<p>Conforme a la narraci\u00f3n del testigo Juan, quien ingres\u00f3 al grupo delincuencial bajo las \u00f3rdenes de los hermanos Mario, Adri\u00e1n, Sidronio y \u00c1ngel Casarrubias Salgado \u2013fundadores y jefes de Guerreros Unidos\u2013, y de Jes\u00fas P\u00e9rez Lagunas, El G\u00fcero Mugres, en el ataque a los normalistas s\u00ed participaron activamente militares.<\/p>\n<p>En la declaraci\u00f3n ministerial consultada por el reportero se establece la participaci\u00f3n de miembros del 27 Batall\u00f3n de Infanter\u00eda, pero tambi\u00e9n del 41 Batall\u00f3n de la misma arma, que compart\u00eda cuartel en Iguala, en el lugar donde llegaron los normalistas a bordo de autobuses, detr\u00e1s de los cuales iban sicarios armados del grupo contrario a Guerreros Unidos, que luego supuestamente se \u201cmezclaron\u201d con los j\u00f3venes.<\/p>\n<p>Los que viajaban en \u201ccinco o seis\u201d camionetas eran sicarios de On\u00e9simo Marquina Chapa, que de aliado pas\u00f3 a rival de Guerreros Unidos, y supuestamente se infiltraron en los estudiantes. El operativo lo dirigi\u00f3 El G\u00fcero Mugres, responsable de \u201crelaciones p\u00fablicas\u201d del c\u00e1rtel y de entregar los sobornos a militares; su orden fue: \u201c\u00a1P\u00e1rtanles la madre!\u201d.<\/p>\n<p>El testigo narr\u00f3 las instrucciones que dio El G\u00fcero Mugres, su superior: \u201cY empez\u00f3 a movilizar en un principio a las autoridades, Polic\u00eda Federal, Ej\u00e9rcito, Polic\u00eda Estatal, la Polic\u00eda de Caminos, la Federal Ministerial, la Municipal ya estaba controlada por ser del municipio donde operaba el grupo. Empiezan a atacar a los muchachos a balazos, no era algo dirigido contra ellos, pero al estar mezclados los muchachos con la gente de On\u00e9simo, seg\u00fan informaron los halcones a Los Tilos, fue que se deb\u00eda contener y no se sab\u00eda qui\u00e9n era estudiante y qui\u00e9n no, el ataque fue general\u201d.<br \/>\nDetenidos en grupos<\/p>\n<p>Los Tilos, seg\u00fan el testigo, era un grupo de sicarios de Guerreros Unidos comandado por los hermanos Palacios Ben\u00edtez, y otro grupo del c\u00e1rtel lo encabezaba Nicol\u00e1s N\u00e1jera Salgado, El Cholo. Cada facci\u00f3n se hizo cargo de un grupo de los normalistas, quienes previamente, seg\u00fan el testigo, hab\u00edan sido detenidos por soldados y polic\u00edas.<\/p>\n<p>\u201cDe las personas que fueron detenidas, una parte se las entregaron a V\u00edctor Hugo Ben\u00edtez Palacios, Osiel Ben\u00edtez Palacios, Salvador Ben\u00edtez Palacios, Orbel\u00edn Benitez Palacios para interrogarlos, para saber qui\u00e9nes ven\u00edan con el grupo contrario al que operaba en Iguala. Les fueron entregados por la colonia Mart\u00edn Aceves, por lo solitario del camino. Esto lo dijeron los Ben\u00edtez Palacios despu\u00e9s.<\/p>\n<p>\u201cY otra parte se los llev\u00f3 la Polic\u00eda Estatal y el Ej\u00e9rcito para saber qui\u00e9nes ven\u00edan con el grupo contrario al que operaba en Iguala, o sea, la gente de On\u00e9simo que ten\u00eda camionetas detr\u00e1s de los autobuses.\u201d<\/p>\n<p>Agreg\u00f3: \u201cla Polic\u00eda Estatal se los llev\u00f3 a una casa en Iguala\u2026 La parte que se llev\u00f3 el Ej\u00e9rcito fue a las instalaciones del 27 Batall\u00f3n; tampoco se inform\u00f3 el n\u00famero de personas que se llevaron, se los llevaron en camionetas de ellos, no s\u00e9 si los entregaron a los estatales o municipales, y \u00e9sos a Los Tilos y a la gente de Nicol\u00e1s N\u00e1jera\u201d.<\/p>\n<p>Lo que s\u00ed supo, asegura el testigo, es que los militares s\u00ed entregaron a los muchachos a los narcotraficantes que, conforme a esa versi\u00f3n, los habr\u00edan asesinado: \u201clos de la Polic\u00eda Estatal y del Ej\u00e9rcito son entregados a Nicol\u00e1s N\u00e1jera, se los entregaron para destazar, y no fue en un solo momento, sino por varios momentos que llevaban cuerpos al crematorio y recog\u00edan y tiraban\u201d.<\/p>\n<p>En la declaraci\u00f3n ministerial, rendida en febrero de este a\u00f1o, el testigo asegura que ninguno de los normalistas capturados qued\u00f3 con vida.<\/p>\n<p>\u201cEn el transcurso de la madrugada, como a las dos de la ma\u00f1ana del 27 de septiembre de 2014, El G\u00fcero Mugres pregunt\u00f3 qu\u00e9 suced\u00eda y se le fue informando, v\u00eda radio, por parte de quienes se llevaron a las personas, que varios de los que hab\u00eda detenido estaban muertos, no se dio el n\u00famero de muertos, fueron muertos a golpes.<\/p>\n<p>\u201cV\u00edctor Hugo (Ben\u00edtez Palacios) fue quien inform\u00f3 a Juan Salgado, alias El Indio o El Caderas, y a su vez al G\u00fcero Mugres, por la frecuencia de radio, que muchos quedaron en el interrogatorio, o sea por golpes, y decidieron matarlos a todos para no dejar ning\u00fan cabo suelto.\u201d<\/p>\n<p>Este testigo de la FGR, quien asegura que conoci\u00f3 los detalles porque ten\u00eda un radio de telecomunicaci\u00f3n y porque particip\u00f3 en una reuni\u00f3n en la que los involucrados contaron lo sucedido, insiste en que los normalistas fueron detenidos en dos grupos.<\/p>\n<p>\u201cLos estudiantes fueron divididos. De los que se hab\u00eda llevado la estatal se los entregaron a Nicol\u00e1s N\u00e1jera Salgado y se los llev\u00f3 a una casa que \u00e9l ten\u00eda por la colonia Los Granjeles, unos iban vivos y otros muertos, pero no se supo el n\u00famero de cada uno.\u201d<\/p>\n<p>En esa casa, seg\u00fan el relato, un n\u00famero no identificado de estudiantes fueron asesinados y despu\u00e9s incinerados en el horno crematorio de la funeraria El \u00c1ngel, de Iguala: \u201clos destazaron y se llevaron los cuerpos destazados a un crematorio en bolsas de pl\u00e1stico transparente. Se hicieron varios viajes en camionetas. Se destaz\u00f3 para que cupieran en el horno crematorio\u201d.<\/p>\n<p>Esto ocurri\u00f3 entre las tres y las cuatro de la madrugada del 27 de septiembre y los restos y las cenizas se metieron en las mismas bolsas de pl\u00e1stico que, seg\u00fan el relato de Juan, fueron esparcidas en Coacoyula, cerca de Iguala, y en un paraje hacia Taxco.<\/p>\n<p>El otro grupo de estudiantes, conforme a ese relato, fue desaparecido de otra manera: \u201clos que se llevaron los Ben\u00edtez Palacios dijeron que los hab\u00edan hecho agua: disolverlos en \u00e1cido y luego echarlos al drenaje\u201d.<br \/>\nMilitares corruptos<\/p>\n<p>Y es que la participaci\u00f3n de elementos del Ej\u00e9rcito mexicano en la desaparici\u00f3n de los normalistas en Iguala, rechazada siempre por el gobierno de Pe\u00f1a Nieto, obedeci\u00f3 a la corrupci\u00f3n, conforme al expediente de la FGR.<\/p>\n<p>\u201cAlgunos mandos del Ej\u00e9rcito estaban en la n\u00f3mina del grupo; los elementos que participaron en los hechos del 26 y 27 de septiembre de 2014, en Iguala, eran los que estaban trabajando ese d\u00eda\u201d, asegur\u00f3 el testigo, a quien el Ministerio P\u00fablico de la Unidad Especial de Investigaci\u00f3n y Litigaci\u00f3n para el Caso Ayotzinapa interrog\u00f3 para obtener m\u00e1s detalles.<\/p>\n<p>\u2013\u00bfQui\u00e9n era el enlace entre elementos del 27 Batall\u00f3n y Guerreros Unidos?<\/p>\n<p>\u2013Jes\u00fas P\u00e9rez Lagunas, alias El G\u00fcero Mugres.<\/p>\n<p>\u2013\u00bfSabe cu\u00e1nto se pagaba a los elementos del 27 Batall\u00f3n por su pertenencia al grupo delictivo?<\/p>\n<p>\u2013Se pagaba mensualmente, seg\u00fan el cargo era lo que variaba. Un teniente andaba entre 60 mil y 80 mil pesos, un capit\u00e1n andaba en 120 mil pesos, mientras que un general ya es cosa seria lo que se da, pues va de 4 a 5 millones, dinero que se da mensual por parte de Jes\u00fas P\u00e9rez Lagunas, alias El G\u00fcero Mugres.<\/p>\n<p>\u2013\u00bfQui\u00e9n recib\u00eda el dinero que se pagaba a los elementos del 27 Batall\u00f3n por su pertenencia al grupo delictivo?<\/p>\n<p>\u2013Jes\u00fas P\u00e9rez Lagunas, alias El G\u00fcero Mugres, lo recolectaba entre los miembros del grupo Guerreros Unidos y \u00e9l se encargaba de hacerlo llegar a quien se deb\u00eda entregar; la cooperaci\u00f3n se hac\u00eda y luego se iba a entregar. Se sab\u00eda que el dinero se entregaba porque a esa gente que se le mandaba el recurso se le preguntaba si hab\u00eda llegado y cu\u00e1nto le llegaba.<\/p>\n<p>Pero en la \u201cn\u00f3mina\u201d de Guerreros Unidos no s\u00f3lo hab\u00eda efectivos del Ej\u00e9rcito pertenecientes al 27 Batall\u00f3n de Infanter\u00eda, con sede en Iguala, sino del 41 Batall\u00f3n de Infanter\u00eda, que ocupaban entonces las mismas instalaciones. Y miembros de \u00e9ste tambi\u00e9n participaron en los hechos del 26 y 27 de septiembre de 2014.<\/p>\n<p>Seg\u00fan el testigo, \u201cfueron varios\u201d miembros del 41 Batall\u00f3n los que participaron en los hechos, y a la pregunta de qu\u00e9 actividad desplegaron \u00e9stos, respondi\u00f3: \u201cpues igual, detenciones de los muchachos, pues comparten cuartel con el 27 Batall\u00f3n\u201d.<\/p>\n<p>\u2013\u00bfQui\u00e9nes son los integrantes del 41 Batall\u00f3n que realizaban actividades a favor del grupo delictivo?<\/p>\n<p>\u2013No puedo decirles, pues ahora no tengo seguridad garantizada para protegerme en mi vida diaria.<\/p>\n<p>\u2013\u00bfQui\u00e9n del grupo Guerreros Unidos daba \u00f3rdenes a los elementos del 41 Batall\u00f3n respecto a los hechos del 26 y 27 de septiembre de 2014?<\/p>\n<p>\u2013Jes\u00fas P\u00e9rez Lagunas, alias El G\u00fcero Mugres.<\/p>\n<p>\u2013\u00bfQui\u00e9n era el elemento del Ej\u00e9rcito que se encontraba al frente de los elementos que participaron del 41 Batall\u00f3n respecto de los hechos del 26 y 27 de septiembre?<\/p>\n<p>\u2013No le puedo decir qui\u00e9n era por lo mismo, pero s\u00e9 qui\u00e9n era y en su momento les podr\u00e9 decir qui\u00e9n era.<\/p>\n<p>\u2013Diga si los elementos del 41 Batall\u00f3n usaron veh\u00edculos para concretar su participaci\u00f3n respecto de los hechos del 26 y 27 de septiembre de 2014.<\/p>\n<p>\u2013Igual que la anterior del 27 Batall\u00f3n, en sus veh\u00edculos militares, que eran varios.<\/p>\n<p>El testigo respondi\u00f3 que, adem\u00e1s de los veh\u00edculos oficiales, los elementos del 27 y del 41 batallones tambi\u00e9n usaron sus armas en la noche de Iguala.<br \/>\n\u201cEl G\u00fcero Mugres\u201d, clave<\/p>\n<p>Jes\u00fas P\u00e9rez Lagunas, El G\u00fcero Mugres, no hab\u00eda sido identificado en las investigaciones de la Procuradur\u00eda General de la Rep\u00fablica del gobierno de Pe\u00f1a Nieto como un personaje prominente de Guerreros Unidos, pese a que, seg\u00fan Juan, fue quien coordin\u00f3 el operativo contra los normalistas:<\/p>\n<p>\u201cEra el enlace entre el grupo Guerreros Unidos y las autoridades estatales y federales, hac\u00eda los pagos y acuerdos entre las autoridades cooptadas y el grupo. \u00c9l era como el de relaciones p\u00fablicas con todos los niveles de gobierno y \u00e9l actuaba bajo las \u00f3rdenes de los Casarrubias, pues s\u00f3lo Mario estaba preso. Jes\u00fas P\u00e9rez Lagunas, alias El G\u00fcero Mugres, comenz\u00f3 a dirigir el operativo en contra de los estudiantes.\u201d<\/p>\n<p>En julio de 2015, P\u00e9rez Lagunas fue detenido en el municipio de Ixtapan de la Sal, Estado de M\u00e9xico, y la Comisi\u00f3n Estatal de Seguridad Ciudadana lo identific\u00f3 como jefe de Guerreros Unidos en ese municipio y en Tonatico, y dedicado al trasiego de droga de Iguala a Toluca.<\/p>\n<p>Pese a que la Procuradur\u00eda General de Justicia del Estado de M\u00e9xico inici\u00f3 la carpeta de investigaci\u00f3n 160181000105615, en la que se detall\u00f3 que al momento de ser detenido tra\u00eda droga y portaba dos armas de fuego \u2013un rifle Iver Johnson Arm, calibre .30 mm, y una pistola Glock, calibre .45\u2013, P\u00e9rez Lagunas obtuvo su libertad.<\/p>\n<p>Y s\u00f3lo se supo de \u00e9l hasta dos a\u00f1os despu\u00e9s, el 27 de febrero de 2017, cuando fue atacado a balazos por desconocidos, en Iguala, a 100 metros de un ret\u00e9n del Ej\u00e9rcito. Su esposa, Yoselyn D\u00edaz Vel\u00e1zquez, y su suegra resultaron heridas y \u00e9l mismo las llev\u00f3 al hospital Jorge Sober\u00f3n Acevedo, donde muri\u00f3 la primera y donde fue supuestamente detenido por soldados.<\/p>\n<p>P\u00e9rez Lagunas recuper\u00f3 la libertad tras esos hechos con igual sigilo que en 2015, y a un a\u00f1o del ataque en su contra en Iguala fue supuestamente abatido a balazos en Tonatico, Estado de M\u00e9xico, el 29 de marzo de 2018, seg\u00fan reportes de prensa.<\/p>\n<p>La nota de la agencia Guerrero Noticias describi\u00f3 que \u201cdesangrado y recostado al interior de un autom\u00f3vil fue encontrado un hombre sin vida a escasos metros de su domicilio\u201d, en Tonatico. Presentaba disparos de arma de fuego y junto a \u00e9l se localizaron 15 casquillos percutidos al parecer de un arma AK-47 y una calibre 9 mil\u00edmetros.<\/p>\n<p>La nota sigue: \u201cal lugar arribaron familiares de la v\u00edctima, el cual fue identificado como Jes\u00fas P\u00e9rez Lagunas, al\u00edas el G\u00fcero Mugres, de 28 a\u00f1os, por lo que dieron aviso a los cuerpos de emergencia, quienes al llegar al lugar confirmaron que el masculino carec\u00eda de signos vitales\u201d.<\/p>\n<p><a href=\"https:\/\/www.proceso.com.mx\/reportajes\/2021\/1\/20\/la-verdad-historica-encubria-al-ejercito-256620.html\">https:\/\/www.proceso.com.mx\/reportajes\/2021\/1\/20\/la-verdad-historica-encubria-al-ejercito-256620.html<\/a><\/p>\n","protected":false},"excerpt":{"rendered":"<p>\u00c1lvaro Delgado \/ Proceso En julio de 2020, Proceso public\u00f3 en su edici\u00f3n impresa 2280 un reportaje que daba cuenta, a partir del testimonio de un testigo, de la participaci\u00f3n &hellip; <a href=\"http:\/\/www.grieta.org.mx\/index.php\/2021\/01\/20\/la-verdad-historica-del-caso-ayotzinapa-encubria-al-ejercito-guerrero\/\" class=\"more-link\">Leer m\u00e1s<\/a><\/p>\n","protected":false},"author":1,"featured_media":56419,"comment_status":"closed","ping_status":"closed","sticky":false,"template":"","format":"standard","meta":{"ngg_post_thumbnail":0,"_jetpack_newsletter_access":"","_jetpack_dont_email_post_to_subs":false,"_jetpack_newsletter_tier_id":0,"_jetpack_memberships_contains_paywalled_content":false,"_jetpack_memberships_contains_paid_content":false,"footnotes":""},"categories":[1308,80,87,1200,18,2],"tags":[119,121],"class_list":["post-56418","post","type-post","status-publish","format-standard","has-post-thumbnail","hentry","category-caso-ayotzinapa","category-cintillo","category-desaparecidos","category-desaparecidos-en-guerrero","category-guerrero","category-noticias-nacionales","tag-ayotzinapa","tag-desaparecidos","entry"],"jetpack_featured_media_url":"http:\/\/www.grieta.org.mx\/wp-content\/uploads\/2021\/01\/f800x450-128754_180200_5050.jpg","jetpack_sharing_enabled":true,"jetpack_shortlink":"https:\/\/wp.me\/p7ZJR4-eFY","jetpack_likes_enabled":false,"jetpack-related-posts":[{"id":18002,"url":"http:\/\/www.grieta.org.mx\/index.php\/2016\/08\/08\/caso-ayotzinapa\/","url_meta":{"origin":56418,"position":0},"title":"Caso Ayotzinapa","author":"grieta","date":"8 agosto, 2016","format":false,"excerpt":"08\/09\/16. Descubren en el Cisen y en el Campo Militar 1 rastros del normalista desolladoEl Sur Acapulco 21\/10\/15. Presentan los expertos su informe sobre Ayotzinapa; la PGR tiene nueva versi\u00f3n de los hechos, advierte El Sur 30\/09\/2015. El caso Ayotzinapa llev\u00f3 al hallazgo de 104 cuerpos de desaparecidos en cerros\u2026","rel":"","context":"En &quot;guerrero&quot;","block_context":{"text":"guerrero","link":"http:\/\/www.grieta.org.mx\/index.php\/category\/guerrero\/"},"img":{"alt_text":"","src":"https:\/\/i0.wp.com\/www.grieta.org.mx\/wp-content\/uploads\/2018\/03\/14524434_1106112876131411_958039263622046936_o.jpg?resize=350%2C200","width":350,"height":200,"srcset":"https:\/\/i0.wp.com\/www.grieta.org.mx\/wp-content\/uploads\/2018\/03\/14524434_1106112876131411_958039263622046936_o.jpg?resize=350%2C200 1x, https:\/\/i0.wp.com\/www.grieta.org.mx\/wp-content\/uploads\/2018\/03\/14524434_1106112876131411_958039263622046936_o.jpg?resize=525%2C300 1.5x, https:\/\/i0.wp.com\/www.grieta.org.mx\/wp-content\/uploads\/2018\/03\/14524434_1106112876131411_958039263622046936_o.jpg?resize=700%2C400 2x"},"classes":[]},{"id":30877,"url":"http:\/\/www.grieta.org.mx\/index.php\/2019\/03\/17\/exigen-normalistas-al-ejercito-entregar-la-informacion-de-la-desaparicion-de-los-43\/","url_meta":{"origin":56418,"position":1},"title":"Exigen normalistas al Ej\u00e9rcito entregar la informaci\u00f3n de la desaparici\u00f3n de los 43","author":"grieta","date":"17 marzo, 2019","format":false,"excerpt":"Beatriz Garc\u00eda \/ La Jornada Guerrero Chilpancingo, 16 de marzo. Normalistas de Ayotzinapa exigieron al Ej\u00e9rcito entregar toda la informaci\u00f3n referente a la desaparici\u00f3n de los 43 estudiantes desaparecidos en 2014, luego de la aparici\u00f3n de un video donde muestra que un normalista era informante de ellos. En conferencia de\u2026","rel":"","context":"En &quot;Caso Ayotzinapa&quot;","block_context":{"text":"Caso Ayotzinapa","link":"http:\/\/www.grieta.org.mx\/index.php\/category\/noticias-nacionales\/guerrero\/caso-ayotzinapa\/"},"img":{"alt_text":"","src":"https:\/\/i0.wp.com\/www.grieta.org.mx\/wp-content\/uploads\/2019\/03\/98c065ea552cc030729f7e825f2d5884_L.jpg?resize=350%2C200","width":350,"height":200,"srcset":"https:\/\/i0.wp.com\/www.grieta.org.mx\/wp-content\/uploads\/2019\/03\/98c065ea552cc030729f7e825f2d5884_L.jpg?resize=350%2C200 1x, https:\/\/i0.wp.com\/www.grieta.org.mx\/wp-content\/uploads\/2019\/03\/98c065ea552cc030729f7e825f2d5884_L.jpg?resize=525%2C300 1.5x, https:\/\/i0.wp.com\/www.grieta.org.mx\/wp-content\/uploads\/2019\/03\/98c065ea552cc030729f7e825f2d5884_L.jpg?resize=700%2C400 2x"},"classes":[]},{"id":22595,"url":"http:\/\/www.grieta.org.mx\/index.php\/2018\/04\/20\/normalistas-realizan-pintas-en-cuartel-militar-en-chilpancingo-guerrero\/","url_meta":{"origin":56418,"position":2},"title":"Normalistas realizan pintas en cuartel militar en Chilpancingo, Guerrero","author":"grieta","date":"20 abril, 2018","format":false,"excerpt":"La ma\u00f1ana de este viernes, normalistas de Ayotzinapa realizaron pintas en las instalaciones de la 35 zona militar con sede en Chilpancingo, Guerrero. La protesta se realiz\u00f3 cuando 100 personas, entre estudiantes de la normal de Ayotzinapa y padres de familia de los 43 normalistas desaparecidos en Iguala, arribaron a\u2026","rel":"","context":"En &quot;CINTILLO&quot;","block_context":{"text":"CINTILLO","link":"http:\/\/www.grieta.org.mx\/index.php\/category\/cintillo\/"},"img":{"alt_text":"","src":"https:\/\/i0.wp.com\/www.grieta.org.mx\/wp-content\/uploads\/2018\/04\/protesta-de-normalistas.jpg?resize=350%2C200","width":350,"height":200,"srcset":"https:\/\/i0.wp.com\/www.grieta.org.mx\/wp-content\/uploads\/2018\/04\/protesta-de-normalistas.jpg?resize=350%2C200 1x, https:\/\/i0.wp.com\/www.grieta.org.mx\/wp-content\/uploads\/2018\/04\/protesta-de-normalistas.jpg?resize=525%2C300 1.5x, https:\/\/i0.wp.com\/www.grieta.org.mx\/wp-content\/uploads\/2018\/04\/protesta-de-normalistas.jpg?resize=700%2C400 2x, https:\/\/i0.wp.com\/www.grieta.org.mx\/wp-content\/uploads\/2018\/04\/protesta-de-normalistas.jpg?resize=1050%2C600 3x"},"classes":[]},{"id":72250,"url":"http:\/\/www.grieta.org.mx\/index.php\/2025\/08\/27\/madres-y-padres-de-los-43-normalistas-exigen-a-claudia-sheinbaum-verdad-y-justicia-a-11-anos-de-ayotzinapa\/","url_meta":{"origin":56418,"position":3},"title":"Madres y padres de los 43 normalistas exigen a Claudia Sheinbaum verdad y justicia a 11 a\u00f1os de Ayotzinapa","author":"grieta","date":"27 agosto, 2025","format":false,"excerpt":"Por\u00a0Redacci\u00f3n\u00a0\/\u00a0@Somoselmedio Madres, padres y estudiantes exigen justicia y castigo a los responsables de la desaparici\u00f3n forzada de los 43 de Ayotzinapa, a 11 a\u00f1os de la tragedia. Denuncian la falta de avances en las investigaciones y la protecci\u00f3n del Ej\u00e9rcito por tres gobiernos. Ciudad de M\u00e9xico, 26 de agosto de\u2026","rel":"","context":"En &quot;CINTILLO&quot;","block_context":{"text":"CINTILLO","link":"http:\/\/www.grieta.org.mx\/index.php\/category\/cintillo\/"},"img":{"alt_text":"","src":"https:\/\/i0.wp.com\/www.grieta.org.mx\/wp-content\/uploads\/2025\/08\/Captura-de-pantalla-2025-08-28-215352.png?resize=350%2C200","width":350,"height":200},"classes":[]},{"id":28087,"url":"http:\/\/www.grieta.org.mx\/index.php\/2018\/12\/31\/liberan-a-policias-detenidos-por-la-desaparicion-de-los-43-normalistas-guerrero\/","url_meta":{"origin":56418,"position":4},"title":"Liberan a polic\u00edas detenidos por la desaparici\u00f3n de los 43 normalistas (Guerrero)","author":"grieta","date":"31 diciembre, 2018","format":false,"excerpt":"Fer Garc\u00eda \/ Acustik Noticias Guerrero, 31 de diciembre de 2018.- Hace 51 meses 43 normalistas de Ayotzinapa desaparecieron en Iguala Guerrero, durante el sexenio de Enrique Pe\u00f1a Nieto, las investigaciones fueron siempre insuficientes para sus padres. Sin tanta informaci\u00f3n de por medio, el S\u00edndico Procurador de Justicia en Iguala,\u2026","rel":"","context":"En &quot;Caso Ayotzinapa&quot;","block_context":{"text":"Caso Ayotzinapa","link":"http:\/\/www.grieta.org.mx\/index.php\/category\/noticias-nacionales\/guerrero\/caso-ayotzinapa\/"},"img":{"alt_text":"","src":"https:\/\/i0.wp.com\/www.grieta.org.mx\/wp-content\/uploads\/2019\/01\/liberana-policias-ayotzinapa-750x430.jpg?resize=350%2C200","width":350,"height":200,"srcset":"https:\/\/i0.wp.com\/www.grieta.org.mx\/wp-content\/uploads\/2019\/01\/liberana-policias-ayotzinapa-750x430.jpg?resize=350%2C200 1x, https:\/\/i0.wp.com\/www.grieta.org.mx\/wp-content\/uploads\/2019\/01\/liberana-policias-ayotzinapa-750x430.jpg?resize=525%2C300 1.5x, https:\/\/i0.wp.com\/www.grieta.org.mx\/wp-content\/uploads\/2019\/01\/liberana-policias-ayotzinapa-750x430.jpg?resize=700%2C400 2x"},"classes":[]},{"id":39265,"url":"http:\/\/www.grieta.org.mx\/index.php\/2019\/09\/15\/con-antigrito-reprochan-padres-liberacion-de-24-por-caso-ayotzinapa-guerrero\/","url_meta":{"origin":56418,"position":5},"title":"Con antigrito reprochan padres liberaci\u00f3n de 24 por caso Ayotzinapa (Guerrero)","author":"Admin","date":"15 septiembre, 2019","format":false,"excerpt":"Francisca Meza Carranza\/Quadrat\u00edn CHILPANCINGO, Gro., 15 de septiembre de 2019.- Padres de los 43 normalistas de Ayotzinapa y estudiantes de la Normal Rural Ra\u00fal Isidro Burgos llevaron a cabo un antigrito en la Alameda Granados Maldonado, en donde reprobaron la liberaci\u00f3n de 24 implicados m\u00e1s en el caso, pues consideran\u2026","rel":"","context":"En &quot;Caso Ayotzinapa&quot;","block_context":{"text":"Caso Ayotzinapa","link":"http:\/\/www.grieta.org.mx\/index.php\/category\/noticias-nacionales\/guerrero\/caso-ayotzinapa\/"},"img":{"alt_text":"","src":"https:\/\/i0.wp.com\/www.grieta.org.mx\/wp-content\/uploads\/2019\/09\/ayotzinapa1-1160x700.jpg?resize=350%2C200","width":350,"height":200,"srcset":"https:\/\/i0.wp.com\/www.grieta.org.mx\/wp-content\/uploads\/2019\/09\/ayotzinapa1-1160x700.jpg?resize=350%2C200 1x, https:\/\/i0.wp.com\/www.grieta.org.mx\/wp-content\/uploads\/2019\/09\/ayotzinapa1-1160x700.jpg?resize=525%2C300 1.5x, https:\/\/i0.wp.com\/www.grieta.org.mx\/wp-content\/uploads\/2019\/09\/ayotzinapa1-1160x700.jpg?resize=700%2C400 2x, https:\/\/i0.wp.com\/www.grieta.org.mx\/wp-content\/uploads\/2019\/09\/ayotzinapa1-1160x700.jpg?resize=1050%2C600 3x"},"classes":[]}],"_links":{"self":[{"href":"http:\/\/www.grieta.org.mx\/index.php\/wp-json\/wp\/v2\/posts\/56418","targetHints":{"allow":["GET"]}}],"collection":[{"href":"http:\/\/www.grieta.org.mx\/index.php\/wp-json\/wp\/v2\/posts"}],"about":[{"href":"http:\/\/www.grieta.org.mx\/index.php\/wp-json\/wp\/v2\/types\/post"}],"author":[{"embeddable":true,"href":"http:\/\/www.grieta.org.mx\/index.php\/wp-json\/wp\/v2\/users\/1"}],"replies":[{"embeddable":true,"href":"http:\/\/www.grieta.org.mx\/index.php\/wp-json\/wp\/v2\/comments?post=56418"}],"version-history":[{"count":1,"href":"http:\/\/www.grieta.org.mx\/index.php\/wp-json\/wp\/v2\/posts\/56418\/revisions"}],"predecessor-version":[{"id":56420,"href":"http:\/\/www.grieta.org.mx\/index.php\/wp-json\/wp\/v2\/posts\/56418\/revisions\/56420"}],"wp:featuredmedia":[{"embeddable":true,"href":"http:\/\/www.grieta.org.mx\/index.php\/wp-json\/wp\/v2\/media\/56419"}],"wp:attachment":[{"href":"http:\/\/www.grieta.org.mx\/index.php\/wp-json\/wp\/v2\/media?parent=56418"}],"wp:term":[{"taxonomy":"category","embeddable":true,"href":"http:\/\/www.grieta.org.mx\/index.php\/wp-json\/wp\/v2\/categories?post=56418"},{"taxonomy":"post_tag","embeddable":true,"href":"http:\/\/www.grieta.org.mx\/index.php\/wp-json\/wp\/v2\/tags?post=56418"}],"curies":[{"name":"wp","href":"https:\/\/api.w.org\/{rel}","templated":true}]}}