{"id":56344,"date":"2021-01-12T20:38:44","date_gmt":"2021-01-13T02:38:44","guid":{"rendered":"http:\/\/www.grieta.org.mx\/?p=56344"},"modified":"2021-01-18T20:45:28","modified_gmt":"2021-01-19T02:45:28","slug":"preocupa-desconocimiento-de-sitios-de-asesinatos-de-mujeres-jalisco","status":"publish","type":"post","link":"http:\/\/www.grieta.org.mx\/index.php\/2021\/01\/12\/preocupa-desconocimiento-de-sitios-de-asesinatos-de-mujeres-jalisco\/","title":{"rendered":"Preocupa desconocimiento de sitios de asesinatos de mujeres (Jalisco)"},"content":{"rendered":"<p><img loading=\"lazy\" decoding=\"async\" data-attachment-id=\"56345\" data-permalink=\"http:\/\/www.grieta.org.mx\/index.php\/2021\/01\/12\/preocupa-desconocimiento-de-sitios-de-asesinatos-de-mujeres-jalisco\/2021-01-12_12-01-22___8982\/\" data-orig-file=\"http:\/\/www.grieta.org.mx\/wp-content\/uploads\/2021\/01\/2021-01-12_12-01-22___8982.jpg\" data-orig-size=\"750,500\" data-comments-opened=\"0\" data-image-meta=\"{&quot;aperture&quot;:&quot;4.5&quot;,&quot;credit&quot;:&quot;GRISEL REYES PAJARITO&quot;,&quot;camera&quot;:&quot;Canon EOS REBEL T3i&quot;,&quot;caption&quot;:&quot;&quot;,&quot;created_timestamp&quot;:&quot;1514658025&quot;,&quot;copyright&quot;:&quot;TODOS LOS DERECHOS RESERVADOS GRISEL REYES PAJARITO&quot;,&quot;focal_length&quot;:&quot;10&quot;,&quot;iso&quot;:&quot;6400&quot;,&quot;shutter_speed&quot;:&quot;0.025&quot;,&quot;title&quot;:&quot;&quot;,&quot;orientation&quot;:&quot;1&quot;}\" data-image-title=\"2021-01-12_12-01-22___8982\" data-image-description=\"\" data-image-caption=\"\" data-medium-file=\"http:\/\/www.grieta.org.mx\/wp-content\/uploads\/2021\/01\/2021-01-12_12-01-22___8982-300x200.jpg\" data-large-file=\"http:\/\/www.grieta.org.mx\/wp-content\/uploads\/2021\/01\/2021-01-12_12-01-22___8982.jpg\" class=\" wp-image-56345 aligncenter\" src=\"http:\/\/www.grieta.org.mx\/wp-content\/uploads\/2021\/01\/2021-01-12_12-01-22___8982.jpg\" alt=\"\" width=\"800\" height=\"533\" srcset=\"http:\/\/www.grieta.org.mx\/wp-content\/uploads\/2021\/01\/2021-01-12_12-01-22___8982.jpg 750w, http:\/\/www.grieta.org.mx\/wp-content\/uploads\/2021\/01\/2021-01-12_12-01-22___8982-300x200.jpg 300w\" sizes=\"auto, (max-width: 800px) 100vw, 800px\" \/><\/p>\n<p>Foto: Archivo NTR<\/p>\n<p>Juan Levario \/ El Diario NTR<\/p>\n<p>Un reporte de ONU Mujeres\u00a0realizado\u00a0en colaboraci\u00f3n con instancias de gobierno arroj\u00f3 que es\u00a0preocupante la proporci\u00f3n de casos de asesinatos de mujeres\u00a0en Jalisco\u00a0cuyo lugar de comisi\u00f3n se desconoce.<\/p>\n<p>El informe, titulado\u00a0La violencia\u00a0feminicida\u00a0en M\u00e9xico: aproximaciones y tendencias, y presentado en diciembre de 2020,\u00a0encontr\u00f3\u00a0adem\u00e1s que, en 2019,\u00a0la tasa de defunciones femeninas con presunci\u00f3n de homicidio (DFPH) de\u00a0Jalisco fue de\u00a05.9 por cada 100 mil mujeres, un valor superior al de 5.7 en promedio a nivel nacional.<\/p>\n<p>El documento contempl\u00f3 datos de 2019 y consider\u00f3\u00a0estad\u00edsticas de mortalidad que publican el Instituto Nacional de Estad\u00edstica y Geograf\u00eda (Inegi) y la Secretar\u00eda de Salud (Ssa).\u00a0Con base en ambas referencias, la organizaci\u00f3n internacional record\u00f3 que durante 2019 se cometieron\u00a0248 asesinatos de mujeres\u00a0en el estado.<\/p>\n<p>Del total\u00a0de asesinatos\u00a0del estado,\u00a0casi la mitad\u00a0fue cometida en un lugar desconocido. Con\u00a0un valor de 2.6\u00a0asesinatos de mujeres\u00a0por cada 100 mil mujeres, Jalisco obtuvo\u00a0la tercera tasa m\u00e1s alta en el rubro en todo M\u00e9xico; s\u00f3lo\u00a0lo\u00a0superaron\u00a0Baja California y Chihuahua\u00a0con valores de 4.9 y 3.4, respectivamente.<\/p>\n<p>\u201cEs de notar que en algunas entidades federativas como Baja California, Chihuahua, Jalisco y Quintana Roo, las tasas de DFPH en las cuales se ignora el sitio de la ocurrencia son considerablemente altas\u201d, enfatiza el informe.<\/p>\n<p>ONU Mujeres estableci\u00f3 que el hallazgo de un cuerpo cuyo lugar de asesinato se desconoce\u00a0\u201cameritar\u00eda una mayor investigaci\u00f3n de corte cualitativo por parte de las instituciones que se abocan a la prevenci\u00f3n y atenci\u00f3n de feminicidios, con el fin de conocer por qu\u00e9 es tan alta la proporci\u00f3n de casos en los que se desconoce el lugar del homicidio\u201d.<\/p>\n<p>Los datos que comprende el informe fueron analizados por la Entidad de las Naciones Unidas para la Igualdad de G\u00e9nero y el Empoderamiento de las Mujeres, ONU Mujeres M\u00e9xico, el Instituto Nacional de las Mujeres (Inmujeres) y la Comisi\u00f3n Nacional para Prevenir y Erradicar la Violencia contra las Mujeres (Conavim).<\/p>\n<p><a href=\"https:\/\/www.ntrguadalajara.com\/post.php?id_nota=160741\">https:\/\/www.ntrguadalajara.com\/post.php?id_nota=160741<\/a><\/p>\n","protected":false},"excerpt":{"rendered":"<p>Foto: Archivo NTR Juan Levario \/ El Diario NTR Un reporte de ONU Mujeres\u00a0realizado\u00a0en colaboraci\u00f3n con instancias de gobierno arroj\u00f3 que es\u00a0preocupante la proporci\u00f3n de casos de asesinatos de mujeres\u00a0en &hellip; <a href=\"http:\/\/www.grieta.org.mx\/index.php\/2021\/01\/12\/preocupa-desconocimiento-de-sitios-de-asesinatos-de-mujeres-jalisco\/\" class=\"more-link\">Leer m\u00e1s<\/a><\/p>\n","protected":false},"author":2,"featured_media":56345,"comment_status":"closed","ping_status":"closed","sticky":false,"template":"","format":"standard","meta":{"ngg_post_thumbnail":0,"_jetpack_newsletter_access":"","_jetpack_dont_email_post_to_subs":false,"_jetpack_newsletter_tier_id":0,"_jetpack_memberships_contains_paywalled_content":false,"_jetpack_memberships_contains_paid_content":false,"footnotes":""},"categories":[80,20,2,2504],"tags":[2999,1630],"class_list":["post-56344","post","type-post","status-publish","format-standard","has-post-thumbnail","hentry","category-cintillo","category-jalisco","category-noticias-nacionales","category-violencia-contra-las-mujeres-en-jalisco","tag-feminicidio-violencia-contra-las-mujeres","tag-violencia-contra-las-mujeres","entry"],"jetpack_featured_media_url":"http:\/\/www.grieta.org.mx\/wp-content\/uploads\/2021\/01\/2021-01-12_12-01-22___8982.jpg","jetpack_sharing_enabled":true,"jetpack_shortlink":"https:\/\/wp.me\/p7ZJR4-eEM","jetpack_likes_enabled":false,"jetpack-related-posts":[{"id":51437,"url":"http:\/\/www.grieta.org.mx\/index.php\/2020\/06\/23\/jalisco-segundo-lugar-nacional-en-delitos-de-violencia-contra-las-mujeres\/","url_meta":{"origin":56344,"position":0},"title":"Jalisco segundo lugar nacional en delitos de violencia contra las mujeres","author":"grieta","date":"23 junio, 2020","format":false,"excerpt":"Foto: Especial Juan Levario \/ El Diario NTR En\u00a0mayo 6 mil 530 mujeres\u00a0fueron v\u00edctimas de delitos en M\u00e9xico; de ellas, 442 son de\u00a0Jalisco,\u00a0lo que posiciona\u00a0al estado\u00a0en el segundo lugar a nivel nacional.\u00a0El\u00a0Estado de M\u00e9xico se\u00a0ubic\u00f3\u00a0en\u00a0el\u00a0primer lugar con mil 402 v\u00edctimas. El total de delitos en contra de mujeres de Jalisco\u00a0represent\u00f3\u2026","rel":"","context":"En &quot;CINTILLO&quot;","block_context":{"text":"CINTILLO","link":"http:\/\/www.grieta.org.mx\/index.php\/category\/cintillo\/"},"img":{"alt_text":"","src":"https:\/\/i0.wp.com\/www.grieta.org.mx\/wp-content\/uploads\/2020\/06\/2020-06-22_11-06-36___4846.jpg?resize=350%2C200","width":350,"height":200},"classes":[]},{"id":51440,"url":"http:\/\/www.grieta.org.mx\/index.php\/2020\/06\/26\/acumula-jalisco-106-asesinatos-de-mujeres\/","url_meta":{"origin":56344,"position":1},"title":"Acumula Jalisco 106 asesinatos de mujeres","author":"grieta","date":"26 junio, 2020","format":false,"excerpt":"Foto: Especial Juan Levario \/ El Diario NTR La violencia contra las mujeres no cesa en el estado. Este a\u00f1o ya van 106 v\u00edctimas de violencia\u00a0feminicida. De acuerdo con datos del\u00a0Secretariado Ejecutivo del Sistema Nacional de Seguridad P\u00fablica (SESNSP), durante todo 2015 hubo 139 mujeres v\u00edctimas de asesinato en Jalisco,\u2026","rel":"","context":"En &quot;CINTILLO&quot;","block_context":{"text":"CINTILLO","link":"http:\/\/www.grieta.org.mx\/index.php\/category\/cintillo\/"},"img":{"alt_text":"","src":"https:\/\/i0.wp.com\/www.grieta.org.mx\/wp-content\/uploads\/2020\/06\/2020-06-26_12-06-26___8375.jpg?resize=350%2C200","width":350,"height":200,"srcset":"https:\/\/i0.wp.com\/www.grieta.org.mx\/wp-content\/uploads\/2020\/06\/2020-06-26_12-06-26___8375.jpg?resize=350%2C200 1x, https:\/\/i0.wp.com\/www.grieta.org.mx\/wp-content\/uploads\/2020\/06\/2020-06-26_12-06-26___8375.jpg?resize=525%2C300 1.5x, https:\/\/i0.wp.com\/www.grieta.org.mx\/wp-content\/uploads\/2020\/06\/2020-06-26_12-06-26___8375.jpg?resize=700%2C400 2x"},"classes":[]},{"id":60189,"url":"http:\/\/www.grieta.org.mx\/index.php\/2021\/06\/25\/crece-asesinatos-de-mujeres-en-17-jalisco\/","url_meta":{"origin":56344,"position":2},"title":"Crece asesinatos de mujeres en 17% (Jalisco)","author":"grieta","date":"25 junio, 2021","format":false,"excerpt":"Foto: Archivo NTR Juan Levario \/ El Diario NTR De enero a mayo, los asesinatos de mujeres se han elevado casi 17 por ciento en Jalisco. Al sumar los casos de\u00a0feminicidio\u00a0y los homicidios dolosos de mujeres, el estado concentra 126 v\u00edctimas, 18 m\u00e1s que en el mismo periodo de 2020.\u2026","rel":"","context":"En &quot;CINTILLO&quot;","block_context":{"text":"CINTILLO","link":"http:\/\/www.grieta.org.mx\/index.php\/category\/cintillo\/"},"img":{"alt_text":"","src":"https:\/\/i0.wp.com\/www.grieta.org.mx\/wp-content\/uploads\/2021\/06\/2021-06-24_11-06-16___527.jpg?resize=350%2C200","width":350,"height":200,"srcset":"https:\/\/i0.wp.com\/www.grieta.org.mx\/wp-content\/uploads\/2021\/06\/2021-06-24_11-06-16___527.jpg?resize=350%2C200 1x, https:\/\/i0.wp.com\/www.grieta.org.mx\/wp-content\/uploads\/2021\/06\/2021-06-24_11-06-16___527.jpg?resize=525%2C300 1.5x, https:\/\/i0.wp.com\/www.grieta.org.mx\/wp-content\/uploads\/2021\/06\/2021-06-24_11-06-16___527.jpg?resize=700%2C400 2x"},"classes":[]},{"id":62896,"url":"http:\/\/www.grieta.org.mx\/index.php\/2021\/12\/06\/reportan-11-asesinatos-de-mujeres-trans-en-jalisco\/","url_meta":{"origin":56344,"position":3},"title":"Reportan 11 asesinatos de mujeres trans en Jalisco","author":"grieta","date":"6 diciembre, 2021","format":false,"excerpt":"Foto: Tomada de la Red Juan Levario \/ El Diario NTR De 2019 al 13 de junio de este a\u00f1o, en Jalisco ocurrieron 11 asesinatos de mujeres transexuales. Tras una solicitud de informaci\u00f3n, la Fiscal\u00eda del Estado dio a conocer que tiene registro de 10 v\u00edctimas entre 2019 y junio\u2026","rel":"","context":"En &quot;CINTILLO&quot;","block_context":{"text":"CINTILLO","link":"http:\/\/www.grieta.org.mx\/index.php\/category\/cintillo\/"},"img":{"alt_text":"","src":"","width":0,"height":0},"classes":[]},{"id":46161,"url":"http:\/\/www.grieta.org.mx\/index.php\/2020\/03\/12\/protestan-alumnas-de-udeg-contra-acoso-jalisco\/","url_meta":{"origin":56344,"position":4},"title":"Protestan alumnas de UdeG contra acoso (Jalisco)","author":"grieta","date":"12 marzo, 2020","format":false,"excerpt":"Foto: Zona Docs Redacci\u00f3n \/ El Diario NTR Alumnas de 12 preparatorias de la Universidad de Guadalajara se manifestaron este jueves frente al edificio de Rector\u00eda para exigir un cese a la violencia de g\u00e9nero. La manifestaci\u00f3n parti\u00f3 de la Prepa 1 hacia el edificio administrativo. Las estudiantes portaron cartelones\u2026","rel":"","context":"En &quot;CINTILLO&quot;","block_context":{"text":"CINTILLO","link":"http:\/\/www.grieta.org.mx\/index.php\/category\/cintillo\/"},"img":{"alt_text":"","src":"https:\/\/i0.wp.com\/www.grieta.org.mx\/wp-content\/uploads\/2020\/03\/2020-03-12_06-03-44___9505.jpg?resize=350%2C200","width":350,"height":200},"classes":[]},{"id":62990,"url":"http:\/\/www.grieta.org.mx\/index.php\/2021\/12\/29\/quitan-recursos-contra-violencia-de-genero-jalisco\/","url_meta":{"origin":56344,"position":5},"title":"Quitan recursos contra violencia de g\u00e9nero (Jalisco)","author":"grieta","date":"29 diciembre, 2021","format":false,"excerpt":"Foto: Cortes\u00eda EFE Redacci\u00f3n \/ El Diario NTR En Jalisco las mujeres est\u00e1n en el olvido y completamente desprotegidas, el Estado en lugar de reforzar las pol\u00edticas y programas para prevenir, atender y eliminar la violencia de g\u00e9nero, les quita recursos, denunci\u00f3 Sandra Qui\u00f1onez Dom\u00ednguez, coordinadora de Cladem Jalisco. Adem\u00e1s,\u2026","rel":"","context":"En &quot;CINTILLO&quot;","block_context":{"text":"CINTILLO","link":"http:\/\/www.grieta.org.mx\/index.php\/category\/cintillo\/"},"img":{"alt_text":"","src":"https:\/\/i0.wp.com\/www.grieta.org.mx\/wp-content\/uploads\/2022\/01\/2021-12-29_05-12-06___6162.jpg?resize=350%2C200","width":350,"height":200,"srcset":"https:\/\/i0.wp.com\/www.grieta.org.mx\/wp-content\/uploads\/2022\/01\/2021-12-29_05-12-06___6162.jpg?resize=350%2C200 1x, https:\/\/i0.wp.com\/www.grieta.org.mx\/wp-content\/uploads\/2022\/01\/2021-12-29_05-12-06___6162.jpg?resize=525%2C300 1.5x, https:\/\/i0.wp.com\/www.grieta.org.mx\/wp-content\/uploads\/2022\/01\/2021-12-29_05-12-06___6162.jpg?resize=700%2C400 2x"},"classes":[]}],"_links":{"self":[{"href":"http:\/\/www.grieta.org.mx\/index.php\/wp-json\/wp\/v2\/posts\/56344","targetHints":{"allow":["GET"]}}],"collection":[{"href":"http:\/\/www.grieta.org.mx\/index.php\/wp-json\/wp\/v2\/posts"}],"about":[{"href":"http:\/\/www.grieta.org.mx\/index.php\/wp-json\/wp\/v2\/types\/post"}],"author":[{"embeddable":true,"href":"http:\/\/www.grieta.org.mx\/index.php\/wp-json\/wp\/v2\/users\/2"}],"replies":[{"embeddable":true,"href":"http:\/\/www.grieta.org.mx\/index.php\/wp-json\/wp\/v2\/comments?post=56344"}],"version-history":[{"count":1,"href":"http:\/\/www.grieta.org.mx\/index.php\/wp-json\/wp\/v2\/posts\/56344\/revisions"}],"predecessor-version":[{"id":56346,"href":"http:\/\/www.grieta.org.mx\/index.php\/wp-json\/wp\/v2\/posts\/56344\/revisions\/56346"}],"wp:featuredmedia":[{"embeddable":true,"href":"http:\/\/www.grieta.org.mx\/index.php\/wp-json\/wp\/v2\/media\/56345"}],"wp:attachment":[{"href":"http:\/\/www.grieta.org.mx\/index.php\/wp-json\/wp\/v2\/media?parent=56344"}],"wp:term":[{"taxonomy":"category","embeddable":true,"href":"http:\/\/www.grieta.org.mx\/index.php\/wp-json\/wp\/v2\/categories?post=56344"},{"taxonomy":"post_tag","embeddable":true,"href":"http:\/\/www.grieta.org.mx\/index.php\/wp-json\/wp\/v2\/tags?post=56344"}],"curies":[{"name":"wp","href":"https:\/\/api.w.org\/{rel}","templated":true}]}}