{"id":56195,"date":"2021-01-05T22:59:22","date_gmt":"2021-01-06T04:59:22","guid":{"rendered":"http:\/\/www.grieta.org.mx\/?p=56195"},"modified":"2021-01-10T15:08:55","modified_gmt":"2021-01-10T21:08:55","slug":"ayuntamiento-despide-a-71-sindicalizados-sin-razon-en-seybaplayacampeche","status":"publish","type":"post","link":"http:\/\/www.grieta.org.mx\/index.php\/2021\/01\/05\/ayuntamiento-despide-a-71-sindicalizados-sin-razon-en-seybaplayacampeche\/","title":{"rendered":"Ayuntamiento despide a 71 sindicalizados sin raz\u00f3n en Seybaplaya(Campeche)"},"content":{"rendered":"<p><img loading=\"lazy\" decoding=\"async\" data-attachment-id=\"56196\" data-permalink=\"http:\/\/www.grieta.org.mx\/index.php\/2021\/01\/05\/ayuntamiento-despide-a-71-sindicalizados-sin-razon-en-seybaplayacampeche\/seybaplaya\/\" data-orig-file=\"http:\/\/www.grieta.org.mx\/wp-content\/uploads\/2021\/01\/Seybaplaya.png\" data-orig-size=\"684,384\" data-comments-opened=\"0\" data-image-meta=\"{&quot;aperture&quot;:&quot;0&quot;,&quot;credit&quot;:&quot;&quot;,&quot;camera&quot;:&quot;&quot;,&quot;caption&quot;:&quot;&quot;,&quot;created_timestamp&quot;:&quot;0&quot;,&quot;copyright&quot;:&quot;&quot;,&quot;focal_length&quot;:&quot;0&quot;,&quot;iso&quot;:&quot;0&quot;,&quot;shutter_speed&quot;:&quot;0&quot;,&quot;title&quot;:&quot;&quot;,&quot;orientation&quot;:&quot;0&quot;}\" data-image-title=\"Seybaplaya\" data-image-description=\"\" data-image-caption=\"\" data-medium-file=\"http:\/\/www.grieta.org.mx\/wp-content\/uploads\/2021\/01\/Seybaplaya-300x168.png\" data-large-file=\"http:\/\/www.grieta.org.mx\/wp-content\/uploads\/2021\/01\/Seybaplaya.png\" src=\"http:\/\/www.grieta.org.mx\/wp-content\/uploads\/2021\/01\/Seybaplaya.png\" alt=\"\" width=\"684\" height=\"384\" class=\"alignnone size-full wp-image-56196\" srcset=\"http:\/\/www.grieta.org.mx\/wp-content\/uploads\/2021\/01\/Seybaplaya.png 684w, http:\/\/www.grieta.org.mx\/wp-content\/uploads\/2021\/01\/Seybaplaya-300x168.png 300w\" sizes=\"auto, (max-width: 684px) 100vw, 684px\" \/><\/p>\n<p>Jos\u00e9 Valencia \/ PorEsto!<\/p>\n<blockquote><p>Los servicios quedaron suspendidos en todas las \u00e1reas del Ayuntamiento ante la notificaci\u00f3n de los despidos<\/p><\/blockquote>\n<p>Sendas protestan realizaron ayer 71 empleados sindicalizados del Sindicato de los Tres Poderes de Seybaplaya tras ser notificados que fueron despedidos por el secretario del Comit\u00e9 Municipal, Juan Carlos Cab Xool, quien los persuadi\u00f3 para que firmaran un contrato por tres meses con el cual renunciaban a su antig\u00fcedad de 28 a\u00f1os de servicio.<\/p>\n<p>El funcionario advirti\u00f3 que quienes se negaran a firmar el documento quedar\u00edan despedidos, por lo que ninguno de los 71 trabajadores lo firm\u00f3.<\/p>\n<p>Lo que encendi\u00f3 los \u00e1nimos de los 71 sindicalizados y 20 pensionados, fue que en su lugar hab\u00edan contratado nuevo personal, minutos antes les quitaron las llaves a los choferes que realizan recoja de basura y atienden estaciones de bombeo.<\/p>\n<p>Los servicios quedaron suspendidos en todas las \u00e1reas desde las primeras horas de la ma\u00f1ana tras la notificaci\u00f3n del despedido injustificado.<\/p>\n<p>El l\u00edder del Sindicato de los Tres Poderes, Jos\u00e9 Alberto Yam Calan advirti\u00f3 que las protestas de los 71 empleados sindicalizados se mantendr\u00e1n de manera indefinida durante toda esta semana.<\/p>\n<p>Aclar\u00f3 que el decreto donde se eleva de rango de junta a municipio, la ley dice que los sindicalizados y de confianza continuar\u00e1n en sus puestos de trabajo, aunque cambie el personal de base se mantendr\u00e1 en labores, est\u00e1 marcado en el decreto que le da a Seybaplaya identidad como nuevo municipio.<\/p>\n<p>Adelant\u00f3 que se realizan los tr\u00e1mites correspondientes a trav\u00e9s del \u00e1rea jur\u00eddica del Sindicato de los Tres Poderes en el estado, para contrarrestar la forma inhumada del alcalde, Diego Pablo Palomo Ku que nos quiere hacer a un lado ante las instancias correspondientes.<\/p>\n<p>Abund\u00f3 que de forma premeditada, Palomo Ku orden\u00f3 a su tesorero Julio C\u00e9sar Sosa Novelo para que no realizar\u00e1 el pago de 400 mil 439.35 pesos de prestaciones de fin de a\u00f1o, recurso que recibi\u00f3 a las 15:00 horas del pasado viernes y se neg\u00f3 a pagar a los 71 sindicalizados activos.<\/p>\n<p>Al no saber Sosa Novelo realizar la dispersi\u00f3n del recurso a trav\u00e9s de la banca electr\u00f3nica, se buscan los mecanismos ante los \u00f3rdenes de gobierno para que se erogue esta prestaci\u00f3n a sindicalizados.<\/p>\n<p>A su vez, Juan Manuel Uc Noh, con 26 a\u00f1os de servicios, denunci\u00f3 que \u201cel presidente del nuevo municipio nos quiere desconocer como sindicalizados, por tal motivo fuimos obligados a firmar un contrato laboral al que nos negamos rotundamente, y le advertimos al secretario de la Junta, Juan Carlos Cab Xool, que incurr\u00eda en una anomal\u00eda que se castiga por oficio, al obligar la renuncia de los sindicalizados a su antig\u00fcedad de trabajo, es una locura la que est\u00e1 orquestando Diego Pablo Palomo Ku\u201d.<\/p>\n<p><a href=\"https:\/\/www.poresto.net\/campeche\/2021\/1\/5\/ayuntamiento-despide-71-sindicalizados-sin-razon-en-seybaplaya-229910.html\" rel=\"noopener\" target=\"_blank\">https:\/\/www.poresto.net\/campeche\/2021\/1\/5\/ayuntamiento-despide-71-sindicalizados-sin-razon-en-seybaplaya-229910.html<\/a><\/p>\n","protected":false},"excerpt":{"rendered":"<p>Jos\u00e9 Valencia \/ PorEsto! Los servicios quedaron suspendidos en todas las \u00e1reas del Ayuntamiento ante la notificaci\u00f3n de los despidos Sendas protestan realizaron ayer 71 empleados sindicalizados del Sindicato de &hellip; <a href=\"http:\/\/www.grieta.org.mx\/index.php\/2021\/01\/05\/ayuntamiento-despide-a-71-sindicalizados-sin-razon-en-seybaplayacampeche\/\" class=\"more-link\">Leer m\u00e1s<\/a><\/p>\n","protected":false},"author":2,"featured_media":56196,"comment_status":"closed","ping_status":"closed","sticky":false,"template":"","format":"standard","meta":{"ngg_post_thumbnail":0,"_jetpack_newsletter_access":"","_jetpack_dont_email_post_to_subs":false,"_jetpack_newsletter_tier_id":0,"_jetpack_memberships_contains_paywalled_content":false,"_jetpack_memberships_contains_paid_content":false,"footnotes":""},"categories":[11,80,1040,910,2,83],"tags":[113,105,3549],"class_list":["post-56195","post","type-post","status-publish","format-standard","has-post-thumbnail","hentry","category-campeche","category-cintillo","category-conflictos-laborales-en-campeche","category-explotacion-y-precariedad-laboral","category-noticias-nacionales","category-temas-nacionales","tag-conflictos-laborales","tag-derechos-laborales","tag-despidos-injustificados","entry"],"jetpack_featured_media_url":"http:\/\/www.grieta.org.mx\/wp-content\/uploads\/2021\/01\/Seybaplaya.png","jetpack_sharing_enabled":true,"jetpack_shortlink":"https:\/\/wp.me\/p7ZJR4-eCn","jetpack_likes_enabled":false,"jetpack-related-posts":[{"id":66189,"url":"http:\/\/www.grieta.org.mx\/index.php\/2023\/01\/26\/sindicalizados-del-ayuntamiento-tomaron-el-palacio-de-seybaplaya-por-2-horas-campeche\/","url_meta":{"origin":56195,"position":0},"title":"Sindicalizados del Ayuntamiento tomaron el Palacio de Seybaplaya por 2 horas (Campeche)","author":"grieta","date":"26 enero, 2023","format":false,"excerpt":"Luis Carmona \/ Yucat\u00e1n a la Mano Los Sindicalizados de Seybaplaya, Champot\u00f3n se unieron a la manifestaciones por quejas de maltrato y abuso laboral Por dos horas integrantes del Sindicato de Trabajadores del Ayuntamiento de Champot\u00f3n adscrito a los Tres Poderes bloquearon el acceso al Palacio Municipal de Seybaplaya, en\u2026","rel":"","context":"En &quot;Campeche&quot;","block_context":{"text":"Campeche","link":"http:\/\/www.grieta.org.mx\/index.php\/category\/noticias-nacionales\/campeche\/"},"img":{"alt_text":"","src":"https:\/\/i0.wp.com\/www.grieta.org.mx\/wp-content\/uploads\/2023\/02\/CampecheLaboral-e1675899670748.jpg?resize=350%2C200","width":350,"height":200,"srcset":"https:\/\/i0.wp.com\/www.grieta.org.mx\/wp-content\/uploads\/2023\/02\/CampecheLaboral-e1675899670748.jpg?resize=350%2C200 1x, https:\/\/i0.wp.com\/www.grieta.org.mx\/wp-content\/uploads\/2023\/02\/CampecheLaboral-e1675899670748.jpg?resize=525%2C300 1.5x, https:\/\/i0.wp.com\/www.grieta.org.mx\/wp-content\/uploads\/2023\/02\/CampecheLaboral-e1675899670748.jpg?resize=700%2C400 2x"},"classes":[]},{"id":69786,"url":"http:\/\/www.grieta.org.mx\/index.php\/2024\/09\/09\/sindicalizados-del-ayuntamiento-de-campeche-protestan-ante-los-despidos-injustificados\/","url_meta":{"origin":56195,"position":1},"title":"Sindicalizados del Ayuntamiento de Campeche protestan ante los despidos injustificados","author":"grieta","date":"9 septiembre, 2024","format":false,"excerpt":"Wilbert Casanova Villamonte \/ Por Esto! Una fracci\u00f3n del Sindicato \u00danico de Trabajadores al Servicio del Gobierno Municipal (Sutsgm), presidida por Luis Fernando Chab Ruiz, llev\u00f3 a cabo una protesta en la sede del Ayuntamiento de Campeche. La manifestaci\u00f3n se centr\u00f3 en la demanda de que cesen los despidos que\u2026","rel":"","context":"En &quot;Campeche&quot;","block_context":{"text":"Campeche","link":"http:\/\/www.grieta.org.mx\/index.php\/category\/noticias-nacionales\/campeche\/"},"img":{"alt_text":"","src":"https:\/\/i0.wp.com\/www.grieta.org.mx\/wp-content\/uploads\/2024\/09\/Despidos-e1727142053526.jpg?resize=350%2C200","width":350,"height":200,"srcset":"https:\/\/i0.wp.com\/www.grieta.org.mx\/wp-content\/uploads\/2024\/09\/Despidos-e1727142053526.jpg?resize=350%2C200 1x, https:\/\/i0.wp.com\/www.grieta.org.mx\/wp-content\/uploads\/2024\/09\/Despidos-e1727142053526.jpg?resize=525%2C300 1.5x, https:\/\/i0.wp.com\/www.grieta.org.mx\/wp-content\/uploads\/2024\/09\/Despidos-e1727142053526.jpg?resize=700%2C400 2x"},"classes":[]},{"id":40478,"url":"http:\/\/www.grieta.org.mx\/index.php\/2019\/10\/25\/protestan-trabajadores-despedidos-de-farmacias-similares-en-campeche\/","url_meta":{"origin":56195,"position":2},"title":"Protestan trabajadores despedidos de Farmacias Similares en Campeche","author":"grieta","date":"25 octubre, 2019","format":false,"excerpt":"Rosa Santana \/ Proceso CAMPECHE, Cam., (apro).- Trabajadores de las Farmacias Similares despedidos por el cambio de raz\u00f3n social de la empresa, propiedad del magnate V\u00edctor Gonz\u00e1lez Torres, protestaron hoy a las puertas de una de las sucursales donde fueron citados para darles a conocer las condiciones de su liquidaci\u00f3n.\u2026","rel":"","context":"En &quot;Campeche&quot;","block_context":{"text":"Campeche","link":"http:\/\/www.grieta.org.mx\/index.php\/category\/noticias-nacionales\/campeche\/"},"img":{"alt_text":"","src":"https:\/\/i0.wp.com\/www.grieta.org.mx\/wp-content\/uploads\/2018\/03\/14524434_1106112876131411_958039263622046936_o.jpg?resize=350%2C200","width":350,"height":200,"srcset":"https:\/\/i0.wp.com\/www.grieta.org.mx\/wp-content\/uploads\/2018\/03\/14524434_1106112876131411_958039263622046936_o.jpg?resize=350%2C200 1x, https:\/\/i0.wp.com\/www.grieta.org.mx\/wp-content\/uploads\/2018\/03\/14524434_1106112876131411_958039263622046936_o.jpg?resize=525%2C300 1.5x, https:\/\/i0.wp.com\/www.grieta.org.mx\/wp-content\/uploads\/2018\/03\/14524434_1106112876131411_958039263622046936_o.jpg?resize=700%2C400 2x"},"classes":[]},{"id":9598,"url":"http:\/\/www.grieta.org.mx\/index.php\/2016\/09\/10\/conflictos-laborales-en-campeche\/","url_meta":{"origin":56195,"position":3},"title":"Conflictos laborales en Campeche","author":"grieta","date":"10 septiembre, 2016","format":false,"excerpt":"10\/09\/16. Despiden a obreros de PASA por protestar (Campeche) Tribuna 09\/09\/16. Jubilados exigen pago de bonos (Campeche) Tribuna 06\/09\/16. Paran otra vez los polic\u00edas; sin bono (Campeche) Tribuna 30\/08\/16. Bloquean Planta de Nitr\u00f3geno Cantarell (Campeche) Tribuna 20\/08\/16. Paralizan labores en Cobacam (Campeche) Tribuna 12\/08\/16. Plantean demandas empleados del INAH (Campeche)\u2026","rel":"","context":"En &quot;Campeche&quot;","block_context":{"text":"Campeche","link":"http:\/\/www.grieta.org.mx\/index.php\/category\/noticias-nacionales\/campeche\/"},"img":{"alt_text":"","src":"https:\/\/i0.wp.com\/www.grieta.org.mx\/wp-content\/uploads\/2018\/03\/14524434_1106112876131411_958039263622046936_o.jpg?resize=350%2C200","width":350,"height":200,"srcset":"https:\/\/i0.wp.com\/www.grieta.org.mx\/wp-content\/uploads\/2018\/03\/14524434_1106112876131411_958039263622046936_o.jpg?resize=350%2C200 1x, https:\/\/i0.wp.com\/www.grieta.org.mx\/wp-content\/uploads\/2018\/03\/14524434_1106112876131411_958039263622046936_o.jpg?resize=525%2C300 1.5x, https:\/\/i0.wp.com\/www.grieta.org.mx\/wp-content\/uploads\/2018\/03\/14524434_1106112876131411_958039263622046936_o.jpg?resize=700%2C400 2x"},"classes":[]},{"id":69574,"url":"http:\/\/www.grieta.org.mx\/index.php\/2024\/08\/23\/ayuntamiento-de-campeche-inicia-despidos-en-el-smapac-por-privatizacion-de-servicios-publicos\/","url_meta":{"origin":56195,"position":4},"title":"Ayuntamiento de Campeche inicia despidos en el Smapac por privatizaci\u00f3n de servicios p\u00fablicos","author":"grieta","date":"23 agosto, 2024","format":false,"excerpt":"Roberto Espinoza \/ Por Esto! El cese de los trabajadores en el Ayuntamiento de Campeche no se hizo esperar. Desde este viernes por la tarde, un grupo de cinco trabajadores sindicalizados del Sistema Municipal de Agua Potable y Alcantarillado de Campeche (Smapac) indic\u00f3 que hab\u00edan sido dados de baja sin\u2026","rel":"","context":"En &quot;Campeche&quot;","block_context":{"text":"Campeche","link":"http:\/\/www.grieta.org.mx\/index.php\/category\/noticias-nacionales\/campeche\/"},"img":{"alt_text":"","src":"https:\/\/i0.wp.com\/www.grieta.org.mx\/wp-content\/uploads\/2024\/09\/Despido-e1725466200453.jpg?resize=350%2C200","width":350,"height":200,"srcset":"https:\/\/i0.wp.com\/www.grieta.org.mx\/wp-content\/uploads\/2024\/09\/Despido-e1725466200453.jpg?resize=350%2C200 1x, https:\/\/i0.wp.com\/www.grieta.org.mx\/wp-content\/uploads\/2024\/09\/Despido-e1725466200453.jpg?resize=525%2C300 1.5x, https:\/\/i0.wp.com\/www.grieta.org.mx\/wp-content\/uploads\/2024\/09\/Despido-e1725466200453.jpg?resize=700%2C400 2x"},"classes":[]},{"id":17438,"url":"http:\/\/www.grieta.org.mx\/index.php\/2016\/07\/19\/arman-protesta-para-exigir-sus-liquidaciones-campeche\/","url_meta":{"origin":56195,"position":5},"title":"Arman protesta para exigir sus liquidaciones (Campeche)","author":"grieta","date":"19 julio, 2016","format":false,"excerpt":"Trabajadores despedidos del Ayuntamiento de Tenabo volvieron a manifestarse ayer en los bajos del Palacio de Gobierno para exigir apoyo estatal para su liquidaci\u00f3n. Alrededor de 64 ex trabajadores despedidos por el ex edil Daniel Edilberto Cal\u00e1n Canul acudieron a protestar encabezados por la lideresa sindical del Ayuntamiento de Tenabo,\u2026","rel":"","context":"En &quot;campeche&quot;","block_context":{"text":"campeche","link":"http:\/\/www.grieta.org.mx\/index.php\/category\/campeche\/"},"img":{"alt_text":"","src":"https:\/\/i0.wp.com\/www.grieta.org.mx\/wp-content\/uploads\/2018\/03\/14524434_1106112876131411_958039263622046936_o.jpg?resize=350%2C200","width":350,"height":200,"srcset":"https:\/\/i0.wp.com\/www.grieta.org.mx\/wp-content\/uploads\/2018\/03\/14524434_1106112876131411_958039263622046936_o.jpg?resize=350%2C200 1x, https:\/\/i0.wp.com\/www.grieta.org.mx\/wp-content\/uploads\/2018\/03\/14524434_1106112876131411_958039263622046936_o.jpg?resize=525%2C300 1.5x, https:\/\/i0.wp.com\/www.grieta.org.mx\/wp-content\/uploads\/2018\/03\/14524434_1106112876131411_958039263622046936_o.jpg?resize=700%2C400 2x"},"classes":[]}],"_links":{"self":[{"href":"http:\/\/www.grieta.org.mx\/index.php\/wp-json\/wp\/v2\/posts\/56195","targetHints":{"allow":["GET"]}}],"collection":[{"href":"http:\/\/www.grieta.org.mx\/index.php\/wp-json\/wp\/v2\/posts"}],"about":[{"href":"http:\/\/www.grieta.org.mx\/index.php\/wp-json\/wp\/v2\/types\/post"}],"author":[{"embeddable":true,"href":"http:\/\/www.grieta.org.mx\/index.php\/wp-json\/wp\/v2\/users\/2"}],"replies":[{"embeddable":true,"href":"http:\/\/www.grieta.org.mx\/index.php\/wp-json\/wp\/v2\/comments?post=56195"}],"version-history":[{"count":1,"href":"http:\/\/www.grieta.org.mx\/index.php\/wp-json\/wp\/v2\/posts\/56195\/revisions"}],"predecessor-version":[{"id":56197,"href":"http:\/\/www.grieta.org.mx\/index.php\/wp-json\/wp\/v2\/posts\/56195\/revisions\/56197"}],"wp:featuredmedia":[{"embeddable":true,"href":"http:\/\/www.grieta.org.mx\/index.php\/wp-json\/wp\/v2\/media\/56196"}],"wp:attachment":[{"href":"http:\/\/www.grieta.org.mx\/index.php\/wp-json\/wp\/v2\/media?parent=56195"}],"wp:term":[{"taxonomy":"category","embeddable":true,"href":"http:\/\/www.grieta.org.mx\/index.php\/wp-json\/wp\/v2\/categories?post=56195"},{"taxonomy":"post_tag","embeddable":true,"href":"http:\/\/www.grieta.org.mx\/index.php\/wp-json\/wp\/v2\/tags?post=56195"}],"curies":[{"name":"wp","href":"https:\/\/api.w.org\/{rel}","templated":true}]}}