{"id":56162,"date":"2021-01-04T13:14:57","date_gmt":"2021-01-04T19:14:57","guid":{"rendered":"http:\/\/www.grieta.org.mx\/?p=56162"},"modified":"2021-01-09T13:26:07","modified_gmt":"2021-01-09T19:26:07","slug":"la-ninez-violentada-ni-invisible-ni-olvidada-jalisco","status":"publish","type":"post","link":"http:\/\/www.grieta.org.mx\/index.php\/2021\/01\/04\/la-ninez-violentada-ni-invisible-ni-olvidada-jalisco\/","title":{"rendered":"La ni\u00f1ez violentada: ni invisible ni olvidada (Jalisco)"},"content":{"rendered":"<p><img loading=\"lazy\" decoding=\"async\" data-attachment-id=\"56163\" data-permalink=\"http:\/\/www.grieta.org.mx\/index.php\/2021\/01\/04\/la-ninez-violentada-ni-invisible-ni-olvidada-jalisco\/infancia_unicef\/\" data-orig-file=\"http:\/\/www.grieta.org.mx\/wp-content\/uploads\/2021\/01\/infancia_unicef.jpg\" data-orig-size=\"1280,854\" data-comments-opened=\"0\" data-image-meta=\"{&quot;aperture&quot;:&quot;0&quot;,&quot;credit&quot;:&quot;&quot;,&quot;camera&quot;:&quot;&quot;,&quot;caption&quot;:&quot;&quot;,&quot;created_timestamp&quot;:&quot;0&quot;,&quot;copyright&quot;:&quot;&quot;,&quot;focal_length&quot;:&quot;0&quot;,&quot;iso&quot;:&quot;0&quot;,&quot;shutter_speed&quot;:&quot;0&quot;,&quot;title&quot;:&quot;&quot;,&quot;orientation&quot;:&quot;0&quot;}\" data-image-title=\"infancia_unicef\" data-image-description=\"\" data-image-caption=\"\" data-medium-file=\"http:\/\/www.grieta.org.mx\/wp-content\/uploads\/2021\/01\/infancia_unicef-300x200.jpg\" data-large-file=\"http:\/\/www.grieta.org.mx\/wp-content\/uploads\/2021\/01\/infancia_unicef-1024x683.jpg\" class=\"wp-image-56163 aligncenter\" src=\"http:\/\/www.grieta.org.mx\/wp-content\/uploads\/2021\/01\/infancia_unicef.jpg\" alt=\"\" width=\"800\" height=\"534\" srcset=\"http:\/\/www.grieta.org.mx\/wp-content\/uploads\/2021\/01\/infancia_unicef.jpg 1280w, http:\/\/www.grieta.org.mx\/wp-content\/uploads\/2021\/01\/infancia_unicef-300x200.jpg 300w, http:\/\/www.grieta.org.mx\/wp-content\/uploads\/2021\/01\/infancia_unicef-1024x683.jpg 1024w, http:\/\/www.grieta.org.mx\/wp-content\/uploads\/2021\/01\/infancia_unicef-768x512.jpg 768w, http:\/\/www.grieta.org.mx\/wp-content\/uploads\/2021\/01\/infancia_unicef-749x500.jpg 749w\" sizes=\"auto, (max-width: 800px) 100vw, 800px\" \/><\/p>\n<p>Foto: UNICEF<\/p>\n<p>Katia Di\u00e9guez\/ Territorio<\/p>\n<p>En Jalisco, como en el resto del pa\u00eds y en varias partes del mundo, las ni\u00f1as y los ni\u00f1os de pronto tambi\u00e9n pararon. Dejaron de ir a la escuela, de jugar con sus amigos, de visitar el parque y de reunirse los fines de semana. Y aunque fue as\u00ed para intentar detener el contagio por la COVID-19, esto trajo otras consecuencias como el incremento de los casos por abuso sexual infantil.<\/p>\n<p>M\u00e1s ni\u00f1as y ni\u00f1os en casa, entre otros problemas, significa que conviven m\u00e1s tiempo con sus agresores o posibles agresores. De acuerdo con los especialistas, los abusadores sexuales son principalmente familiares o personas allegadas; son quienes ya tienen acceso a la casa o al espacio seguro y han generado confianza.<\/p>\n<p>Adem\u00e1s ha significado que las y los ni\u00f1os no vayan a las escuelas ni a las aulas, uno de los espacios primordiales para denunciar las agresiones que viven o, incluso, para que los maestros identifiquen problemas en casa.<\/p>\n<p>Desde que comenz\u00f3 la pandemia hasta septiembre, la fecha m\u00e1s actualizada que tiene la Fiscal\u00eda del Estado de Jalisco en su sitio web es de 923 denuncias por abuso sexual infantil; aunque a trav\u00e9s de su sistema de transparencia reportan mil 648 carpetas de investigaci\u00f3n por el mismo delito; en el 2019 fueron 2 mil 422.<\/p>\n<p>Ni siquiera la misma Fiscal\u00eda coincide con sus datos, si tomamos en cuenta la \u00faltima cifra significar\u00eda que en promedio, este a\u00f1o 45 ni\u00f1as y ni\u00f1os han sido abusados sexualmente cada semana.<\/p>\n<p>Y aunque la cifra baj\u00f3 en relaci\u00f3n con los 2 mil 422 casos reportados el a\u00f1o pasado por la Fiscal\u00eda a trav\u00e9s de una solicitud de transparencia, esto no quiere decir que necesariamente los abusos contra la ni\u00f1ez bajaron, sino, que tal vez, hubo menos posibilidades de denuncia debido a la pandemia.<\/p>\n<p>\u201cEste confinamiento significa menos soporte comunitario y familiar y anul\u00f3 esos espacios de protecci\u00f3n por lo que se reduce la posibilidad que la v\u00edctima denuncie. No es que no est\u00e9n sucediendo, el tema es que no es sencillo que denuncien\u201d, explic\u00f3 Juan Mart\u00edn P\u00e9rez, director de la Red por los Derechos de la Infancia en M\u00e9xico (Redim).<\/p>\n<p>En Jalisco, la violencia contra la ni\u00f1ez no es nueva y desafortunadamente va de la mano con la delincuencia y el narcotr\u00e1fico. La entidad se ha convertido en un punto de an\u00e1lisis importante por el aumento general de la violencia, donde la trata de menores es solo una rama m\u00e1s de los negocios il\u00edcitos del crimen organizado.<\/p>\n<p>\u201cEs ganar espacio territorial, abrir otras brechas de negocio como la trata de ni\u00f1as y mujeres j\u00f3venes\u201d, detall\u00f3 P\u00e9rez.<\/p>\n<p>El pa\u00eds en general es un lugar inseguro para ser ni\u00f1o o ni\u00f1a. Todos los d\u00edas, de acuerdo con datos de la Redim, asesinan a 7 ni\u00f1os, ni\u00f1as y adolescentes (NNA); todos los d\u00edas desaparecen principalmente ni\u00f1as y adolescentes y todos los meses se registran 13 feminicidios de adolescentes. Adem\u00e1s, los datos incrementan cada a\u00f1o; por ejemplo, en el 2018 se registraron 4 desapariciones diarias y en el 2020 van 7.<\/p>\n<p>\u201cTodos los indicadores est\u00e1n subiendo y la impunidad se ha mantenido constante en un 97%\u201d, se\u00f1al\u00f3 el director de la Redim.<\/p>\n<p>Es decir, en algunos estados y municipios del pa\u00eds, el abuso sexual va en la misma lista que los casos de trata de menores, desaparici\u00f3n y explotaci\u00f3n sexual.<\/p>\n<p>De acuerdo con los estudios de las personas defensoras de los derechos de la ni\u00f1ez y lo que se sabe de las investigaciones policiales, las y los ni\u00f1os son secuestrados principalmente para darlos en adopci\u00f3n a organizaciones internacionales. Tambi\u00e9n, desde hace al menos 7 a\u00f1os se ha analizado el incremento de la desaparici\u00f3n de mujeres de 15 a 17 a\u00f1os que son las menos localizadas y que se cree que son v\u00edctimas de explotaci\u00f3n sexual.<\/p>\n<p><strong>\u00bfEn d\u00f3nde sucede y qu\u00e9 se hace?<\/strong><\/p>\n<p>Como cada a\u00f1o, la Zona Metropolitana de Guadalajara (ZMG) acumula la mayor\u00eda de las denuncias, pero tambi\u00e9n hay otros municipios que resaltan por la cantidad de abusos contra menores, principalmente Tepatitl\u00e1n, El Salto y Puerto Vallarta.<\/p>\n<p>Este \u00faltimo es uno de los puntos m\u00e1s cr\u00edticos en los estudios nacionales por ser un lugar que ha acumulado sospechas, denuncias e investigaciones por trata de menores.<\/p>\n<p>El \u00faltimo caso medi\u00e1tico fue en julio cuando una ni\u00f1a de 10 a\u00f1os fue encontrada desnuda en el auto de Luis Alonso \u201cN\u201d, director general de recursos humanos de la polic\u00eda municipal. Detuvieron al hombre, pero la impunidad continu\u00f3 cuando el juez Jorge Luis Sol\u00eds Aranda decidi\u00f3 que no hab\u00eda delito porque la menor \u201cno sinti\u00f3 placer\u201d.<\/p>\n<p>Adem\u00e1s, se fijaron 13 mil pesos para la reparaci\u00f3n del da\u00f1o, dinero que de acuerdo con el Instituto Jalisciense de Ciencias Forenses, es suficiente para que una ni\u00f1a de 10 a\u00f1os sane el trauma de una violaci\u00f3n sexual presuntamente cometida por un funcionario p\u00fablico; para que una ni\u00f1a de la edad de una estudiante de quinto de primaria olvide el momento cuando fue encontrada desnuda en un carro; y para que los padres paguen las terapias psicol\u00f3gicas de su hija.<\/p>\n<p>Tras el esc\u00e1ndalo medi\u00e1tico, el juez, que ganaba 20 mil pesos mensuales, fue suspendido y denunciado ante la Fiscal\u00eda Especializada en Combate a la Corrupci\u00f3n. Sin embargo, este no es el primer caso de violencia infantil lleno de irregularidades.<\/p>\n<p>Puerto Vallarta es uno de los para\u00edsos de turismo sexual infantil en el pa\u00eds, de acuerdo con la Red por los Derechos de la Infancia en M\u00e9xico; y como sucede con otras ciudades costeras, es un punto rojo en casos de abuso sexual infantil y trata de menores.<\/p>\n<p>De enero a septiembre de este a\u00f1o se han abierto 124 carpetas de investigaci\u00f3n por el delito de abuso sexual infantil, en promedio, 13 casos de menores abusados al mes. Seg\u00fan los expertos, por cada caso denunciado hay nueve que no se reportan.<\/p>\n<p><strong>El abuso infantil que permea a Jalisco<\/strong><\/p>\n<p>Desafortunadamente Puerto Vallarta no es el \u00fanico municipio que reporta violencia infantil, ni es el \u00fanico que ha generado casos medi\u00e1ticos en este a\u00f1o pand\u00e9mico. Y es que durante julio y agosto se dieron a conocer al menos 5 casos m\u00e1s de menores de edad violentados en el estado, lo que gener\u00f3 indignaci\u00f3n entre activistas y acad\u00e9micos.<\/p>\n<p>Otro de los casos fue el de Elsy, una ni\u00f1a de 12 a\u00f1os v\u00edctima de feminicidio quien el domingo 16 de agosto sali\u00f3 de su casa en el municipio de Tala hacia el rancho Los Conejos donde trabajaban sus pap\u00e1s. Iba por un cargador de celular pero en el camino fue desaparecida. Ese mismo d\u00eda, 6 horas despu\u00e9s de que iniciaron su b\u00fasqueda, su familia y las autoridades encontraron el cuerpo de la ni\u00f1a con huellas de violencia y abuso sexual.<\/p>\n<p>D\u00edas despu\u00e9s la Fiscal\u00eda estatal encontr\u00f3 el cuerpo de \u201cJuan\u201d a quien investigaban por el feminicidio de Elsy y quien confirmaron fue el responsable de su asesinato porque la prueba de ADN que tomaron del cuerpo de la menor coincidi\u00f3.<\/p>\n<p>Tala resalta como uno de los municipios m\u00e1s inseguros por delitos como homicidio y robo, pero el abuso sexual infantil tambi\u00e9n es frecuente. De enero a septiembre de este a\u00f1o la Fiscal\u00eda ha reportado 54 denuncias, en promedio, 6 ni\u00f1os y ni\u00f1as son abusados sexualmente al mes en un municipio con 80 mil 365 habitantes.<\/p>\n<p>Otro caso que sucede con frecuencia es el de los abusos a menores en casas hogar. El 17 de julio se dio a conocer el de un ni\u00f1o de 11 a\u00f1os quien fue golpeado y abusado verbalmente por un trabajador del albergue 100 Corazones donde atienden a ni\u00f1os y ni\u00f1as con discapacidad. La denuncia se dio a ra\u00edz de la grabaci\u00f3n de un vecino quien evidenci\u00f3 la agresi\u00f3n contra el ni\u00f1o.<\/p>\n<p>No fue hasta que el caso se public\u00f3 en medios de comunicaci\u00f3n, en redes sociales y creci\u00f3 la presi\u00f3n social, que el DIF Jalisco, instancia a la cual depende el albergue, asegur\u00f3 que investigar\u00eda el caso. Casi un mes despu\u00e9s, el 13 de agosto, la Fiscal\u00eda detuvo al hombre e inici\u00f3 una investigaci\u00f3n por maltrato infantil y abuso de autoridad.<\/p>\n<p>El presunto agresor estar\u00e1 en prisi\u00f3n preventiva durante seis meses en lo que concluye la investigaci\u00f3n y la directora del albergue, Miriam Alejandra V\u00e1zquez Casillas fue destituida de su cargo.<\/p>\n<p>Sin embargo, esta no es la primera vez que se denuncia un problema de violencia en dicho albergue. En enero de este a\u00f1o, el partido Morena denunci\u00f3 a la casa hogar por abuso sexual contra 12 ni\u00f1os y ni\u00f1as; y a pesar de que el DIF reconoci\u00f3 los casos que se dieron durante la administraci\u00f3n pasada, un mes despu\u00e9s no separaron de su cargo a los presuntos culpables.<\/p>\n<p>Este mismo a\u00f1o tambi\u00e9n se denunciaron maltratos en el Hogar Caba\u00f1as, donde incrementaron los casos de crisis psiqui\u00e1tricas en los menores y destituyeron a la subdirectora t\u00e9cnico educativa Lizbette Sol\u00eds-Piedras por no cumplir con el perfil estipulado en el reglamento del hogar.<\/p>\n<p>Las y los ni\u00f1os han sido tambi\u00e9n parte de esta pandemia y aunque las risas y los juegos ahora se escuchan desde dentro de casa, tambi\u00e9n hay que aprender a escuchar su silencio, sus miedos y garantizar su cuidado. Estar en casa tambi\u00e9n implica cuidarlos no solo del virus sino de los abusos.<\/p>\n<p><a href=\"https:\/\/www.anuarioindependiente.mx\/julio2020\">https:\/\/www.anuarioindependiente.mx\/julio2020<\/a><\/p>\n","protected":false},"excerpt":{"rendered":"<p>Foto: UNICEF Katia Di\u00e9guez\/ Territorio En Jalisco, como en el resto del pa\u00eds y en varias partes del mundo, las ni\u00f1as y los ni\u00f1os de pronto tambi\u00e9n pararon. Dejaron de &hellip; <a href=\"http:\/\/www.grieta.org.mx\/index.php\/2021\/01\/04\/la-ninez-violentada-ni-invisible-ni-olvidada-jalisco\/\" class=\"more-link\">Leer m\u00e1s<\/a><\/p>\n","protected":false},"author":2,"featured_media":56163,"comment_status":"closed","ping_status":"closed","sticky":false,"template":"","format":"standard","meta":{"ngg_post_thumbnail":0,"_jetpack_newsletter_access":"","_jetpack_dont_email_post_to_subs":false,"_jetpack_newsletter_tier_id":0,"_jetpack_memberships_contains_paywalled_content":false,"_jetpack_memberships_contains_paid_content":false,"footnotes":""},"categories":[80,20,1827,2303,2,83],"tags":[2362],"class_list":["post-56162","post","type-post","status-publish","format-standard","has-post-thumbnail","hentry","category-cintillo","category-jalisco","category-la-ninez-en-la-tormenta-capitalista","category-la-ninez-en-la-tormenta-en-jalisco","category-noticias-nacionales","category-temas-nacionales","tag-la-ninez-en-la-tormenta","entry"],"jetpack_featured_media_url":"http:\/\/www.grieta.org.mx\/wp-content\/uploads\/2021\/01\/infancia_unicef.jpg","jetpack_sharing_enabled":true,"jetpack_shortlink":"https:\/\/wp.me\/p7ZJR4-eBQ","jetpack_likes_enabled":false,"jetpack-related-posts":[{"id":44925,"url":"http:\/\/www.grieta.org.mx\/index.php\/2020\/02\/20\/en-jalisco-184-asesinatos-de-ninas-y-ninos-y-238-desaparecidos\/","url_meta":{"origin":56162,"position":0},"title":"En Jalisco 184 asesinatos de ni\u00f1as y ni\u00f1os; y 238 desaparecidos","author":"grieta","date":"20 febrero, 2020","format":false,"excerpt":"Foto: Referecial-EFE De 2010 a la fecha, fueron asesinados 184 ni\u00f1os menores de 14 a\u00f1os en Jalisco. De estos, 71 eran mujeres y 113 hombres. De los 184 menores, 59 eran beb\u00e9s menores de 4 a\u00f1os de edad Julio R\u00edos \/ UDGTV Guadalajara, Jalisco. Jalisco tambi\u00e9n es tierra hostil para\u2026","rel":"","context":"En &quot;CINTILLO&quot;","block_context":{"text":"CINTILLO","link":"http:\/\/www.grieta.org.mx\/index.php\/category\/cintillo\/"},"img":{"alt_text":"","src":"https:\/\/i0.wp.com\/www.grieta.org.mx\/wp-content\/uploads\/2020\/02\/Violencia-contra-menores-EFE-631x420.jpeg?resize=350%2C200","width":350,"height":200,"srcset":"https:\/\/i0.wp.com\/www.grieta.org.mx\/wp-content\/uploads\/2020\/02\/Violencia-contra-menores-EFE-631x420.jpeg?resize=350%2C200 1x, https:\/\/i0.wp.com\/www.grieta.org.mx\/wp-content\/uploads\/2020\/02\/Violencia-contra-menores-EFE-631x420.jpeg?resize=525%2C300 1.5x"},"classes":[]},{"id":61524,"url":"http:\/\/www.grieta.org.mx\/index.php\/2021\/09\/02\/ninez-y-adolescencia-desaparecida-en-jalisco-una-crisis-inadvertida\/","url_meta":{"origin":56162,"position":1},"title":"Ni\u00f1ez y adolescencia desaparecida en Jalisco: una crisis inadvertida","author":"grieta","date":"2 septiembre, 2021","format":false,"excerpt":"Ilustraci\u00f3n Ivanna Orozco Alertas que no se emiten, protocolos de b\u00fasqueda que no se aplican y acciones de campo que no suceden son algunas de las tantas dificultades que padecen las familias que buscan a las ni\u00f1as, ni\u00f1os y\/o adolescentes desaparecidos en Jalisco; entidad que en la \u00faltima d\u00e9cada concentra\u2026","rel":"","context":"En &quot;CINTILLO&quot;","block_context":{"text":"CINTILLO","link":"http:\/\/www.grieta.org.mx\/index.php\/category\/cintillo\/"},"img":{"alt_text":"","src":"https:\/\/i0.wp.com\/www.grieta.org.mx\/wp-content\/uploads\/2021\/09\/PORTADA-NINEZ-DESAPARECIDA.png?resize=350%2C200","width":350,"height":200,"srcset":"https:\/\/i0.wp.com\/www.grieta.org.mx\/wp-content\/uploads\/2021\/09\/PORTADA-NINEZ-DESAPARECIDA.png?resize=350%2C200 1x, https:\/\/i0.wp.com\/www.grieta.org.mx\/wp-content\/uploads\/2021\/09\/PORTADA-NINEZ-DESAPARECIDA.png?resize=525%2C300 1.5x, https:\/\/i0.wp.com\/www.grieta.org.mx\/wp-content\/uploads\/2021\/09\/PORTADA-NINEZ-DESAPARECIDA.png?resize=700%2C400 2x, https:\/\/i0.wp.com\/www.grieta.org.mx\/wp-content\/uploads\/2021\/09\/PORTADA-NINEZ-DESAPARECIDA.png?resize=1050%2C600 3x"},"classes":[]},{"id":32792,"url":"http:\/\/www.grieta.org.mx\/index.php\/2019\/04\/26\/reportan-mas-de-4-mil-menores-asesinados-en-tres-anos-en-mexico\/","url_meta":{"origin":56162,"position":2},"title":"Reportan m\u00e1s de 4 mil menores asesinados en tres a\u00f1os en M\u00e9xico","author":"grieta","date":"26 abril, 2019","format":false,"excerpt":"Lizett Ximena Mej\u00eda\/Excelsior CIUDAD DE M\u00c9XICO. Desde el 2015 hasta el d\u00eda de hoy han sido asesinados 4 mil 299 ni\u00f1os, ni\u00f1as y adolescentes en M\u00e9xico. De acuerdo con la Red por los Derechos de la Infancia en M\u00e9xico (REDIM), los homicidios aumentaron 42% en estos \u00faltimos tres a\u00f1os debido\u2026","rel":"","context":"En &quot;CINTILLO&quot;","block_context":{"text":"CINTILLO","link":"http:\/\/www.grieta.org.mx\/index.php\/category\/cintillo\/"},"img":{"alt_text":"","src":"https:\/\/i0.wp.com\/www.grieta.org.mx\/wp-content\/uploads\/2019\/05\/2137754.jpg?resize=350%2C200","width":350,"height":200},"classes":[]},{"id":65948,"url":"http:\/\/www.grieta.org.mx\/index.php\/2022\/12\/07\/municipios-metropolitanos-con-mas-victimas-de-abuso-sexual-infantil-en-jalisco\/","url_meta":{"origin":56162,"position":3},"title":"Municipios metropolitanos con m\u00e1s v\u00edctimas de abuso sexual infantil en Jalisco","author":"grieta","date":"7 diciembre, 2022","format":false,"excerpt":"Imagen; Cuartoscuro Redacci\u00f3n \/ El Diario NTR Jalisco es uno de los estados con m\u00e1s v\u00edctimas de abuso sexual infantil, Guadalajara, Tlaquepaque, Tonal\u00e1, Zapopan y Puerto Vallarta son los municipios con m\u00e1s casos, de acuerdo con el estudio de investigaci\u00f3n sobre la violencia sexual y la muerte de ni\u00f1as y\u2026","rel":"","context":"En &quot;CINTILLO&quot;","block_context":{"text":"CINTILLO","link":"http:\/\/www.grieta.org.mx\/index.php\/category\/cintillo\/"},"img":{"alt_text":"","src":"https:\/\/i0.wp.com\/www.grieta.org.mx\/wp-content\/uploads\/2022\/12\/2022-12-07_06-12-21___7.jpg?resize=350%2C200","width":350,"height":200,"srcset":"https:\/\/i0.wp.com\/www.grieta.org.mx\/wp-content\/uploads\/2022\/12\/2022-12-07_06-12-21___7.jpg?resize=350%2C200 1x, https:\/\/i0.wp.com\/www.grieta.org.mx\/wp-content\/uploads\/2022\/12\/2022-12-07_06-12-21___7.jpg?resize=525%2C300 1.5x, https:\/\/i0.wp.com\/www.grieta.org.mx\/wp-content\/uploads\/2022\/12\/2022-12-07_06-12-21___7.jpg?resize=700%2C400 2x"},"classes":[]},{"id":65588,"url":"http:\/\/www.grieta.org.mx\/index.php\/2022\/10\/22\/jalisco-segundo-lugar-en-feminicidios-infantiles\/","url_meta":{"origin":56162,"position":4},"title":"Jalisco, segundo lugar en feminicidios infantiles","author":"grieta","date":"22 octubre, 2022","format":false,"excerpt":"Imagen: Cuartoscuro Redacci\u00f3n \/ El Diario TNR Jalisco se ubica en el segundo sitio a nivel nacional con m\u00e1s feminicidios infantiles y adolescentes, el cuarto lugar con m\u00e1s hospitalizaciones de menores de edad por violencia sexual, y quinto lugar en homicidios de menores de 0 a 17 a\u00f1os, precis\u00f3 Tania\u2026","rel":"","context":"En &quot;CINTILLO&quot;","block_context":{"text":"CINTILLO","link":"http:\/\/www.grieta.org.mx\/index.php\/category\/cintillo\/"},"img":{"alt_text":"","src":"https:\/\/i0.wp.com\/www.grieta.org.mx\/wp-content\/uploads\/2022\/10\/2022-10-22_03-10-55___5899.jpg?resize=350%2C200","width":350,"height":200,"srcset":"https:\/\/i0.wp.com\/www.grieta.org.mx\/wp-content\/uploads\/2022\/10\/2022-10-22_03-10-55___5899.jpg?resize=350%2C200 1x, https:\/\/i0.wp.com\/www.grieta.org.mx\/wp-content\/uploads\/2022\/10\/2022-10-22_03-10-55___5899.jpg?resize=525%2C300 1.5x, https:\/\/i0.wp.com\/www.grieta.org.mx\/wp-content\/uploads\/2022\/10\/2022-10-22_03-10-55___5899.jpg?resize=700%2C400 2x"},"classes":[]},{"id":45036,"url":"http:\/\/www.grieta.org.mx\/index.php\/2020\/02\/19\/hay-urgencia-nacional-de-medicamentos-contra-el-cancer-nariz-roja-jalisco\/","url_meta":{"origin":56162,"position":5},"title":"Hay urgencia nacional de medicamentos contra el c\u00e1ncer: Nariz Roja (Jalisco)","author":"grieta","date":"19 febrero, 2020","format":false,"excerpt":"Foto: El Occidental- Archivo Isaura L\u00f3pez \/ El Occidental Sin medicamentos no hay lucha contra el c\u00e1ncer. La Asociaci\u00f3n Civil Nariz Roja anuncia que no participar\u00e1 en el evento de la Secretar\u00eda de Salud Jalisco (SSJ) ante el desabasto de medicinas que hay en M\u00e9xico y en el territorio jalisciense\u2026","rel":"","context":"En &quot;CINTILLO&quot;","block_context":{"text":"CINTILLO","link":"http:\/\/www.grieta.org.mx\/index.php\/category\/cintillo\/"},"img":{"alt_text":"","src":"https:\/\/i0.wp.com\/www.grieta.org.mx\/wp-content\/uploads\/2020\/02\/exigen-medicamentos.jpg?resize=350%2C200","width":350,"height":200,"srcset":"https:\/\/i0.wp.com\/www.grieta.org.mx\/wp-content\/uploads\/2020\/02\/exigen-medicamentos.jpg?resize=350%2C200 1x, https:\/\/i0.wp.com\/www.grieta.org.mx\/wp-content\/uploads\/2020\/02\/exigen-medicamentos.jpg?resize=525%2C300 1.5x, https:\/\/i0.wp.com\/www.grieta.org.mx\/wp-content\/uploads\/2020\/02\/exigen-medicamentos.jpg?resize=700%2C400 2x"},"classes":[]}],"_links":{"self":[{"href":"http:\/\/www.grieta.org.mx\/index.php\/wp-json\/wp\/v2\/posts\/56162","targetHints":{"allow":["GET"]}}],"collection":[{"href":"http:\/\/www.grieta.org.mx\/index.php\/wp-json\/wp\/v2\/posts"}],"about":[{"href":"http:\/\/www.grieta.org.mx\/index.php\/wp-json\/wp\/v2\/types\/post"}],"author":[{"embeddable":true,"href":"http:\/\/www.grieta.org.mx\/index.php\/wp-json\/wp\/v2\/users\/2"}],"replies":[{"embeddable":true,"href":"http:\/\/www.grieta.org.mx\/index.php\/wp-json\/wp\/v2\/comments?post=56162"}],"version-history":[{"count":1,"href":"http:\/\/www.grieta.org.mx\/index.php\/wp-json\/wp\/v2\/posts\/56162\/revisions"}],"predecessor-version":[{"id":56165,"href":"http:\/\/www.grieta.org.mx\/index.php\/wp-json\/wp\/v2\/posts\/56162\/revisions\/56165"}],"wp:featuredmedia":[{"embeddable":true,"href":"http:\/\/www.grieta.org.mx\/index.php\/wp-json\/wp\/v2\/media\/56163"}],"wp:attachment":[{"href":"http:\/\/www.grieta.org.mx\/index.php\/wp-json\/wp\/v2\/media?parent=56162"}],"wp:term":[{"taxonomy":"category","embeddable":true,"href":"http:\/\/www.grieta.org.mx\/index.php\/wp-json\/wp\/v2\/categories?post=56162"},{"taxonomy":"post_tag","embeddable":true,"href":"http:\/\/www.grieta.org.mx\/index.php\/wp-json\/wp\/v2\/tags?post=56162"}],"curies":[{"name":"wp","href":"https:\/\/api.w.org\/{rel}","templated":true}]}}