{"id":56137,"date":"2021-01-04T12:20:22","date_gmt":"2021-01-04T18:20:22","guid":{"rendered":"http:\/\/www.grieta.org.mx\/?p=56137"},"modified":"2021-01-06T12:48:15","modified_gmt":"2021-01-06T18:48:15","slug":"17-periodistas-asesinados-en-dos-anos-del-gobierno-de-4t","status":"publish","type":"post","link":"http:\/\/www.grieta.org.mx\/index.php\/2021\/01\/04\/17-periodistas-asesinados-en-dos-anos-del-gobierno-de-4t\/","title":{"rendered":"17 periodistas asesinados en dos a\u00f1os del gobierno de  4T"},"content":{"rendered":"<p><img loading=\"lazy\" decoding=\"async\" data-attachment-id=\"56138\" data-permalink=\"http:\/\/www.grieta.org.mx\/index.php\/2021\/01\/04\/17-periodistas-asesinados-en-dos-anos-del-gobierno-de-4t\/whatsapp-image-2021-01-04-at-10-51-40\/\" data-orig-file=\"http:\/\/www.grieta.org.mx\/wp-content\/uploads\/2021\/01\/WhatsApp-Image-2021-01-04-at-10.51.40.jpg\" data-orig-size=\"800,500\" data-comments-opened=\"0\" data-image-meta=\"{&quot;aperture&quot;:&quot;0&quot;,&quot;credit&quot;:&quot;&quot;,&quot;camera&quot;:&quot;&quot;,&quot;caption&quot;:&quot;&quot;,&quot;created_timestamp&quot;:&quot;0&quot;,&quot;copyright&quot;:&quot;&quot;,&quot;focal_length&quot;:&quot;0&quot;,&quot;iso&quot;:&quot;0&quot;,&quot;shutter_speed&quot;:&quot;0&quot;,&quot;title&quot;:&quot;&quot;,&quot;orientation&quot;:&quot;1&quot;}\" data-image-title=\"WhatsApp-Image-2021-01-04-at-10.51.40\" data-image-description=\"\" data-image-caption=\"\" data-medium-file=\"http:\/\/www.grieta.org.mx\/wp-content\/uploads\/2021\/01\/WhatsApp-Image-2021-01-04-at-10.51.40-300x188.jpg\" data-large-file=\"http:\/\/www.grieta.org.mx\/wp-content\/uploads\/2021\/01\/WhatsApp-Image-2021-01-04-at-10.51.40.jpg\" src=\"http:\/\/www.grieta.org.mx\/wp-content\/uploads\/2021\/01\/WhatsApp-Image-2021-01-04-at-10.51.40.jpg\" alt=\"\" width=\"800\" height=\"500\" class=\"alignnone size-full wp-image-56138\" srcset=\"http:\/\/www.grieta.org.mx\/wp-content\/uploads\/2021\/01\/WhatsApp-Image-2021-01-04-at-10.51.40.jpg 800w, http:\/\/www.grieta.org.mx\/wp-content\/uploads\/2021\/01\/WhatsApp-Image-2021-01-04-at-10.51.40-300x188.jpg 300w, http:\/\/www.grieta.org.mx\/wp-content\/uploads\/2021\/01\/WhatsApp-Image-2021-01-04-at-10.51.40-768x480.jpg 768w\" sizes=\"auto, (max-width: 800px) 100vw, 800px\" \/><\/p>\n<p>Redacci\u00f3n\/ Sol Yucat\u00e1n<\/p>\n<p>Ciudad de M\u00e9xico. \u2013 Durante los primeros dos a\u00f1os del gobierno de la 4T, la situaci\u00f3n del periodismo en nuestro pa\u00eds se agrav\u00f3 casi al doble, en comparaci\u00f3n con gobiernos anteriores.<\/p>\n<p>Cada 4 de enero se reconoce la labor de las y los periodistas mexicanos, quienes hacen frente a las adversidades para llevar la informaci\u00f3n completa y veraz a la sociedad. Es lamentable darse cuenta que no existe una protecci\u00f3n a estos comunicadores, menos en un gobierno que presume cuidarlos.<\/p>\n<p>Es de reconocer que el periodismo, sobre todo en M\u00e9xico, es una labor arriesgada y hasta cierto punto intr\u00e9pida. Muchas veces el periodista tiene que enfrentarse cara a cara con el peligro y obtener esos datos que la ciudadan\u00eda necesita saber.<\/p>\n<p>A veces es v\u00edctima de la censura, las amenazas, agresiones y a sus familias. Por desgracia, muchas veces, les arrebatan la vida por informar a la gente sobre un hecho que \u00abincomoda\u00bb a alguien, la mayor\u00eda de las ocasiones, ese \u00abalguien\u00bb es un ser llamado \u00abgobierno\u00bb. Es importante mencionar que en el actual mandato de la cuarta transformaci\u00f3n esta situaci\u00f3n se ha tornado a\u00fan m\u00e1s grave.<\/p>\n<p>En M\u00e9xico del a\u00f1o 2000 a la fecha, se han documentado 137 asesinatos de periodistas en M\u00e9xico, 126 hombres y 11 mujeres.<\/p>\n<p>De estos, 47 se registraron durante el mandato federal anterior y 17 en el actual, en los primeros dos a\u00f1os de gobierno de L\u00f3pez Obrador.<\/p>\n<p>Vale la pena recordar que, durante la administraci\u00f3n estatal en Veracruz, del 2010 al 2016, se presentaron 17 asesinatos de periodistas en dicha entidad. Veracruz tiene el mayor registro de asesinatos a periodistas con un total de 30.<\/p>\n<p>Recordemos que en nuestro pa\u00eds el caso m\u00e1s reciente es el de Jaime Casta\u00f1o, asesinado el 9 de diciembre de 2020 en Jerez, Zacatecas.<\/p>\n<p>En el estado de Yucat\u00e1n es muy com\u00fan la represi\u00f3n, agresi\u00f3n y acoso a los periodistas.<\/p>\n<p>Un caso muy sonado es el del periodista Jorge Mukul, oriundo de la ciudad de Motul, quien a mediados del a\u00f1o pasado el alcalde de dicha ciudad lo mand\u00f3 a amedrentar en su propia casa. Un sujeto, aparentemente intoxicado, l\u00e1pido el predio.<\/p>\n<p>Es importante se\u00f1alar que actualmente que se encuentran en calidad de desaparecidos un total de 24 periodistas.<\/p>\n<p>Cuando se presenta un caso de asesinato de periodista la mayor\u00eda de estos quedan en impunidad y muchas veces, quienes atentan en contra de la vida de periodistas son protegidos por el mismo gobierno, incluso el actual de la \u00abCuarta Transformaci\u00f3n\u00bb.<\/p>\n<p>En el Art\u00edculo 46 de dicha ley, cita: \u00abLa Federaci\u00f3n y las Entidades Federativas, en el \u00e1mbito de sus respectivas competencias celebrar\u00e1n Convenios de Cooperaci\u00f3n para hacer efectivas las medidas previstas en el Mecanismo para garantizar la vida, integridad, libertad y seguridad de las Personas Defensoras de Derechos Humanos y Periodistas\u00bb.<\/p>\n<p>Sin embargo, no se respeta ni la integridad, ni la libertad ni mucho menos la seguridad de las y los periodistas de M\u00e9xico. Desafortunadamente, sucede todo lo contrario.<\/p>\n<p>Esta es una lista de los 17 periodistas que han sido asesinados en el primer par de a\u00f1os del gobierno de la 4T:<\/p>\n<p>17. Julio Valdivia<\/p>\n<p>Fecha: 9 de septiembre de 2020<\/p>\n<p>Estado: Veracruz<\/p>\n<p>Medio: Diario El Mundo<\/p>\n<p>16.  Pablo Morrugares<\/p>\n<p>Fecha: 2 de agosto de 2020<\/p>\n<p>Estado: Guerrero<\/p>\n<p>Medio: PM Noticias<\/p>\n<p>15. V\u00edctor Fernando \u00c1lvarez Ch\u00e1vez<\/p>\n<p>Fecha: Desaparecido el 2 de abril de 2020<\/p>\n<p>Estado: Guerrero<\/p>\n<p>14. Mar\u00eda Elena Ferral Mart\u00ednez<\/p>\n<p>Fecha: 30 de marzo de 2020<\/p>\n<p>Estado: Veracruz<\/p>\n<p>13. Erick Castillo S\u00e1nchez<\/p>\n<p>Fecha: 12 de septiembre de 2019<\/p>\n<p>Estado: Guerrero<\/p>\n<p>Medio: Discovery Latinoam\u00e9rica<\/p>\n<p>12. Nevith Cond\u00e9s Jaramillo<\/p>\n<p>Fecha: 24 de agosto de 2019<\/p>\n<p>Estado: Estado de M\u00e9xico<\/p>\n<p>Medio: El Observador del Sur<\/p>\n<p>11. Jorge Celestino Ruiz<\/p>\n<p>Fecha: 2 de agosto de 2019<\/p>\n<p>Estado: Veracruz<\/p>\n<p>Medio: El Gr\u00e1fico de Xalapa<\/p>\n<p>10. Edgar Alberto Nava L\u00f3pez<\/p>\n<p>Fecha: 2 de agosto de 2019<\/p>\n<p>Estado: Guerrero<\/p>\n<p>Medio: La verdad de Zihuatanejo<\/p>\n<p>9. Rogelio Barrag\u00e1n<\/p>\n<p>Fecha: 30 de julio de 2019<\/p>\n<p>Estado: Morelos<\/p>\n<p>Medio: Guerrero al instante<\/p>\n<p>8. Norma Sarabia<\/p>\n<p>Fecha: 11 de junio de 2019<\/p>\n<p>Estado: Tabasco<\/p>\n<p>Medio: Semanario Chontalpa<\/p>\n<p>7. Francisco Romero<\/p>\n<p>Fecha: 16 de mayo de 2019<\/p>\n<p>Estado: Quintana Roo<\/p>\n<p>Medio: Ocurri\u00f3 aqu\u00ed<\/p>\n<p>6. Tel\u00e9sforo Santiago Enr\u00edquez<\/p>\n<p>Fecha: 2 de mayo de 2019<\/p>\n<p>Estado: Oaxaca<\/p>\n<p>Medio: Est\u00e9reo Cafetal 98.7 FM<\/p>\n<p>5. Santiago Barroso<\/p>\n<p>Fecha: 15 de marzo de 2019<\/p>\n<p>Estado: Sonora<\/p>\n<p>Medio: Noticias Red 653\/91.1 FM R\u00edo Digital<\/p>\n<p>4. Samir Flores<\/p>\n<p>Fecha: 20 de febrero de 2019<\/p>\n<p>Estado: Morelos<\/p>\n<p>Medio: Radio Amiltzinko 100.7 FM<\/p>\n<p>3. Rafael Mur\u00faa<\/p>\n<p>Fecha: 20 de enero de 2019<\/p>\n<p>Estado: Baja California Sur<\/p>\n<p>Medio: Radio Kashana<\/p>\n<p>2. Diego Garc\u00eda Corona<\/p>\n<p>Fecha: 4 de diciembre de 2018<\/p>\n<p>Estado: Estado de M\u00e9xico<\/p>\n<p>Medio: Semanario Morelos<\/p>\n<p>1. Alejandro M\u00e1rquez<\/p>\n<p>Fecha: 2 de diciembre de 2018<\/p>\n<p>Estado: Nayarit<\/p>\n<p>Medio: Orion Informativo<\/p>\n<p><a href=\"https:\/\/solyucatan.com\/17-periodistas-asesinados-en-dos-anos-del-gobierno-de-la-4t\/\" rel=\"noopener\" target=\"_blank\">https:\/\/solyucatan.com\/17-periodistas-asesinados-en-dos-anos-del-gobierno-de-la-4t\/<\/a><\/p>\n","protected":false},"excerpt":{"rendered":"<p>Redacci\u00f3n\/ Sol Yucat\u00e1n Ciudad de M\u00e9xico. \u2013 Durante los primeros dos a\u00f1os del gobierno de la 4T, la situaci\u00f3n del periodismo en nuestro pa\u00eds se agrav\u00f3 casi al doble, en &hellip; <a href=\"http:\/\/www.grieta.org.mx\/index.php\/2021\/01\/04\/17-periodistas-asesinados-en-dos-anos-del-gobierno-de-4t\/\" class=\"more-link\">Leer m\u00e1s<\/a><\/p>\n","protected":false},"author":2,"featured_media":56138,"comment_status":"closed","ping_status":"closed","sticky":false,"template":"","format":"standard","meta":{"ngg_post_thumbnail":0,"_jetpack_newsletter_access":"","_jetpack_dont_email_post_to_subs":false,"_jetpack_newsletter_tier_id":0,"_jetpack_memberships_contains_paywalled_content":false,"_jetpack_memberships_contains_paid_content":false,"footnotes":""},"categories":[1773,10,80,16,18,22,23,2,25,28,31,32,83,35,88,1991,1218,1219,2301,1339,1372,2236,1263,1221,1271,36,76],"tags":[1180],"class_list":["post-56137","post","type-post","status-publish","format-standard","has-post-thumbnail","hentry","category-agresiones-a-periodistas-en-morelos","category-baja-california-sur","category-cintillo","category-estado-de-mexico","category-guerrero","category-morelos","category-nayarit","category-noticias-nacionales","category-oaxaca","category-quintana-roo","category-sonora","category-tabasco","category-temas-nacionales","category-veracruz","category-violencia-contra-periodistas","category-violencia-contra-periodistas-en-baja-california-sur","category-violencia-contra-periodistas-en-el-estado-de-mexico","category-violencia-contra-periodistas-en-guerrero","category-violencia-contra-periodistas-en-nayarit","category-violencia-contra-periodistas-en-oaxaca","category-violencia-contra-periodistas-en-quintana-roo","category-violencia-contra-periodistas-en-sonora","category-violencia-contra-periodistas-en-tabasco","category-violencia-contra-periodistas-en-veracruz","category-violencia-contra-periodistas-en-yucatan","category-yucatan","category-zacatecas","tag-asesinato-de-periodistas","entry"],"jetpack_featured_media_url":"http:\/\/www.grieta.org.mx\/wp-content\/uploads\/2021\/01\/WhatsApp-Image-2021-01-04-at-10.51.40.jpg","jetpack_sharing_enabled":true,"jetpack_shortlink":"https:\/\/wp.me\/p7ZJR4-eBr","jetpack_likes_enabled":false,"jetpack-related-posts":[{"id":4180,"url":"http:\/\/www.grieta.org.mx\/index.php\/2015\/07\/27\/violencia-contra-periodistas-en-nayarit\/","url_meta":{"origin":56137,"position":0},"title":"Violencia contra periodistas en Nayarit","author":"grieta","date":"27 julio, 2015","format":false,"excerpt":"27\/07\/15. Denuncian acoso e inseguridad para periodistas en Nayarit Elecciones y agresiones 15\/05\/15. Periodista denuncia amenazas del gobierno de Nayarit Proceso","rel":"","context":"En &quot;nayarit&quot;","block_context":{"text":"nayarit","link":"http:\/\/www.grieta.org.mx\/index.php\/category\/nayarit\/"},"img":{"alt_text":"","src":"https:\/\/i0.wp.com\/www.grieta.org.mx\/wp-content\/uploads\/2018\/03\/14524434_1106112876131411_958039263622046936_o.jpg?resize=350%2C200","width":350,"height":200,"srcset":"https:\/\/i0.wp.com\/www.grieta.org.mx\/wp-content\/uploads\/2018\/03\/14524434_1106112876131411_958039263622046936_o.jpg?resize=350%2C200 1x, https:\/\/i0.wp.com\/www.grieta.org.mx\/wp-content\/uploads\/2018\/03\/14524434_1106112876131411_958039263622046936_o.jpg?resize=525%2C300 1.5x, https:\/\/i0.wp.com\/www.grieta.org.mx\/wp-content\/uploads\/2018\/03\/14524434_1106112876131411_958039263622046936_o.jpg?resize=700%2C400 2x"},"classes":[]},{"id":6279,"url":"http:\/\/www.grieta.org.mx\/index.php\/2016\/02\/23\/violencia-contra-periodistas-en-tabasco\/","url_meta":{"origin":56137,"position":1},"title":"Violencia contra periodistas en Tabasco","author":"grieta","date":"23 febrero, 2016","format":false,"excerpt":"23\/02\/16. Asesinan a locutor de radio en TabascoVoces 11\/02\/16. La violencia en contra de periodistas sigue: un reportero de Tabasco es agredido en su casaSin Embargo 02\/10\/15. Tabasco, una zona del silencio m\u00e1s en M\u00e9xico por impunidad ante cr\u00edmenes contra periodistas: CDPP\u00e1gina 3 25\/09\/15. Se investigan muertes de periodistas en\u2026","rel":"","context":"En &quot;NOTICIAS NACIONALES&quot;","block_context":{"text":"NOTICIAS NACIONALES","link":"http:\/\/www.grieta.org.mx\/index.php\/category\/noticias-nacionales\/"},"img":{"alt_text":"","src":"https:\/\/i0.wp.com\/www.grieta.org.mx\/wp-content\/uploads\/2018\/03\/14524434_1106112876131411_958039263622046936_o.jpg?resize=350%2C200","width":350,"height":200,"srcset":"https:\/\/i0.wp.com\/www.grieta.org.mx\/wp-content\/uploads\/2018\/03\/14524434_1106112876131411_958039263622046936_o.jpg?resize=350%2C200 1x, https:\/\/i0.wp.com\/www.grieta.org.mx\/wp-content\/uploads\/2018\/03\/14524434_1106112876131411_958039263622046936_o.jpg?resize=525%2C300 1.5x, https:\/\/i0.wp.com\/www.grieta.org.mx\/wp-content\/uploads\/2018\/03\/14524434_1106112876131411_958039263622046936_o.jpg?resize=700%2C400 2x"},"classes":[]},{"id":10381,"url":"http:\/\/www.grieta.org.mx\/index.php\/2016\/04\/02\/violencia-contra-periodistas-en-baja-california-sur\/","url_meta":{"origin":56137,"position":2},"title":"Violencia contra periodistas en Baja California Sur","author":"grieta","date":"2 abril, 2016","format":false,"excerpt":"02\/04\/16. Agredieron a Germ\u00e1n Cota, periodista y trabajador del Ayuntamiento de Muleg\u00e9, BCS Radio Kashana","rel":"","context":"En &quot;Baja California Sur&quot;","block_context":{"text":"Baja California Sur","link":"http:\/\/www.grieta.org.mx\/index.php\/category\/noticias-nacionales\/baja-california-sur\/"},"img":{"alt_text":"","src":"https:\/\/i0.wp.com\/www.grieta.org.mx\/wp-content\/uploads\/2018\/03\/14524434_1106112876131411_958039263622046936_o.jpg?resize=350%2C200","width":350,"height":200,"srcset":"https:\/\/i0.wp.com\/www.grieta.org.mx\/wp-content\/uploads\/2018\/03\/14524434_1106112876131411_958039263622046936_o.jpg?resize=350%2C200 1x, https:\/\/i0.wp.com\/www.grieta.org.mx\/wp-content\/uploads\/2018\/03\/14524434_1106112876131411_958039263622046936_o.jpg?resize=525%2C300 1.5x, https:\/\/i0.wp.com\/www.grieta.org.mx\/wp-content\/uploads\/2018\/03\/14524434_1106112876131411_958039263622046936_o.jpg?resize=700%2C400 2x"},"classes":[]},{"id":47373,"url":"http:\/\/www.grieta.org.mx\/index.php\/2020\/03\/31\/exigen-un-alto-a-violencia-contra-periodistas-tras-asesinato-en-veracruz-video\/","url_meta":{"origin":56137,"position":3},"title":"Exigen un alto a violencia contra periodistas tras asesinato en Veracruz | Video","author":"Admin","date":"31 marzo, 2020","format":false,"excerpt":"Redacci\u00f3n \/ Aristegui Noticias El periodista \u00c9dgar Escamilla informa que Mar\u00eda Elena Ferral ten\u00eda 30 a\u00f1os informando en los municipios de la zona totonaca, donde se dedic\u00f3 a la cobertura de las manifestaciones y exigencias que se registraban en la zona. Informa desde la protesta por el asesinato de la\u2026","rel":"","context":"En &quot;CINTILLO&quot;","block_context":{"text":"CINTILLO","link":"http:\/\/www.grieta.org.mx\/index.php\/category\/cintillo\/"},"img":{"alt_text":"","src":"https:\/\/i0.wp.com\/www.grieta.org.mx\/wp-content\/uploads\/2020\/04\/Screenshot_2020-04-07-Exigen-un-alto-a-violencia-contra-periodistas-tras-asesinato-en-Veracruz-Video.png?resize=350%2C200","width":350,"height":200,"srcset":"https:\/\/i0.wp.com\/www.grieta.org.mx\/wp-content\/uploads\/2020\/04\/Screenshot_2020-04-07-Exigen-un-alto-a-violencia-contra-periodistas-tras-asesinato-en-Veracruz-Video.png?resize=350%2C200 1x, https:\/\/i0.wp.com\/www.grieta.org.mx\/wp-content\/uploads\/2020\/04\/Screenshot_2020-04-07-Exigen-un-alto-a-violencia-contra-periodistas-tras-asesinato-en-Veracruz-Video.png?resize=525%2C300 1.5x"},"classes":[]},{"id":63417,"url":"http:\/\/www.grieta.org.mx\/index.php\/2022\/02\/14\/protestan-periodistas-de-nayarit-por-los-multiples-asesinatos-de-colegas-en-mexico\/","url_meta":{"origin":56137,"position":4},"title":"Protestan periodistas de Nayarit por los m\u00faltiples asesinatos de colegas en M\u00e9xico","author":"grieta","date":"14 febrero, 2022","format":false,"excerpt":"Foto: El Sol de Nayarit Lucero Santa Anna\/El Sol de Nayarit Este 14 de Febrero, periodistas del estado de Nayarit alzaron la voz por segunda vez en lo que va del a\u00f1o 2022 para protestar por los m\u00faltiples asesinatos y agresiones a comunicadores en M\u00e9xico. En punto de las 5:00\u2026","rel":"","context":"En &quot;CINTILLO&quot;","block_context":{"text":"CINTILLO","link":"http:\/\/www.grieta.org.mx\/index.php\/category\/cintillo\/"},"img":{"alt_text":"","src":"https:\/\/i0.wp.com\/www.grieta.org.mx\/wp-content\/uploads\/2022\/02\/temp_nota_01_82663__2022021504323_117medios.jpg?resize=350%2C200","width":350,"height":200,"srcset":"https:\/\/i0.wp.com\/www.grieta.org.mx\/wp-content\/uploads\/2022\/02\/temp_nota_01_82663__2022021504323_117medios.jpg?resize=350%2C200 1x, https:\/\/i0.wp.com\/www.grieta.org.mx\/wp-content\/uploads\/2022\/02\/temp_nota_01_82663__2022021504323_117medios.jpg?resize=525%2C300 1.5x"},"classes":[]},{"id":38874,"url":"http:\/\/www.grieta.org.mx\/index.php\/2019\/09\/03\/periodistas-llevan-ocho-meses-denunciando-violencia-en-veracruz\/","url_meta":{"origin":56137,"position":5},"title":"Periodistas llevan ocho meses denunciando violencia en Veracruz","author":"grieta","date":"3 septiembre, 2019","format":false,"excerpt":"Redacci\u00f3n \/ El Heraldo de M\u00e9xico La periodista Luz Mar\u00eda Rivera se\u00f1al\u00f3 que se hab\u00edan realizado denuncias por las constantes extorsiones, secuestros y los llamados \"levantones\" en Coatzacoalcos Luz Mar\u00eda Rivera, directora y columnista de El Mercurio de Veracruz, destac\u00f3 el clima de violencia que vive el Estado y se\u00f1al\u00f3\u2026","rel":"","context":"En &quot;CINTILLO&quot;","block_context":{"text":"CINTILLO","link":"http:\/\/www.grieta.org.mx\/index.php\/category\/cintillo\/"},"img":{"alt_text":"","src":"https:\/\/i0.wp.com\/www.grieta.org.mx\/wp-content\/uploads\/2019\/09\/Screenshot_2019-09-08-Periodistas-llevan-ocho-meses-denunciando-violencia-en-Veracruz.png?resize=350%2C200","width":350,"height":200,"srcset":"https:\/\/i0.wp.com\/www.grieta.org.mx\/wp-content\/uploads\/2019\/09\/Screenshot_2019-09-08-Periodistas-llevan-ocho-meses-denunciando-violencia-en-Veracruz.png?resize=350%2C200 1x, https:\/\/i0.wp.com\/www.grieta.org.mx\/wp-content\/uploads\/2019\/09\/Screenshot_2019-09-08-Periodistas-llevan-ocho-meses-denunciando-violencia-en-Veracruz.png?resize=525%2C300 1.5x, https:\/\/i0.wp.com\/www.grieta.org.mx\/wp-content\/uploads\/2019\/09\/Screenshot_2019-09-08-Periodistas-llevan-ocho-meses-denunciando-violencia-en-Veracruz.png?resize=700%2C400 2x, https:\/\/i0.wp.com\/www.grieta.org.mx\/wp-content\/uploads\/2019\/09\/Screenshot_2019-09-08-Periodistas-llevan-ocho-meses-denunciando-violencia-en-Veracruz.png?resize=1050%2C600 3x"},"classes":[]}],"_links":{"self":[{"href":"http:\/\/www.grieta.org.mx\/index.php\/wp-json\/wp\/v2\/posts\/56137","targetHints":{"allow":["GET"]}}],"collection":[{"href":"http:\/\/www.grieta.org.mx\/index.php\/wp-json\/wp\/v2\/posts"}],"about":[{"href":"http:\/\/www.grieta.org.mx\/index.php\/wp-json\/wp\/v2\/types\/post"}],"author":[{"embeddable":true,"href":"http:\/\/www.grieta.org.mx\/index.php\/wp-json\/wp\/v2\/users\/2"}],"replies":[{"embeddable":true,"href":"http:\/\/www.grieta.org.mx\/index.php\/wp-json\/wp\/v2\/comments?post=56137"}],"version-history":[{"count":1,"href":"http:\/\/www.grieta.org.mx\/index.php\/wp-json\/wp\/v2\/posts\/56137\/revisions"}],"predecessor-version":[{"id":56139,"href":"http:\/\/www.grieta.org.mx\/index.php\/wp-json\/wp\/v2\/posts\/56137\/revisions\/56139"}],"wp:featuredmedia":[{"embeddable":true,"href":"http:\/\/www.grieta.org.mx\/index.php\/wp-json\/wp\/v2\/media\/56138"}],"wp:attachment":[{"href":"http:\/\/www.grieta.org.mx\/index.php\/wp-json\/wp\/v2\/media?parent=56137"}],"wp:term":[{"taxonomy":"category","embeddable":true,"href":"http:\/\/www.grieta.org.mx\/index.php\/wp-json\/wp\/v2\/categories?post=56137"},{"taxonomy":"post_tag","embeddable":true,"href":"http:\/\/www.grieta.org.mx\/index.php\/wp-json\/wp\/v2\/tags?post=56137"}],"curies":[{"name":"wp","href":"https:\/\/api.w.org\/{rel}","templated":true}]}}