{"id":5612,"date":"2016-01-26T16:01:34","date_gmt":"2016-01-26T16:01:34","guid":{"rendered":"http:\/\/50.22.11.12\/~grietaor\/?p=5612"},"modified":"2016-03-27T16:03:38","modified_gmt":"2016-03-27T16:03:38","slug":"niega-semarnat-permiso-para-construccion-de-parque-eolico-en-aguascalientes","status":"publish","type":"post","link":"http:\/\/www.grieta.org.mx\/index.php\/2016\/01\/26\/niega-semarnat-permiso-para-construccion-de-parque-eolico-en-aguascalientes\/","title":{"rendered":"Niega Semarnat permiso para construcci\u00f3n de parque e\u00f3lico en Aguascalientes"},"content":{"rendered":"<p>Hilda Hermosillo, Aguascalientes.<\/p>\n<p>Seg\u00fan el delegado de la Secretar\u00eda de Medio Ambiente y Recursos Naturales (Semarnat), Sergio Augusto L\u00f3pez Ram\u00edrez, no se ha otorgado autorizaci\u00f3n para la instalaci\u00f3n del parque e\u00f3lico en el municipio de El Llano.<\/p>\n<p>Debido a la cercan\u00eda del proyecto con un \u00e1rea natural protegida habitada por el \u00e1guila real, el tr\u00e1mite sigue en an\u00e1lisis. Sin embargo, el funcionario aclar\u00f3 que no se instalar\u00e1 un solo aerogenerador en territorio estatal: \u201cporque los enormes ventiladores matan a las aves al chocar contra ellos, no los ven en la noche, adem\u00e1s de que el ruido las asusta y en muchas ocasiones abandonan el lugar\u201d.<\/p>\n<p>Aunque la dependencia federal autoriz\u00f3 la Manifestaci\u00f3n de Impacto Ambiental (MIA) presentada por la empresa Energ\u00eda Limpia de Palo Alto para la edificaci\u00f3n de 101 aerogeneradores, la delegaci\u00f3n recomend\u00f3 denegar la autorizaci\u00f3n por el peligro que las torres representan para las aves consideradas en peligro de extinci\u00f3n. En consecuencia los dispositivos s\u00f3lo podr\u00e1n construirse en el estado de Jalisco.<\/p>\n<p>L\u00f3pez Ram\u00edrez explic\u00f3 que el tr\u00e1mite fue ingresado a la delegaci\u00f3n hace dos a\u00f1os, sin embargo, la proximidad con el h\u00e1bitat del \u00e1guila real complic\u00f3 el panorama a los empresarios: \u201cincluso hubo descontento social de los ejidatarios de El Llano cuando se dieron cuenta de la probabilidad de este proyecto, porque los empresarios comenzaron a hacer negociaciones y comprar terrenos\u201d.<\/p>\n<p>Debido a los obst\u00e1culos, los promoventes optaron por acudir directamente a oficinas centrales de la Semarnat con la intenci\u00f3n de obtener la licencia de cambio de uso de suelo que la delegaci\u00f3n ya les hab\u00eda negado.<\/p>\n<p>En atenci\u00f3n a las recomendaciones de la Semarnat Aguascalientes, el proyecto fue readecuado. Ahora el parque e\u00f3lico se instalar\u00e1 en territorio jaliciense, pero las l\u00edneas de conducci\u00f3n el\u00e9ctrica podr\u00edan s\u00ed pasar por el municipio de El Llano: \u201cpasar\u00e1 la conducci\u00f3n de esa energ\u00eda con una l\u00ednea muy larga de casi 70 kil\u00f3metros hasta una estaci\u00f3n de la CFE, para lo que ya solicitaron aqu\u00ed una MIA y cambios de uso de suelo, pero el parque e\u00f3lico no se instalar\u00e1 en el estado\u201d. De cualquier modo tambi\u00e9n se requiere un permiso de cambio de uso de suelo.<\/p>\n<p>A decir del delegado de Semarnat, el impacto ambiental de la infraestructura el\u00e9ctrica es mucho menor al del parque e\u00f3lico. Sin embargo, el proyecto sigue en revisi\u00f3n debido a sus implicaciones, ya que tendr\u00e1 que removerse la vegetaci\u00f3n del ecosistema, por lo que se requerir\u00edan medidas de compensaci\u00f3n.<\/p>\n<p>Adem\u00e1s, revel\u00f3 que la empresa a\u00fan no llega a un acuerdo con todos los ejidatarios de la regi\u00f3n para la compra o renta de sus tierras, por lo que no se podr\u00e1 otorgar el permiso si primero no hay certeza jur\u00eddica de las mismas.<\/p>\n<p><a href=\"http:\/\/www.lja.mx\/2016\/01\/niega-semarnat-permiso-para-construccion-de-parque-eolico-en-aguascalientes\/\" target=\"_blank\">www.lja.mx\/2016\/01\/niega-semarnat-permiso-para-construccion-de-parque-eolico-en-aguascalientes\/<\/a><\/p>\n","protected":false},"excerpt":{"rendered":"<p>Hilda Hermosillo, Aguascalientes. Seg\u00fan el delegado de la Secretar\u00eda de Medio Ambiente y Recursos Naturales (Semarnat), Sergio Augusto L\u00f3pez Ram\u00edrez, no se ha otorgado autorizaci\u00f3n para la instalaci\u00f3n del parque &hellip; <a href=\"http:\/\/www.grieta.org.mx\/index.php\/2016\/01\/26\/niega-semarnat-permiso-para-construccion-de-parque-eolico-en-aguascalientes\/\" class=\"more-link\">Leer m\u00e1s<\/a><\/p>\n","protected":false},"author":2,"featured_media":21928,"comment_status":"closed","ping_status":"open","sticky":false,"template":"","format":"standard","meta":{"ngg_post_thumbnail":0,"_jetpack_newsletter_access":"","_jetpack_dont_email_post_to_subs":false,"_jetpack_newsletter_tier_id":0,"_jetpack_memberships_contains_paywalled_content":false,"_jetpack_memberships_contains_paid_content":false,"footnotes":""},"categories":[305,80],"tags":[154,404],"class_list":["post-5612","post","type-post","status-publish","format-standard","has-post-thumbnail","hentry","category-aguascalientes","category-cintillo","tag-areas-naturales-protegidas","tag-semarnat","entry"],"jetpack_featured_media_url":"http:\/\/www.grieta.org.mx\/wp-content\/uploads\/2018\/03\/14524434_1106112876131411_958039263622046936_o.jpg","jetpack_sharing_enabled":true,"jetpack_shortlink":"https:\/\/wp.me\/p7ZJR4-1sw","jetpack_likes_enabled":false,"jetpack-related-posts":[{"id":5611,"url":"http:\/\/www.grieta.org.mx\/index.php\/2016\/01\/26\/conflictos-ambientales-debido-a-parques-eolicos-en-aguascalientes\/","url_meta":{"origin":5612,"position":0},"title":"Conflictos ambientales debido a parques e\u00f3licos en Aguascalientes","author":"grieta","date":"26 enero, 2016","format":false,"excerpt":"26\/01\/16. Niega Semarnat permiso para construcci\u00f3n de parque e\u00f3lico en Aguascalientes La Jornada Aguascalientes 10\/01\/16. Autoriza Semarnat parque e\u00f3lico a cuatro kil\u00f3metros de \u00e1rea natural protegida La Jornada Aguascalientes","rel":"","context":"En &quot;Aguascalientes&quot;","block_context":{"text":"Aguascalientes","link":"http:\/\/www.grieta.org.mx\/index.php\/category\/noticias-nacionales\/aguascalientes\/"},"img":{"alt_text":"","src":"https:\/\/i0.wp.com\/www.grieta.org.mx\/wp-content\/uploads\/2018\/03\/14524434_1106112876131411_958039263622046936_o.jpg?resize=350%2C200","width":350,"height":200,"srcset":"https:\/\/i0.wp.com\/www.grieta.org.mx\/wp-content\/uploads\/2018\/03\/14524434_1106112876131411_958039263622046936_o.jpg?resize=350%2C200 1x, https:\/\/i0.wp.com\/www.grieta.org.mx\/wp-content\/uploads\/2018\/03\/14524434_1106112876131411_958039263622046936_o.jpg?resize=525%2C300 1.5x, https:\/\/i0.wp.com\/www.grieta.org.mx\/wp-content\/uploads\/2018\/03\/14524434_1106112876131411_958039263622046936_o.jpg?resize=700%2C400 2x"},"classes":[]},{"id":5601,"url":"http:\/\/www.grieta.org.mx\/index.php\/2016\/01\/10\/autoriza-semarnat-parque-eolico-a-cuatro-kilometros-de-area-natural-protegida-2\/","url_meta":{"origin":5612,"position":1},"title":"Autoriza Semarnat parque e\u00f3lico a cuatro kil\u00f3metros de \u00e1rea natural protegida","author":"grieta","date":"10 enero, 2016","format":false,"excerpt":"Hilda Hermosillo, Aguascalientes. La Secretar\u00eda de Medio Ambiente y Recursos Naturales (Semarnat) dio luz verde a la construcci\u00f3n de un parque e\u00f3lico en un terreno que comprende los estados de Jalisco y Aguascalientes, a s\u00f3lo cuatro kil\u00f3metros del \u00e1rea de protecci\u00f3n del \u00e1guila real de la serran\u00eda de Juan Grande.\u2026","rel":"","context":"En &quot;aguascalientes&quot;","block_context":{"text":"aguascalientes","link":"http:\/\/www.grieta.org.mx\/index.php\/category\/aguascalientes\/"},"img":{"alt_text":"","src":"https:\/\/i0.wp.com\/www.grieta.org.mx\/wp-content\/uploads\/2018\/03\/14524434_1106112876131411_958039263622046936_o.jpg?resize=350%2C200","width":350,"height":200,"srcset":"https:\/\/i0.wp.com\/www.grieta.org.mx\/wp-content\/uploads\/2018\/03\/14524434_1106112876131411_958039263622046936_o.jpg?resize=350%2C200 1x, https:\/\/i0.wp.com\/www.grieta.org.mx\/wp-content\/uploads\/2018\/03\/14524434_1106112876131411_958039263622046936_o.jpg?resize=525%2C300 1.5x, https:\/\/i0.wp.com\/www.grieta.org.mx\/wp-content\/uploads\/2018\/03\/14524434_1106112876131411_958039263622046936_o.jpg?resize=700%2C400 2x"},"classes":[]},{"id":3214,"url":"http:\/\/www.grieta.org.mx\/index.php\/2016\/01\/10\/autoriza-semarnat-parque-eolico-a-cuatro-kilometros-de-area-natural-protegida\/","url_meta":{"origin":5612,"position":2},"title":"Autoriza Semarnat parque e\u00f3lico a cuatro kil\u00f3metros de \u00e1rea natural protegida","author":"grieta","date":"10 enero, 2016","format":false,"excerpt":"Hilda Hermosillo La dependencia dio luz verde al Manifiesto de Impacto Ambiental el pasado 18 de diciembre Habr\u00e1 afectaci\u00f3n permanente en cuatro hect\u00e1reas y temporal en 25.514 hect\u00e1reas por la remoci\u00f3n del arbolado La Secretar\u00eda de Medio Ambiente y Recursos Naturales (Semarnat) dio luz verde a la construcci\u00f3n de un\u2026","rel":"","context":"En &quot;aguascalientes&quot;","block_context":{"text":"aguascalientes","link":"http:\/\/www.grieta.org.mx\/index.php\/category\/aguascalientes\/"},"img":{"alt_text":"","src":"https:\/\/i0.wp.com\/www.grieta.org.mx\/wp-content\/uploads\/2018\/03\/14524434_1106112876131411_958039263622046936_o.jpg?resize=350%2C200","width":350,"height":200,"srcset":"https:\/\/i0.wp.com\/www.grieta.org.mx\/wp-content\/uploads\/2018\/03\/14524434_1106112876131411_958039263622046936_o.jpg?resize=350%2C200 1x, https:\/\/i0.wp.com\/www.grieta.org.mx\/wp-content\/uploads\/2018\/03\/14524434_1106112876131411_958039263622046936_o.jpg?resize=525%2C300 1.5x, https:\/\/i0.wp.com\/www.grieta.org.mx\/wp-content\/uploads\/2018\/03\/14524434_1106112876131411_958039263622046936_o.jpg?resize=700%2C400 2x"},"classes":[]},{"id":15168,"url":"http:\/\/www.grieta.org.mx\/index.php\/2016\/06\/19\/semarnat-aprueba-tercer-parque-eolico-en-el-estado-de-puebla\/","url_meta":{"origin":5612,"position":3},"title":"Semarnat aprueba tercer parque e\u00f3lico en el estado de Puebla","author":"grieta","date":"19 junio, 2016","format":false,"excerpt":"Por Miguel Hern\u00e1ndez Puebla, Pue. En el municipio de Atzitzintla, ubicado al oriente del estado, la empresa Central E\u00f3lica de M\u00e9xico II busca construir su primer parque e\u00f3lico de 60 megawatts tras ser aprobado por la Secretar\u00eda del Medio Ambiente y Recursos Naturales (Semarnat). Este proyecto ser\u00e1 el tercero para\u2026","rel":"","context":"En &quot;CINTILLO&quot;","block_context":{"text":"CINTILLO","link":"http:\/\/www.grieta.org.mx\/index.php\/category\/cintillo\/"},"img":{"alt_text":"","src":"https:\/\/i0.wp.com\/www.grieta.org.mx\/wp-content\/uploads\/2018\/03\/14524434_1106112876131411_958039263622046936_o.jpg?resize=350%2C200","width":350,"height":200,"srcset":"https:\/\/i0.wp.com\/www.grieta.org.mx\/wp-content\/uploads\/2018\/03\/14524434_1106112876131411_958039263622046936_o.jpg?resize=350%2C200 1x, https:\/\/i0.wp.com\/www.grieta.org.mx\/wp-content\/uploads\/2018\/03\/14524434_1106112876131411_958039263622046936_o.jpg?resize=525%2C300 1.5x, https:\/\/i0.wp.com\/www.grieta.org.mx\/wp-content\/uploads\/2018\/03\/14524434_1106112876131411_958039263622046936_o.jpg?resize=700%2C400 2x"},"classes":[]},{"id":15173,"url":"http:\/\/www.grieta.org.mx\/index.php\/2016\/06\/19\/aprueban-parque-eolico-en-puebla\/","url_meta":{"origin":5612,"position":4},"title":"Aprueban parque e\u00f3lico en Puebla","author":"grieta","date":"19 junio, 2016","format":false,"excerpt":"19\/06\/16. Semarnat aprueba tercer parque e\u00f3lico en el estado de Puebla El Economista","rel":"","context":"En &quot;NOTICIAS NACIONALES&quot;","block_context":{"text":"NOTICIAS NACIONALES","link":"http:\/\/www.grieta.org.mx\/index.php\/category\/noticias-nacionales\/"},"img":{"alt_text":"","src":"https:\/\/i0.wp.com\/www.grieta.org.mx\/wp-content\/uploads\/2018\/03\/14524434_1106112876131411_958039263622046936_o.jpg?resize=350%2C200","width":350,"height":200,"srcset":"https:\/\/i0.wp.com\/www.grieta.org.mx\/wp-content\/uploads\/2018\/03\/14524434_1106112876131411_958039263622046936_o.jpg?resize=350%2C200 1x, https:\/\/i0.wp.com\/www.grieta.org.mx\/wp-content\/uploads\/2018\/03\/14524434_1106112876131411_958039263622046936_o.jpg?resize=525%2C300 1.5x, https:\/\/i0.wp.com\/www.grieta.org.mx\/wp-content\/uploads\/2018\/03\/14524434_1106112876131411_958039263622046936_o.jpg?resize=700%2C400 2x"},"classes":[]},{"id":6225,"url":"http:\/\/www.grieta.org.mx\/index.php\/2013\/01\/22\/rechaza-semarnat-proyecto-eolico-para-dzilam-bravo\/","url_meta":{"origin":5612,"position":5},"title":"Rechaza Semarnat proyecto e\u00f3lico para Dzilam Bravo","author":"grieta","date":"22 enero, 2013","format":false,"excerpt":"El parque e\u00f3lico que la empresa Vive Energ\u00eda o E\u00f3lica del Golfo 1 proyectaba para Dzilam de Bravo fue rechazado por la Delegaci\u00f3n de Semarnat en Yucat\u00e1n porque no cumpli\u00f3 con todos los requisitos normativos. Jorge Carlos Berl\u00edn Montero, delegado de esa dependencia en la Entidad, inform\u00f3 que el proyecto\u2026","rel":"","context":"En &quot;CINTILLO&quot;","block_context":{"text":"CINTILLO","link":"http:\/\/www.grieta.org.mx\/index.php\/category\/cintillo\/"},"img":{"alt_text":"","src":"https:\/\/i0.wp.com\/www.grieta.org.mx\/wp-content\/uploads\/2018\/03\/14524434_1106112876131411_958039263622046936_o.jpg?resize=350%2C200","width":350,"height":200,"srcset":"https:\/\/i0.wp.com\/www.grieta.org.mx\/wp-content\/uploads\/2018\/03\/14524434_1106112876131411_958039263622046936_o.jpg?resize=350%2C200 1x, https:\/\/i0.wp.com\/www.grieta.org.mx\/wp-content\/uploads\/2018\/03\/14524434_1106112876131411_958039263622046936_o.jpg?resize=525%2C300 1.5x, https:\/\/i0.wp.com\/www.grieta.org.mx\/wp-content\/uploads\/2018\/03\/14524434_1106112876131411_958039263622046936_o.jpg?resize=700%2C400 2x"},"classes":[]}],"_links":{"self":[{"href":"http:\/\/www.grieta.org.mx\/index.php\/wp-json\/wp\/v2\/posts\/5612","targetHints":{"allow":["GET"]}}],"collection":[{"href":"http:\/\/www.grieta.org.mx\/index.php\/wp-json\/wp\/v2\/posts"}],"about":[{"href":"http:\/\/www.grieta.org.mx\/index.php\/wp-json\/wp\/v2\/types\/post"}],"author":[{"embeddable":true,"href":"http:\/\/www.grieta.org.mx\/index.php\/wp-json\/wp\/v2\/users\/2"}],"replies":[{"embeddable":true,"href":"http:\/\/www.grieta.org.mx\/index.php\/wp-json\/wp\/v2\/comments?post=5612"}],"version-history":[{"count":1,"href":"http:\/\/www.grieta.org.mx\/index.php\/wp-json\/wp\/v2\/posts\/5612\/revisions"}],"predecessor-version":[{"id":5614,"href":"http:\/\/www.grieta.org.mx\/index.php\/wp-json\/wp\/v2\/posts\/5612\/revisions\/5614"}],"wp:featuredmedia":[{"embeddable":true,"href":"http:\/\/www.grieta.org.mx\/index.php\/wp-json\/wp\/v2\/media\/21928"}],"wp:attachment":[{"href":"http:\/\/www.grieta.org.mx\/index.php\/wp-json\/wp\/v2\/media?parent=5612"}],"wp:term":[{"taxonomy":"category","embeddable":true,"href":"http:\/\/www.grieta.org.mx\/index.php\/wp-json\/wp\/v2\/categories?post=5612"},{"taxonomy":"post_tag","embeddable":true,"href":"http:\/\/www.grieta.org.mx\/index.php\/wp-json\/wp\/v2\/tags?post=5612"}],"curies":[{"name":"wp","href":"https:\/\/api.w.org\/{rel}","templated":true}]}}