{"id":5611,"date":"2016-01-26T16:00:37","date_gmt":"2016-01-26T16:00:37","guid":{"rendered":"http:\/\/50.22.11.12\/~grietaor\/?p=5611"},"modified":"2016-03-27T16:04:29","modified_gmt":"2016-03-27T16:04:29","slug":"conflictos-ambientales-debido-a-parques-eolicos-en-aguascalientes","status":"publish","type":"post","link":"http:\/\/www.grieta.org.mx\/index.php\/2016\/01\/26\/conflictos-ambientales-debido-a-parques-eolicos-en-aguascalientes\/","title":{"rendered":"Conflictos ambientales debido a parques e\u00f3licos en Aguascalientes"},"content":{"rendered":"<p><strong>26\/01\/16. <\/strong><a href=\"http:\/\/grieta.org.mx\/index.php\/2016\/01\/26\/niega-semarnat-permiso-para-construccion-de-parque-eolico-en-aguascalientes\/\">Niega Semarnat permiso para construcci\u00f3n de parque e\u00f3lico en Aguascalientes<\/a><br \/>\n<em>La Jornada Aguascalientes<\/em><\/p>\n<p><strong>10\/01\/16. <\/strong><a href=\"http:\/\/grieta.org.mx\/index.php\/2016\/01\/10\/autoriza-semarnat-parque-eolico-a-cuatro-kilometros-de-area-natural-protegida-2\/\">Autoriza Semarnat parque e\u00f3lico a cuatro kil\u00f3metros de \u00e1rea natural protegida<\/a><br \/>\n<em>La Jornada Aguascalientes<\/em><\/p>\n","protected":false},"excerpt":{"rendered":"<p>26\/01\/16. Niega Semarnat permiso para construcci\u00f3n de parque e\u00f3lico en Aguascalientes La Jornada Aguascalientes 10\/01\/16. Autoriza Semarnat parque e\u00f3lico a cuatro kil\u00f3metros de \u00e1rea natural protegida La Jornada Aguascalientes<\/p>\n","protected":false},"author":2,"featured_media":21928,"comment_status":"closed","ping_status":"open","sticky":false,"template":"","format":"standard","meta":{"ngg_post_thumbnail":0,"_jetpack_newsletter_access":"","_jetpack_dont_email_post_to_subs":false,"_jetpack_newsletter_tier_id":0,"_jetpack_memberships_contains_paywalled_content":false,"_jetpack_memberships_contains_paid_content":false,"footnotes":""},"categories":[4,3,2,37],"tags":[],"class_list":["post-5611","post","type-post","status-publish","format-standard","has-post-thumbnail","hentry","category-aguascalientes","category-megaproyectos","category-noticias-nacionales","category-parques-eolicos","entry"],"jetpack_featured_media_url":"http:\/\/www.grieta.org.mx\/wp-content\/uploads\/2018\/03\/14524434_1106112876131411_958039263622046936_o.jpg","jetpack_sharing_enabled":true,"jetpack_shortlink":"https:\/\/wp.me\/p7ZJR4-1sv","jetpack_likes_enabled":false,"jetpack-related-posts":[{"id":5612,"url":"http:\/\/www.grieta.org.mx\/index.php\/2016\/01\/26\/niega-semarnat-permiso-para-construccion-de-parque-eolico-en-aguascalientes\/","url_meta":{"origin":5611,"position":0},"title":"Niega Semarnat permiso para construcci\u00f3n de parque e\u00f3lico en Aguascalientes","author":"grieta","date":"26 enero, 2016","format":false,"excerpt":"Hilda Hermosillo, Aguascalientes. Seg\u00fan el delegado de la Secretar\u00eda de Medio Ambiente y Recursos Naturales (Semarnat), Sergio Augusto L\u00f3pez Ram\u00edrez, no se ha otorgado autorizaci\u00f3n para la instalaci\u00f3n del parque e\u00f3lico en el municipio de El Llano. Debido a la cercan\u00eda del proyecto con un \u00e1rea natural protegida habitada por\u2026","rel":"","context":"En &quot;aguascalientes&quot;","block_context":{"text":"aguascalientes","link":"http:\/\/www.grieta.org.mx\/index.php\/category\/aguascalientes\/"},"img":{"alt_text":"","src":"https:\/\/i0.wp.com\/www.grieta.org.mx\/wp-content\/uploads\/2018\/03\/14524434_1106112876131411_958039263622046936_o.jpg?resize=350%2C200","width":350,"height":200,"srcset":"https:\/\/i0.wp.com\/www.grieta.org.mx\/wp-content\/uploads\/2018\/03\/14524434_1106112876131411_958039263622046936_o.jpg?resize=350%2C200 1x, https:\/\/i0.wp.com\/www.grieta.org.mx\/wp-content\/uploads\/2018\/03\/14524434_1106112876131411_958039263622046936_o.jpg?resize=525%2C300 1.5x, https:\/\/i0.wp.com\/www.grieta.org.mx\/wp-content\/uploads\/2018\/03\/14524434_1106112876131411_958039263622046936_o.jpg?resize=700%2C400 2x"},"classes":[]},{"id":15173,"url":"http:\/\/www.grieta.org.mx\/index.php\/2016\/06\/19\/aprueban-parque-eolico-en-puebla\/","url_meta":{"origin":5611,"position":1},"title":"Aprueban parque e\u00f3lico en Puebla","author":"grieta","date":"19 junio, 2016","format":false,"excerpt":"19\/06\/16. Semarnat aprueba tercer parque e\u00f3lico en el estado de Puebla El Economista","rel":"","context":"En &quot;NOTICIAS NACIONALES&quot;","block_context":{"text":"NOTICIAS NACIONALES","link":"http:\/\/www.grieta.org.mx\/index.php\/category\/noticias-nacionales\/"},"img":{"alt_text":"","src":"https:\/\/i0.wp.com\/www.grieta.org.mx\/wp-content\/uploads\/2018\/03\/14524434_1106112876131411_958039263622046936_o.jpg?resize=350%2C200","width":350,"height":200,"srcset":"https:\/\/i0.wp.com\/www.grieta.org.mx\/wp-content\/uploads\/2018\/03\/14524434_1106112876131411_958039263622046936_o.jpg?resize=350%2C200 1x, https:\/\/i0.wp.com\/www.grieta.org.mx\/wp-content\/uploads\/2018\/03\/14524434_1106112876131411_958039263622046936_o.jpg?resize=525%2C300 1.5x, https:\/\/i0.wp.com\/www.grieta.org.mx\/wp-content\/uploads\/2018\/03\/14524434_1106112876131411_958039263622046936_o.jpg?resize=700%2C400 2x"},"classes":[]},{"id":5601,"url":"http:\/\/www.grieta.org.mx\/index.php\/2016\/01\/10\/autoriza-semarnat-parque-eolico-a-cuatro-kilometros-de-area-natural-protegida-2\/","url_meta":{"origin":5611,"position":2},"title":"Autoriza Semarnat parque e\u00f3lico a cuatro kil\u00f3metros de \u00e1rea natural protegida","author":"grieta","date":"10 enero, 2016","format":false,"excerpt":"Hilda Hermosillo, Aguascalientes. La Secretar\u00eda de Medio Ambiente y Recursos Naturales (Semarnat) dio luz verde a la construcci\u00f3n de un parque e\u00f3lico en un terreno que comprende los estados de Jalisco y Aguascalientes, a s\u00f3lo cuatro kil\u00f3metros del \u00e1rea de protecci\u00f3n del \u00e1guila real de la serran\u00eda de Juan Grande.\u2026","rel":"","context":"En &quot;aguascalientes&quot;","block_context":{"text":"aguascalientes","link":"http:\/\/www.grieta.org.mx\/index.php\/category\/aguascalientes\/"},"img":{"alt_text":"","src":"https:\/\/i0.wp.com\/www.grieta.org.mx\/wp-content\/uploads\/2018\/03\/14524434_1106112876131411_958039263622046936_o.jpg?resize=350%2C200","width":350,"height":200,"srcset":"https:\/\/i0.wp.com\/www.grieta.org.mx\/wp-content\/uploads\/2018\/03\/14524434_1106112876131411_958039263622046936_o.jpg?resize=350%2C200 1x, https:\/\/i0.wp.com\/www.grieta.org.mx\/wp-content\/uploads\/2018\/03\/14524434_1106112876131411_958039263622046936_o.jpg?resize=525%2C300 1.5x, https:\/\/i0.wp.com\/www.grieta.org.mx\/wp-content\/uploads\/2018\/03\/14524434_1106112876131411_958039263622046936_o.jpg?resize=700%2C400 2x"},"classes":[]},{"id":6189,"url":"http:\/\/www.grieta.org.mx\/index.php\/2016\/08\/29\/avanzan-proyectos-de-parques-eolicos-en-yucatan\/","url_meta":{"origin":5611,"position":3},"title":"Avanzan proyectos de parques e\u00f3licos en Yucat\u00e1n","author":"grieta","date":"29 agosto, 2016","format":false,"excerpt":"29\/08\/16. Sorpresa en obra e\u00f3lica (Yucat\u00e1n) Diario de Yucat\u00e1n 11\/06\/16. En Yucat\u00e1n, empresas de energ\u00eda e\u00f3lica obtendr\u00e1n cr\u00e9ditos hipotecando tierras mayas Mayapolitikon 31\/03\/16. Motul y Ticul \u201cacaparan\u201d parques e\u00f3licos y solares en Yucat\u00e1n Mayapolitikon 03\/12\/15. Pronto nuevo parque e\u00f3lico Diario de Yucat\u00e1n 23\/10\/15. Primer parque e\u00f3lico de Yucat\u00e1n 'alimentar\u00e1' todos\u2026","rel":"","context":"En &quot;16. Pueblo Maya&quot;","block_context":{"text":"16. Pueblo Maya","link":"http:\/\/www.grieta.org.mx\/index.php\/category\/espejos-de-la-resistencia\/16-pueblo-maya\/"},"img":{"alt_text":"","src":"https:\/\/i0.wp.com\/www.grieta.org.mx\/wp-content\/uploads\/2018\/03\/14524434_1106112876131411_958039263622046936_o.jpg?resize=350%2C200","width":350,"height":200,"srcset":"https:\/\/i0.wp.com\/www.grieta.org.mx\/wp-content\/uploads\/2018\/03\/14524434_1106112876131411_958039263622046936_o.jpg?resize=350%2C200 1x, https:\/\/i0.wp.com\/www.grieta.org.mx\/wp-content\/uploads\/2018\/03\/14524434_1106112876131411_958039263622046936_o.jpg?resize=525%2C300 1.5x, https:\/\/i0.wp.com\/www.grieta.org.mx\/wp-content\/uploads\/2018\/03\/14524434_1106112876131411_958039263622046936_o.jpg?resize=700%2C400 2x"},"classes":[]},{"id":3209,"url":"http:\/\/www.grieta.org.mx\/index.php\/2016\/01\/10\/eolicas-en-jalisco\/","url_meta":{"origin":5611,"position":4},"title":"E\u00f3licas en Jalisco","author":"grieta","date":"10 enero, 2016","format":false,"excerpt":"10\/01\/16. Autoriza Semarnat parque e\u00f3lico a cuatro kil\u00f3metros de \u00e1rea natural protegidaLa Jornada 27\/10\/15. E\u00f3lica en M\u00e9xico: Enel Green Power construir\u00e1 parque e\u00f3lico en JaliscoEl Economista 26\/10\/15. Grupo Drag\u00f3n invertir\u00e1 200 mdd en JaliscoCNN Expansi\u00f3n","rel":"","context":"En &quot;Jalisco&quot;","block_context":{"text":"Jalisco","link":"http:\/\/www.grieta.org.mx\/index.php\/category\/noticias-nacionales\/jalisco\/"},"img":{"alt_text":"","src":"https:\/\/i0.wp.com\/www.grieta.org.mx\/wp-content\/uploads\/2018\/03\/14524434_1106112876131411_958039263622046936_o.jpg?resize=350%2C200","width":350,"height":200,"srcset":"https:\/\/i0.wp.com\/www.grieta.org.mx\/wp-content\/uploads\/2018\/03\/14524434_1106112876131411_958039263622046936_o.jpg?resize=350%2C200 1x, https:\/\/i0.wp.com\/www.grieta.org.mx\/wp-content\/uploads\/2018\/03\/14524434_1106112876131411_958039263622046936_o.jpg?resize=525%2C300 1.5x, https:\/\/i0.wp.com\/www.grieta.org.mx\/wp-content\/uploads\/2018\/03\/14524434_1106112876131411_958039263622046936_o.jpg?resize=700%2C400 2x"},"classes":[]},{"id":3214,"url":"http:\/\/www.grieta.org.mx\/index.php\/2016\/01\/10\/autoriza-semarnat-parque-eolico-a-cuatro-kilometros-de-area-natural-protegida\/","url_meta":{"origin":5611,"position":5},"title":"Autoriza Semarnat parque e\u00f3lico a cuatro kil\u00f3metros de \u00e1rea natural protegida","author":"grieta","date":"10 enero, 2016","format":false,"excerpt":"Hilda Hermosillo La dependencia dio luz verde al Manifiesto de Impacto Ambiental el pasado 18 de diciembre Habr\u00e1 afectaci\u00f3n permanente en cuatro hect\u00e1reas y temporal en 25.514 hect\u00e1reas por la remoci\u00f3n del arbolado La Secretar\u00eda de Medio Ambiente y Recursos Naturales (Semarnat) dio luz verde a la construcci\u00f3n de un\u2026","rel":"","context":"En &quot;aguascalientes&quot;","block_context":{"text":"aguascalientes","link":"http:\/\/www.grieta.org.mx\/index.php\/category\/aguascalientes\/"},"img":{"alt_text":"","src":"https:\/\/i0.wp.com\/www.grieta.org.mx\/wp-content\/uploads\/2018\/03\/14524434_1106112876131411_958039263622046936_o.jpg?resize=350%2C200","width":350,"height":200,"srcset":"https:\/\/i0.wp.com\/www.grieta.org.mx\/wp-content\/uploads\/2018\/03\/14524434_1106112876131411_958039263622046936_o.jpg?resize=350%2C200 1x, https:\/\/i0.wp.com\/www.grieta.org.mx\/wp-content\/uploads\/2018\/03\/14524434_1106112876131411_958039263622046936_o.jpg?resize=525%2C300 1.5x, https:\/\/i0.wp.com\/www.grieta.org.mx\/wp-content\/uploads\/2018\/03\/14524434_1106112876131411_958039263622046936_o.jpg?resize=700%2C400 2x"},"classes":[]}],"_links":{"self":[{"href":"http:\/\/www.grieta.org.mx\/index.php\/wp-json\/wp\/v2\/posts\/5611","targetHints":{"allow":["GET"]}}],"collection":[{"href":"http:\/\/www.grieta.org.mx\/index.php\/wp-json\/wp\/v2\/posts"}],"about":[{"href":"http:\/\/www.grieta.org.mx\/index.php\/wp-json\/wp\/v2\/types\/post"}],"author":[{"embeddable":true,"href":"http:\/\/www.grieta.org.mx\/index.php\/wp-json\/wp\/v2\/users\/2"}],"replies":[{"embeddable":true,"href":"http:\/\/www.grieta.org.mx\/index.php\/wp-json\/wp\/v2\/comments?post=5611"}],"version-history":[{"count":1,"href":"http:\/\/www.grieta.org.mx\/index.php\/wp-json\/wp\/v2\/posts\/5611\/revisions"}],"predecessor-version":[{"id":5615,"href":"http:\/\/www.grieta.org.mx\/index.php\/wp-json\/wp\/v2\/posts\/5611\/revisions\/5615"}],"wp:featuredmedia":[{"embeddable":true,"href":"http:\/\/www.grieta.org.mx\/index.php\/wp-json\/wp\/v2\/media\/21928"}],"wp:attachment":[{"href":"http:\/\/www.grieta.org.mx\/index.php\/wp-json\/wp\/v2\/media?parent=5611"}],"wp:term":[{"taxonomy":"category","embeddable":true,"href":"http:\/\/www.grieta.org.mx\/index.php\/wp-json\/wp\/v2\/categories?post=5611"},{"taxonomy":"post_tag","embeddable":true,"href":"http:\/\/www.grieta.org.mx\/index.php\/wp-json\/wp\/v2\/tags?post=5611"}],"curies":[{"name":"wp","href":"https:\/\/api.w.org\/{rel}","templated":true}]}}