{"id":56081,"date":"2020-12-28T15:56:57","date_gmt":"2020-12-28T21:56:57","guid":{"rendered":"http:\/\/www.grieta.org.mx\/?p=56081"},"modified":"2021-01-02T21:00:43","modified_gmt":"2021-01-03T03:00:43","slug":"asesinadas-en-oaxaca-tres-mujeres-durante-festejos-navidenos","status":"publish","type":"post","link":"http:\/\/www.grieta.org.mx\/index.php\/2020\/12\/28\/asesinadas-en-oaxaca-tres-mujeres-durante-festejos-navidenos\/","title":{"rendered":"Asesinadas en Oaxaca, tres mujeres durante festejos navide\u00f1os"},"content":{"rendered":"<p>Noticias \/ Citlalli Luciana.<\/p>\n<p><img loading=\"lazy\" decoding=\"async\" data-attachment-id=\"56082\" data-permalink=\"http:\/\/www.grieta.org.mx\/index.php\/2020\/12\/28\/asesinadas-en-oaxaca-tres-mujeres-durante-festejos-navidenos\/a-71\/\" data-orig-file=\"http:\/\/www.grieta.org.mx\/wp-content\/uploads\/2021\/01\/A.jpg\" data-orig-size=\"1144,645\" data-comments-opened=\"0\" data-image-meta=\"{&quot;aperture&quot;:&quot;0&quot;,&quot;credit&quot;:&quot;&quot;,&quot;camera&quot;:&quot;&quot;,&quot;caption&quot;:&quot;&quot;,&quot;created_timestamp&quot;:&quot;0&quot;,&quot;copyright&quot;:&quot;&quot;,&quot;focal_length&quot;:&quot;0&quot;,&quot;iso&quot;:&quot;0&quot;,&quot;shutter_speed&quot;:&quot;0&quot;,&quot;title&quot;:&quot;&quot;,&quot;orientation&quot;:&quot;0&quot;}\" data-image-title=\"A\" data-image-description=\"\" data-image-caption=\"\" data-medium-file=\"http:\/\/www.grieta.org.mx\/wp-content\/uploads\/2021\/01\/A-300x169.jpg\" data-large-file=\"http:\/\/www.grieta.org.mx\/wp-content\/uploads\/2021\/01\/A-1024x577.jpg\" class=\"alignnone wp-image-56082\" src=\"http:\/\/www.grieta.org.mx\/wp-content\/uploads\/2021\/01\/A.jpg\" alt=\"\" width=\"800\" height=\"451\" srcset=\"http:\/\/www.grieta.org.mx\/wp-content\/uploads\/2021\/01\/A.jpg 1144w, http:\/\/www.grieta.org.mx\/wp-content\/uploads\/2021\/01\/A-300x169.jpg 300w, http:\/\/www.grieta.org.mx\/wp-content\/uploads\/2021\/01\/A-1024x577.jpg 1024w, http:\/\/www.grieta.org.mx\/wp-content\/uploads\/2021\/01\/A-768x433.jpg 768w, http:\/\/www.grieta.org.mx\/wp-content\/uploads\/2021\/01\/A-887x500.jpg 887w\" sizes=\"auto, (max-width: 800px) 100vw, 800px\" \/><\/p>\n<p>De manera impune la violencia feminicida arrebat\u00f3 la vida de Bertha, Nayeli y Melisa, quienes en distintos puntos de la entidad fueron asesinadas en los pasados cinco d\u00edas, previo, durante y posterior a las fiestas navide\u00f1as. Con estos casos suman 14 mujeres a quienes se les ha arrebatado la vida durante diciembre, perfil\u00e1ndose como uno de los meses m\u00e1s violentos para las mujeres en este a\u00f1o.<\/p>\n<p>La indignaci\u00f3n causada por los asesinatos de Berta y Melissa, activ\u00f3 la b\u00fasqueda de los feminicidas, en ambos casos sus parejas y padres de sus hijos. A trav\u00e9s de las rede sociales, familiares de las v\u00edctimas y colectivas feministas difundieron las fotograf\u00edas de los implicados a fin de dar con ellos.<\/p>\n<p>Melisa A. P. P. de 29 a\u00f1os de edad fue asesinada a pu\u00f1aladas en la agencia de San Francisco Yosocuta, ubicada en Huajuapan de Le\u00f3n. El presunto asesinado es Miguel C., su pareja qui\u00e9n despu\u00e9s del hecho, cometido el 21 de diciembre, se dio a la fuga.<\/p>\n<p>Posteriormente, la noche del 24 de diciembre, Bertha J. D. fue asesinada en Uni\u00f3n Hidalgo. El presunto agresor Jes\u00fas M. A. tambi\u00e9n encuentra pr\u00f3fugo.<\/p>\n<p>\u201cLa mujer de la foto es mi prima originaria de San Pedro Jilotepec, y el hombre a su lado es su esposo. Ella est\u00e1 muerta, me acabo de enterar de que hoy es su sepelio. \u00c9l la asesin\u00f3; los hechos ocurrieron en Uni\u00f3n Hidalgo. Ten\u00edan ya varios a\u00f1os juntos y tienen un hijo en com\u00fan. Mi sobrino hoy es hu\u00e9rfano de madre gracias a que su padre le quit\u00f3 la vida. No es posible tanta maldad, tanto odio acumulado por tanto tiempo. Yo conviv\u00ed con ellos, nunca vi rasgos de violencia, sin embargo, un d\u00eda sucedi\u00f3 esto. A todos los que me leen les pido por favor que compartan la publicaci\u00f3n para encontrar a este se\u00f1or ya que como buen cobarde mat\u00f3 a mi prima y huy\u00f3\u201d, escribi\u00f3 una de las familiares de la v\u00edctima llamando a la localizaci\u00f3n de presunto feminicida.<\/p>\n<p>A los dos feminicidios anteriores se sum\u00f3 el de Nayeli de 17 a\u00f1os de edad qui\u00e9n fue asesinada la tarde noche del s\u00e1bado en San Antonio de la Cal tras recibir un disparo de arma en la cabeza.<\/p>\n<p>Cifras de la Grupo de Estudios Sobre la Mujer Rosario Castellanos se\u00f1ala que en lo que va de la actual administraci\u00f3n estatal de gobierno suman 495 mujeres y ni\u00f1as asesinadas de manera violenta; 280 desde la declaratoria de Alerta de Violencia de G\u00e9nero contra las Mujeres (AVGM) y 111 en lo que va del a\u00f1o.<\/p>\n<p>Las regiones de Valles Centrales y el Istmo con 23 por ciento cada una, concentran el 46 por ciento de los femincidios, es decir casi la mitad de todos los asesinatos violentos de mujeres y ni\u00f1as en este a\u00f1o, destac\u00f3 Ang\u00e9lica Ayala, presidenta del GESMujer.<\/p>\n<p>\u201cEl indignante feminicidio de Bertha en Uni\u00f3n Hidalgo no debe quedar en la impunidad, pues la misoginia que se expresa en el rechazo, odio y aversi\u00f3n a las mujeres por su condici\u00f3n de ser mujeres, es un grave problema social, presente no s\u00f3lo en las relaciones inequitativas e injustas en donde los hombres abusan de su poder, sino que tambi\u00e9n est\u00e1 presente en las instituciones de prevenir atender y sancionar la violencia por raz\u00f3n de g\u00e9nero pues las omisiones son tan graves como los propios hechos que arrebatan la vida de las mujeres oaxaque\u00f1as\u201d, destac\u00f3 la defensora de derechos de la mujer.<\/p>\n<p><a href=\"https:\/\/www.nvinoticias.com\/nota\/170930\/asesinadas-en-oaxaca-tres-mujeres-durante-festejos-navidenos\" target=\"_blank\" rel=\"noopener\">https:\/\/www.nvinoticias.com\/nota\/170930\/asesinadas-en-oaxaca-tres-mujeres-durante-festejos-navidenos<\/a><\/p>\n","protected":false},"excerpt":{"rendered":"<p>Noticias \/ Citlalli Luciana. De manera impune la violencia feminicida arrebat\u00f3 la vida de Bertha, Nayeli y Melisa, quienes en distintos puntos de la entidad fueron asesinadas en los pasados &hellip; <a href=\"http:\/\/www.grieta.org.mx\/index.php\/2020\/12\/28\/asesinadas-en-oaxaca-tres-mujeres-durante-festejos-navidenos\/\" class=\"more-link\">Leer m\u00e1s<\/a><\/p>\n","protected":false},"author":2,"featured_media":21928,"comment_status":"closed","ping_status":"closed","sticky":false,"template":"","format":"standard","meta":{"ngg_post_thumbnail":0,"_jetpack_newsletter_access":"","_jetpack_dont_email_post_to_subs":false,"_jetpack_newsletter_tier_id":0,"_jetpack_memberships_contains_paywalled_content":false,"_jetpack_memberships_contains_paid_content":false,"footnotes":""},"categories":[80,1325,2,25,1665],"tags":[],"class_list":["post-56081","post","type-post","status-publish","format-standard","has-post-thumbnail","hentry","category-cintillo","category-feminicidios-en-oaxaca-oaxaca","category-noticias-nacionales","category-oaxaca","category-violencia-contra-las-mujeres-en-oaxaca","entry"],"jetpack_featured_media_url":"http:\/\/www.grieta.org.mx\/wp-content\/uploads\/2018\/03\/14524434_1106112876131411_958039263622046936_o.jpg","jetpack_sharing_enabled":true,"jetpack_shortlink":"https:\/\/wp.me\/p7ZJR4-eAx","jetpack_likes_enabled":false,"jetpack-related-posts":[{"id":47704,"url":"http:\/\/www.grieta.org.mx\/index.php\/2020\/04\/10\/suman-419-mujeres-asesinadas-en-oaxaca\/","url_meta":{"origin":56081,"position":0},"title":"Suman 419 mujeres asesinadas en Oaxaca","author":"grieta","date":"10 abril, 2020","format":false,"excerpt":"P\u00e1gina 3 \/ Pedro Mat\u00edas. Del 1 de diciembre de 2016 al 10 de abril de 2020 registran 419 casos de mujeres asesinadas. *Se contabilizan dos feminicidios infantiles: GESMujer Pedro MAT\u00cdAS OAXACA. (pagina3.mx).- Con la ejecuci\u00f3n de cuatro mujeres en las \u00faltimas 24 horas, suman 419 casos de mujeres asesinadas\u2026","rel":"","context":"En &quot;CINTILLO&quot;","block_context":{"text":"CINTILLO","link":"http:\/\/www.grieta.org.mx\/index.php\/category\/cintillo\/"},"img":{"alt_text":"","src":"https:\/\/i0.wp.com\/www.grieta.org.mx\/wp-content\/uploads\/2020\/04\/feminicidio-en-Oaxaca-696x394.jpg?resize=350%2C200","width":350,"height":200,"srcset":"https:\/\/i0.wp.com\/www.grieta.org.mx\/wp-content\/uploads\/2020\/04\/feminicidio-en-Oaxaca-696x394.jpg?resize=350%2C200 1x, https:\/\/i0.wp.com\/www.grieta.org.mx\/wp-content\/uploads\/2020\/04\/feminicidio-en-Oaxaca-696x394.jpg?resize=525%2C300 1.5x"},"classes":[]},{"id":51988,"url":"http:\/\/www.grieta.org.mx\/index.php\/2020\/07\/21\/234-mujeres-asesinadas-en-oaxaca-a-dos-anos-de-la-alerta-de-violencia-de-genero\/","url_meta":{"origin":56081,"position":1},"title":"234 mujeres asesinadas en Oaxaca, a dos a\u00f1os de la Alerta de Violencia de G\u00e9nero","author":"grieta","date":"21 julio, 2020","format":false,"excerpt":"Noticias \/ Citlalli Luciana. *AVGM fue emitida en 40 municipios de Oaxaca A casi dos a\u00f1os de que se emitiera la Alerta de Violencia de G\u00e9nero contra las Mujeres en 40 municipios de Oaxaca, los \u00edndices de violencia feminicida evidencian la falta de impacto para salvaguardar su vida. En ese\u2026","rel":"","context":"En &quot;CINTILLO&quot;","block_context":{"text":"CINTILLO","link":"http:\/\/www.grieta.org.mx\/index.php\/category\/cintillo\/"},"img":{"alt_text":"","src":"https:\/\/i0.wp.com\/www.grieta.org.mx\/wp-content\/uploads\/2018\/03\/14524434_1106112876131411_958039263622046936_o.jpg?resize=350%2C200","width":350,"height":200,"srcset":"https:\/\/i0.wp.com\/www.grieta.org.mx\/wp-content\/uploads\/2018\/03\/14524434_1106112876131411_958039263622046936_o.jpg?resize=350%2C200 1x, https:\/\/i0.wp.com\/www.grieta.org.mx\/wp-content\/uploads\/2018\/03\/14524434_1106112876131411_958039263622046936_o.jpg?resize=525%2C300 1.5x, https:\/\/i0.wp.com\/www.grieta.org.mx\/wp-content\/uploads\/2018\/03\/14524434_1106112876131411_958039263622046936_o.jpg?resize=700%2C400 2x"},"classes":[]},{"id":51250,"url":"http:\/\/www.grieta.org.mx\/index.php\/2020\/06\/26\/se-mantiene-la-violencia-feminicida-durante-la-pandemia-de-covid-19-van-57-mujeres-asesinadas-oaxaca\/","url_meta":{"origin":56081,"position":2},"title":"Se mantiene la violencia feminicida durante la pandemia de covid-19; van 57 mujeres asesinadas (Oaxaca)","author":"grieta","date":"26 junio, 2020","format":false,"excerpt":"P\u00e1gina 3 \/ Pedro Mat\u00edas. OAXACA, Oax.- El Grupo de estudios sobre la mujer \u201cRosario Castellanos\u201d (GESMujer) denunci\u00f3 que lamentablemente la violencia feminicida se ha mantenido durante la pandemia del covid-19, como los revelan las 57 mujeres asesinadas en lo que va del a\u00f1o. Esto significa que del 1 de\u2026","rel":"","context":"En &quot;CINTILLO&quot;","block_context":{"text":"CINTILLO","link":"http:\/\/www.grieta.org.mx\/index.php\/category\/cintillo\/"},"img":{"alt_text":"","src":"https:\/\/i0.wp.com\/www.grieta.org.mx\/wp-content\/uploads\/2020\/06\/1-5.jpg?resize=350%2C200","width":350,"height":200,"srcset":"https:\/\/i0.wp.com\/www.grieta.org.mx\/wp-content\/uploads\/2020\/06\/1-5.jpg?resize=350%2C200 1x, https:\/\/i0.wp.com\/www.grieta.org.mx\/wp-content\/uploads\/2020\/06\/1-5.jpg?resize=525%2C300 1.5x, https:\/\/i0.wp.com\/www.grieta.org.mx\/wp-content\/uploads\/2020\/06\/1-5.jpg?resize=700%2C400 2x"},"classes":[]},{"id":35404,"url":"http:\/\/www.grieta.org.mx\/index.php\/2019\/06\/26\/mujeres-74-asesinadas-en-seis-meses-istmo-el-mas-violento-oaxaca\/","url_meta":{"origin":56081,"position":3},"title":"Mujeres, 74 asesinadas en seis meses; Istmo, el m\u00e1s violento (Oaxaca)","author":"grieta","date":"26 junio, 2019","format":false,"excerpt":"Citlalli Luciana \/ Noticias. Irrefrenable violencia feminicida. De enero a la fecha 74 mujeres fueron asesinadas en el territorio estatal; con 16 casos junio se estableci\u00f3 como el mes m\u00e1s funesto por el n\u00famero de v\u00edctimas de acuerdo con el Centro de Documentaci\u00f3n del Grupo de Estudios Sobre la Mujer\u2026","rel":"","context":"En &quot;CINTILLO&quot;","block_context":{"text":"CINTILLO","link":"http:\/\/www.grieta.org.mx\/index.php\/category\/cintillo\/"},"img":{"alt_text":"","src":"https:\/\/i0.wp.com\/www.grieta.org.mx\/wp-content\/uploads\/2019\/06\/image_23_400.jpg?resize=350%2C200","width":350,"height":200,"srcset":"https:\/\/i0.wp.com\/www.grieta.org.mx\/wp-content\/uploads\/2019\/06\/image_23_400.jpg?resize=350%2C200 1x, https:\/\/i0.wp.com\/www.grieta.org.mx\/wp-content\/uploads\/2019\/06\/image_23_400.jpg?resize=525%2C300 1.5x, https:\/\/i0.wp.com\/www.grieta.org.mx\/wp-content\/uploads\/2019\/06\/image_23_400.jpg?resize=700%2C400 2x, https:\/\/i0.wp.com\/www.grieta.org.mx\/wp-content\/uploads\/2019\/06\/image_23_400.jpg?resize=1050%2C600 3x"},"classes":[]},{"id":63720,"url":"http:\/\/www.grieta.org.mx\/index.php\/2022\/03\/17\/dos-mujeres-y-una-adolescente-fueron-asesinadas-en-oaxaca-van-34-feminicidios-durante-2022\/","url_meta":{"origin":56081,"position":4},"title":"Dos mujeres y una adolescente fueron asesinadas en Oaxaca, van 34 feminicidios durante 2022","author":"grieta","date":"17 marzo, 2022","format":false,"excerpt":"Proceso \/ Pedro Mat\u00edas. De acuerdo con el conteo de la Plataforma de Violencia Feminicida, el Istmo de Tehuantepec es la regi\u00f3n con la mayor incidencia al concentrar 17 casos, de los cuales 10 se cometieron en el municipio de Juchit\u00e1n de Zaragoza. OAXACA, Oax. (apro).- La violencia feminicida en\u2026","rel":"","context":"En &quot;CINTILLO&quot;","block_context":{"text":"CINTILLO","link":"http:\/\/www.grieta.org.mx\/index.php\/category\/cintillo\/"},"img":{"alt_text":"","src":"https:\/\/i0.wp.com\/www.grieta.org.mx\/wp-content\/uploads\/2022\/03\/1.jpg?resize=350%2C200","width":350,"height":200,"srcset":"https:\/\/i0.wp.com\/www.grieta.org.mx\/wp-content\/uploads\/2022\/03\/1.jpg?resize=350%2C200 1x, https:\/\/i0.wp.com\/www.grieta.org.mx\/wp-content\/uploads\/2022\/03\/1.jpg?resize=525%2C300 1.5x, https:\/\/i0.wp.com\/www.grieta.org.mx\/wp-content\/uploads\/2022\/03\/1.jpg?resize=700%2C400 2x"},"classes":[]},{"id":63337,"url":"http:\/\/www.grieta.org.mx\/index.php\/2022\/02\/07\/suman-600-mujeres-asesinadas-durante-el-gobierno-de-alejandro-murat-en-oaxaca\/","url_meta":{"origin":56081,"position":5},"title":"Suman 600 mujeres asesinadas durante el gobierno de Alejandro Murat en Oaxaca","author":"grieta","date":"7 febrero, 2022","format":false,"excerpt":"Proceso \/ Pedro Mat\u00edas. Violencia. El fin de semana muri\u00f3 una menor de tres a\u00f1os. Foto: Benjam\u00edn Flores. OAXACA, Oax. (apro).- Con las ejecuciones de Arcenia V. S.., Valentina V. S. y Dayana P. V. de 34, 36 y 3 a\u00f1os de edad, respectivamente, suman 600 las mujeres asesinadas en\u2026","rel":"","context":"En &quot;CINTILLO&quot;","block_context":{"text":"CINTILLO","link":"http:\/\/www.grieta.org.mx\/index.php\/category\/cintillo\/"},"img":{"alt_text":"","src":"https:\/\/i0.wp.com\/www.grieta.org.mx\/wp-content\/uploads\/2022\/02\/1.jpg?resize=350%2C200","width":350,"height":200,"srcset":"https:\/\/i0.wp.com\/www.grieta.org.mx\/wp-content\/uploads\/2022\/02\/1.jpg?resize=350%2C200 1x, https:\/\/i0.wp.com\/www.grieta.org.mx\/wp-content\/uploads\/2022\/02\/1.jpg?resize=525%2C300 1.5x, https:\/\/i0.wp.com\/www.grieta.org.mx\/wp-content\/uploads\/2022\/02\/1.jpg?resize=700%2C400 2x, https:\/\/i0.wp.com\/www.grieta.org.mx\/wp-content\/uploads\/2022\/02\/1.jpg?resize=1050%2C600 3x, https:\/\/i0.wp.com\/www.grieta.org.mx\/wp-content\/uploads\/2022\/02\/1.jpg?resize=1400%2C800 4x"},"classes":[]}],"_links":{"self":[{"href":"http:\/\/www.grieta.org.mx\/index.php\/wp-json\/wp\/v2\/posts\/56081","targetHints":{"allow":["GET"]}}],"collection":[{"href":"http:\/\/www.grieta.org.mx\/index.php\/wp-json\/wp\/v2\/posts"}],"about":[{"href":"http:\/\/www.grieta.org.mx\/index.php\/wp-json\/wp\/v2\/types\/post"}],"author":[{"embeddable":true,"href":"http:\/\/www.grieta.org.mx\/index.php\/wp-json\/wp\/v2\/users\/2"}],"replies":[{"embeddable":true,"href":"http:\/\/www.grieta.org.mx\/index.php\/wp-json\/wp\/v2\/comments?post=56081"}],"version-history":[{"count":1,"href":"http:\/\/www.grieta.org.mx\/index.php\/wp-json\/wp\/v2\/posts\/56081\/revisions"}],"predecessor-version":[{"id":56083,"href":"http:\/\/www.grieta.org.mx\/index.php\/wp-json\/wp\/v2\/posts\/56081\/revisions\/56083"}],"wp:featuredmedia":[{"embeddable":true,"href":"http:\/\/www.grieta.org.mx\/index.php\/wp-json\/wp\/v2\/media\/21928"}],"wp:attachment":[{"href":"http:\/\/www.grieta.org.mx\/index.php\/wp-json\/wp\/v2\/media?parent=56081"}],"wp:term":[{"taxonomy":"category","embeddable":true,"href":"http:\/\/www.grieta.org.mx\/index.php\/wp-json\/wp\/v2\/categories?post=56081"},{"taxonomy":"post_tag","embeddable":true,"href":"http:\/\/www.grieta.org.mx\/index.php\/wp-json\/wp\/v2\/tags?post=56081"}],"curies":[{"name":"wp","href":"https:\/\/api.w.org\/{rel}","templated":true}]}}