{"id":56044,"date":"2020-11-13T22:11:24","date_gmt":"2020-11-14T04:11:24","guid":{"rendered":"http:\/\/www.grieta.org.mx\/?p=56044"},"modified":"2020-12-28T22:23:58","modified_gmt":"2020-12-29T04:23:58","slug":"protestan-contra-la-reforma-a-issstezac-zacatecas","status":"publish","type":"post","link":"http:\/\/www.grieta.org.mx\/index.php\/2020\/11\/13\/protestan-contra-la-reforma-a-issstezac-zacatecas\/","title":{"rendered":"Protestan contra la reforma a Issstezac (Zacatecas)"},"content":{"rendered":"<figure id=\"attachment_56045\" aria-describedby=\"caption-attachment-56045\" style=\"width: 2048px\" class=\"wp-caption alignnone\"><img loading=\"lazy\" decoding=\"async\" data-attachment-id=\"56045\" data-permalink=\"http:\/\/www.grieta.org.mx\/index.php\/2020\/11\/13\/protestan-contra-la-reforma-a-issstezac-zacatecas\/issstezac1\/\" data-orig-file=\"http:\/\/www.grieta.org.mx\/wp-content\/uploads\/2020\/12\/issstezac1.jpg\" data-orig-size=\"2048,1365\" data-comments-opened=\"0\" data-image-meta=\"{&quot;aperture&quot;:&quot;0&quot;,&quot;credit&quot;:&quot;&quot;,&quot;camera&quot;:&quot;&quot;,&quot;caption&quot;:&quot;&quot;,&quot;created_timestamp&quot;:&quot;0&quot;,&quot;copyright&quot;:&quot;&quot;,&quot;focal_length&quot;:&quot;0&quot;,&quot;iso&quot;:&quot;0&quot;,&quot;shutter_speed&quot;:&quot;0&quot;,&quot;title&quot;:&quot;&quot;,&quot;orientation&quot;:&quot;0&quot;}\" data-image-title=\"issstezac1\" data-image-description=\"\" data-image-caption=\"&lt;p&gt;Foto: Hugo Leandro. NTR Zacatecas&lt;\/p&gt;\n\" data-medium-file=\"http:\/\/www.grieta.org.mx\/wp-content\/uploads\/2020\/12\/issstezac1-300x200.jpg\" data-large-file=\"http:\/\/www.grieta.org.mx\/wp-content\/uploads\/2020\/12\/issstezac1-1024x683.jpg\" src=\"http:\/\/www.grieta.org.mx\/wp-content\/uploads\/2020\/12\/issstezac1.jpg\" alt=\"\" width=\"2048\" height=\"1365\" class=\"size-full wp-image-56045\" srcset=\"http:\/\/www.grieta.org.mx\/wp-content\/uploads\/2020\/12\/issstezac1.jpg 2048w, http:\/\/www.grieta.org.mx\/wp-content\/uploads\/2020\/12\/issstezac1-300x200.jpg 300w, http:\/\/www.grieta.org.mx\/wp-content\/uploads\/2020\/12\/issstezac1-1024x683.jpg 1024w, http:\/\/www.grieta.org.mx\/wp-content\/uploads\/2020\/12\/issstezac1-768x512.jpg 768w, http:\/\/www.grieta.org.mx\/wp-content\/uploads\/2020\/12\/issstezac1-1536x1024.jpg 1536w, http:\/\/www.grieta.org.mx\/wp-content\/uploads\/2020\/12\/issstezac1-750x500.jpg 750w\" sizes=\"auto, (max-width: 2048px) 100vw, 2048px\" \/><figcaption id=\"caption-attachment-56045\" class=\"wp-caption-text\">Foto: Hugo Leandro. NTR Zacatecas<\/figcaption><\/figure>\n<p>FRANZELY REYNA \/ NTRZACATECAS.COM, 13 de noviembre de 2020<\/p>\n<p>ZACATECAS. El Movimiento de Bases en Defensa del Instituto de Seguridad y Servicios Sociales de los Trabajadores del Estado de Zacatecas (Issstezac), se manifest\u00f3 en Zacatecas y Guadalupe, as\u00ed como en  las principales calles del Centro Hist\u00f3rico de la capital con el fin de oponerse a la reforma a la Ley de Issstezac que pretende realizar el gobierno del estado.<\/p>\n<p>La manifestaci\u00f3n se realiz\u00f3 desde autom\u00f3viles particulares que portaban consignas como \u201cno al desmantelamiento del Issstezac\u201d, \u201cel Issstezac no es de particulares, fuera saqueadores\u201d, e incluso algunas que ped\u00edan la destituci\u00f3n del director Marco Vinicio Flores Guerrero.<\/p>\n<p>Las manifestaciones llegaron a tres puntos espec\u00edficos: Plaza de Armas, Congreso del Estado, as\u00ed como las afueras del Issstezac, donde exigieron los resultados de las auditor\u00edas que se hicieron y que la mesa directiva pueda recibirlos para poder expresar sus preocupaciones y propuestas para salvar al instituto.<\/p>\n<p>Los integrantes del Movimiento de Bases en Defensa exigieron una reuni\u00f3n con la mesa directiva en la que se den los resultados de las auditor\u00edas, que puedan exponer sus propuestas para poder darle solvencia econ\u00f3mica y salvar al instituto.<\/p>\n<p>\u201cNecesitamos revisar la propuesta, es lo que estamos pidiendo; hay alternativas para recuperar al instituto, solo necesitamos que cumplan con la obligaci\u00f3n de que vean nuestra propuesta, queremos un ejercicio en el que trabajemos todos, porque si no, no ser\u00e1 factible una reforma en el estado\u201d.<\/p>\n<p><a href=\"http:\/\/ntrzacatecas.com\/2020\/11\/13\/protestan-contra-la-reforma-a-issstezac\/\">http:\/\/ntrzacatecas.com\/2020\/11\/13\/protestan-contra-la-reforma-a-issstezac\/<\/a><\/p>\n","protected":false},"excerpt":{"rendered":"<p>FRANZELY REYNA \/ NTRZACATECAS.COM, 13 de noviembre de 2020 ZACATECAS. El Movimiento de Bases en Defensa del Instituto de Seguridad y Servicios Sociales de los Trabajadores del Estado de Zacatecas &hellip; <a href=\"http:\/\/www.grieta.org.mx\/index.php\/2020\/11\/13\/protestan-contra-la-reforma-a-issstezac-zacatecas\/\" class=\"more-link\">Leer m\u00e1s<\/a><\/p>\n","protected":false},"author":2,"featured_media":56045,"comment_status":"closed","ping_status":"closed","sticky":false,"template":"","format":"standard","meta":{"ngg_post_thumbnail":0,"_jetpack_newsletter_access":"","_jetpack_dont_email_post_to_subs":false,"_jetpack_newsletter_tier_id":0,"_jetpack_memberships_contains_paywalled_content":false,"_jetpack_memberships_contains_paid_content":false,"footnotes":""},"categories":[80,3773,76],"tags":[2250,3133,1275],"class_list":["post-56044","post","type-post","status-publish","format-standard","has-post-thumbnail","hentry","category-cintillo","category-conflictos-laborales-en-el-sector-publico-en-zacatecas","category-zacatecas","tag-conflictos-laborales-en-el-sector-publico","tag-crisis-del-sector-salud","tag-seguridad-social","entry"],"jetpack_featured_media_url":"http:\/\/www.grieta.org.mx\/wp-content\/uploads\/2020\/12\/issstezac1.jpg","jetpack_sharing_enabled":true,"jetpack_shortlink":"https:\/\/wp.me\/p7ZJR4-ezW","jetpack_likes_enabled":false,"jetpack-related-posts":[{"id":60448,"url":"http:\/\/www.grieta.org.mx\/index.php\/2021\/07\/01\/se-suma-sitez-a-protestas-contra-reforma-a-la-ley-de-issstezac-zacatecas\/","url_meta":{"origin":56044,"position":0},"title":"Se suma SITEZ a protestas contra reforma a la Ley de Issstezac (Zacatecas)","author":"grieta","date":"1 julio, 2021","format":false,"excerpt":"KAREN CALDER\u00d3N \/ NTRZACATECAS.COM, 01 de julio de 2021 ZACATECAS. El Sindicato Independiente de Trabajadores del Estado de Zacatecas (SITEZ) se manifest\u00f3 a las afueras del Congreso del Estado y en Plaza de Armas en contra de la reforma a la Ley de Issstezac y de las percepciones extraordinarias del\u2026","rel":"","context":"En &quot;CINTILLO&quot;","block_context":{"text":"CINTILLO","link":"http:\/\/www.grieta.org.mx\/index.php\/category\/cintillo\/"},"img":{"alt_text":"","src":"https:\/\/i0.wp.com\/www.grieta.org.mx\/wp-content\/uploads\/2021\/07\/sitez-4-650x380-1.jpeg?resize=350%2C200","width":350,"height":200,"srcset":"https:\/\/i0.wp.com\/www.grieta.org.mx\/wp-content\/uploads\/2021\/07\/sitez-4-650x380-1.jpeg?resize=350%2C200 1x, https:\/\/i0.wp.com\/www.grieta.org.mx\/wp-content\/uploads\/2021\/07\/sitez-4-650x380-1.jpeg?resize=525%2C300 1.5x"},"classes":[]},{"id":60460,"url":"http:\/\/www.grieta.org.mx\/index.php\/2021\/07\/15\/frenan-protestas-reforma-issstezac-zacatecas\/","url_meta":{"origin":56044,"position":1},"title":"Frenan protestas reforma Issstezac (Zacatecas)","author":"grieta","date":"15 julio, 2021","format":false,"excerpt":"LANDY VALLE Y FRANZELY REYNA\/NTRZACATECAS.COM 15 de julio de 2021. Zacatecas, Zacatecas.-Tras horas de protestas en la capital del estado, sindicalizados acordaron con los diputados locales que recibieran sus propuestas y ampliaran la discusi\u00f3n de la reforma al Instituto de Seguridad y Servicios Sociales de los Trabajadores del Estado de\u2026","rel":"","context":"En &quot;CINTILLO&quot;","block_context":{"text":"CINTILLO","link":"http:\/\/www.grieta.org.mx\/index.php\/category\/cintillo\/"},"img":{"alt_text":"","src":"https:\/\/i0.wp.com\/www.grieta.org.mx\/wp-content\/uploads\/2021\/07\/sindicatos-2.jpg?resize=350%2C200","width":350,"height":200,"srcset":"https:\/\/i0.wp.com\/www.grieta.org.mx\/wp-content\/uploads\/2021\/07\/sindicatos-2.jpg?resize=350%2C200 1x, https:\/\/i0.wp.com\/www.grieta.org.mx\/wp-content\/uploads\/2021\/07\/sindicatos-2.jpg?resize=525%2C300 1.5x, https:\/\/i0.wp.com\/www.grieta.org.mx\/wp-content\/uploads\/2021\/07\/sindicatos-2.jpg?resize=700%2C400 2x, https:\/\/i0.wp.com\/www.grieta.org.mx\/wp-content\/uploads\/2021\/07\/sindicatos-2.jpg?resize=1050%2C600 3x, https:\/\/i0.wp.com\/www.grieta.org.mx\/wp-content\/uploads\/2021\/07\/sindicatos-2.jpg?resize=1400%2C800 4x"},"classes":[]},{"id":8482,"url":"http:\/\/www.grieta.org.mx\/index.php\/2015\/03\/26\/reforma-a-la-ley-del-issstezac\/","url_meta":{"origin":56044,"position":2},"title":"Reforma a la ley del  ISSSTEZAC","author":"grieta","date":"26 marzo, 2015","format":false,"excerpt":"26\/03\/15. Una decena de maestros heridos, saldo de enfrentamiento de ayer por nueva Ley del Issstezac: disidencia de SNTE 58 La Jornada Zacatecas 25\/03\/15. Imparten charla sobre c\u00f3mo ampararse ante ley Issstezac NTR Period\u00edsmo Critico 25\/03\/15. Publican reforma Ley Issstezac en Peri\u00f3dico Oficial NTR Period\u00edsmo Critico 23\/03\/15. Este mi\u00e9rcoles, trabajadores\u2026","rel":"","context":"En &quot;Zacatecas&quot;","block_context":{"text":"Zacatecas","link":"http:\/\/www.grieta.org.mx\/index.php\/category\/noticias-nacionales\/zacatecas\/"},"img":{"alt_text":"","src":"https:\/\/i0.wp.com\/www.grieta.org.mx\/wp-content\/uploads\/2018\/03\/14524434_1106112876131411_958039263622046936_o.jpg?resize=350%2C200","width":350,"height":200,"srcset":"https:\/\/i0.wp.com\/www.grieta.org.mx\/wp-content\/uploads\/2018\/03\/14524434_1106112876131411_958039263622046936_o.jpg?resize=350%2C200 1x, https:\/\/i0.wp.com\/www.grieta.org.mx\/wp-content\/uploads\/2018\/03\/14524434_1106112876131411_958039263622046936_o.jpg?resize=525%2C300 1.5x, https:\/\/i0.wp.com\/www.grieta.org.mx\/wp-content\/uploads\/2018\/03\/14524434_1106112876131411_958039263622046936_o.jpg?resize=700%2C400 2x"},"classes":[]},{"id":8393,"url":"http:\/\/www.grieta.org.mx\/index.php\/2015\/03\/25\/publican-reforma-ley-issstezac-en-periodico-oficial\/","url_meta":{"origin":56044,"position":3},"title":"Publican reforma Ley Issstezac en Peri\u00f3dico Oficial","author":"grieta","date":"25 marzo, 2015","format":false,"excerpt":"Mi\u00e9rcoles, 25 de marzo de 2015 STAFF \/ NTRZACATECAS.COM NTR Period\u00edsmo Critico Zacatecas.- Mediante un comunicado de prensa enviado por gobierno del estado se inform\u00f3 que este 21 de marzo se public\u00f3 la reforma a la ley del Instituto de Seguridad y Servicios Sociales de los Trabajadores del Estado de\u2026","rel":"","context":"En &quot;CINTILLO&quot;","block_context":{"text":"CINTILLO","link":"http:\/\/www.grieta.org.mx\/index.php\/category\/cintillo\/"},"img":{"alt_text":"","src":"https:\/\/i0.wp.com\/www.grieta.org.mx\/wp-content\/uploads\/2018\/03\/14524434_1106112876131411_958039263622046936_o.jpg?resize=350%2C200","width":350,"height":200,"srcset":"https:\/\/i0.wp.com\/www.grieta.org.mx\/wp-content\/uploads\/2018\/03\/14524434_1106112876131411_958039263622046936_o.jpg?resize=350%2C200 1x, https:\/\/i0.wp.com\/www.grieta.org.mx\/wp-content\/uploads\/2018\/03\/14524434_1106112876131411_958039263622046936_o.jpg?resize=525%2C300 1.5x, https:\/\/i0.wp.com\/www.grieta.org.mx\/wp-content\/uploads\/2018\/03\/14524434_1106112876131411_958039263622046936_o.jpg?resize=700%2C400 2x"},"classes":[]},{"id":60455,"url":"http:\/\/www.grieta.org.mx\/index.php\/2021\/07\/14\/estallan-protestas-por-nueva-de-ley-del-issstezac-zacatecas\/","url_meta":{"origin":56044,"position":4},"title":"Estallan protestas por nueva de Ley del Issstezac (Zacatecas)","author":"grieta","date":"14 julio, 2021","format":false,"excerpt":"Mi\u00e9rcoles, 14, Julio 2021 13:33. Escrito por Zacatecasonline Ante la posibilidad de que sea aprobada la iniciativa, enviada por el gobernador Alejandro Tello Cisterna, de reformas al Instituto de Seguridad y Servicios Sociales de los Trabajadores del Estado de Zacatecas (Issstezac), cientos de trabajadores y docentes de sindicatos salieron a\u2026","rel":"","context":"En &quot;CINTILLO&quot;","block_context":{"text":"CINTILLO","link":"http:\/\/www.grieta.org.mx\/index.php\/category\/cintillo\/"},"img":{"alt_text":"","src":"https:\/\/i0.wp.com\/www.grieta.org.mx\/wp-content\/uploads\/2021\/07\/protesta_1.jpeg?resize=350%2C200","width":350,"height":200,"srcset":"https:\/\/i0.wp.com\/www.grieta.org.mx\/wp-content\/uploads\/2021\/07\/protesta_1.jpeg?resize=350%2C200 1x, https:\/\/i0.wp.com\/www.grieta.org.mx\/wp-content\/uploads\/2021\/07\/protesta_1.jpeg?resize=525%2C300 1.5x"},"classes":[]},{"id":8412,"url":"http:\/\/www.grieta.org.mx\/index.php\/2015\/03\/20\/en-primera-etapa-transferira-issstezac-50-empleados-a-gobierno-del-estado-renteria\/","url_meta":{"origin":56044,"position":5},"title":"En primera etapa, transferir\u00e1 Issstezac 50 empleados a Gobierno del Estado: Renter\u00eda","author":"grieta","date":"20 marzo, 2015","format":false,"excerpt":"20 marzo, 2015 La Jornada Zacatecas RENATA AVILA Zacatecas.- Le Roy Barrag\u00e1n Ocampo, titular de la Secretar\u00eda de Administraci\u00f3n (Sad), inform\u00f3 que, aunque el gobierno estatal recontratar\u00e1 a gran parte de los trabajadores que ser\u00e1n removidos del Instituto de Seguridad y Servicios Sociales de los Trabajadores del Estado de Zacatecas\u2026","rel":"","context":"En &quot;CINTILLO&quot;","block_context":{"text":"CINTILLO","link":"http:\/\/www.grieta.org.mx\/index.php\/category\/cintillo\/"},"img":{"alt_text":"","src":"https:\/\/i0.wp.com\/www.grieta.org.mx\/wp-content\/uploads\/2018\/03\/14524434_1106112876131411_958039263622046936_o.jpg?resize=350%2C200","width":350,"height":200,"srcset":"https:\/\/i0.wp.com\/www.grieta.org.mx\/wp-content\/uploads\/2018\/03\/14524434_1106112876131411_958039263622046936_o.jpg?resize=350%2C200 1x, https:\/\/i0.wp.com\/www.grieta.org.mx\/wp-content\/uploads\/2018\/03\/14524434_1106112876131411_958039263622046936_o.jpg?resize=525%2C300 1.5x, https:\/\/i0.wp.com\/www.grieta.org.mx\/wp-content\/uploads\/2018\/03\/14524434_1106112876131411_958039263622046936_o.jpg?resize=700%2C400 2x"},"classes":[]}],"_links":{"self":[{"href":"http:\/\/www.grieta.org.mx\/index.php\/wp-json\/wp\/v2\/posts\/56044","targetHints":{"allow":["GET"]}}],"collection":[{"href":"http:\/\/www.grieta.org.mx\/index.php\/wp-json\/wp\/v2\/posts"}],"about":[{"href":"http:\/\/www.grieta.org.mx\/index.php\/wp-json\/wp\/v2\/types\/post"}],"author":[{"embeddable":true,"href":"http:\/\/www.grieta.org.mx\/index.php\/wp-json\/wp\/v2\/users\/2"}],"replies":[{"embeddable":true,"href":"http:\/\/www.grieta.org.mx\/index.php\/wp-json\/wp\/v2\/comments?post=56044"}],"version-history":[{"count":1,"href":"http:\/\/www.grieta.org.mx\/index.php\/wp-json\/wp\/v2\/posts\/56044\/revisions"}],"predecessor-version":[{"id":56046,"href":"http:\/\/www.grieta.org.mx\/index.php\/wp-json\/wp\/v2\/posts\/56044\/revisions\/56046"}],"wp:featuredmedia":[{"embeddable":true,"href":"http:\/\/www.grieta.org.mx\/index.php\/wp-json\/wp\/v2\/media\/56045"}],"wp:attachment":[{"href":"http:\/\/www.grieta.org.mx\/index.php\/wp-json\/wp\/v2\/media?parent=56044"}],"wp:term":[{"taxonomy":"category","embeddable":true,"href":"http:\/\/www.grieta.org.mx\/index.php\/wp-json\/wp\/v2\/categories?post=56044"},{"taxonomy":"post_tag","embeddable":true,"href":"http:\/\/www.grieta.org.mx\/index.php\/wp-json\/wp\/v2\/tags?post=56044"}],"curies":[{"name":"wp","href":"https:\/\/api.w.org\/{rel}","templated":true}]}}