{"id":5601,"date":"2016-01-10T15:53:12","date_gmt":"2016-01-10T15:53:12","guid":{"rendered":"http:\/\/50.22.11.12\/~grietaor\/?p=5601"},"modified":"2016-03-27T16:00:30","modified_gmt":"2016-03-27T16:00:30","slug":"autoriza-semarnat-parque-eolico-a-cuatro-kilometros-de-area-natural-protegida-2","status":"publish","type":"post","link":"http:\/\/www.grieta.org.mx\/index.php\/2016\/01\/10\/autoriza-semarnat-parque-eolico-a-cuatro-kilometros-de-area-natural-protegida-2\/","title":{"rendered":"Autoriza Semarnat parque e\u00f3lico a cuatro kil\u00f3metros de \u00e1rea natural protegida"},"content":{"rendered":"<p>Hilda Hermosillo, Aguascalientes. <\/p>\n<p>La Secretar\u00eda de Medio Ambiente y Recursos Naturales (Semarnat) dio luz verde a la construcci\u00f3n de un parque e\u00f3lico en un terreno que comprende los estados de Jalisco y Aguascalientes, a s\u00f3lo cuatro kil\u00f3metros del \u00e1rea de protecci\u00f3n del \u00e1guila real de la serran\u00eda de Juan Grande.<\/p>\n<p>La dependencia federal autoriz\u00f3 el 18 de diciembre de 2015 la Manifestaci\u00f3n de Impacto Ambiental (MIA) del proyecto presentado por la empresa Energ\u00eda Limpia de Palo Alto, que consiste en la edificaci\u00f3n de 101 aerogeneradores con una vida \u00fatil de 25 a\u00f1os, de acuerdo a la descripci\u00f3n del documento: \u201cel parque e\u00f3lico se desarrollar\u00e1 en dos pol\u00edgonos que en conjunto suman una superficie de 4429.2102 hect\u00e1reas, uno ubicado en el ejido Palo Alto, municipio de El Llano, estado de Aguascalientes y otro en el municipio de Ojuelos, estado de Jalisco\u201d.<\/p>\n<p>La infraestructura se conectar\u00e1 a la subestaci\u00f3n el\u00e9ctrica Ca\u00f1ada, propiedad de la Comisi\u00f3n Federal de Electricidad (CFE), ubicada en el municipio de San Francisco de los Romo: \u201cla demanda de electricidad ha crecido de forma constante durante la \u00faltima d\u00e9cada y la Secretar\u00eda de Energ\u00eda (Sener) prev\u00e9 que dicho consumo crecer\u00e1 un 4,8% al a\u00f1o durante los pr\u00f3ximos 10 a\u00f1os (\u2026), la generaci\u00f3n de energ\u00eda a partir de recursos renovables como es el caso del viento, adem\u00e1s de contribuir a satisfacer su demanda beneficiar\u00e1 al medio ambiente, ya que comparada con las otras fuentes de energ\u00eda, la e\u00f3lica no utiliza combustibles f\u00f3siles para su funcionamiento evitando con ello la emisi\u00f3n de gases que contribuyen al efecto invernadero\u201d.<\/p>\n<p>El documento del proyecto refiere: \u201cLa creaci\u00f3n del Proyecto impulsar\u00e1 el desarrollo de la poblaci\u00f3n a trav\u00e9s de las oportunidades de empleo, lo cual mejorar\u00e1 las condiciones de vida de los habitantes y podr\u00e1 coadyuvar a disminuir la migraci\u00f3n.\u201d.<\/p>\n<p>La localidad m\u00e1s cercana es La Soledad, a 115 metros de la trayectoria. Seg\u00fan los promoventes, las actividades agr\u00edcolas que se llevan a cabo en los alrededores del derecho de v\u00eda podr\u00e1n mantenerse: \u201cpara no afectar los ingresos actuales de los pobladores y los ejidatarios resultar\u00e1n beneficiados a trav\u00e9s del pago que reciban por el arrendamiento de sus terrenos\u201d.<\/p>\n<p>Adem\u00e1s se celebrar\u00e1n contratos de arrendamientos para que se perciban ingresos adicionales por servidumbre de paso.<\/p>\n<p>La descripci\u00f3n del parque e\u00f3lico detalla que las labores incluyen la remoci\u00f3n de la vegetaci\u00f3n forestal y se habla de que afectar\u00e1n de manera permanente cuatro hect\u00e1reas y de manera temporal 25.514 hect\u00e1reas. Sin embargo, el parque e\u00f3lico no estar\u00e1 en ninguna \u00c1rea Natural Protegida.<\/p>\n<p><a href=\"http:\/\/www.lja.mx\/2016\/01\/autoriza-semarnat-parque-eolico-a-cuatro-kilometros-de-area-natural-protegida\/\" target=\"_blank\">www.lja.mx\/2016\/01\/autoriza-semarnat-parque-eolico-a-cuatro-kilometros-de-area-natural-protegida\/<\/a><\/p>\n","protected":false},"excerpt":{"rendered":"<p>Hilda Hermosillo, Aguascalientes. La Secretar\u00eda de Medio Ambiente y Recursos Naturales (Semarnat) dio luz verde a la construcci\u00f3n de un parque e\u00f3lico en un terreno que comprende los estados de &hellip; <a href=\"http:\/\/www.grieta.org.mx\/index.php\/2016\/01\/10\/autoriza-semarnat-parque-eolico-a-cuatro-kilometros-de-area-natural-protegida-2\/\" class=\"more-link\">Leer m\u00e1s<\/a><\/p>\n","protected":false},"author":2,"featured_media":21928,"comment_status":"closed","ping_status":"open","sticky":false,"template":"","format":"standard","meta":{"ngg_post_thumbnail":0,"_jetpack_newsletter_access":"","_jetpack_dont_email_post_to_subs":false,"_jetpack_newsletter_tier_id":0,"_jetpack_memberships_contains_paywalled_content":false,"_jetpack_memberships_contains_paid_content":false,"footnotes":""},"categories":[305,80],"tags":[154,404],"class_list":["post-5601","post","type-post","status-publish","format-standard","has-post-thumbnail","hentry","category-aguascalientes","category-cintillo","tag-areas-naturales-protegidas","tag-semarnat","entry"],"jetpack_featured_media_url":"http:\/\/www.grieta.org.mx\/wp-content\/uploads\/2018\/03\/14524434_1106112876131411_958039263622046936_o.jpg","jetpack_sharing_enabled":true,"jetpack_shortlink":"https:\/\/wp.me\/p7ZJR4-1sl","jetpack_likes_enabled":false,"jetpack-related-posts":[{"id":3214,"url":"http:\/\/www.grieta.org.mx\/index.php\/2016\/01\/10\/autoriza-semarnat-parque-eolico-a-cuatro-kilometros-de-area-natural-protegida\/","url_meta":{"origin":5601,"position":0},"title":"Autoriza Semarnat parque e\u00f3lico a cuatro kil\u00f3metros de \u00e1rea natural protegida","author":"grieta","date":"10 enero, 2016","format":false,"excerpt":"Hilda Hermosillo La dependencia dio luz verde al Manifiesto de Impacto Ambiental el pasado 18 de diciembre Habr\u00e1 afectaci\u00f3n permanente en cuatro hect\u00e1reas y temporal en 25.514 hect\u00e1reas por la remoci\u00f3n del arbolado La Secretar\u00eda de Medio Ambiente y Recursos Naturales (Semarnat) dio luz verde a la construcci\u00f3n de un\u2026","rel":"","context":"En &quot;aguascalientes&quot;","block_context":{"text":"aguascalientes","link":"http:\/\/www.grieta.org.mx\/index.php\/category\/aguascalientes\/"},"img":{"alt_text":"","src":"https:\/\/i0.wp.com\/www.grieta.org.mx\/wp-content\/uploads\/2018\/03\/14524434_1106112876131411_958039263622046936_o.jpg?resize=350%2C200","width":350,"height":200,"srcset":"https:\/\/i0.wp.com\/www.grieta.org.mx\/wp-content\/uploads\/2018\/03\/14524434_1106112876131411_958039263622046936_o.jpg?resize=350%2C200 1x, https:\/\/i0.wp.com\/www.grieta.org.mx\/wp-content\/uploads\/2018\/03\/14524434_1106112876131411_958039263622046936_o.jpg?resize=525%2C300 1.5x, https:\/\/i0.wp.com\/www.grieta.org.mx\/wp-content\/uploads\/2018\/03\/14524434_1106112876131411_958039263622046936_o.jpg?resize=700%2C400 2x"},"classes":[]},{"id":5611,"url":"http:\/\/www.grieta.org.mx\/index.php\/2016\/01\/26\/conflictos-ambientales-debido-a-parques-eolicos-en-aguascalientes\/","url_meta":{"origin":5601,"position":1},"title":"Conflictos ambientales debido a parques e\u00f3licos en Aguascalientes","author":"grieta","date":"26 enero, 2016","format":false,"excerpt":"26\/01\/16. Niega Semarnat permiso para construcci\u00f3n de parque e\u00f3lico en Aguascalientes La Jornada Aguascalientes 10\/01\/16. Autoriza Semarnat parque e\u00f3lico a cuatro kil\u00f3metros de \u00e1rea natural protegida La Jornada Aguascalientes","rel":"","context":"En &quot;Aguascalientes&quot;","block_context":{"text":"Aguascalientes","link":"http:\/\/www.grieta.org.mx\/index.php\/category\/noticias-nacionales\/aguascalientes\/"},"img":{"alt_text":"","src":"https:\/\/i0.wp.com\/www.grieta.org.mx\/wp-content\/uploads\/2018\/03\/14524434_1106112876131411_958039263622046936_o.jpg?resize=350%2C200","width":350,"height":200,"srcset":"https:\/\/i0.wp.com\/www.grieta.org.mx\/wp-content\/uploads\/2018\/03\/14524434_1106112876131411_958039263622046936_o.jpg?resize=350%2C200 1x, https:\/\/i0.wp.com\/www.grieta.org.mx\/wp-content\/uploads\/2018\/03\/14524434_1106112876131411_958039263622046936_o.jpg?resize=525%2C300 1.5x, https:\/\/i0.wp.com\/www.grieta.org.mx\/wp-content\/uploads\/2018\/03\/14524434_1106112876131411_958039263622046936_o.jpg?resize=700%2C400 2x"},"classes":[]},{"id":5612,"url":"http:\/\/www.grieta.org.mx\/index.php\/2016\/01\/26\/niega-semarnat-permiso-para-construccion-de-parque-eolico-en-aguascalientes\/","url_meta":{"origin":5601,"position":2},"title":"Niega Semarnat permiso para construcci\u00f3n de parque e\u00f3lico en Aguascalientes","author":"grieta","date":"26 enero, 2016","format":false,"excerpt":"Hilda Hermosillo, Aguascalientes. Seg\u00fan el delegado de la Secretar\u00eda de Medio Ambiente y Recursos Naturales (Semarnat), Sergio Augusto L\u00f3pez Ram\u00edrez, no se ha otorgado autorizaci\u00f3n para la instalaci\u00f3n del parque e\u00f3lico en el municipio de El Llano. Debido a la cercan\u00eda del proyecto con un \u00e1rea natural protegida habitada por\u2026","rel":"","context":"En &quot;aguascalientes&quot;","block_context":{"text":"aguascalientes","link":"http:\/\/www.grieta.org.mx\/index.php\/category\/aguascalientes\/"},"img":{"alt_text":"","src":"https:\/\/i0.wp.com\/www.grieta.org.mx\/wp-content\/uploads\/2018\/03\/14524434_1106112876131411_958039263622046936_o.jpg?resize=350%2C200","width":350,"height":200,"srcset":"https:\/\/i0.wp.com\/www.grieta.org.mx\/wp-content\/uploads\/2018\/03\/14524434_1106112876131411_958039263622046936_o.jpg?resize=350%2C200 1x, https:\/\/i0.wp.com\/www.grieta.org.mx\/wp-content\/uploads\/2018\/03\/14524434_1106112876131411_958039263622046936_o.jpg?resize=525%2C300 1.5x, https:\/\/i0.wp.com\/www.grieta.org.mx\/wp-content\/uploads\/2018\/03\/14524434_1106112876131411_958039263622046936_o.jpg?resize=700%2C400 2x"},"classes":[]},{"id":3209,"url":"http:\/\/www.grieta.org.mx\/index.php\/2016\/01\/10\/eolicas-en-jalisco\/","url_meta":{"origin":5601,"position":3},"title":"E\u00f3licas en Jalisco","author":"grieta","date":"10 enero, 2016","format":false,"excerpt":"10\/01\/16. Autoriza Semarnat parque e\u00f3lico a cuatro kil\u00f3metros de \u00e1rea natural protegidaLa Jornada 27\/10\/15. E\u00f3lica en M\u00e9xico: Enel Green Power construir\u00e1 parque e\u00f3lico en JaliscoEl Economista 26\/10\/15. Grupo Drag\u00f3n invertir\u00e1 200 mdd en JaliscoCNN Expansi\u00f3n","rel":"","context":"En &quot;Jalisco&quot;","block_context":{"text":"Jalisco","link":"http:\/\/www.grieta.org.mx\/index.php\/category\/noticias-nacionales\/jalisco\/"},"img":{"alt_text":"","src":"https:\/\/i0.wp.com\/www.grieta.org.mx\/wp-content\/uploads\/2018\/03\/14524434_1106112876131411_958039263622046936_o.jpg?resize=350%2C200","width":350,"height":200,"srcset":"https:\/\/i0.wp.com\/www.grieta.org.mx\/wp-content\/uploads\/2018\/03\/14524434_1106112876131411_958039263622046936_o.jpg?resize=350%2C200 1x, https:\/\/i0.wp.com\/www.grieta.org.mx\/wp-content\/uploads\/2018\/03\/14524434_1106112876131411_958039263622046936_o.jpg?resize=525%2C300 1.5x, https:\/\/i0.wp.com\/www.grieta.org.mx\/wp-content\/uploads\/2018\/03\/14524434_1106112876131411_958039263622046936_o.jpg?resize=700%2C400 2x"},"classes":[]},{"id":15173,"url":"http:\/\/www.grieta.org.mx\/index.php\/2016\/06\/19\/aprueban-parque-eolico-en-puebla\/","url_meta":{"origin":5601,"position":4},"title":"Aprueban parque e\u00f3lico en Puebla","author":"grieta","date":"19 junio, 2016","format":false,"excerpt":"19\/06\/16. Semarnat aprueba tercer parque e\u00f3lico en el estado de Puebla El Economista","rel":"","context":"En &quot;NOTICIAS NACIONALES&quot;","block_context":{"text":"NOTICIAS NACIONALES","link":"http:\/\/www.grieta.org.mx\/index.php\/category\/noticias-nacionales\/"},"img":{"alt_text":"","src":"https:\/\/i0.wp.com\/www.grieta.org.mx\/wp-content\/uploads\/2018\/03\/14524434_1106112876131411_958039263622046936_o.jpg?resize=350%2C200","width":350,"height":200,"srcset":"https:\/\/i0.wp.com\/www.grieta.org.mx\/wp-content\/uploads\/2018\/03\/14524434_1106112876131411_958039263622046936_o.jpg?resize=350%2C200 1x, https:\/\/i0.wp.com\/www.grieta.org.mx\/wp-content\/uploads\/2018\/03\/14524434_1106112876131411_958039263622046936_o.jpg?resize=525%2C300 1.5x, https:\/\/i0.wp.com\/www.grieta.org.mx\/wp-content\/uploads\/2018\/03\/14524434_1106112876131411_958039263622046936_o.jpg?resize=700%2C400 2x"},"classes":[]},{"id":4339,"url":"http:\/\/www.grieta.org.mx\/index.php\/2015\/07\/21\/proyectan-cuatro-parques-eolicos-en-puebla-jalisco-zacatecas-y-tamaulipas\/","url_meta":{"origin":5601,"position":5},"title":"Proyectan cuatro parques e\u00f3licos en Puebla, Jalisco, Zacatecas y Tamaulipas","author":"grieta","date":"21 julio, 2015","format":false,"excerpt":"El Economista JES\u00daS V\u00c1ZQUEZ Y MIGUEL HERN\u00c1NDEZ Canc\u00fan, QR. Tres parques e\u00f3licos buscan sus respectivas aprobaciones ambientales en Puebla, Jalisco y Zacatecas, mientras que un cuarto denominado Parque E\u00f3lico Reynosa, en Tamaulipas, recibi\u00f3 ya luz verde por parte de la Secretar\u00eda de Medio Ambiente y Recursos Naturales (Semarnat). Se trata\u2026","rel":"","context":"En &quot;CINTILLO&quot;","block_context":{"text":"CINTILLO","link":"http:\/\/www.grieta.org.mx\/index.php\/category\/cintillo\/"},"img":{"alt_text":"","src":"https:\/\/i0.wp.com\/www.grieta.org.mx\/wp-content\/uploads\/2018\/03\/14524434_1106112876131411_958039263622046936_o.jpg?resize=350%2C200","width":350,"height":200,"srcset":"https:\/\/i0.wp.com\/www.grieta.org.mx\/wp-content\/uploads\/2018\/03\/14524434_1106112876131411_958039263622046936_o.jpg?resize=350%2C200 1x, https:\/\/i0.wp.com\/www.grieta.org.mx\/wp-content\/uploads\/2018\/03\/14524434_1106112876131411_958039263622046936_o.jpg?resize=525%2C300 1.5x, https:\/\/i0.wp.com\/www.grieta.org.mx\/wp-content\/uploads\/2018\/03\/14524434_1106112876131411_958039263622046936_o.jpg?resize=700%2C400 2x"},"classes":[]}],"_links":{"self":[{"href":"http:\/\/www.grieta.org.mx\/index.php\/wp-json\/wp\/v2\/posts\/5601","targetHints":{"allow":["GET"]}}],"collection":[{"href":"http:\/\/www.grieta.org.mx\/index.php\/wp-json\/wp\/v2\/posts"}],"about":[{"href":"http:\/\/www.grieta.org.mx\/index.php\/wp-json\/wp\/v2\/types\/post"}],"author":[{"embeddable":true,"href":"http:\/\/www.grieta.org.mx\/index.php\/wp-json\/wp\/v2\/users\/2"}],"replies":[{"embeddable":true,"href":"http:\/\/www.grieta.org.mx\/index.php\/wp-json\/wp\/v2\/comments?post=5601"}],"version-history":[{"count":1,"href":"http:\/\/www.grieta.org.mx\/index.php\/wp-json\/wp\/v2\/posts\/5601\/revisions"}],"predecessor-version":[{"id":5610,"href":"http:\/\/www.grieta.org.mx\/index.php\/wp-json\/wp\/v2\/posts\/5601\/revisions\/5610"}],"wp:featuredmedia":[{"embeddable":true,"href":"http:\/\/www.grieta.org.mx\/index.php\/wp-json\/wp\/v2\/media\/21928"}],"wp:attachment":[{"href":"http:\/\/www.grieta.org.mx\/index.php\/wp-json\/wp\/v2\/media?parent=5601"}],"wp:term":[{"taxonomy":"category","embeddable":true,"href":"http:\/\/www.grieta.org.mx\/index.php\/wp-json\/wp\/v2\/categories?post=5601"},{"taxonomy":"post_tag","embeddable":true,"href":"http:\/\/www.grieta.org.mx\/index.php\/wp-json\/wp\/v2\/tags?post=5601"}],"curies":[{"name":"wp","href":"https:\/\/api.w.org\/{rel}","templated":true}]}}