{"id":55984,"date":"2020-12-23T13:44:51","date_gmt":"2020-12-23T19:44:51","guid":{"rendered":"http:\/\/www.grieta.org.mx\/?p=55984"},"modified":"2020-12-27T14:05:46","modified_gmt":"2020-12-27T20:05:46","slug":"retrasaran-maestros-regreso-a-clases-por-falta-de-aguinaldos-en-nayarit","status":"publish","type":"post","link":"http:\/\/www.grieta.org.mx\/index.php\/2020\/12\/23\/retrasaran-maestros-regreso-a-clases-por-falta-de-aguinaldos-en-nayarit\/","title":{"rendered":"Retrasar\u00e1n maestros regreso a clases por falta de aguinaldos en Nayarit"},"content":{"rendered":"<p><img loading=\"lazy\" decoding=\"async\" data-attachment-id=\"55985\" data-permalink=\"http:\/\/www.grieta.org.mx\/index.php\/2020\/12\/23\/retrasaran-maestros-regreso-a-clases-por-falta-de-aguinaldos-en-nayarit\/verde-1-636x420\/\" data-orig-file=\"http:\/\/www.grieta.org.mx\/wp-content\/uploads\/2020\/12\/verde-1-636x420-1.jpg\" data-orig-size=\"636,420\" data-comments-opened=\"0\" data-image-meta=\"{&quot;aperture&quot;:&quot;0&quot;,&quot;credit&quot;:&quot;&quot;,&quot;camera&quot;:&quot;&quot;,&quot;caption&quot;:&quot;&quot;,&quot;created_timestamp&quot;:&quot;0&quot;,&quot;copyright&quot;:&quot;&quot;,&quot;focal_length&quot;:&quot;0&quot;,&quot;iso&quot;:&quot;0&quot;,&quot;shutter_speed&quot;:&quot;0&quot;,&quot;title&quot;:&quot;&quot;,&quot;orientation&quot;:&quot;0&quot;}\" data-image-title=\"verde-1-636&amp;#215;420\" data-image-description=\"\" data-image-caption=\"\" data-medium-file=\"http:\/\/www.grieta.org.mx\/wp-content\/uploads\/2020\/12\/verde-1-636x420-1-300x198.jpg\" data-large-file=\"http:\/\/www.grieta.org.mx\/wp-content\/uploads\/2020\/12\/verde-1-636x420-1.jpg\" class=\"alignnone wp-image-55985 aligncenter\" src=\"http:\/\/www.grieta.org.mx\/wp-content\/uploads\/2020\/12\/verde-1-636x420-1.jpg\" alt=\"\" width=\"800\" height=\"528\" srcset=\"http:\/\/www.grieta.org.mx\/wp-content\/uploads\/2020\/12\/verde-1-636x420-1.jpg 636w, http:\/\/www.grieta.org.mx\/wp-content\/uploads\/2020\/12\/verde-1-636x420-1-300x198.jpg 300w\" sizes=\"auto, (max-width: 800px) 100vw, 800px\" \/><\/p>\n<p>Foto: Realidades de Nayarit<\/p>\n<p><em>Seguir\u00e1n manifest\u00e1ndose y exigiendo sus derechos<\/em><\/p>\n<p>Crys Ben\u00edtez \/ El Occidental<\/p>\n<p>TEPIC, Nayarit (OEM-Informex). -Maestros de la Secci\u00f3n 49 del Sindicato Nacional de Trabajadores de la Educaci\u00f3n (SNTE) en Nayarit, han manifestado que tomar\u00e1n acciones dr\u00e1sticas, ante la falta de pagos correspondientes a los aguinaldos y prestaciones de fin de a\u00f1o por parte del Gobierno del Estado.<\/p>\n<p>En un comunicado de la secci\u00f3n 49, la Dirigencia estatal ha puntualizado que la situaci\u00f3n por la que est\u00e1n atravesando cerca de 5 mil maestros al no recibir puntualmente sus pagos es indignante; mencionado que est\u00e1n pisando los derechos de los trabajadores de la educaci\u00f3n.<\/p>\n<p>Ante esto, han decidido que por cada d\u00eda que se atrase el pago de sus prestaciones, ser\u00e1 un d\u00eda que los maestros posterguen el regreso a clases; no retomar\u00e1n actividades hasta que se les haya cubierto en su totalidad los pagos y prestaciones de fin de a\u00f1o; adem\u00e1s de que seguir\u00e1n manifest\u00e1ndose y exigiendo sus derechos en el plant\u00f3n que realizan frente a Palacio de Gobierno.<\/p>\n<p>Los maestros llevan a cabo un plant\u00f3n desde hace 2 d\u00edas, bloqueando la Avenida M\u00e9xico, desde la calle Mi\u00f1\u00f3n hasta la Avenida Allende, debido a que no han tenido una respuesta ni los ha atendido el Gobierno.<\/p>\n<p><a href=\"https:\/\/www.eloccidental.com.mx\/local\/noticias-retrasaran-maestros-regreso-a-clases-por-falta-de-aguinaldos-en-nayarit-6169081.html\">https:\/\/www.eloccidental.com.mx\/local\/noticias-retrasaran-maestros-regreso-a-clases-por-falta-de-aguinaldos-en-nayarit-6169081.html<\/a><\/p>\n","protected":false},"excerpt":{"rendered":"<p>Foto: Realidades de Nayarit Seguir\u00e1n manifest\u00e1ndose y exigiendo sus derechos Crys Ben\u00edtez \/ El Occidental TEPIC, Nayarit (OEM-Informex). -Maestros de la Secci\u00f3n 49 del Sindicato Nacional de Trabajadores de la &hellip; <a href=\"http:\/\/www.grieta.org.mx\/index.php\/2020\/12\/23\/retrasaran-maestros-regreso-a-clases-por-falta-de-aguinaldos-en-nayarit\/\" class=\"more-link\">Leer m\u00e1s<\/a><\/p>\n","protected":false},"author":2,"featured_media":55985,"comment_status":"closed","ping_status":"closed","sticky":false,"template":"","format":"standard","meta":{"ngg_post_thumbnail":0,"_jetpack_newsletter_access":"","_jetpack_dont_email_post_to_subs":false,"_jetpack_newsletter_tier_id":0,"_jetpack_memberships_contains_paywalled_content":false,"_jetpack_memberships_contains_paid_content":false,"footnotes":""},"categories":[80,1025,910,23,2,83],"tags":[1909,3454,105,2841,2453],"class_list":["post-55984","post","type-post","status-publish","format-standard","has-post-thumbnail","hentry","category-cintillo","category-explotacion-laboral-en-nayarit","category-explotacion-y-precariedad-laboral","category-nayarit","category-noticias-nacionales","category-temas-nacionales","tag-burocratas-y-maestros-sin-salario-ni-aguinaldo","tag-crisis-de-la-educacion-publica","tag-derechos-laborales","tag-explotacion-y-precariedad-laboral","tag-manifestacion-de-maestros","entry"],"jetpack_featured_media_url":"http:\/\/www.grieta.org.mx\/wp-content\/uploads\/2020\/12\/verde-1-636x420-1.jpg","jetpack_sharing_enabled":true,"jetpack_shortlink":"https:\/\/wp.me\/p7ZJR4-eyY","jetpack_likes_enabled":false,"jetpack-related-posts":[{"id":58034,"url":"http:\/\/www.grieta.org.mx\/index.php\/2021\/03\/26\/se-manifiestan-trabajadores-de-centros-infantiles-por-falta-de-pago-frente-a-palacio-de-gobierno-nayarit\/","url_meta":{"origin":55984,"position":0},"title":"Se manifiestan trabajadores de centros infantiles por falta de pago frente a Palacio de Gobierno (Nayarit)","author":"grieta","date":"26 marzo, 2021","format":false,"excerpt":"Foto: El Sol de Nayarit Redacci\u00f3n \/ El Sol de Nayarit Se manifestaron esta ma\u00f1ana trabajadores de estancias infantiles en la Plaza Bicentenario frente a Palacio de Gobierno, en la capital nayarita, para exigir el pago a maestros, maestras y administrativos. Jaime Cervantes Rivera, director General del Sistema Educativo Paulo\u2026","rel":"","context":"En &quot;CINTILLO&quot;","block_context":{"text":"CINTILLO","link":"http:\/\/www.grieta.org.mx\/index.php\/category\/cintillo\/"},"img":{"alt_text":"","src":"https:\/\/i0.wp.com\/www.grieta.org.mx\/wp-content\/uploads\/2021\/03\/temp_nota_01_76375_17_20210326193014_117whatsapp_image_2021-03-26_at_11.57.05_am.jpeg?resize=350%2C200","width":350,"height":200,"srcset":"https:\/\/i0.wp.com\/www.grieta.org.mx\/wp-content\/uploads\/2021\/03\/temp_nota_01_76375_17_20210326193014_117whatsapp_image_2021-03-26_at_11.57.05_am.jpeg?resize=350%2C200 1x, https:\/\/i0.wp.com\/www.grieta.org.mx\/wp-content\/uploads\/2021\/03\/temp_nota_01_76375_17_20210326193014_117whatsapp_image_2021-03-26_at_11.57.05_am.jpeg?resize=525%2C300 1.5x"},"classes":[]},{"id":51688,"url":"http:\/\/www.grieta.org.mx\/index.php\/2020\/07\/07\/jubilados-de-la-uan-reclaman-pagos-pendientes-nayarit\/","url_meta":{"origin":55984,"position":1},"title":"Jubilados de la UAN reclaman pagos pendientes (Nayarit)","author":"grieta","date":"7 julio, 2020","format":false,"excerpt":"Imagen: Realidades de Nayarit Javier Rojo Fregoso \/ Realidades de Nayarit Tepic, Nayarit.- Martes 07 de julio del 2020.- Siguen miles de docentes, academicos de la Universidad Aut\u00f3noma de Nayarit (UAN) activos, jubilados y pensionados, molestos con la parte patronal pero tambi\u00e9n con su llamado dirigente sindical, Francisco Haro, l\u00edder\u2026","rel":"","context":"En &quot;CINTILLO&quot;","block_context":{"text":"CINTILLO","link":"http:\/\/www.grieta.org.mx\/index.php\/category\/cintillo\/"},"img":{"alt_text":"","src":"https:\/\/i0.wp.com\/www.grieta.org.mx\/wp-content\/uploads\/2020\/07\/monedas.jpg?resize=350%2C200","width":350,"height":200,"srcset":"https:\/\/i0.wp.com\/www.grieta.org.mx\/wp-content\/uploads\/2020\/07\/monedas.jpg?resize=350%2C200 1x, https:\/\/i0.wp.com\/www.grieta.org.mx\/wp-content\/uploads\/2020\/07\/monedas.jpg?resize=525%2C300 1.5x, https:\/\/i0.wp.com\/www.grieta.org.mx\/wp-content\/uploads\/2020\/07\/monedas.jpg?resize=700%2C400 2x"},"classes":[]},{"id":55756,"url":"http:\/\/www.grieta.org.mx\/index.php\/2020\/12\/12\/maestros-amenazan-con-movilizaciones-nayarit\/","url_meta":{"origin":55984,"position":2},"title":"Maestros amenazan con movilizaciones (Nayarit)","author":"grieta","date":"12 diciembre, 2020","format":false,"excerpt":"Foto: Realidades de Nayarit Mildra Ben\u00edtez Robledo \/ Realidades de Nayarit Tepic, Nayarit.- S\u00e1bado 12 de diciembre del 2020.- La expedici\u00f3n del calendario de pagos para aguinaldos y dem\u00e1s prestaciones de fin de a\u00f1o para los maestros de la Secci\u00f3n 49 del Sindicato Nacional de los Trabajadores de la Educaci\u00f3n\u2026","rel":"","context":"En &quot;CINTILLO&quot;","block_context":{"text":"CINTILLO","link":"http:\/\/www.grieta.org.mx\/index.php\/category\/cintillo\/"},"img":{"alt_text":"","src":"https:\/\/i0.wp.com\/www.grieta.org.mx\/wp-content\/uploads\/2020\/12\/paro-696x345-1.jpg?resize=350%2C200","width":350,"height":200,"srcset":"https:\/\/i0.wp.com\/www.grieta.org.mx\/wp-content\/uploads\/2020\/12\/paro-696x345-1.jpg?resize=350%2C200 1x, https:\/\/i0.wp.com\/www.grieta.org.mx\/wp-content\/uploads\/2020\/12\/paro-696x345-1.jpg?resize=525%2C300 1.5x"},"classes":[]},{"id":54070,"url":"http:\/\/www.grieta.org.mx\/index.php\/2020\/10\/01\/planton-de-maestros-frente-a-gobierno-nayarti\/","url_meta":{"origin":55984,"position":3},"title":"Plant\u00f3n de maestros frente a Gobierno (Nayarti)","author":"grieta","date":"1 octubre, 2020","format":false,"excerpt":"Foto: Realidades de Nayarit Ver\u00f3nica Ram\u00edrez Tepic, Nayarit.- Jueves 01 de octubre del 2020.- Desesperados por la falta del pago quincenal, el aumento salarial retroactivo, y la segunda parte de la Compensaci\u00f3n Nacional \u00danica, el magisterio estatal tron\u00f3 en contra del gobierno de To\u00f1o y tomaron las calles para reclamar\u2026","rel":"","context":"En &quot;CINTILLO&quot;","block_context":{"text":"CINTILLO","link":"http:\/\/www.grieta.org.mx\/index.php\/category\/cintillo\/"},"img":{"alt_text":"","src":"https:\/\/i0.wp.com\/www.grieta.org.mx\/wp-content\/uploads\/2020\/10\/palacio.jpg?resize=350%2C200","width":350,"height":200,"srcset":"https:\/\/i0.wp.com\/www.grieta.org.mx\/wp-content\/uploads\/2020\/10\/palacio.jpg?resize=350%2C200 1x, https:\/\/i0.wp.com\/www.grieta.org.mx\/wp-content\/uploads\/2020\/10\/palacio.jpg?resize=525%2C300 1.5x, https:\/\/i0.wp.com\/www.grieta.org.mx\/wp-content\/uploads\/2020\/10\/palacio.jpg?resize=700%2C400 2x"},"classes":[]},{"id":52041,"url":"http:\/\/www.grieta.org.mx\/index.php\/2020\/07\/17\/maestros-se-manifiestan-por-plazas-frente-a-palacio-de-gobierno-nayarit\/","url_meta":{"origin":55984,"position":4},"title":"Maestros se manifiestan por plazas frente a Palacio de Gobierno (Nayarit)","author":"grieta","date":"17 julio, 2020","format":false,"excerpt":"Foto: Archivo, Meridiano. Mx Paola Cervantes y Alberto Fern\u00e1ndez \/ Meridian.Mx Tepic.- Un grupo de\u00a0maestros nayaritas\u00a0se manifest\u00f3 la ma\u00f1ana del 17 de julio en la Plaza Bicentenario, frente a Palacio de Gobierno, debido a que a algunos de ellos\u00a0se les venci\u00f3 o est\u00e1 por vencerse su contrato. Yanis Paola, maestra\u2026","rel":"","context":"En &quot;CINTILLO&quot;","block_context":{"text":"CINTILLO","link":"http:\/\/www.grieta.org.mx\/index.php\/category\/cintillo\/"},"img":{"alt_text":"","src":"https:\/\/i0.wp.com\/www.grieta.org.mx\/wp-content\/uploads\/2020\/07\/1595021569_MAESTROS_NAYARITAS_SOLICITAN_DIALOGO1.jpeg?resize=350%2C200","width":350,"height":200,"srcset":"https:\/\/i0.wp.com\/www.grieta.org.mx\/wp-content\/uploads\/2020\/07\/1595021569_MAESTROS_NAYARITAS_SOLICITAN_DIALOGO1.jpeg?resize=350%2C200 1x, https:\/\/i0.wp.com\/www.grieta.org.mx\/wp-content\/uploads\/2020\/07\/1595021569_MAESTROS_NAYARITAS_SOLICITAN_DIALOGO1.jpeg?resize=525%2C300 1.5x, https:\/\/i0.wp.com\/www.grieta.org.mx\/wp-content\/uploads\/2020\/07\/1595021569_MAESTROS_NAYARITAS_SOLICITAN_DIALOGO1.jpeg?resize=700%2C400 2x, https:\/\/i0.wp.com\/www.grieta.org.mx\/wp-content\/uploads\/2020\/07\/1595021569_MAESTROS_NAYARITAS_SOLICITAN_DIALOGO1.jpeg?resize=1050%2C600 3x"},"classes":[]},{"id":55631,"url":"http:\/\/www.grieta.org.mx\/index.php\/2020\/12\/01\/autoridades-de-la-sep-en-nayarit-amenazan-a-maestros\/","url_meta":{"origin":55984,"position":5},"title":"Autoridades de la SEP en Nayarit amenazan a maestros","author":"grieta","date":"1 diciembre, 2020","format":false,"excerpt":"Foto: Realidades de Nayarit Ver\u00f3nica Ram\u00edrez \/ Realidades de Nayarit Tepic, Nayarit.- Martes 01 de diciembre del 2020.- Altos funcionarios de la Secretar\u00eda de Educaci\u00f3n (SEP) en Nayarit, amedrentan y amenazan a maestros de la Secundaria \u201cAmado Nervo\u201d con correrlos, enviarlos a la sierra, o descontarles el d\u00eda, si no\u2026","rel":"","context":"En &quot;CINTILLO&quot;","block_context":{"text":"CINTILLO","link":"http:\/\/www.grieta.org.mx\/index.php\/category\/cintillo\/"},"img":{"alt_text":"","src":"https:\/\/i0.wp.com\/www.grieta.org.mx\/wp-content\/uploads\/2020\/12\/secundaria-687x420-1.jpg?resize=350%2C200","width":350,"height":200,"srcset":"https:\/\/i0.wp.com\/www.grieta.org.mx\/wp-content\/uploads\/2020\/12\/secundaria-687x420-1.jpg?resize=350%2C200 1x, https:\/\/i0.wp.com\/www.grieta.org.mx\/wp-content\/uploads\/2020\/12\/secundaria-687x420-1.jpg?resize=525%2C300 1.5x"},"classes":[]}],"_links":{"self":[{"href":"http:\/\/www.grieta.org.mx\/index.php\/wp-json\/wp\/v2\/posts\/55984","targetHints":{"allow":["GET"]}}],"collection":[{"href":"http:\/\/www.grieta.org.mx\/index.php\/wp-json\/wp\/v2\/posts"}],"about":[{"href":"http:\/\/www.grieta.org.mx\/index.php\/wp-json\/wp\/v2\/types\/post"}],"author":[{"embeddable":true,"href":"http:\/\/www.grieta.org.mx\/index.php\/wp-json\/wp\/v2\/users\/2"}],"replies":[{"embeddable":true,"href":"http:\/\/www.grieta.org.mx\/index.php\/wp-json\/wp\/v2\/comments?post=55984"}],"version-history":[{"count":1,"href":"http:\/\/www.grieta.org.mx\/index.php\/wp-json\/wp\/v2\/posts\/55984\/revisions"}],"predecessor-version":[{"id":55986,"href":"http:\/\/www.grieta.org.mx\/index.php\/wp-json\/wp\/v2\/posts\/55984\/revisions\/55986"}],"wp:featuredmedia":[{"embeddable":true,"href":"http:\/\/www.grieta.org.mx\/index.php\/wp-json\/wp\/v2\/media\/55985"}],"wp:attachment":[{"href":"http:\/\/www.grieta.org.mx\/index.php\/wp-json\/wp\/v2\/media?parent=55984"}],"wp:term":[{"taxonomy":"category","embeddable":true,"href":"http:\/\/www.grieta.org.mx\/index.php\/wp-json\/wp\/v2\/categories?post=55984"},{"taxonomy":"post_tag","embeddable":true,"href":"http:\/\/www.grieta.org.mx\/index.php\/wp-json\/wp\/v2\/tags?post=55984"}],"curies":[{"name":"wp","href":"https:\/\/api.w.org\/{rel}","templated":true}]}}