{"id":55977,"date":"2020-12-23T12:17:36","date_gmt":"2020-12-23T18:17:36","guid":{"rendered":"http:\/\/www.grieta.org.mx\/?p=55977"},"modified":"2020-12-27T12:34:20","modified_gmt":"2020-12-27T18:34:20","slug":"estamos-en-tiempos-de-barbarie-en-mexico-la-desaparicion-como-una-forma-de-violencia-estructural","status":"publish","type":"post","link":"http:\/\/www.grieta.org.mx\/index.php\/2020\/12\/23\/estamos-en-tiempos-de-barbarie-en-mexico-la-desaparicion-como-una-forma-de-violencia-estructural\/","title":{"rendered":"&#8220;Estamos en tiempos de barbarie en M\u00e9xico&#8221;: la desaparici\u00f3n como una forma de violencia estructural"},"content":{"rendered":"<p><img loading=\"lazy\" decoding=\"async\" data-attachment-id=\"55978\" data-permalink=\"http:\/\/www.grieta.org.mx\/index.php\/2020\/12\/23\/estamos-en-tiempos-de-barbarie-en-mexico-la-desaparicion-como-una-forma-de-violencia-estructural\/desaparecidosbarbarie\/\" data-orig-file=\"http:\/\/www.grieta.org.mx\/wp-content\/uploads\/2020\/12\/DesaparecidosBarbarie-e1609093565510.png\" data-orig-size=\"800,459\" data-comments-opened=\"0\" data-image-meta=\"{&quot;aperture&quot;:&quot;0&quot;,&quot;credit&quot;:&quot;&quot;,&quot;camera&quot;:&quot;&quot;,&quot;caption&quot;:&quot;&quot;,&quot;created_timestamp&quot;:&quot;0&quot;,&quot;copyright&quot;:&quot;&quot;,&quot;focal_length&quot;:&quot;0&quot;,&quot;iso&quot;:&quot;0&quot;,&quot;shutter_speed&quot;:&quot;0&quot;,&quot;title&quot;:&quot;&quot;,&quot;orientation&quot;:&quot;0&quot;}\" data-image-title=\"DesaparecidosBarbarie\" data-image-description=\"\" data-image-caption=\"\" data-medium-file=\"http:\/\/www.grieta.org.mx\/wp-content\/uploads\/2020\/12\/DesaparecidosBarbarie-300x172.png\" data-large-file=\"http:\/\/www.grieta.org.mx\/wp-content\/uploads\/2020\/12\/DesaparecidosBarbarie-e1609093565510.png\" src=\"http:\/\/www.grieta.org.mx\/wp-content\/uploads\/2020\/12\/DesaparecidosBarbarie-e1609093565510.png\" alt=\"\" width=\"800\" height=\"459\" class=\"alignnone size-full wp-image-55978\" \/><\/p>\n<p>Eliana Gilet. \/ Sputnik Mundo<\/p>\n<p>Desde junio est\u00e1 desaparecido el hermano de una persona que dedic\u00f3 su vida a buscar a los migrantes desaparecidos en tr\u00e1nsito por M\u00e9xico, Ruben Figueroa. El tambi\u00e9n defensor de derechos humanos relat\u00f3 a Sputnik el caso de hermano y reflexion\u00f3 sobre qu\u00e9 significa la m\u00e1s grave crisis de derechos humanos del mundo contempor\u00e1neo.<\/p>\n<p>Ruben Figueroa es un hombre joven que tiene casi una d\u00e9cada de experiencia en la b\u00fasqueda de personas desaparecidas en M\u00e9xico, y adem\u00e1s, tiene el m\u00e9rito de haber hallado a decenas de personas vivas.<\/p>\n<p>Como uno de los integrantes del Movimiento Migrante Mesoamericano, Figueroa es una referencia para comprender los detalles del mayor corredor migratorio del mundo, sino que gracias a trabajo y el de la mencionada organizaci\u00f3n, ha fungido como el mediador en quien las familias centroamericanas que han perdido rastro de uno de los suyos camino al norte, depositan su confianza para seguir las pistas que han cosechado.<\/p>\n<p>Ahora, desde el segundo domingo de junio de 2020, su hermano Freddy Figueroa, fue desaparecido en Quintana Roo junto con otras dos personas, los hermanos Eli\u00fa y Ren\u00e9, con quienes sol\u00eda trabajar.<\/p>\n<p>Ruben cont\u00f3 a Sputnik que su hermano Freddy es tambi\u00e9n un migrante interno, que dej\u00f3 atr\u00e1s su natal Tabasco para instalarse hace tres a\u00f1os y medio en la tur\u00edstica Playa del Carmen, d\u00f3nde se gana la vida alternando las tareas de obrero y de pescador, con las que env\u00eda dinero a su esposa y sus dos hijos.<br \/>\nLa mayor crisis del mundo<\/p>\n<p>    &#8220;M\u00e9xico est\u00e1 viviendo una emergencia en torno a los desaparecidos, aqu\u00ed todos los d\u00edas desaparecen ni\u00f1os, ni\u00f1as, adolescentes, mujeres, j\u00f3venes adultos, obreros, comunidad LGBT, todos los d\u00edas. Algunos de forma violenta, otros sin dejar rastro, con fines como la explotaci\u00f3n sexual, el secuestro, las desapariciones forzadas, es una crisis lo que vive este pa\u00eds&#8221;, sostuvo Ruben Figueroa en di\u00e1logo con Sputnik.<\/p>\n<p>El defensor de derechos humanos lleva 15 a\u00f1os en esta tarea y ocho espec\u00edficamente como buscador de migrantes en tr\u00e1nsito desaparecidos, una labor cotidiana que cada a\u00f1o toma estado p\u00fablico al realizarse la Caravana de madres de migrantes desaparecidos, que Figueroa acompa\u00f1a y organiza como parte del Movimiento Migrante Mesoamericano.<\/p>\n<p>&#8220;He escuchado horrores en torno a una desaparici\u00f3n, he localizado personas y de una u otra forma he estado ah\u00ed, he sabido ese patr\u00f3n de desapariciones y he logrado aprender en base a esa experiencia que hoy estoy utilizando en la b\u00fasqueda de mi propio hermano&#8221;, relat\u00f3 a Sputnik.<\/p>\n<p>El caso de Freddy fue puesto en conocimiento de la Comisi\u00f3n Nacional de B\u00fasqueda \u2014creada a partir de la Ley General de Desaparici\u00f3n Forzada, a fines del a\u00f1o 2017\u2014 y la Comisi\u00f3n Nacional de Derechos Humanos. Aunque Figueroa forma parte del Mecanismo de protecci\u00f3n de defensores y periodistas, esta instancia no se ha puesto a\u00fan en contacto con \u00e9l a pesar de los pedidos que le ha realizado la CNDH. Este lunes 21 de diciembre, present\u00f3 su denuncia por la desaparici\u00f3n ante la Fiscal\u00eda General de la Rep\u00fablica, en la Ciudad de M\u00e9xico.<\/p>\n<p>    &#8220;Lo que he visto en estos \u00faltimos a\u00f1os es que todos los d\u00edas desaparecen personas en M\u00e9xico y es alarmante, da miedo. Antes pod\u00edas escuchar de desaparecidos en zonas violentas, pero cada d\u00eda se va acercando m\u00e1s a tu entorno&#8221;, se\u00f1al\u00f3 el experto en la tem\u00e1tica.<\/p>\n<p>Figueroa refiri\u00f3 c\u00f3mo originalmente se asociaba a los desaparecidos con zonas vinculadas al narcotr\u00e1fico o al crimen organizado, lo que coloquialmente en M\u00e9xico se refiere como las rutas de transporte o las plazas de venta, sin embargo, esto ha dejado de ser potestad de zonas alejadas del pa\u00eds, como prueban los crecientes casos ocurridos en la capital mexicana.<\/p>\n<p>A pesar de la magnitud del problema, fue hasta que se sancion\u00f3 la Ley General de Desaparici\u00f3n Forzada y por particulares hace tres a\u00f1os, la desaparici\u00f3n \u2014forzada cuando es cometida por servidores p\u00fablicos, y por particulares cuando esta participaci\u00f3n oficial no logra probarse\u2014 no estaba considerada como un delito que se persiguiese penalmente. Los casos se judicializaban como &#8220;secuestros&#8221; cuando hab\u00eda alg\u00fan pedido de dinero por la libertad de la persona desaparecida, pero si no lo hab\u00eda, la autoridad asum\u00eda que la persona estaba &#8220;no localizada&#8221; y en la mayor\u00eda de los casos, se argumentaba a las familias que se ausentaban &#8220;por voluntad propia&#8221;.<\/p>\n<p>Lo que apunt\u00f3 Figueroa y que es cada vez m\u00e1s evidente en todo el territorio mexicano, es que la desaparici\u00f3n de una persona es necesariamente impuesta por la fuerza, y que esto implica la masificaci\u00f3n de un crimen de lesa humanidad que hasta el momento, registra m\u00e1s de 77.000 personas desaparecidas en los \u00faltimos 15 a\u00f1os.<\/p>\n<p>&#8220;Cada d\u00eda escuchas que desapareci\u00f3 la prima de alguien, o la hermana de una persona que conoces, sus hijos. En las redes sociales, es cotidiano que alguien postee un aviso de b\u00fasqueda y pida ayuda a compartir porque es una persona cercana y eso es alarmante&#8221;, apunt\u00f3.<\/p>\n<p>Al pregunt\u00e1rsele c\u00f3mo entiende el motivo de esa masificaci\u00f3n de la violencia, Figueroa se\u00f1al\u00f3 que \u00e9sta se ha vuelto parte de la estructura del pa\u00eds.<\/p>\n<p>    &#8220;Vivir en carne propia la desaparici\u00f3n me lleva a entender que estamos en tiempos de barbarie en este pa\u00eds, que la violencia est\u00e1 bien organizada y permea en todos lados. Entend\u00ed que uno de los resultados de esa violencia es la desaparici\u00f3n, y que como tal, es una de sus formas m\u00e1s crueles y despiadadas&#8221;, se\u00f1al\u00f3.<\/p>\n<p>La incertidumbre ante la falta de un ser querido puede prolongarse por a\u00f1os, como lo muestran los casos sucedidos desde comienzos del milenio en M\u00e9xico, coincidentemente con el despliegue militar en la seguridad p\u00fablica. Las cifras de casos han llegado hasta niveles inusitados en el continente americano, que ya hab\u00eda vivido esta pr\u00e1ctica sistem\u00e1tica como una forma de represiva desde la d\u00e9cada de 1960 y particularmente, con el advenimiento de la ola dictatorial en el Cono Sur, en la d\u00e9cada de 1970.<br \/>\n<a href=\"https:\/\/mundo.sputniknews.com\/america-latina\/202012231093929301-estamos-en-tiempos-de-barbarie-en-mexico-la-desaparicion-como-una-forma-de-violencia-estructural\/\" rel=\"noopener\" target=\"_blank\">https:\/\/mundo.sputniknews.com\/america-latina\/202012231093929301-estamos-en-tiempos-de-barbarie-en-mexico-la-desaparicion-como-una-forma-de-violencia-estructural\/<\/a><\/p>\n","protected":false},"excerpt":{"rendered":"<p>Eliana Gilet. \/ Sputnik Mundo Desde junio est\u00e1 desaparecido el hermano de una persona que dedic\u00f3 su vida a buscar a los migrantes desaparecidos en tr\u00e1nsito por M\u00e9xico, Ruben Figueroa. &hellip; <a href=\"http:\/\/www.grieta.org.mx\/index.php\/2020\/12\/23\/estamos-en-tiempos-de-barbarie-en-mexico-la-desaparicion-como-una-forma-de-violencia-estructural\/\" class=\"more-link\">Leer m\u00e1s<\/a><\/p>\n","protected":false},"author":2,"featured_media":55978,"comment_status":"closed","ping_status":"closed","sticky":false,"template":"","format":"standard","meta":{"ngg_post_thumbnail":0,"_jetpack_newsletter_access":"","_jetpack_dont_email_post_to_subs":false,"_jetpack_newsletter_tier_id":0,"_jetpack_memberships_contains_paywalled_content":false,"_jetpack_memberships_contains_paid_content":false,"footnotes":""},"categories":[80,87,2808,2,28,83],"tags":[1828,121,1668],"class_list":["post-55977","post","type-post","status-publish","format-standard","has-post-thumbnail","hentry","category-cintillo","category-desaparecidos","category-desaparecidos-en-quintana-roo","category-noticias-nacionales","category-quintana-roo","category-temas-nacionales","tag-busqueda-de-desaparecidos","tag-desaparecidos","tag-familiares-de-desaparecidos","entry"],"jetpack_featured_media_url":"http:\/\/www.grieta.org.mx\/wp-content\/uploads\/2020\/12\/DesaparecidosBarbarie-e1609093565510.png","jetpack_sharing_enabled":true,"jetpack_shortlink":"https:\/\/wp.me\/p7ZJR4-eyR","jetpack_likes_enabled":false,"jetpack-related-posts":[{"id":69155,"url":"http:\/\/www.grieta.org.mx\/index.php\/2024\/06\/01\/freddy-hermano-del-activista-ruben-figueroa-fue-localizado-exigen-justicia-por-su-desaparicion-y-muerte-quintana-roo\/","url_meta":{"origin":55977,"position":0},"title":"Freddy, hermano del activista Rub\u00e9n Figueroa, fue localizado; exigen justicia por su desaparici\u00f3n y muerte (Quintana Roo)","author":"grieta","date":"1 junio, 2024","format":false,"excerpt":"Ra\u00fal D\u00edaz \/ Sdpnoticias El activista Rub\u00e9n Figueroa inform\u00f3 que su hermano Freddy fue localizado sin vida, por lo cual exige justicia por su desaparici\u00f3n y muerte. Rub\u00e9n Figueroa, activista y defensor de los Derechos Humanos, comparti\u00f3 un video en redes sociales en el que dio a conocer que Freddy\u2026","rel":"","context":"En &quot;CINTILLO&quot;","block_context":{"text":"CINTILLO","link":"http:\/\/www.grieta.org.mx\/index.php\/category\/cintillo\/"},"img":{"alt_text":"","src":"https:\/\/i0.wp.com\/www.grieta.org.mx\/wp-content\/uploads\/2024\/06\/Desaparecidos-e1718307600728.jpg?resize=350%2C200","width":350,"height":200,"srcset":"https:\/\/i0.wp.com\/www.grieta.org.mx\/wp-content\/uploads\/2024\/06\/Desaparecidos-e1718307600728.jpg?resize=350%2C200 1x, https:\/\/i0.wp.com\/www.grieta.org.mx\/wp-content\/uploads\/2024\/06\/Desaparecidos-e1718307600728.jpg?resize=525%2C300 1.5x, https:\/\/i0.wp.com\/www.grieta.org.mx\/wp-content\/uploads\/2024\/06\/Desaparecidos-e1718307600728.jpg?resize=700%2C400 2x"},"classes":[]},{"id":56884,"url":"http:\/\/www.grieta.org.mx\/index.php\/2021\/02\/08\/no-basta-con-encontrarlos-necesitamos-que-dejen-de-desaparecer\/","url_meta":{"origin":55977,"position":1},"title":"\u201cNo basta con encontrarlos; necesitamos que dejen de desaparecer\u201d","author":"grieta","date":"8 febrero, 2021","format":false,"excerpt":"Texto: Daniela Pastrana \/ Foto: Rub\u00e9n Figueroa \/ Pie de P\u00e1gina Freddy D\u00edaz Figueroa fue visto por \u00faltima vez el 21 de junio de 2020 en Playa del Carmen; su hermano Rub\u00e9n, quien se dedica a buscar migrantes desaparecidos en M\u00e9xico, advierte: \u201cel problema es que sigue desapareciendo la gente\u201d\u2026","rel":"","context":"En &quot;CINTILLO&quot;","block_context":{"text":"CINTILLO","link":"http:\/\/www.grieta.org.mx\/index.php\/category\/cintillo\/"},"img":{"alt_text":"","src":"https:\/\/i0.wp.com\/www.grieta.org.mx\/wp-content\/uploads\/2021\/02\/rubenfigueroa-e1612913705760.jpg?resize=350%2C200","width":350,"height":200,"srcset":"https:\/\/i0.wp.com\/www.grieta.org.mx\/wp-content\/uploads\/2021\/02\/rubenfigueroa-e1612913705760.jpg?resize=350%2C200 1x, https:\/\/i0.wp.com\/www.grieta.org.mx\/wp-content\/uploads\/2021\/02\/rubenfigueroa-e1612913705760.jpg?resize=525%2C300 1.5x, https:\/\/i0.wp.com\/www.grieta.org.mx\/wp-content\/uploads\/2021\/02\/rubenfigueroa-e1612913705760.jpg?resize=700%2C400 2x"},"classes":[]},{"id":70482,"url":"http:\/\/www.grieta.org.mx\/index.php\/2024\/11\/13\/cancun-no-es-un-paraiso-es-un-infierno-donde-desaparecen-a-nuestros-hijos-e-hijas-llevan-madres-buscadoras-por-quintana-roo-demandas-al-zocalo-de-la-ciudad-de-mexico\/","url_meta":{"origin":55977,"position":2},"title":"&#8220;Canc\u00fan no es un para\u00edso, es un infierno donde desaparecen a nuestros hijos e hijas&#8221; Llevan \u2018Madres Buscadoras por Quintana Roo\u2019 demandas al Z\u00f3calo de la Ciudad de M\u00e9xico","author":"grieta","date":"13 noviembre, 2024","format":false,"excerpt":"CIUDAD DE M\u00c9XICO, MX.- Representantes del colectivo \u201cMadres Buscadoras por Quintana Roo\u201d acudieron este d\u00eda a la Ciudad de M\u00e9xico para participar en las manifestaciones que se realizan por la Convenci\u00f3n Nacional Activista. Los integrantes del colectivo expusieron en el Z\u00f3calo capitalino la situaci\u00f3n que se vive en Quintana Roo\u2026","rel":"","context":"En &quot;acciones por desaparecidos&quot;","block_context":{"text":"acciones por desaparecidos","link":"http:\/\/www.grieta.org.mx\/index.php\/category\/noticias-nacionales\/quintana-roo\/acciones-por-desaparecidos\/"},"img":{"alt_text":"","src":"https:\/\/i0.wp.com\/www.grieta.org.mx\/wp-content\/uploads\/2024\/11\/Infierno-e1731970401834.jpg?resize=350%2C200","width":350,"height":200,"srcset":"https:\/\/i0.wp.com\/www.grieta.org.mx\/wp-content\/uploads\/2024\/11\/Infierno-e1731970401834.jpg?resize=350%2C200 1x, https:\/\/i0.wp.com\/www.grieta.org.mx\/wp-content\/uploads\/2024\/11\/Infierno-e1731970401834.jpg?resize=525%2C300 1.5x, https:\/\/i0.wp.com\/www.grieta.org.mx\/wp-content\/uploads\/2024\/11\/Infierno-e1731970401834.jpg?resize=700%2C400 2x"},"classes":[]},{"id":68717,"url":"http:\/\/www.grieta.org.mx\/index.php\/2024\/03\/21\/madres-de-personas-desaparecidas-convocan-a-sociedad-a-sumarse-a-jornada-nacional-de-busqueda-y-concentracion-pacifica-quintana-roo\/","url_meta":{"origin":55977,"position":3},"title":"Madres de personas desaparecidas convocan a sociedad a sumarse a Jornada Nacional de B\u00fasqueda y concentraci\u00f3n pac\u00edfica (Quintana Roo)","author":"grieta","date":"21 marzo, 2024","format":false,"excerpt":"Adriana Varillas \/ Estamos Aqu\u00ed 21 de marzo\/ Canc\u00fan, Q. Roo.- Colectivos de familiares de personas desaparecidas en Quintana Roo, convocaron a los movimientos feministas, a las y los defensores de derechos humanos, de la Tierra y del territorio, de las disidencias sexuales, a las expresiones religiosas, a la academia,\u2026","rel":"","context":"En &quot;CINTILLO&quot;","block_context":{"text":"CINTILLO","link":"http:\/\/www.grieta.org.mx\/index.php\/category\/cintillo\/"},"img":{"alt_text":"","src":"https:\/\/i0.wp.com\/www.grieta.org.mx\/wp-content\/uploads\/2024\/03\/MadresBuscadoras-e1711914841303.jpg?resize=350%2C200","width":350,"height":200,"srcset":"https:\/\/i0.wp.com\/www.grieta.org.mx\/wp-content\/uploads\/2024\/03\/MadresBuscadoras-e1711914841303.jpg?resize=350%2C200 1x, https:\/\/i0.wp.com\/www.grieta.org.mx\/wp-content\/uploads\/2024\/03\/MadresBuscadoras-e1711914841303.jpg?resize=525%2C300 1.5x, https:\/\/i0.wp.com\/www.grieta.org.mx\/wp-content\/uploads\/2024\/03\/MadresBuscadoras-e1711914841303.jpg?resize=700%2C400 2x"},"classes":[]},{"id":69534,"url":"http:\/\/www.grieta.org.mx\/index.php\/2024\/08\/30\/marchan-por-desaparecidos-en-cancun-y-chetumal-quintana-roo\/","url_meta":{"origin":55977,"position":4},"title":"Marchan por desaparecidos en Canc\u00fan y Chetumal (Quintana Roo)","author":"grieta","date":"30 agosto, 2024","format":false,"excerpt":"Noticaribe CANC\u00daN, MX.- Madres y otros familiares de personas desaparecidos marcharon hoy en Canc\u00fan y en Chetumal para conmemorar el D\u00eda de la B\u00fasqueda de Personas. En Canc\u00fan, dos colectivos, el \u201d Verdad y Justicia\u201d, as\u00ed como las \u201cMadres Buscadoras\u201d marcharon por separado rumbo al Palacio Municipal. Integrantes de \u201cVerdad,\u2026","rel":"","context":"En &quot;CINTILLO&quot;","block_context":{"text":"CINTILLO","link":"http:\/\/www.grieta.org.mx\/index.php\/category\/cintillo\/"},"img":{"alt_text":"","src":"https:\/\/i0.wp.com\/www.grieta.org.mx\/wp-content\/uploads\/2024\/08\/Marchan-e1725139943721.jpg?resize=350%2C200","width":350,"height":200,"srcset":"https:\/\/i0.wp.com\/www.grieta.org.mx\/wp-content\/uploads\/2024\/08\/Marchan-e1725139943721.jpg?resize=350%2C200 1x, https:\/\/i0.wp.com\/www.grieta.org.mx\/wp-content\/uploads\/2024\/08\/Marchan-e1725139943721.jpg?resize=525%2C300 1.5x, https:\/\/i0.wp.com\/www.grieta.org.mx\/wp-content\/uploads\/2024\/08\/Marchan-e1725139943721.jpg?resize=700%2C400 2x"},"classes":[]},{"id":65576,"url":"http:\/\/www.grieta.org.mx\/index.php\/2022\/10\/20\/marchan-activistas-contra-nulos-resultados-de-la-fiscalia-en-casos-de-desaparecidos-quintana-roo\/","url_meta":{"origin":55977,"position":5},"title":"Marchan activistas contra nulos resultados de la Fiscal\u00eda en casos de desaparecidos (Quintana Roo)","author":"grieta","date":"20 octubre, 2022","format":false,"excerpt":"Juan Morales \/ Grupo Pir\u00e1mide Canc\u00fan, Quintana Roo.- Miembros del colectivo Verdad, Memoria y Justicia marcharon en Canc\u00fan contra los nulos resultados de la Fiscal\u00eda General del Estado (FGE) en los reportes de personas desaparecidas, los cuales aumentaron durante septiembre con dos casos m\u00e1s. Los manifestantes arrancaron su protesta desde\u2026","rel":"","context":"En &quot;CINTILLO&quot;","block_context":{"text":"CINTILLO","link":"http:\/\/www.grieta.org.mx\/index.php\/category\/cintillo\/"},"img":{"alt_text":"","src":"https:\/\/i0.wp.com\/www.grieta.org.mx\/wp-content\/uploads\/2022\/10\/DesaparecidosQroo-e1666432285627.jpg?resize=350%2C200","width":350,"height":200,"srcset":"https:\/\/i0.wp.com\/www.grieta.org.mx\/wp-content\/uploads\/2022\/10\/DesaparecidosQroo-e1666432285627.jpg?resize=350%2C200 1x, https:\/\/i0.wp.com\/www.grieta.org.mx\/wp-content\/uploads\/2022\/10\/DesaparecidosQroo-e1666432285627.jpg?resize=525%2C300 1.5x, https:\/\/i0.wp.com\/www.grieta.org.mx\/wp-content\/uploads\/2022\/10\/DesaparecidosQroo-e1666432285627.jpg?resize=700%2C400 2x"},"classes":[]}],"_links":{"self":[{"href":"http:\/\/www.grieta.org.mx\/index.php\/wp-json\/wp\/v2\/posts\/55977","targetHints":{"allow":["GET"]}}],"collection":[{"href":"http:\/\/www.grieta.org.mx\/index.php\/wp-json\/wp\/v2\/posts"}],"about":[{"href":"http:\/\/www.grieta.org.mx\/index.php\/wp-json\/wp\/v2\/types\/post"}],"author":[{"embeddable":true,"href":"http:\/\/www.grieta.org.mx\/index.php\/wp-json\/wp\/v2\/users\/2"}],"replies":[{"embeddable":true,"href":"http:\/\/www.grieta.org.mx\/index.php\/wp-json\/wp\/v2\/comments?post=55977"}],"version-history":[{"count":1,"href":"http:\/\/www.grieta.org.mx\/index.php\/wp-json\/wp\/v2\/posts\/55977\/revisions"}],"predecessor-version":[{"id":55979,"href":"http:\/\/www.grieta.org.mx\/index.php\/wp-json\/wp\/v2\/posts\/55977\/revisions\/55979"}],"wp:featuredmedia":[{"embeddable":true,"href":"http:\/\/www.grieta.org.mx\/index.php\/wp-json\/wp\/v2\/media\/55978"}],"wp:attachment":[{"href":"http:\/\/www.grieta.org.mx\/index.php\/wp-json\/wp\/v2\/media?parent=55977"}],"wp:term":[{"taxonomy":"category","embeddable":true,"href":"http:\/\/www.grieta.org.mx\/index.php\/wp-json\/wp\/v2\/categories?post=55977"},{"taxonomy":"post_tag","embeddable":true,"href":"http:\/\/www.grieta.org.mx\/index.php\/wp-json\/wp\/v2\/tags?post=55977"}],"curies":[{"name":"wp","href":"https:\/\/api.w.org\/{rel}","templated":true}]}}