{"id":55967,"date":"2020-12-24T11:28:53","date_gmt":"2020-12-24T17:28:53","guid":{"rendered":"http:\/\/www.grieta.org.mx\/?p=55967"},"modified":"2020-12-27T11:38:32","modified_gmt":"2020-12-27T17:38:32","slug":"100-trabajadores-de-la-salud-en-q-roo-son-despedidos-por-insabi","status":"publish","type":"post","link":"http:\/\/www.grieta.org.mx\/index.php\/2020\/12\/24\/100-trabajadores-de-la-salud-en-q-roo-son-despedidos-por-insabi\/","title":{"rendered":"100 trabajadores de la salud en Q.Roo son despedidos por INSABI"},"content":{"rendered":"<p><img loading=\"lazy\" decoding=\"async\" data-attachment-id=\"55968\" data-permalink=\"http:\/\/www.grieta.org.mx\/index.php\/2020\/12\/24\/100-trabajadores-de-la-salud-en-q-roo-son-despedidos-por-insabi\/insabiqroo\/\" data-orig-file=\"http:\/\/www.grieta.org.mx\/wp-content\/uploads\/2020\/12\/InsabiQRoo-e1609090541376.png\" data-orig-size=\"800,283\" data-comments-opened=\"0\" data-image-meta=\"{&quot;aperture&quot;:&quot;0&quot;,&quot;credit&quot;:&quot;&quot;,&quot;camera&quot;:&quot;&quot;,&quot;caption&quot;:&quot;&quot;,&quot;created_timestamp&quot;:&quot;0&quot;,&quot;copyright&quot;:&quot;&quot;,&quot;focal_length&quot;:&quot;0&quot;,&quot;iso&quot;:&quot;0&quot;,&quot;shutter_speed&quot;:&quot;0&quot;,&quot;title&quot;:&quot;&quot;,&quot;orientation&quot;:&quot;0&quot;}\" data-image-title=\"InsabiQRoo\" data-image-description=\"\" data-image-caption=\"\" data-medium-file=\"http:\/\/www.grieta.org.mx\/wp-content\/uploads\/2020\/12\/InsabiQRoo-300x106.png\" data-large-file=\"http:\/\/www.grieta.org.mx\/wp-content\/uploads\/2020\/12\/InsabiQRoo-1024x362.png\" src=\"http:\/\/www.grieta.org.mx\/wp-content\/uploads\/2020\/12\/InsabiQRoo-e1609090541376.png\" alt=\"\" width=\"800\" height=\"283\" class=\"alignnone size-full wp-image-55968\" \/><\/p>\n<p>Gustavo Guardian \/ Yucat\u00e1n a la Mano<\/p>\n<p>Personal m\u00e9dico recibi\u00f3 el aviso de que su contrato termina a partir del 31 de diciembre.<\/p>\n<p>Quintana Roo empezar\u00e1 el 2021 con 100 trabajadores de salud menos en el \u00e1rea de atenci\u00f3n a COVID-19, porque a solo d\u00edas de concluir el a\u00f1o, el Instituto de Salud para el Bienestar (Insabi) no ha renovado el contrato a igual n\u00famero de personal, quienes ya fueron notificados de la terminaci\u00f3n de sus contratos a partir del 31 de diciembre.<\/p>\n<p>Las personas afectadas se manifestaron, la ma\u00f1ana de ayer, en las instalaciones del hospital general \u201cJes\u00fas Kumate Rodr\u00edguez\u201d, y denunciaron que el martes recibieron una llamada para informar que su \u00faltimo d\u00eda en el nosocomio ser\u00e1 el 31 de diciembre, fecha de terminaci\u00f3n del contrato, el cual se renovaba cada dos meses desde mayo, cuando se incorporaron.<\/p>\n<p>\u201cNos hab\u00edan prometido que \u00edbamos a tener trabajo, muchos vinieron de otros estados con su familia para combatir esta pandemia y ahora ya no tienen trabajo y se tienen que regresar sin nada\u201d, manifest\u00f3 uno de los inconformes.<\/p>\n<p>Los trabajadores se\u00f1alaron que ocho de cada 10 provienen de otras entidades, principalmente de Chiapas y Guerrero. Asimismo, se\u00f1alaron que su indignaci\u00f3n tambi\u00e9n se genera por el riesgo que tienen de enfermar.<\/p>\n<p>\u201cEn mi caso yo me infect\u00e9 dos veces de Covid-19, la primera en mayo y la segunda a finales de noviembre, apenas me reincorpor\u00e9 y ya me llamaron para decirme que ya no iba a continuar laborando, que mi \u00faltimo d\u00eda era el 31 de diciembre\u201d, dijo una de las inconformes.<\/p>\n<p>Ante esa situaci\u00f3n, han intentado comunicarse con el personal de la Secretar\u00eda de Salud federal, dependencia de la que depende el Insabi, sin embargo, no han tenido \u00e9xito.<\/p>\n<p>A la manifestaci\u00f3n tambi\u00e9n se sum\u00f3 personal de contrato, quienes se\u00f1alaron que sin la gente contratada por Insabi, la carga de trabajo ser\u00e1 mayor y volver\u00e1n a tener de ocho o m\u00e1s pacientes cada uno.<\/p>\n<p>\u201cEst\u00e1n recortando y dentro de los hospitales falta mucho personal, entonces la carga de trabajo para quienes nos quedamos va aumentar, porque vamos a tener que ver a los pacientes de quienes se est\u00e1n yendo\u201d, dijo uno de los trabajadores.<\/p>\n<p>Fuente: Novedades Quintana Roo<\/p>\n<p><a href=\"https:\/\/www.yucatanalamano.com\/100-trabajadores-de-la-salud-en-q-roo-son-despedidos-por-insabi\/\" rel=\"noopener\" target=\"_blank\">https:\/\/www.yucatanalamano.com\/100-trabajadores-de-la-salud-en-q-roo-son-despedidos-por-insabi\/<\/a><\/p>\n","protected":false},"excerpt":{"rendered":"<p>Gustavo Guardian \/ Yucat\u00e1n a la Mano Personal m\u00e9dico recibi\u00f3 el aviso de que su contrato termina a partir del 31 de diciembre. Quintana Roo empezar\u00e1 el 2021 con 100 &hellip; <a href=\"http:\/\/www.grieta.org.mx\/index.php\/2020\/12\/24\/100-trabajadores-de-la-salud-en-q-roo-son-despedidos-por-insabi\/\" class=\"more-link\">Leer m\u00e1s<\/a><\/p>\n","protected":false},"author":2,"featured_media":55968,"comment_status":"closed","ping_status":"closed","sticky":false,"template":"","format":"standard","meta":{"ngg_post_thumbnail":0,"_jetpack_newsletter_access":"","_jetpack_dont_email_post_to_subs":false,"_jetpack_newsletter_tier_id":0,"_jetpack_memberships_contains_paywalled_content":false,"_jetpack_memberships_contains_paid_content":false,"footnotes":""},"categories":[80,1084,3279,918,2853,2,28,83],"tags":[3241,2367,105,163,3323,3242],"class_list":["post-55967","post","type-post","status-publish","format-standard","has-post-thumbnail","hentry","category-cintillo","category-conflictos-laborales-en-quintana-roo","category-covid-19-en-quintana-roo","category-privatizacion-del-sector-salud","category-crisis-en-el-sector-salud-en-quintana-roo","category-noticias-nacionales","category-quintana-roo","category-temas-nacionales","tag-covid-19","tag-crisis-en-el-sector-salud","tag-derechos-laborales","tag-despidos","tag-personal-de-salud","tag-protestas-trabajadores-sector-salud","entry"],"jetpack_featured_media_url":"http:\/\/www.grieta.org.mx\/wp-content\/uploads\/2020\/12\/InsabiQRoo-e1609090541376.png","jetpack_sharing_enabled":true,"jetpack_shortlink":"https:\/\/wp.me\/p7ZJR4-eyH","jetpack_likes_enabled":false,"jetpack-related-posts":[{"id":63373,"url":"http:\/\/www.grieta.org.mx\/index.php\/2022\/02\/12\/enfermeras-quedan-sin-trabajo-y-hasta-mueren-por-covid-19-quintana-roo\/","url_meta":{"origin":55967,"position":0},"title":"Enfermeras quedan sin trabajo y hasta mueren por COVID-19 (Quintana Roo)","author":"grieta","date":"12 febrero, 2022","format":false,"excerpt":"Efr\u00e9n Mart\u00edn \/ La Verdad Al menos el 70 por ciento de los 400 trabajadores de la salud que se desempe\u00f1aban como suplentes y que no fueron recontratados por la Secretar\u00eda de Salud al concluir enero, han dado positivo a COVID-19 y de ellos, ocho fallecieron sin recibir ning\u00fan tipo\u2026","rel":"","context":"En &quot;CINTILLO&quot;","block_context":{"text":"CINTILLO","link":"http:\/\/www.grieta.org.mx\/index.php\/category\/cintillo\/"},"img":{"alt_text":"","src":"https:\/\/i0.wp.com\/www.grieta.org.mx\/wp-content\/uploads\/2022\/02\/Enfermeras-e1644797796592.png?resize=350%2C200","width":350,"height":200,"srcset":"https:\/\/i0.wp.com\/www.grieta.org.mx\/wp-content\/uploads\/2022\/02\/Enfermeras-e1644797796592.png?resize=350%2C200 1x, https:\/\/i0.wp.com\/www.grieta.org.mx\/wp-content\/uploads\/2022\/02\/Enfermeras-e1644797796592.png?resize=525%2C300 1.5x, https:\/\/i0.wp.com\/www.grieta.org.mx\/wp-content\/uploads\/2022\/02\/Enfermeras-e1644797796592.png?resize=700%2C400 2x"},"classes":[]},{"id":57818,"url":"http:\/\/www.grieta.org.mx\/index.php\/2021\/03\/22\/sigue-protesta-por-falta-de-vacunas-exigen-empleados-de-salud-ser-vacunados-contra-covid-19-en-felipe-carrillo-puerto-quintana-roo\/","url_meta":{"origin":55967,"position":1},"title":"Sigue protesta por falta de vacunas: Exigen empleados de Salud ser vacunados contra COVID-19 en Felipe Carrillo Puerto (Quintana Roo)","author":"grieta","date":"22 marzo, 2021","format":false,"excerpt":"Noticaribe FELIPE CARRILLO PUERTO, MX.- Trabajadores de la Jurisdicci\u00f3n Sanitaria 03 de la Secretar\u00eda de Salud de Felipe Carrillo Puerto se manifestaron esta ma\u00f1ana para exigir sean vacunados contra el coronavirus, pues hasta ahora a ellos no les ha tocado y dicen estar en la primera l\u00ednea de defensa. La\u2026","rel":"","context":"En &quot;CINTILLO&quot;","block_context":{"text":"CINTILLO","link":"http:\/\/www.grieta.org.mx\/index.php\/category\/cintillo\/"},"img":{"alt_text":"","src":"https:\/\/i0.wp.com\/www.grieta.org.mx\/wp-content\/uploads\/2021\/03\/CarrilloPuertoVacunas-e1616444755105.png?resize=350%2C200","width":350,"height":200,"srcset":"https:\/\/i0.wp.com\/www.grieta.org.mx\/wp-content\/uploads\/2021\/03\/CarrilloPuertoVacunas-e1616444755105.png?resize=350%2C200 1x, https:\/\/i0.wp.com\/www.grieta.org.mx\/wp-content\/uploads\/2021\/03\/CarrilloPuertoVacunas-e1616444755105.png?resize=525%2C300 1.5x, https:\/\/i0.wp.com\/www.grieta.org.mx\/wp-content\/uploads\/2021\/03\/CarrilloPuertoVacunas-e1616444755105.png?resize=700%2C400 2x"},"classes":[]},{"id":42784,"url":"http:\/\/www.grieta.org.mx\/index.php\/2020\/01\/07\/chetumal-extincion-del-seguro-popular-deja-sin-trabajo-a-169-personas\/","url_meta":{"origin":55967,"position":2},"title":"Chetumal: Extinci\u00f3n del Seguro Popular deja sin trabajo a 169 personas","author":"grieta","date":"7 enero, 2020","format":false,"excerpt":"Armando Galera\/SIPSE CHETUMAL, Q. Roo.- La extinci\u00f3n del Seguro Popular dej\u00f3 sin trabajo a m\u00e1s de 169 personas de este organismo en Chetumal, debido a que sus contratos no fueron renovados para laborar en el nuevo Instituto Nacional de Salud para el Bienestar (Insabi). Los extrabajadores, de car\u00e1cter administrativo, se\u2026","rel":"","context":"En &quot;CINTILLO&quot;","block_context":{"text":"CINTILLO","link":"http:\/\/www.grieta.org.mx\/index.php\/category\/cintillo\/"},"img":{"alt_text":"","src":"https:\/\/i0.wp.com\/www.grieta.org.mx\/wp-content\/uploads\/2020\/01\/SeguroPopular.jpg?resize=350%2C200","width":350,"height":200,"srcset":"https:\/\/i0.wp.com\/www.grieta.org.mx\/wp-content\/uploads\/2020\/01\/SeguroPopular.jpg?resize=350%2C200 1x, https:\/\/i0.wp.com\/www.grieta.org.mx\/wp-content\/uploads\/2020\/01\/SeguroPopular.jpg?resize=525%2C300 1.5x, https:\/\/i0.wp.com\/www.grieta.org.mx\/wp-content\/uploads\/2020\/01\/SeguroPopular.jpg?resize=700%2C400 2x"},"classes":[]},{"id":66173,"url":"http:\/\/www.grieta.org.mx\/index.php\/2023\/01\/27\/crece-conflicto-en-hospital-privado-se-suman-trabajadores-de-costamed-cozumel-a-manifestacion-para-exigir-mejores-condiciones-laborales-quintana-roo\/","url_meta":{"origin":55967,"position":3},"title":"Crece conflicto en hospital privado: Se suman trabajadores de Costamed Cozumel a manifestaci\u00f3n para exigir mejores condiciones laborales  (Quintana Roo)","author":"grieta","date":"27 enero, 2023","format":false,"excerpt":"COZUMEL, MX.- A escasas 24 horas de la primera protesta realizada en la sede de Costamed en Playa del Carmen, esta ma\u00f1ana, al menos 20 trabajadores de este nosocomio en Cozumel se manifestaron tambi\u00e9n para exigir mejores condiciones laborales y denunciar a la directiva, con sede en esta isla, por\u2026","rel":"","context":"En &quot;CINTILLO&quot;","block_context":{"text":"CINTILLO","link":"http:\/\/www.grieta.org.mx\/index.php\/category\/cintillo\/"},"img":{"alt_text":"","src":"https:\/\/i0.wp.com\/www.grieta.org.mx\/wp-content\/uploads\/2023\/01\/Hospital-e1675032379151.jpg?resize=350%2C200","width":350,"height":200,"srcset":"https:\/\/i0.wp.com\/www.grieta.org.mx\/wp-content\/uploads\/2023\/01\/Hospital-e1675032379151.jpg?resize=350%2C200 1x, https:\/\/i0.wp.com\/www.grieta.org.mx\/wp-content\/uploads\/2023\/01\/Hospital-e1675032379151.jpg?resize=525%2C300 1.5x, https:\/\/i0.wp.com\/www.grieta.org.mx\/wp-content\/uploads\/2023\/01\/Hospital-e1675032379151.jpg?resize=700%2C400 2x"},"classes":[]},{"id":63431,"url":"http:\/\/www.grieta.org.mx\/index.php\/2022\/02\/15\/nos-humillan-y-amenazan-medicos-del-hospital-de-chetumal-denuncian-abuso-laboral-quintana-roo\/","url_meta":{"origin":55967,"position":4},"title":"\u201cNos humillan y amenazan\u201d, m\u00e9dicos del hospital de Chetumal denuncian abuso laboral (Quintana Roo)","author":"grieta","date":"15 febrero, 2022","format":false,"excerpt":"Armando Galera Foto: Daniel Tejada \/ Novedades Quintana Roo Enfermeros, camilleros y doctores de suplencias exigen aumento de salario, vacaciones y poner fin al acoso de sus jefes. Por presunta explotaci\u00f3n laboral, amenazas y humillaciones, un grupo de 40 enfermeros, camilleros y doctores de suplencias de Chetumal presentaron una denuncia\u2026","rel":"","context":"En &quot;CINTILLO&quot;","block_context":{"text":"CINTILLO","link":"http:\/\/www.grieta.org.mx\/index.php\/category\/cintillo\/"},"img":{"alt_text":"","src":"https:\/\/i0.wp.com\/www.grieta.org.mx\/wp-content\/uploads\/2022\/02\/HospitalChetumal-e1645378815885.png?resize=350%2C200","width":350,"height":200,"srcset":"https:\/\/i0.wp.com\/www.grieta.org.mx\/wp-content\/uploads\/2022\/02\/HospitalChetumal-e1645378815885.png?resize=350%2C200 1x, https:\/\/i0.wp.com\/www.grieta.org.mx\/wp-content\/uploads\/2022\/02\/HospitalChetumal-e1645378815885.png?resize=525%2C300 1.5x, https:\/\/i0.wp.com\/www.grieta.org.mx\/wp-content\/uploads\/2022\/02\/HospitalChetumal-e1645378815885.png?resize=700%2C400 2x"},"classes":[]},{"id":15447,"url":"http:\/\/www.grieta.org.mx\/index.php\/2016\/06\/22\/movilizaciones-contra-la-reforma-al-sector-salud-en-quintana-roo\/","url_meta":{"origin":55967,"position":5},"title":"Movilizaciones contra la reforma al sector salud en Quintana Roo","author":"grieta","date":"22 junio, 2016","format":false,"excerpt":"22\/06\/16. Movimiento #YoSoyM\u00e9dico17 en la Zona Maya, exige mejores condiciones en el hospital Forum","rel":"","context":"En &quot;NOTICIAS NACIONALES&quot;","block_context":{"text":"NOTICIAS NACIONALES","link":"http:\/\/www.grieta.org.mx\/index.php\/category\/noticias-nacionales\/"},"img":{"alt_text":"","src":"https:\/\/i0.wp.com\/www.grieta.org.mx\/wp-content\/uploads\/2018\/03\/14524434_1106112876131411_958039263622046936_o.jpg?resize=350%2C200","width":350,"height":200,"srcset":"https:\/\/i0.wp.com\/www.grieta.org.mx\/wp-content\/uploads\/2018\/03\/14524434_1106112876131411_958039263622046936_o.jpg?resize=350%2C200 1x, https:\/\/i0.wp.com\/www.grieta.org.mx\/wp-content\/uploads\/2018\/03\/14524434_1106112876131411_958039263622046936_o.jpg?resize=525%2C300 1.5x, https:\/\/i0.wp.com\/www.grieta.org.mx\/wp-content\/uploads\/2018\/03\/14524434_1106112876131411_958039263622046936_o.jpg?resize=700%2C400 2x"},"classes":[]}],"_links":{"self":[{"href":"http:\/\/www.grieta.org.mx\/index.php\/wp-json\/wp\/v2\/posts\/55967","targetHints":{"allow":["GET"]}}],"collection":[{"href":"http:\/\/www.grieta.org.mx\/index.php\/wp-json\/wp\/v2\/posts"}],"about":[{"href":"http:\/\/www.grieta.org.mx\/index.php\/wp-json\/wp\/v2\/types\/post"}],"author":[{"embeddable":true,"href":"http:\/\/www.grieta.org.mx\/index.php\/wp-json\/wp\/v2\/users\/2"}],"replies":[{"embeddable":true,"href":"http:\/\/www.grieta.org.mx\/index.php\/wp-json\/wp\/v2\/comments?post=55967"}],"version-history":[{"count":1,"href":"http:\/\/www.grieta.org.mx\/index.php\/wp-json\/wp\/v2\/posts\/55967\/revisions"}],"predecessor-version":[{"id":55969,"href":"http:\/\/www.grieta.org.mx\/index.php\/wp-json\/wp\/v2\/posts\/55967\/revisions\/55969"}],"wp:featuredmedia":[{"embeddable":true,"href":"http:\/\/www.grieta.org.mx\/index.php\/wp-json\/wp\/v2\/media\/55968"}],"wp:attachment":[{"href":"http:\/\/www.grieta.org.mx\/index.php\/wp-json\/wp\/v2\/media?parent=55967"}],"wp:term":[{"taxonomy":"category","embeddable":true,"href":"http:\/\/www.grieta.org.mx\/index.php\/wp-json\/wp\/v2\/categories?post=55967"},{"taxonomy":"post_tag","embeddable":true,"href":"http:\/\/www.grieta.org.mx\/index.php\/wp-json\/wp\/v2\/tags?post=55967"}],"curies":[{"name":"wp","href":"https:\/\/api.w.org\/{rel}","templated":true}]}}