{"id":55954,"date":"2020-12-10T21:48:42","date_gmt":"2020-12-11T03:48:42","guid":{"rendered":"http:\/\/www.grieta.org.mx\/?p=55954"},"modified":"2020-12-23T22:00:31","modified_gmt":"2020-12-24T04:00:31","slug":"aumenta-violencia-feminicida-y-transfeminicida-en-oaxaca","status":"publish","type":"post","link":"http:\/\/www.grieta.org.mx\/index.php\/2020\/12\/10\/aumenta-violencia-feminicida-y-transfeminicida-en-oaxaca\/","title":{"rendered":"Aumenta violencia feminicida y transfeminicida en Oaxaca"},"content":{"rendered":"<p>Radio Zapatista.<\/p>\n<p>Geovanna \u00c1ngulo Ramos ten\u00eda 27 a\u00f1os y era maestra de danza cuando desapareci\u00f3 en San Agust\u00edn Etla, Oaxaca, el d\u00eda 25 de noviembre. 5 d\u00edas despu\u00e9s, su cuerpo fue encontrado sin vida en un barranco de Suchilquitongo, Etla.<\/p>\n<p>Al d\u00eda siguiente, Sherlyn fue asesinada en su est\u00e9tica, en el barrio del ex-marquezado, en la ciudad de Oaxaca. Fue atacada por hombres armados, quienes le dispararon y huyeron del lugar. Hasta la fecha nadie ha sido detenido.<\/p>\n<p>Violencia feminicida y transfeminicida<\/p>\n<p><img loading=\"lazy\" decoding=\"async\" data-attachment-id=\"55955\" data-permalink=\"http:\/\/www.grieta.org.mx\/index.php\/2020\/12\/10\/aumenta-violencia-feminicida-y-transfeminicida-en-oaxaca\/1-121\/\" data-orig-file=\"http:\/\/www.grieta.org.mx\/wp-content\/uploads\/2020\/12\/1-6.jpg\" data-orig-size=\"1080,513\" data-comments-opened=\"0\" data-image-meta=\"{&quot;aperture&quot;:&quot;0&quot;,&quot;credit&quot;:&quot;&quot;,&quot;camera&quot;:&quot;&quot;,&quot;caption&quot;:&quot;&quot;,&quot;created_timestamp&quot;:&quot;0&quot;,&quot;copyright&quot;:&quot;&quot;,&quot;focal_length&quot;:&quot;0&quot;,&quot;iso&quot;:&quot;0&quot;,&quot;shutter_speed&quot;:&quot;0&quot;,&quot;title&quot;:&quot;&quot;,&quot;orientation&quot;:&quot;0&quot;}\" data-image-title=\"1\" data-image-description=\"\" data-image-caption=\"\" data-medium-file=\"http:\/\/www.grieta.org.mx\/wp-content\/uploads\/2020\/12\/1-6-300x143.jpg\" data-large-file=\"http:\/\/www.grieta.org.mx\/wp-content\/uploads\/2020\/12\/1-6-1024x486.jpg\" class=\"alignnone wp-image-55955\" src=\"http:\/\/www.grieta.org.mx\/wp-content\/uploads\/2020\/12\/1-6.jpg\" alt=\"\" width=\"800\" height=\"380\" srcset=\"http:\/\/www.grieta.org.mx\/wp-content\/uploads\/2020\/12\/1-6.jpg 1080w, http:\/\/www.grieta.org.mx\/wp-content\/uploads\/2020\/12\/1-6-300x143.jpg 300w, http:\/\/www.grieta.org.mx\/wp-content\/uploads\/2020\/12\/1-6-1024x486.jpg 1024w, http:\/\/www.grieta.org.mx\/wp-content\/uploads\/2020\/12\/1-6-768x365.jpg 768w, http:\/\/www.grieta.org.mx\/wp-content\/uploads\/2020\/12\/1-6-1053x500.jpg 1053w\" sizes=\"auto, (max-width: 800px) 100vw, 800px\" \/><\/p>\n<p>Los asesinatos de Geovanna y Sherlyn se suman a los 447 feminicidios que han ocurrido en la entidad durante el actual sexenio de Alejandro Murat. Tan solo en este a\u00f1o 2020, al menos 94 mujeres han sido asesinadas. El 25% de sus cuerpos ha sido tirado en barrancos.<\/p>\n<p>Geovanna y Sherlyn tambi\u00e9n tienen en com\u00fan el hecho de ser mujeres trans. De acuerdo con el Centro de Apoyo a Identidades Trans, Oaxaca, entre 2007 y 2017 se contabilizaron 442 asesinatos de personas trans en el pa\u00eds, de los cuales 19 ocurrieron en Oaxaca. En 2018, se sumaron 34 asesinatos trans, y hasta el 20 noviembre de este a\u00f1o se han acumulado 35 m\u00e1s.<\/p>\n<p>Seg\u00fan la misma organizaci\u00f3n, la esperanza de vida de las personas trans en Am\u00e9rica Latina apenas alcanza entre 35 y 40 a\u00f1os, esto debido a la cantidad de cr\u00edmenes de odio, as\u00ed como a la exclusi\u00f3n social que sufren en el d\u00eda a d\u00eda.<\/p>\n<p>Ante la violencia, la organizaci\u00f3n y la resistencia<\/p>\n<p><img loading=\"lazy\" decoding=\"async\" data-attachment-id=\"55956\" data-permalink=\"http:\/\/www.grieta.org.mx\/index.php\/2020\/12\/10\/aumenta-violencia-feminicida-y-transfeminicida-en-oaxaca\/2-76\/\" data-orig-file=\"http:\/\/www.grieta.org.mx\/wp-content\/uploads\/2020\/12\/2-2.jpg\" data-orig-size=\"1080,810\" data-comments-opened=\"0\" data-image-meta=\"{&quot;aperture&quot;:&quot;0&quot;,&quot;credit&quot;:&quot;&quot;,&quot;camera&quot;:&quot;&quot;,&quot;caption&quot;:&quot;&quot;,&quot;created_timestamp&quot;:&quot;0&quot;,&quot;copyright&quot;:&quot;&quot;,&quot;focal_length&quot;:&quot;0&quot;,&quot;iso&quot;:&quot;0&quot;,&quot;shutter_speed&quot;:&quot;0&quot;,&quot;title&quot;:&quot;&quot;,&quot;orientation&quot;:&quot;0&quot;}\" data-image-title=\"2\" data-image-description=\"\" data-image-caption=\"\" data-medium-file=\"http:\/\/www.grieta.org.mx\/wp-content\/uploads\/2020\/12\/2-2-300x225.jpg\" data-large-file=\"http:\/\/www.grieta.org.mx\/wp-content\/uploads\/2020\/12\/2-2-1024x768.jpg\" class=\"alignnone wp-image-55956\" src=\"http:\/\/www.grieta.org.mx\/wp-content\/uploads\/2020\/12\/2-2.jpg\" alt=\"\" width=\"800\" height=\"600\" srcset=\"http:\/\/www.grieta.org.mx\/wp-content\/uploads\/2020\/12\/2-2.jpg 1080w, http:\/\/www.grieta.org.mx\/wp-content\/uploads\/2020\/12\/2-2-300x225.jpg 300w, http:\/\/www.grieta.org.mx\/wp-content\/uploads\/2020\/12\/2-2-1024x768.jpg 1024w, http:\/\/www.grieta.org.mx\/wp-content\/uploads\/2020\/12\/2-2-768x576.jpg 768w, http:\/\/www.grieta.org.mx\/wp-content\/uploads\/2020\/12\/2-2-667x500.jpg 667w\" sizes=\"auto, (max-width: 800px) 100vw, 800px\" \/><\/p>\n<p>Tras estos actos de violencia extrema, familiares, amistades de las v\u00edctimas, integrantes de la comunidad LGBTTI+ y\/o feministas han protestado en varias ocasiones.<\/p>\n<p>Las Aut\u00e9nticas Intr\u00e9pidas Buscadoras de Peligro, Muxes de Juchit\u00e1n de Zaragoza, en el Istmo de Tehuantepec, emitieron posicionamientos para exigir que se esclarezcan los dos asesinatos reportados en Oaxaca, advirtiendo que tanto Geovanna como Sherlyn fueron atacadas con sa\u00f1a y odio salvaje, \u201cpor el simple hecho de ser diferentes\u201d.<\/p>\n<p>En un comunicado, Integrantes del Tianguis Autogestivo y disidente de la ciudad de Oaxaca recordaron a Geovanna y Sherlyn como personas que \u201cse atrevieron a vivir siendo quienes eran: mujeres fuertes, valientes y cari\u00f1osas. Que tocaron la vida de quien les conoci\u00f3, y contin\u00faan tocando muchas otras, convocadas por el dolor y rabia que provoca su ausencia; que en este lugar hostil en el que ser aut\u00e9ntica es un acto de resistencia, el amor que sembraron, trascender\u00e1.\u201d<\/p>\n<p>Tambi\u00e9n se\u00f1alaron la responsabilidad del gobernador del Estado, Alejandro Murat, as\u00ed como la necesidad de organizarse frente a la violencia.\u201cEsc\u00fachelo bien, gobernador: Esto tiene que parar. No somos un n\u00famero moldeable a sus intereses, no somos una cifra m\u00e1s. Tiene las manos manchadas con la sangre de cada una de las ni\u00f1as, mujeres, lesbianas, personas trans y disidentes de g\u00e9nero asesinadas en las calles, negocios y casas, y tiene que responder por ello\u201d.<\/p>\n<p>En este pronunciamiento tambi\u00e9n se ha hecho responsable a las insttituciones que conforman el Estado, porque Oaxaca \u201ces uno de los m\u00e1s violentos del pa\u00eds, de los primeros en feminicidios, transfeminicidios y cr\u00edmenes de odio a la poblaci\u00f3n LGBTI+, y aun as\u00ed, no existen estad\u00edsticas gubernamentales que visibilicen el problema. El gobierno niega una violencia que se desborda, finge que no pasa nada y derrocha en una atracci\u00f3n luminosa, inservible, el dinero que debiera destinarse a la b\u00fasqueda de las cientas de mujeres desaparecidas en este territorio, ignorando el contexto pand\u00e9mico, el mismo que usan de pretexto para reprimir la autogesti\u00f3n\u201d, se\u00f1alaron las integrantes del Tianguis.<\/p>\n<p>Este proceso autogestivo tambi\u00e9n advirti\u00f3, \u201cno callaremos ante la violencia que nos arrebata a m\u00e1s de once mujeres cada d\u00eda. Nuestras vidas no son desechables, nuestras identidades se respetan, nuestros cuerpos no se tocan, y si tocan a une, respondemos todes\u201d, expresaron.<\/p>\n<p>As\u00ed mismo, insistieron en la necesidad de recordar a todas las que ya no est\u00e1n: \u201cHoy recordamos a Shirley, a Geovanna, a Carly y a todas las mujeres trans asesinadas. Les despedimos con ternura. Tambi\u00e9n, exigimos el regreso de Zaira Leticia Morales Noyola, desaparecida el 23 de octubre en Huajuapan, y de la Chikis, compa\u00f1era trans desaparecida en Puerto Escondido desde el 2018, as\u00ed como el regreso de cada una de las hermanas a las que seguimos esperando en casa. Porque vivas se la llevaron, y vivas las queremos\u201d, declararon.<\/p>\n<p><img loading=\"lazy\" decoding=\"async\" data-attachment-id=\"55957\" data-permalink=\"http:\/\/www.grieta.org.mx\/index.php\/2020\/12\/10\/aumenta-violencia-feminicida-y-transfeminicida-en-oaxaca\/3-56\/\" data-orig-file=\"http:\/\/www.grieta.org.mx\/wp-content\/uploads\/2020\/12\/3-1.jpg\" data-orig-size=\"1080,810\" data-comments-opened=\"0\" data-image-meta=\"{&quot;aperture&quot;:&quot;0&quot;,&quot;credit&quot;:&quot;&quot;,&quot;camera&quot;:&quot;&quot;,&quot;caption&quot;:&quot;&quot;,&quot;created_timestamp&quot;:&quot;0&quot;,&quot;copyright&quot;:&quot;&quot;,&quot;focal_length&quot;:&quot;0&quot;,&quot;iso&quot;:&quot;0&quot;,&quot;shutter_speed&quot;:&quot;0&quot;,&quot;title&quot;:&quot;&quot;,&quot;orientation&quot;:&quot;0&quot;}\" data-image-title=\"3\" data-image-description=\"\" data-image-caption=\"\" data-medium-file=\"http:\/\/www.grieta.org.mx\/wp-content\/uploads\/2020\/12\/3-1-300x225.jpg\" data-large-file=\"http:\/\/www.grieta.org.mx\/wp-content\/uploads\/2020\/12\/3-1-1024x768.jpg\" class=\"alignnone wp-image-55957\" src=\"http:\/\/www.grieta.org.mx\/wp-content\/uploads\/2020\/12\/3-1.jpg\" alt=\"\" width=\"800\" height=\"600\" srcset=\"http:\/\/www.grieta.org.mx\/wp-content\/uploads\/2020\/12\/3-1.jpg 1080w, http:\/\/www.grieta.org.mx\/wp-content\/uploads\/2020\/12\/3-1-300x225.jpg 300w, http:\/\/www.grieta.org.mx\/wp-content\/uploads\/2020\/12\/3-1-1024x768.jpg 1024w, http:\/\/www.grieta.org.mx\/wp-content\/uploads\/2020\/12\/3-1-768x576.jpg 768w, http:\/\/www.grieta.org.mx\/wp-content\/uploads\/2020\/12\/3-1-667x500.jpg 667w\" sizes=\"auto, (max-width: 800px) 100vw, 800px\" \/><\/p>\n<p><a href=\"https:\/\/radiozapatista.org\/?p=36252\" target=\"_blank\" rel=\"noopener\">https:\/\/radiozapatista.org\/?p=36252<\/a><\/p>\n","protected":false},"excerpt":{"rendered":"<p>Radio Zapatista. Geovanna \u00c1ngulo Ramos ten\u00eda 27 a\u00f1os y era maestra de danza cuando desapareci\u00f3 en San Agust\u00edn Etla, Oaxaca, el d\u00eda 25 de noviembre. 5 d\u00edas despu\u00e9s, su cuerpo &hellip; <a href=\"http:\/\/www.grieta.org.mx\/index.php\/2020\/12\/10\/aumenta-violencia-feminicida-y-transfeminicida-en-oaxaca\/\" class=\"more-link\">Leer m\u00e1s<\/a><\/p>\n","protected":false},"author":2,"featured_media":21928,"comment_status":"closed","ping_status":"closed","sticky":false,"template":"","format":"standard","meta":{"ngg_post_thumbnail":0,"_jetpack_newsletter_access":"","_jetpack_dont_email_post_to_subs":false,"_jetpack_newsletter_tier_id":0,"_jetpack_memberships_contains_paywalled_content":false,"_jetpack_memberships_contains_paid_content":false,"footnotes":""},"categories":[80,2832,1325,2,25,1665],"tags":[],"class_list":["post-55954","post","type-post","status-publish","format-standard","has-post-thumbnail","hentry","category-cintillo","category-desaparecidos-en-oaxaca","category-feminicidios-en-oaxaca-oaxaca","category-noticias-nacionales","category-oaxaca","category-violencia-contra-las-mujeres-en-oaxaca","entry"],"jetpack_featured_media_url":"http:\/\/www.grieta.org.mx\/wp-content\/uploads\/2018\/03\/14524434_1106112876131411_958039263622046936_o.jpg","jetpack_sharing_enabled":true,"jetpack_shortlink":"https:\/\/wp.me\/p7ZJR4-eyu","jetpack_likes_enabled":false,"jetpack-related-posts":[{"id":55649,"url":"http:\/\/www.grieta.org.mx\/index.php\/2020\/12\/08\/urgen-investigar-los-crimenes-de-odio-en-oaxaca-de-geovanna-y-sherlyn\/","url_meta":{"origin":55954,"position":0},"title":"Urgen investigar los cr\u00edmenes de odio en Oaxaca de Geovanna y Sherlyn","author":"grieta","date":"8 diciembre, 2020","format":false,"excerpt":"P\u00e1gina 3 \/ Pedro Mat\u00edas. Ombudsman pide investigar los cr\u00edmenes de odio suscitados en los \u00faltimos d\u00edas en Oaxaca OAXACA, Oax.- La Defensor\u00eda de los Derechos Humanos del Pueblo de Oaxaca urgi\u00f3 a las autoridades de procuraci\u00f3n y administraci\u00f3n de justicia a que atiendan los casos de Geovanna y Sherlyn,\u2026","rel":"","context":"En &quot;CINTILLO&quot;","block_context":{"text":"CINTILLO","link":"http:\/\/www.grieta.org.mx\/index.php\/category\/cintillo\/"},"img":{"alt_text":"","src":"https:\/\/i0.wp.com\/www.grieta.org.mx\/wp-content\/uploads\/2020\/12\/1-1.jpg?resize=350%2C200","width":350,"height":200,"srcset":"https:\/\/i0.wp.com\/www.grieta.org.mx\/wp-content\/uploads\/2020\/12\/1-1.jpg?resize=350%2C200 1x, https:\/\/i0.wp.com\/www.grieta.org.mx\/wp-content\/uploads\/2020\/12\/1-1.jpg?resize=525%2C300 1.5x, https:\/\/i0.wp.com\/www.grieta.org.mx\/wp-content\/uploads\/2020\/12\/1-1.jpg?resize=700%2C400 2x"},"classes":[]},{"id":55574,"url":"http:\/\/www.grieta.org.mx\/index.php\/2020\/12\/03\/con-marcha-exigiran-justicia-por-los-transfeminicidios-de-geovanna-y-sherlyn-oaxaca\/","url_meta":{"origin":55954,"position":1},"title":"Con marcha exigir\u00e1n justicia por los transfeminicidios de Geovanna y Sherlyn (Oaxaca)","author":"grieta","date":"3 diciembre, 2020","format":false,"excerpt":"Noticias \/ Staff NVI. Tras el asesinato de Geovanna A. R. y Sherlyn N. N, quienes eran integrantes de la comunida LGBTTTI, un sector de la poblaci\u00f3n oaxaque\u00f1a ha convocado a una marcha para ma\u00f1ana viernes 4 de diciembre a las 11:00am, partiendo de la Fuente de las Ocho Regiones,\u2026","rel":"","context":"En &quot;CINTILLO&quot;","block_context":{"text":"CINTILLO","link":"http:\/\/www.grieta.org.mx\/index.php\/category\/cintillo\/"},"img":{"alt_text":"","src":"https:\/\/i0.wp.com\/www.grieta.org.mx\/wp-content\/uploads\/2020\/12\/1.jpeg?resize=350%2C200","width":350,"height":200,"srcset":"https:\/\/i0.wp.com\/www.grieta.org.mx\/wp-content\/uploads\/2020\/12\/1.jpeg?resize=350%2C200 1x, https:\/\/i0.wp.com\/www.grieta.org.mx\/wp-content\/uploads\/2020\/12\/1.jpeg?resize=525%2C300 1.5x, https:\/\/i0.wp.com\/www.grieta.org.mx\/wp-content\/uploads\/2020\/12\/1.jpeg?resize=700%2C400 2x, https:\/\/i0.wp.com\/www.grieta.org.mx\/wp-content\/uploads\/2020\/12\/1.jpeg?resize=1050%2C600 3x"},"classes":[]},{"id":62231,"url":"http:\/\/www.grieta.org.mx\/index.php\/2021\/10\/07\/asesinan-a-madre-e-hija-en-nazareno-etla-oaxaca\/","url_meta":{"origin":55954,"position":2},"title":"Asesinan a madre e hija en Nazareno Etla, Oaxaca","author":"grieta","date":"7 octubre, 2021","format":false,"excerpt":"Proceso \/ Pedro Mat\u00edas. La Fiscal\u00eda General de Oaxaca dio a conocer el hallazgo de una mujer de 27 a\u00f1os y su hija, de 1 a\u00f1o de edad, asesinadas en el paraje La Guamuchera, perteneciente al municipio de Nazareno Etla. OAXACA, Oax. (apro).- La Fiscal\u00eda General de Oaxaca dio a\u2026","rel":"","context":"En &quot;CINTILLO&quot;","block_context":{"text":"CINTILLO","link":"http:\/\/www.grieta.org.mx\/index.php\/category\/cintillo\/"},"img":{"alt_text":"","src":"https:\/\/i0.wp.com\/www.grieta.org.mx\/wp-content\/uploads\/2021\/10\/a.jpg?resize=350%2C200","width":350,"height":200,"srcset":"https:\/\/i0.wp.com\/www.grieta.org.mx\/wp-content\/uploads\/2021\/10\/a.jpg?resize=350%2C200 1x, https:\/\/i0.wp.com\/www.grieta.org.mx\/wp-content\/uploads\/2021\/10\/a.jpg?resize=525%2C300 1.5x, https:\/\/i0.wp.com\/www.grieta.org.mx\/wp-content\/uploads\/2021\/10\/a.jpg?resize=700%2C400 2x"},"classes":[]},{"id":38858,"url":"http:\/\/www.grieta.org.mx\/index.php\/2019\/09\/02\/no-cesa-la-violencia-feminicida-ahora-aparece-mujer-degollada-en-pinotepa-oaxaca\/","url_meta":{"origin":55954,"position":3},"title":"No cesa la violencia feminicida, ahora aparece mujer degollada en Pinotepa (Oaxaca)","author":"grieta","date":"2 septiembre, 2019","format":false,"excerpt":"Pedro Mat\u00edas \/ P\u00e1gina 3. Oaxaca.- Una mujer fue degollada de la comunidad de Motillas, perteneciente a Pinotepa Nacional, en la regi\u00f3n de la Costa; con lo que suman 127 mujeres y ni\u00f1as que han sido asesinadas de manera violenta, desde la Declaraci\u00f3n de la Alerta por Violencia de G\u00e9nero\u2026","rel":"","context":"En &quot;CINTILLO&quot;","block_context":{"text":"CINTILLO","link":"http:\/\/www.grieta.org.mx\/index.php\/category\/cintillo\/"},"img":{"alt_text":"","src":"https:\/\/i0.wp.com\/www.grieta.org.mx\/wp-content\/uploads\/2018\/03\/14524434_1106112876131411_958039263622046936_o.jpg?resize=350%2C200","width":350,"height":200,"srcset":"https:\/\/i0.wp.com\/www.grieta.org.mx\/wp-content\/uploads\/2018\/03\/14524434_1106112876131411_958039263622046936_o.jpg?resize=350%2C200 1x, https:\/\/i0.wp.com\/www.grieta.org.mx\/wp-content\/uploads\/2018\/03\/14524434_1106112876131411_958039263622046936_o.jpg?resize=525%2C300 1.5x, https:\/\/i0.wp.com\/www.grieta.org.mx\/wp-content\/uploads\/2018\/03\/14524434_1106112876131411_958039263622046936_o.jpg?resize=700%2C400 2x"},"classes":[]},{"id":62662,"url":"http:\/\/www.grieta.org.mx\/index.php\/2021\/11\/09\/violencia-feminicida-que-en-oaxaca-no-puede-detenerse-suman-79-mujeres-asesinadas-en-2021-gesmujer\/","url_meta":{"origin":55954,"position":4},"title":"Violencia feminicida que en Oaxaca no puede detenerse; suman 79 mujeres asesinadas en 2021: GESMujer","author":"grieta","date":"9 noviembre, 2021","format":false,"excerpt":"P\u00e1gina 3 \/ Pedro Mat\u00edas. Historias de dolor que forman parte de un recuento de violencia feminicida que en Oaxaca no puede detenerse y que suman 79 mujeres asesinadas en 2021. Oaxaca, Oax.- A plena luz del d\u00eda fue ejecutada una mujer, otra fue asesinada con arma de fuego frente\u2026","rel":"","context":"En &quot;CINTILLO&quot;","block_context":{"text":"CINTILLO","link":"http:\/\/www.grieta.org.mx\/index.php\/category\/cintillo\/"},"img":{"alt_text":"","src":"https:\/\/i0.wp.com\/www.grieta.org.mx\/wp-content\/uploads\/2021\/11\/13.jpg?resize=350%2C200","width":350,"height":200,"srcset":"https:\/\/i0.wp.com\/www.grieta.org.mx\/wp-content\/uploads\/2021\/11\/13.jpg?resize=350%2C200 1x, https:\/\/i0.wp.com\/www.grieta.org.mx\/wp-content\/uploads\/2021\/11\/13.jpg?resize=525%2C300 1.5x"},"classes":[]},{"id":57369,"url":"http:\/\/www.grieta.org.mx\/index.php\/2021\/03\/07\/marchan-mujeres-zapotecas-contra-feminicidios-en-el-istmo-oaxaca\/","url_meta":{"origin":55954,"position":5},"title":"Marchan mujeres zapotecas contra feminicidios en el Istmo (Oaxaca)","author":"grieta","date":"7 marzo, 2021","format":false,"excerpt":"Pi\u00e9 de P\u00e1gina \/ Diana Manzo. Juchit\u00e1n, Oaxaca.- Vestidas con sus enaguas y huipiles, mujeres zapotecas de este municipio oaxaque\u00f1o marcharon contra los feminicidios y la violencia en el marco del D\u00eda Internacional de la Mujer. Familiares de Carolina, la \u00faltima mujer asesinada en Juchit\u00e1n, encabezaron el contingente que parti\u00f3\u2026","rel":"","context":"En &quot;CINTILLO&quot;","block_context":{"text":"CINTILLO","link":"http:\/\/www.grieta.org.mx\/index.php\/category\/cintillo\/"},"img":{"alt_text":"","src":"https:\/\/i0.wp.com\/www.grieta.org.mx\/wp-content\/uploads\/2021\/03\/1-1.jpg?resize=350%2C200","width":350,"height":200,"srcset":"https:\/\/i0.wp.com\/www.grieta.org.mx\/wp-content\/uploads\/2021\/03\/1-1.jpg?resize=350%2C200 1x, https:\/\/i0.wp.com\/www.grieta.org.mx\/wp-content\/uploads\/2021\/03\/1-1.jpg?resize=525%2C300 1.5x, https:\/\/i0.wp.com\/www.grieta.org.mx\/wp-content\/uploads\/2021\/03\/1-1.jpg?resize=700%2C400 2x"},"classes":[]}],"_links":{"self":[{"href":"http:\/\/www.grieta.org.mx\/index.php\/wp-json\/wp\/v2\/posts\/55954","targetHints":{"allow":["GET"]}}],"collection":[{"href":"http:\/\/www.grieta.org.mx\/index.php\/wp-json\/wp\/v2\/posts"}],"about":[{"href":"http:\/\/www.grieta.org.mx\/index.php\/wp-json\/wp\/v2\/types\/post"}],"author":[{"embeddable":true,"href":"http:\/\/www.grieta.org.mx\/index.php\/wp-json\/wp\/v2\/users\/2"}],"replies":[{"embeddable":true,"href":"http:\/\/www.grieta.org.mx\/index.php\/wp-json\/wp\/v2\/comments?post=55954"}],"version-history":[{"count":1,"href":"http:\/\/www.grieta.org.mx\/index.php\/wp-json\/wp\/v2\/posts\/55954\/revisions"}],"predecessor-version":[{"id":55959,"href":"http:\/\/www.grieta.org.mx\/index.php\/wp-json\/wp\/v2\/posts\/55954\/revisions\/55959"}],"wp:featuredmedia":[{"embeddable":true,"href":"http:\/\/www.grieta.org.mx\/index.php\/wp-json\/wp\/v2\/media\/21928"}],"wp:attachment":[{"href":"http:\/\/www.grieta.org.mx\/index.php\/wp-json\/wp\/v2\/media?parent=55954"}],"wp:term":[{"taxonomy":"category","embeddable":true,"href":"http:\/\/www.grieta.org.mx\/index.php\/wp-json\/wp\/v2\/categories?post=55954"},{"taxonomy":"post_tag","embeddable":true,"href":"http:\/\/www.grieta.org.mx\/index.php\/wp-json\/wp\/v2\/tags?post=55954"}],"curies":[{"name":"wp","href":"https:\/\/api.w.org\/{rel}","templated":true}]}}