{"id":55909,"date":"2020-12-19T13:22:44","date_gmt":"2020-12-19T19:22:44","guid":{"rendered":"http:\/\/www.grieta.org.mx\/?p=55909"},"modified":"2020-12-21T13:52:33","modified_gmt":"2020-12-21T19:52:33","slug":"maestros-de-la-49-exigen-su-aguinaldo-nayarit","status":"publish","type":"post","link":"http:\/\/www.grieta.org.mx\/index.php\/2020\/12\/19\/maestros-de-la-49-exigen-su-aguinaldo-nayarit\/","title":{"rendered":"Maestros de la 49 exigen su aguinaldo (Nayarit)"},"content":{"rendered":"<p><img loading=\"lazy\" decoding=\"async\" data-attachment-id=\"55910\" data-permalink=\"http:\/\/www.grieta.org.mx\/index.php\/2020\/12\/19\/maestros-de-la-49-exigen-su-aguinaldo-nayarit\/pago-1\/\" data-orig-file=\"http:\/\/www.grieta.org.mx\/wp-content\/uploads\/2020\/12\/pago-1.jpg\" data-orig-size=\"800,600\" data-comments-opened=\"0\" data-image-meta=\"{&quot;aperture&quot;:&quot;0&quot;,&quot;credit&quot;:&quot;&quot;,&quot;camera&quot;:&quot;&quot;,&quot;caption&quot;:&quot;&quot;,&quot;created_timestamp&quot;:&quot;0&quot;,&quot;copyright&quot;:&quot;&quot;,&quot;focal_length&quot;:&quot;0&quot;,&quot;iso&quot;:&quot;0&quot;,&quot;shutter_speed&quot;:&quot;0&quot;,&quot;title&quot;:&quot;&quot;,&quot;orientation&quot;:&quot;0&quot;}\" data-image-title=\"pago-1\" data-image-description=\"\" data-image-caption=\"\" data-medium-file=\"http:\/\/www.grieta.org.mx\/wp-content\/uploads\/2020\/12\/pago-1-300x225.jpg\" data-large-file=\"http:\/\/www.grieta.org.mx\/wp-content\/uploads\/2020\/12\/pago-1.jpg\" class=\" wp-image-55910 aligncenter\" src=\"http:\/\/www.grieta.org.mx\/wp-content\/uploads\/2020\/12\/pago-1.jpg\" alt=\"\" width=\"803\" height=\"602\" srcset=\"http:\/\/www.grieta.org.mx\/wp-content\/uploads\/2020\/12\/pago-1.jpg 800w, http:\/\/www.grieta.org.mx\/wp-content\/uploads\/2020\/12\/pago-1-300x225.jpg 300w, http:\/\/www.grieta.org.mx\/wp-content\/uploads\/2020\/12\/pago-1-768x576.jpg 768w, http:\/\/www.grieta.org.mx\/wp-content\/uploads\/2020\/12\/pago-1-667x500.jpg 667w\" sizes=\"auto, (max-width: 803px) 100vw, 803px\" \/><\/p>\n<p>Foto: Realidades de Nayarit<\/p>\n<p><em>El gobernador hace o\u00eddos sordos a sus leg\u00edtimos reclamos<\/em><\/p>\n<p>Ver\u00f3nica Ram\u00edrez \/ Realidades de Nayarit<\/p>\n<p>Tepic, Nayarit.- S\u00e1bado 19 de diciembre del 2020.- Truena el magisterio estatal en contra del gobierno de To\u00f1o Echevarr\u00eda Garc\u00eda porque a unas horas de vencerse el plazo que estipula la Ley para el pago de las prestaciones decembrinas, se hace de la vista gorda.<\/p>\n<p>Encabritados con el \u201cpatr\u00f3n\u201d, los maestros de la secci\u00f3n 49 del SNTE realizaron la tarde de este viernes, una caravana vehicular en protesta por la irresponsabilidad de la administraci\u00f3n de Antonio Echevarr\u00eda Garc\u00eda.<\/p>\n<p>\u201cExigimos el pago inmediato de nuestra prestaciones\u201d, reclamaban los trabajadores de la educaci\u00f3n.<\/p>\n<p>Los participantes advierten que si no hay pago, no habr\u00e1 regreso a clases, porque los maestros tambi\u00e9n comen, tienen necesidades y sobre todo la obligaci\u00f3n de dar el sustento a sus familias.<\/p>\n<p>La dirigencia de sindicato que encabeza Ladislao Serrano agot\u00f3 la comunicaci\u00f3n con las autoridades para llegar a un acuerdo que satisfaga al magisterio pero pr\u00e1cticamente les cerraron la puerta de Palacio de Gobierno en las narices.<\/p>\n<p>La caravana vehicular comenz\u00f3 en la avenida Proyecto hacia Palacio de Gobierno sobre la avenida M\u00e9xico en donde todas las unidades ten\u00edan mensajes de exigencia para el pago de la segunda quincena de diciembre, ahorro, y aguinaldo de los maestros.<\/p>\n<p>Y es que ya se les hizo costumbre el dejar con un palmo de narices a los maestros del estado porque en los \u00faltimos 3 a\u00f1os, se han enfrentado a un gobierno desobligado que le importa poco, cubrir las prestaciones de fin de a\u00f1o de los trabajadores.<\/p>\n<p>Como se recordar\u00e1, desde que arrib\u00f3 al cargo To\u00f1o Echevarr\u00eda se volvi\u00f3 un calvario la lucha para obtener las prestaciones decembrinas de los trabajadores de la educaci\u00f3n quienes hasta plantones realizaron pr\u00e1cticamente en navidad de los \u00faltimos dos a\u00f1os, y todo porque no toman las previsiones para asegurar el pago de los maestros.<\/p>\n<p>Desde que inicio la pandemia, este sector se las ha visto negras porque tuvieron que entrarles a las nuevas herramientas tecnol\u00f3gicas para poder cumplir con su obligaci\u00f3n de ense\u00f1ar en l\u00ednea a sus alumnos, muchos hasta se endeudaron con equipo de c\u00f3mputo y pensaban pagarlo con el aguinaldo, pero por culpa del gobierno irresponsable, la deuda sigue creciendo y terminar\u00e1n pagando millonadas por los intereses moratorios, lamentan los maestros.<\/p>\n<p><a href=\"http:\/\/realidadessperiodico.com\/66487\">http:\/\/realidadessperiodico.com\/66487<\/a>\/<\/p>\n","protected":false},"excerpt":{"rendered":"<p>Foto: Realidades de Nayarit El gobernador hace o\u00eddos sordos a sus leg\u00edtimos reclamos Ver\u00f3nica Ram\u00edrez \/ Realidades de Nayarit Tepic, Nayarit.- S\u00e1bado 19 de diciembre del 2020.- Truena el magisterio &hellip; <a href=\"http:\/\/www.grieta.org.mx\/index.php\/2020\/12\/19\/maestros-de-la-49-exigen-su-aguinaldo-nayarit\/\" class=\"more-link\">Leer m\u00e1s<\/a><\/p>\n","protected":false},"author":2,"featured_media":55910,"comment_status":"closed","ping_status":"closed","sticky":false,"template":"","format":"standard","meta":{"ngg_post_thumbnail":0,"_jetpack_newsletter_access":"","_jetpack_dont_email_post_to_subs":false,"_jetpack_newsletter_tier_id":0,"_jetpack_memberships_contains_paywalled_content":false,"_jetpack_memberships_contains_paid_content":false,"footnotes":""},"categories":[80,1122,23,2],"tags":[1909,105,3217,3457],"class_list":["post-55909","post","type-post","status-publish","format-standard","has-post-thumbnail","hentry","category-cintillo","category-conflictos-laborales-en-nayarit","category-nayarit","category-noticias-nacionales","tag-burocratas-y-maestros-sin-salario-ni-aguinaldo","tag-derechos-laborales","tag-falta-de-pagos-a-maestros","tag-manifestaciones-de-maestros","entry"],"jetpack_featured_media_url":"http:\/\/www.grieta.org.mx\/wp-content\/uploads\/2020\/12\/pago-1.jpg","jetpack_sharing_enabled":true,"jetpack_shortlink":"https:\/\/wp.me\/p7ZJR4-exL","jetpack_likes_enabled":false,"jetpack-related-posts":[{"id":55912,"url":"http:\/\/www.grieta.org.mx\/index.php\/2020\/12\/18\/paro-en-la-uan-maestros-sin-pago-nayarit\/","url_meta":{"origin":55909,"position":0},"title":"Paro en la UAN: maestros sin pago (Nayarit)","author":"grieta","date":"18 diciembre, 2020","format":false,"excerpt":"Foto: Realidades de Nayarit Trabajadores acusan al Rector, Ignacio Pe\u00f1a Gonz\u00e1lez, de negligente, por no exigir al gobernador, Antonio Echevarr\u00eda Garc\u00eda, el pago de los 250 millones que adeuda a la Universidad, por lo que ni siquiera recibieron la quincena completa, mucho menos las prestaciones de fin de a\u00f1o Mildra\u2026","rel":"","context":"En &quot;CINTILLO&quot;","block_context":{"text":"CINTILLO","link":"http:\/\/www.grieta.org.mx\/index.php\/category\/cintillo\/"},"img":{"alt_text":"","src":"https:\/\/i0.wp.com\/www.grieta.org.mx\/wp-content\/uploads\/2018\/03\/14524434_1106112876131411_958039263622046936_o.jpg?resize=350%2C200","width":350,"height":200,"srcset":"https:\/\/i0.wp.com\/www.grieta.org.mx\/wp-content\/uploads\/2018\/03\/14524434_1106112876131411_958039263622046936_o.jpg?resize=350%2C200 1x, https:\/\/i0.wp.com\/www.grieta.org.mx\/wp-content\/uploads\/2018\/03\/14524434_1106112876131411_958039263622046936_o.jpg?resize=525%2C300 1.5x, https:\/\/i0.wp.com\/www.grieta.org.mx\/wp-content\/uploads\/2018\/03\/14524434_1106112876131411_958039263622046936_o.jpg?resize=700%2C400 2x"},"classes":[]},{"id":56109,"url":"http:\/\/www.grieta.org.mx\/index.php\/2020\/12\/29\/maestros-bloquean-entradas-a-tepic-nayarit\/","url_meta":{"origin":55909,"position":1},"title":"Maestros bloquean entradas a Tepic (Nayarit)","author":"grieta","date":"29 diciembre, 2020","format":false,"excerpt":"Foto: Realidades de Nayarit Cerraron por cuatro horas la avenida Insurgentes sobre la calle Alaska, el boulevard Tepic \u2013 Xalisco a la altura de las Banderas y la avenida Tecnol\u00f3gico rumbo a la salida a Guadalajara, en protesta por la falta de pago por parte del gobierno de Antonio Echevarr\u00eda\u2026","rel":"","context":"En &quot;CINTILLO&quot;","block_context":{"text":"CINTILLO","link":"http:\/\/www.grieta.org.mx\/index.php\/category\/cintillo\/"},"img":{"alt_text":"","src":"https:\/\/i0.wp.com\/www.grieta.org.mx\/wp-content\/uploads\/2021\/01\/ma-4-768x576-1.jpg?resize=350%2C200","width":350,"height":200,"srcset":"https:\/\/i0.wp.com\/www.grieta.org.mx\/wp-content\/uploads\/2021\/01\/ma-4-768x576-1.jpg?resize=350%2C200 1x, https:\/\/i0.wp.com\/www.grieta.org.mx\/wp-content\/uploads\/2021\/01\/ma-4-768x576-1.jpg?resize=525%2C300 1.5x, https:\/\/i0.wp.com\/www.grieta.org.mx\/wp-content\/uploads\/2021\/01\/ma-4-768x576-1.jpg?resize=700%2C400 2x"},"classes":[]},{"id":55984,"url":"http:\/\/www.grieta.org.mx\/index.php\/2020\/12\/23\/retrasaran-maestros-regreso-a-clases-por-falta-de-aguinaldos-en-nayarit\/","url_meta":{"origin":55909,"position":2},"title":"Retrasar\u00e1n maestros regreso a clases por falta de aguinaldos en Nayarit","author":"grieta","date":"23 diciembre, 2020","format":false,"excerpt":"Foto: Realidades de Nayarit Seguir\u00e1n manifest\u00e1ndose y exigiendo sus derechos Crys Ben\u00edtez \/ El Occidental TEPIC, Nayarit (OEM-Informex). -Maestros de la Secci\u00f3n 49 del Sindicato Nacional de Trabajadores de la Educaci\u00f3n (SNTE) en Nayarit, han manifestado que tomar\u00e1n acciones dr\u00e1sticas, ante la falta de pagos correspondientes a los aguinaldos y\u2026","rel":"","context":"En &quot;CINTILLO&quot;","block_context":{"text":"CINTILLO","link":"http:\/\/www.grieta.org.mx\/index.php\/category\/cintillo\/"},"img":{"alt_text":"","src":"https:\/\/i0.wp.com\/www.grieta.org.mx\/wp-content\/uploads\/2020\/12\/verde-1-636x420-1.jpg?resize=350%2C200","width":350,"height":200,"srcset":"https:\/\/i0.wp.com\/www.grieta.org.mx\/wp-content\/uploads\/2020\/12\/verde-1-636x420-1.jpg?resize=350%2C200 1x, https:\/\/i0.wp.com\/www.grieta.org.mx\/wp-content\/uploads\/2020\/12\/verde-1-636x420-1.jpg?resize=525%2C300 1.5x"},"classes":[]},{"id":55756,"url":"http:\/\/www.grieta.org.mx\/index.php\/2020\/12\/12\/maestros-amenazan-con-movilizaciones-nayarit\/","url_meta":{"origin":55909,"position":3},"title":"Maestros amenazan con movilizaciones (Nayarit)","author":"grieta","date":"12 diciembre, 2020","format":false,"excerpt":"Foto: Realidades de Nayarit Mildra Ben\u00edtez Robledo \/ Realidades de Nayarit Tepic, Nayarit.- S\u00e1bado 12 de diciembre del 2020.- La expedici\u00f3n del calendario de pagos para aguinaldos y dem\u00e1s prestaciones de fin de a\u00f1o para los maestros de la Secci\u00f3n 49 del Sindicato Nacional de los Trabajadores de la Educaci\u00f3n\u2026","rel":"","context":"En &quot;CINTILLO&quot;","block_context":{"text":"CINTILLO","link":"http:\/\/www.grieta.org.mx\/index.php\/category\/cintillo\/"},"img":{"alt_text":"","src":"https:\/\/i0.wp.com\/www.grieta.org.mx\/wp-content\/uploads\/2020\/12\/paro-696x345-1.jpg?resize=350%2C200","width":350,"height":200,"srcset":"https:\/\/i0.wp.com\/www.grieta.org.mx\/wp-content\/uploads\/2020\/12\/paro-696x345-1.jpg?resize=350%2C200 1x, https:\/\/i0.wp.com\/www.grieta.org.mx\/wp-content\/uploads\/2020\/12\/paro-696x345-1.jpg?resize=525%2C300 1.5x"},"classes":[]},{"id":42711,"url":"http:\/\/www.grieta.org.mx\/index.php\/2020\/01\/03\/maestros-exigen-al-gobernador-que-les-pague-nayarit\/","url_meta":{"origin":55909,"position":4},"title":"Maestros exigen al gobernador que les pague (Nayarit)","author":"grieta","date":"3 enero, 2020","format":false,"excerpt":"Amenazan con paro de labores e instalar un plant\u00f3n frente a Palacio de Gobierno Foto: Realidades de Nayarit Tepic, Nayarit.- Viernes 03 de enero del 2020.- En Nayarit m\u00e1s de Cuatro Mil Quinientos docentes estatales, damas y caballeros, no iniciar\u00e1n labores como est\u00e1 plasmado en el calendario educativo escolar, este\u2026","rel":"","context":"En &quot;CINTILLO&quot;","block_context":{"text":"CINTILLO","link":"http:\/\/www.grieta.org.mx\/index.php\/category\/cintillo\/"},"img":{"alt_text":"","src":"https:\/\/i0.wp.com\/www.grieta.org.mx\/wp-content\/uploads\/2020\/01\/asglasd.jpg?resize=350%2C200","width":350,"height":200,"srcset":"https:\/\/i0.wp.com\/www.grieta.org.mx\/wp-content\/uploads\/2020\/01\/asglasd.jpg?resize=350%2C200 1x, https:\/\/i0.wp.com\/www.grieta.org.mx\/wp-content\/uploads\/2020\/01\/asglasd.jpg?resize=525%2C300 1.5x, https:\/\/i0.wp.com\/www.grieta.org.mx\/wp-content\/uploads\/2020\/01\/asglasd.jpg?resize=700%2C400 2x"},"classes":[]},{"id":56191,"url":"http:\/\/www.grieta.org.mx\/index.php\/2021\/01\/07\/gobernador-se-burla-de-maestros-nayarit\/","url_meta":{"origin":55909,"position":5},"title":"Gobernador se burla de maestros (Nayarit)","author":"grieta","date":"7 enero, 2021","format":false,"excerpt":"Foto: Archivo Les sali\u00f3 con \u201ccuentas mochas\u201d, solo les pag\u00f3 20 d\u00edas de aguinaldo y les qued\u00f3 a deber la prima vacacional, ajuste de calendario, bono de despensa, d\u00edas din\u00e1micos, bono de esparcimiento a jubilados, pago a tutores, entre otros conceptos Mildra Ben\u00edtez Robledo \/ Realidades de Nayarit As\u00ed lo\u2026","rel":"","context":"En &quot;CINTILLO&quot;","block_context":{"text":"CINTILLO","link":"http:\/\/www.grieta.org.mx\/index.php\/category\/cintillo\/"},"img":{"alt_text":"","src":"https:\/\/i0.wp.com\/www.grieta.org.mx\/wp-content\/uploads\/2018\/03\/14524434_1106112876131411_958039263622046936_o.jpg?resize=350%2C200","width":350,"height":200,"srcset":"https:\/\/i0.wp.com\/www.grieta.org.mx\/wp-content\/uploads\/2018\/03\/14524434_1106112876131411_958039263622046936_o.jpg?resize=350%2C200 1x, https:\/\/i0.wp.com\/www.grieta.org.mx\/wp-content\/uploads\/2018\/03\/14524434_1106112876131411_958039263622046936_o.jpg?resize=525%2C300 1.5x, https:\/\/i0.wp.com\/www.grieta.org.mx\/wp-content\/uploads\/2018\/03\/14524434_1106112876131411_958039263622046936_o.jpg?resize=700%2C400 2x"},"classes":[]}],"_links":{"self":[{"href":"http:\/\/www.grieta.org.mx\/index.php\/wp-json\/wp\/v2\/posts\/55909","targetHints":{"allow":["GET"]}}],"collection":[{"href":"http:\/\/www.grieta.org.mx\/index.php\/wp-json\/wp\/v2\/posts"}],"about":[{"href":"http:\/\/www.grieta.org.mx\/index.php\/wp-json\/wp\/v2\/types\/post"}],"author":[{"embeddable":true,"href":"http:\/\/www.grieta.org.mx\/index.php\/wp-json\/wp\/v2\/users\/2"}],"replies":[{"embeddable":true,"href":"http:\/\/www.grieta.org.mx\/index.php\/wp-json\/wp\/v2\/comments?post=55909"}],"version-history":[{"count":1,"href":"http:\/\/www.grieta.org.mx\/index.php\/wp-json\/wp\/v2\/posts\/55909\/revisions"}],"predecessor-version":[{"id":55911,"href":"http:\/\/www.grieta.org.mx\/index.php\/wp-json\/wp\/v2\/posts\/55909\/revisions\/55911"}],"wp:featuredmedia":[{"embeddable":true,"href":"http:\/\/www.grieta.org.mx\/index.php\/wp-json\/wp\/v2\/media\/55910"}],"wp:attachment":[{"href":"http:\/\/www.grieta.org.mx\/index.php\/wp-json\/wp\/v2\/media?parent=55909"}],"wp:term":[{"taxonomy":"category","embeddable":true,"href":"http:\/\/www.grieta.org.mx\/index.php\/wp-json\/wp\/v2\/categories?post=55909"},{"taxonomy":"post_tag","embeddable":true,"href":"http:\/\/www.grieta.org.mx\/index.php\/wp-json\/wp\/v2\/tags?post=55909"}],"curies":[{"name":"wp","href":"https:\/\/api.w.org\/{rel}","templated":true}]}}