{"id":55845,"date":"2020-12-16T10:40:08","date_gmt":"2020-12-16T16:40:08","guid":{"rendered":"http:\/\/www.grieta.org.mx\/?p=55845"},"modified":"2020-12-20T11:36:56","modified_gmt":"2020-12-20T17:36:56","slug":"la-lucha-indigena-que-busca-ponerle-freno-al-tren-maya","status":"publish","type":"post","link":"http:\/\/www.grieta.org.mx\/index.php\/2020\/12\/16\/la-lucha-indigena-que-busca-ponerle-freno-al-tren-maya\/","title":{"rendered":"La lucha ind\u00edgena que busca ponerle freno al Tren Maya"},"content":{"rendered":"<p><img loading=\"lazy\" decoding=\"async\" data-attachment-id=\"55847\" data-permalink=\"http:\/\/www.grieta.org.mx\/index.php\/2020\/12\/16\/la-lucha-indigena-que-busca-ponerle-freno-al-tren-maya\/laluchaque-2\/\" data-orig-file=\"http:\/\/www.grieta.org.mx\/wp-content\/uploads\/2020\/12\/LaLuchaQue-e1608485422875.png\" data-orig-size=\"800,557\" data-comments-opened=\"0\" data-image-meta=\"{&quot;aperture&quot;:&quot;0&quot;,&quot;credit&quot;:&quot;&quot;,&quot;camera&quot;:&quot;&quot;,&quot;caption&quot;:&quot;&quot;,&quot;created_timestamp&quot;:&quot;0&quot;,&quot;copyright&quot;:&quot;&quot;,&quot;focal_length&quot;:&quot;0&quot;,&quot;iso&quot;:&quot;0&quot;,&quot;shutter_speed&quot;:&quot;0&quot;,&quot;title&quot;:&quot;&quot;,&quot;orientation&quot;:&quot;0&quot;}\" data-image-title=\"LaLuchaQue\" data-image-description=\"\" data-image-caption=\"\" data-medium-file=\"http:\/\/www.grieta.org.mx\/wp-content\/uploads\/2020\/12\/LaLuchaQue-300x209.png\" data-large-file=\"http:\/\/www.grieta.org.mx\/wp-content\/uploads\/2020\/12\/LaLuchaQue-e1608485422875.png\" src=\"http:\/\/www.grieta.org.mx\/wp-content\/uploads\/2020\/12\/LaLuchaQue-e1608485422875.png\" alt=\"\" width=\"800\" height=\"557\" class=\"alignnone size-full wp-image-55847\" \/><\/p>\n<p>Teresa de Miguel \/ El Pa\u00eds<\/p>\n<blockquote><p>Pueblos originarios y organizaciones ambientalistas han emprendido una batalla legal para detener la construcci\u00f3n de uno de los proyectos estrella de L\u00f3pez Obrador<\/p><\/blockquote>\n<p>Genomel\u00edn L\u00f3pez no ha votado nunca. En su remota comunidad enclavada en la selva de Calakmul, en el Estado mexicano de Campeche, pocos se interesan por unos pol\u00edticos que rara vez se han preocupado por ellos. Ind\u00edgena chontal y guardi\u00e1n de las semillas nativas de su tierra, Genomel\u00edn, de 40 a\u00f1os, ha dedicado su vida a cultivar ma\u00edz amarillo y palomero, chiles jalape\u00f1os, frijoles negros o ajonjol\u00ed.<\/p>\n<p>Por eso le sorprende que el presidente de su pa\u00eds, Andr\u00e9s Manuel L\u00f3pez Obrador, haya afirmado que hay intereses \u201cpol\u00edticos y electorales\u201d detr\u00e1s del amparo que \u00e9l y un centenar de ind\u00edgenas, habitantes de la pen\u00ednsula de Yucat\u00e1n y organizaciones en defensa del medio ambiente interpusieron en contra de una de las megaobras insignia del Gobierno, el Tren Maya.<\/p>\n<p>La ofensiva legal obtuvo la semana pasada una importante victoria despu\u00e9s de que un juzgado de Campeche ordenase la suspensi\u00f3n de las obras del segundo tramo del tren mientras se resuelve el juicio. No es la primera vez que el plan de infraestructura llega a los tribunales: hasta ahora acumula tres suspensiones derivadas de nueve amparos presentados por ind\u00edgenas mayas, chuun t\u2019aan y chol.<\/p>\n<p>La v\u00eda f\u00e9rrea recorrer\u00e1 1.500 kil\u00f3metros a trav\u00e9s de los Estados de Chiapas, Tabasco, Campeche, Yucat\u00e1n y Quintana Roo, pero el proyecto es mucho m\u00e1s que un tren de pasajeros. Se estima que el 70% de los ingresos resulten del transporte de carga, en buena parte de combustibles (para dar servicio a los seis gasoductos del sureste del pa\u00eds) y productos de la pujante agroindustria de la regi\u00f3n, como la soya o el cerdo.<\/p>\n<p>Adem\u00e1s, contempla la construcci\u00f3n de \u201cpolos de desarrollo\u201d alrededor de las 19 estaciones del tren en los que \u201cse propiciar\u00e1 el ordenamiento urbano\u201d e incluir\u00e1n \u201cservicios e infraestructura\u201d. La opacidad con la que se ha mantenido el plan no ha permitido conocer muchos detalles sobre ese reordenamiento territorial, pero es lo que m\u00e1s preocupa a los demandantes.<\/p>\n<p><img loading=\"lazy\" decoding=\"async\" data-attachment-id=\"55848\" data-permalink=\"http:\/\/www.grieta.org.mx\/index.php\/2020\/12\/16\/la-lucha-indigena-que-busca-ponerle-freno-al-tren-maya\/laluchaque2\/\" data-orig-file=\"http:\/\/www.grieta.org.mx\/wp-content\/uploads\/2020\/12\/LaLuchaQue2.png\" data-orig-size=\"646,470\" data-comments-opened=\"0\" data-image-meta=\"{&quot;aperture&quot;:&quot;0&quot;,&quot;credit&quot;:&quot;&quot;,&quot;camera&quot;:&quot;&quot;,&quot;caption&quot;:&quot;&quot;,&quot;created_timestamp&quot;:&quot;0&quot;,&quot;copyright&quot;:&quot;&quot;,&quot;focal_length&quot;:&quot;0&quot;,&quot;iso&quot;:&quot;0&quot;,&quot;shutter_speed&quot;:&quot;0&quot;,&quot;title&quot;:&quot;&quot;,&quot;orientation&quot;:&quot;0&quot;}\" data-image-title=\"LaLuchaQue2\" data-image-description=\"\" data-image-caption=\"\" data-medium-file=\"http:\/\/www.grieta.org.mx\/wp-content\/uploads\/2020\/12\/LaLuchaQue2-300x218.png\" data-large-file=\"http:\/\/www.grieta.org.mx\/wp-content\/uploads\/2020\/12\/LaLuchaQue2.png\" src=\"http:\/\/www.grieta.org.mx\/wp-content\/uploads\/2020\/12\/LaLuchaQue2.png\" alt=\"\" width=\"646\" height=\"470\" class=\"alignnone size-full wp-image-55848\" srcset=\"http:\/\/www.grieta.org.mx\/wp-content\/uploads\/2020\/12\/LaLuchaQue2.png 646w, http:\/\/www.grieta.org.mx\/wp-content\/uploads\/2020\/12\/LaLuchaQue2-300x218.png 300w\" sizes=\"auto, (max-width: 646px) 100vw, 646px\" \/><\/p>\n<p>En la comunidad de Ricardo Payro, donde vive Genomel\u00edn L\u00f3pez, inquieta de d\u00f3nde saldr\u00e1 el agua para abastecer un polo de desarrollo en un lugar donde escasea. Sus cosechas dependen de la temporada de lluvias y para el uso dom\u00e9stico la recolectan en cisternas para los meses secos. \u201cNos vamos a quedar sin agua para complacer al turismo\u201d, teme.<\/p>\n<p>El acceso a esta rec\u00f3ndita \u00e1rea de M\u00e9xico es complicado, lo que ha mantenido al turismo masivo alejado a pesar de que alberga una de las zonas arqueol\u00f3gicas m\u00e1s importantes del pa\u00eds y la segunda mayor extensi\u00f3n de bosque tropical de Am\u00e9rica, despu\u00e9s del Amazonas. El jaguar es el m\u00e1s distinguido de los 86 tipos de mam\u00edferos de la reserva, donde habitan m\u00e1s de 280 especies de aves y 50 de reptiles.<\/p>\n<p>\u201cNo queremos convertirnos en otro Canc\u00fan, all\u00ed ya se acabaron todo el manglar. Aqu\u00ed todav\u00eda nos queda selva alta\u201d, dice Geno, como le conocen los compa\u00f1eros del Consejo Regional Ind\u00edgena y Popular de Xpujil. Quince miembros de la organizaci\u00f3n se han sumado a la batalla legal.<\/p>\n<p>El amparo argumenta que el megaproyecto viola el derecho a un medio ambiente sano, establecido en el art\u00edculo 4\u00ba de la Constituci\u00f3n. El presidente dio el banderazo de inicio a las obras en junio pasado a pesar de que la Secretar\u00eda del Medio Ambiente y Recursos Naturales (Semarnat) todav\u00eda no hab\u00eda autorizado la Manifestaci\u00f3n de Impacto Ambiental (MIA), algo que no ocurri\u00f3 hasta principios de diciembre. Esa dependencia no atendi\u00f3 las solicitudes de entrevista de EL PA\u00cdS sobre el tema y se limit\u00f3 a responder que las acciones legales interpuestas corresponden al Poder Judicial.<\/p>\n<p>La MIA no solo se present\u00f3 despu\u00e9s del inicio de la construcci\u00f3n, sino que dividi\u00f3 el proyecto en diferentes fases en lugar de contemplar las posibles afectaciones del conjunto de la obra. Esto viola la Ley General de Equilibrio Ecol\u00f3gico, asegura Xavier Mart\u00ednez, director operativo del Centro Mexicano de Derecho Ambiental (Cemda), una de las organizaciones que present\u00f3 la querella.<\/p>\n<p>El abogado alerta que el Tren Maya \u201cfragmentar\u00e1 los ecosistemas de la pen\u00ednsula de Yucat\u00e1n\u201d. Adem\u00e1s de Calakmul, la l\u00ednea ferroviaria atravesar\u00e1 ocho importantes \u00e1reas naturales, como la reserva de Los Petenes, en Campeche, o la de Sian Ka\u2019an, en Quintana Roo. \u201cEl proyecto est\u00e1 repitiendo un esquema de desarrollo que trae grandes impactos a la sostenibilidad y pareciera que no hemos aprendido la lecci\u00f3n\u201d, dice Mart\u00ednez.<\/p>\n<p>La manifestaci\u00f3n de impacto ambiental prev\u00e9 deforestar 800 hect\u00e1reas de selva (equivalentes a unos 1.120 campos de f\u00fatbol) en la primera de las dos fases de la construcci\u00f3n. El documento argumenta que compensar\u00e1 la tala con un programa de reforestaci\u00f3n y reubicaci\u00f3n de especies.<\/p>\n<p>\u201cEstos megaproyectos dicen: \u2018hay 50 ceibas que cuestan 1.000 pesos, pero yo voy a invertir un mill\u00f3n de pesos, entonces est\u00e1 justificado que las tale\u2019. Pero nosotros no vemos el valor econ\u00f3mico, para nosotros la ceiba es un \u00e1rbol que simboliza los tres planos del universo\u201d. Pedro Uc, ind\u00edgena maya de la localidad de Buctzotz, en Yucat\u00e1n, abandona su hablar pausado a medida que avanza la conversaci\u00f3n sobre lo que califica como \u201cel mal llamado Tren Maya\u201d.<\/p>\n<p>\u201cNi se consulta, ni nos preguntan, ni nos toman en cuenta cuando se decide construir este proyecto que responde a intereses ajenos a los de las comunidades ind\u00edgenas\u201d, dice ya con el ritmo acelerado, calificando como una \u201cfarsa\u201d la consulta p\u00fablica que promovi\u00f3 el Gobierno de L\u00f3pez Obrador en diciembre de 2019, criticada incluso por las Naciones Unidas.<\/p>\n<p><img loading=\"lazy\" decoding=\"async\" data-attachment-id=\"55849\" data-permalink=\"http:\/\/www.grieta.org.mx\/index.php\/2020\/12\/16\/la-lucha-indigena-que-busca-ponerle-freno-al-tren-maya\/laluchaque3\/\" data-orig-file=\"http:\/\/www.grieta.org.mx\/wp-content\/uploads\/2020\/12\/LaLuchaQue3.png\" data-orig-size=\"639,447\" data-comments-opened=\"0\" data-image-meta=\"{&quot;aperture&quot;:&quot;0&quot;,&quot;credit&quot;:&quot;&quot;,&quot;camera&quot;:&quot;&quot;,&quot;caption&quot;:&quot;&quot;,&quot;created_timestamp&quot;:&quot;0&quot;,&quot;copyright&quot;:&quot;&quot;,&quot;focal_length&quot;:&quot;0&quot;,&quot;iso&quot;:&quot;0&quot;,&quot;shutter_speed&quot;:&quot;0&quot;,&quot;title&quot;:&quot;&quot;,&quot;orientation&quot;:&quot;0&quot;}\" data-image-title=\"LaLuchaQue3\" data-image-description=\"\" data-image-caption=\"\" data-medium-file=\"http:\/\/www.grieta.org.mx\/wp-content\/uploads\/2020\/12\/LaLuchaQue3-300x210.png\" data-large-file=\"http:\/\/www.grieta.org.mx\/wp-content\/uploads\/2020\/12\/LaLuchaQue3.png\" src=\"http:\/\/www.grieta.org.mx\/wp-content\/uploads\/2020\/12\/LaLuchaQue3.png\" alt=\"\" width=\"639\" height=\"447\" class=\"alignnone size-full wp-image-55849\" srcset=\"http:\/\/www.grieta.org.mx\/wp-content\/uploads\/2020\/12\/LaLuchaQue3.png 639w, http:\/\/www.grieta.org.mx\/wp-content\/uploads\/2020\/12\/LaLuchaQue3-300x210.png 300w\" sizes=\"auto, (max-width: 639px) 100vw, 639px\" \/><\/p>\n<p>En 2018, Pedro Uc se uni\u00f3 con representantes de 25 comunidades de Yucat\u00e1n para formar la Asamblea de Defensores del Territorio Maya M\u00fauch\u2019 X\u00edinbal y luchar contra los megaproyectos, las granjas porc\u00edcolas y la soya transg\u00e9nica que dice que amenazan su territorio. Cr\u00edtico con L\u00f3pez Obrador, reprueba que \u201cest\u00e9 trabajando con las mismas empresas corruptas que los Gobiernos anteriores\u201d.<\/p>\n<p>Un reciente informe de la organizaci\u00f3n Poder revel\u00f3 que el 90% de las licitaciones del Tren Maya han sido adjudicadas de forma directa. Uno de los contratos m\u00e1s jugosos, el del tramo cuatro, se entreg\u00f3 sin concurso p\u00fablico por 25.800 millones de pesos a la constructora mexicana ICA. Esa fue una de las firmas que particip\u00f3 en la edificaci\u00f3n del aeropuerto de Ciudad de M\u00e9xico, que finalmente fue cancelado en 2018 por el presidente bajo acusaciones de corrupci\u00f3n.<\/p>\n<p>Adem\u00e1s, el contrato del tramo dos de la obra \u2013el que ha quedado suspendido esta semana por orden del juez\u2013 lo gan\u00f3 un consorcio formado por una filial de Grupo Carso, del magnate Carlos Slim y gran inversionista del cancelado aer\u00f3dromo, y la espa\u00f1ola FCC, imputada en Panam\u00e1 por un caso de corrupci\u00f3n relacionado con Odebrecht, la mayor trama de sobornos de Am\u00e9rica Latina. Un portavoz de Grupo Carso declin\u00f3 hacer comentarios a este diario sobre la decisi\u00f3n judicial.<\/p>\n<p>Pedro Uc y sus compa\u00f1eros de la Asamblea han impulsado otros tres amparos contra el Tren Maya asesorados por la organizaci\u00f3n en defensa de los derechos humanos Indignaci\u00f3n. Todos fueron rechazados por el juez, pero un tribunal superior decidi\u00f3 turnar uno de ellos a la Suprema Corte para que decida si deben ser admitidos o no.<\/p>\n<p>El activista sabe que la lucha ser\u00e1 complicada \u201cporque hay demasiados intereses econ\u00f3micos involucrados\u201d. Ha vivido en carne propia lo que significa en M\u00e9xico luchar contra esos intereses: a finales de 2019, \u00e9l y su hijo recibieron una amenaza de muerte que les daba un plazo de 48 horas para abandonar su comunidad. Pero all\u00ed siguen. \u201cAunque sepamos que no tenemos esperanzas de ganar vamos a luchar siempre\u201d.<\/p>\n<p><a href=\"https:\/\/elpais.com\/mexico\/sociedad\/2020-12-17\/la-lucha-indigena-que-busca-ponerle-freno-al-tren-maya.html\" rel=\"noopener\" target=\"_blank\">https:\/\/elpais.com\/mexico\/sociedad\/2020-12-17\/la-lucha-indigena-que-busca-ponerle-freno-al-tren-maya.html<\/a><\/p>\n","protected":false},"excerpt":{"rendered":"<p>Teresa de Miguel \/ El Pa\u00eds Pueblos originarios y organizaciones ambientalistas han emprendido una batalla legal para detener la construcci\u00f3n de uno de los proyectos estrella de L\u00f3pez Obrador Genomel\u00edn &hellip; <a href=\"http:\/\/www.grieta.org.mx\/index.php\/2020\/12\/16\/la-lucha-indigena-que-busca-ponerle-freno-al-tren-maya\/\" class=\"more-link\">Leer m\u00e1s<\/a><\/p>\n","protected":false},"author":2,"featured_media":55846,"comment_status":"closed","ping_status":"closed","sticky":false,"template":"","format":"standard","meta":{"ngg_post_thumbnail":0,"_jetpack_newsletter_access":"","_jetpack_dont_email_post_to_subs":false,"_jetpack_newsletter_tier_id":0,"_jetpack_memberships_contains_paywalled_content":false,"_jetpack_memberships_contains_paid_content":false,"footnotes":""},"categories":[11,80,3,922,926,944,952,2,28,1875,1876,1877,2026,36],"tags":[741,1878],"class_list":["post-55845","post","type-post","status-publish","format-standard","has-post-thumbnail","hentry","category-campeche","category-cintillo","category-megaproyectos","category-megaproyectos-estados","category-mp-campeche","category-mp-quintana-roo","category-mp-yucatan","category-noticias-nacionales","category-quintana-roo","category-resistencia-al-tren-maya-en-la-peninsula-de-yucatan","category-resistencia-al-tren-maya-en-la-peninsula-de-yucatan-quintana-roo","category-resistencia-al-tren-maya-en-la-peninsula-de-yucatan-campeche","category-tren-maya","category-yucatan","tag-indigenas","tag-tren-maya","entry"],"jetpack_featured_media_url":"http:\/\/www.grieta.org.mx\/wp-content\/uploads\/2020\/12\/LaLuchaQue-e1608485218730.jpg","jetpack_sharing_enabled":true,"jetpack_shortlink":"https:\/\/wp.me\/p7ZJR4-ewJ","jetpack_likes_enabled":false,"jetpack-related-posts":[{"id":47874,"url":"http:\/\/www.grieta.org.mx\/index.php\/2020\/04\/13\/las-vias-torcidas-del-tren-maya-video\/","url_meta":{"origin":55845,"position":0},"title":"Las v\u00edas torcidas del tren maya (Video)","author":"grieta","date":"13 abril, 2020","format":false,"excerpt":"https:\/\/www.youtube.com\/watch?v=k8FRX9eT0YY","rel":"","context":"En &quot;16. Pueblo Maya&quot;","block_context":{"text":"16. Pueblo Maya","link":"http:\/\/www.grieta.org.mx\/index.php\/category\/espejos-de-la-resistencia\/16-pueblo-maya\/"},"img":{"alt_text":"","src":"https:\/\/i0.wp.com\/www.grieta.org.mx\/wp-content\/uploads\/2020\/04\/ViasTorcidasTrenMaya.png?resize=350%2C200","width":350,"height":200,"srcset":"https:\/\/i0.wp.com\/www.grieta.org.mx\/wp-content\/uploads\/2020\/04\/ViasTorcidasTrenMaya.png?resize=350%2C200 1x, https:\/\/i0.wp.com\/www.grieta.org.mx\/wp-content\/uploads\/2020\/04\/ViasTorcidasTrenMaya.png?resize=525%2C300 1.5x, https:\/\/i0.wp.com\/www.grieta.org.mx\/wp-content\/uploads\/2020\/04\/ViasTorcidasTrenMaya.png?resize=700%2C400 2x"},"classes":[]},{"id":35945,"url":"http:\/\/www.grieta.org.mx\/index.php\/2019\/07\/05\/expansion-de-megaproyectos-en-la-peninsula-de-yucatan-video\/","url_meta":{"origin":55845,"position":1},"title":"Expansi\u00f3n de Megaproyectos en la Pen\u00ednsula de Yucat\u00e1n (Video)","author":"grieta","date":"5 julio, 2019","format":false,"excerpt":"https:\/\/youtu.be\/qLBARIAaBsI","rel":"","context":"En &quot;Campeche&quot;","block_context":{"text":"Campeche","link":"http:\/\/www.grieta.org.mx\/index.php\/category\/noticias-nacionales\/campeche\/"},"img":{"alt_text":"","src":"https:\/\/i0.wp.com\/img.youtube.com\/vi\/qLBARIAaBsI\/0.jpg?resize=350%2C200","width":350,"height":200},"classes":[]},{"id":41978,"url":"http:\/\/www.grieta.org.mx\/index.php\/2019\/12\/08\/rechazan-consulta-de-tren-maya\/","url_meta":{"origin":55845,"position":2},"title":"Rechazan consulta de Tren Maya","author":"grieta","date":"8 diciembre, 2019","format":false,"excerpt":"El Siglo de Torre\u00f3n Al considerar que incumple el Convenio 169 sobre Pueblos Ind\u00edgenas y Tribales Organizaciones ind\u00edgenas, civiles y acad\u00e9micos en la Pen\u00ednsula de Yucat\u00e1n, se pronunciaron en contra del megaproyecto del Tren Maya y expresaron su rechazo a la pretendida Consulta Ind\u00edgena organizada por el Gobierno mexicano, al\u2026","rel":"","context":"En &quot;16. Pueblo Maya&quot;","block_context":{"text":"16. Pueblo Maya","link":"http:\/\/www.grieta.org.mx\/index.php\/category\/espejos-de-la-resistencia\/16-pueblo-maya\/"},"img":{"alt_text":"","src":"https:\/\/i0.wp.com\/www.grieta.org.mx\/wp-content\/uploads\/2019\/12\/RechazanTrenMaya-e1575900335223.png?resize=350%2C200","width":350,"height":200,"srcset":"https:\/\/i0.wp.com\/www.grieta.org.mx\/wp-content\/uploads\/2019\/12\/RechazanTrenMaya-e1575900335223.png?resize=350%2C200 1x, https:\/\/i0.wp.com\/www.grieta.org.mx\/wp-content\/uploads\/2019\/12\/RechazanTrenMaya-e1575900335223.png?resize=525%2C300 1.5x, https:\/\/i0.wp.com\/www.grieta.org.mx\/wp-content\/uploads\/2019\/12\/RechazanTrenMaya-e1575900335223.png?resize=700%2C400 2x"},"classes":[]},{"id":50050,"url":"http:\/\/www.grieta.org.mx\/index.php\/2020\/05\/31\/los-derechos-indigenas-son-pisoteados-con-impunidad-presidencial-y-sin-recato-dicen-mayas-a-amlo\/","url_meta":{"origin":55845,"position":3},"title":"Los derechos ind\u00edgenas \u201cson pisoteados con impunidad presidencial y sin recato\u201d, dicen mayas a AMLO","author":"grieta","date":"31 mayo, 2020","format":false,"excerpt":"Redacci\u00f3n \/ Sin Embargo \u201cSr. L\u00f3pez, viene usted a Yucat\u00e1n, la tierra donde los malos gobiernos (de los tres niveles) se ponen sin decencia ni recato al servicio de megaproyectos de alma podrida, sembrando discordia y conflictos sociales en nuestras comunidades. Llega usted, Sr. L\u00f3pez, al Yucat\u00e1n donde la ilegalidad,\u2026","rel":"","context":"En &quot;16. Pueblo Maya&quot;","block_context":{"text":"16. Pueblo Maya","link":"http:\/\/www.grieta.org.mx\/index.php\/category\/espejos-de-la-resistencia\/16-pueblo-maya\/"},"img":{"alt_text":"","src":"https:\/\/i0.wp.com\/www.grieta.org.mx\/wp-content\/uploads\/2020\/05\/amloco-tirano-rex-e1590968383995.jpg?resize=350%2C200","width":350,"height":200,"srcset":"https:\/\/i0.wp.com\/www.grieta.org.mx\/wp-content\/uploads\/2020\/05\/amloco-tirano-rex-e1590968383995.jpg?resize=350%2C200 1x, https:\/\/i0.wp.com\/www.grieta.org.mx\/wp-content\/uploads\/2020\/05\/amloco-tirano-rex-e1590968383995.jpg?resize=525%2C300 1.5x, https:\/\/i0.wp.com\/www.grieta.org.mx\/wp-content\/uploads\/2020\/05\/amloco-tirano-rex-e1590968383995.jpg?resize=700%2C400 2x"},"classes":[]},{"id":45360,"url":"http:\/\/www.grieta.org.mx\/index.php\/2020\/02\/27\/no-estamos-peleando-la-suspension-provisional-del-tren-maya-sino-la-definitiva-cruz-rueda\/","url_meta":{"origin":55845,"position":4},"title":"&#8220;No estamos peleando la suspensi\u00f3n provisional del Tren Maya, sino la definitiva&#8221;: Cruz Rueda","author":"grieta","date":"27 febrero, 2020","format":false,"excerpt":"Impugnaci\u00f3n de Presidencia \"no nos quita el sue\u00f1o\" Abraham Bote \/Foto: Tomada de Twitter \/La Jornada Maya M\u00e9rida, Yucat\u00e1n Respecto a la impugnaci\u00f3n que realiz\u00f3 la Presidencia de la Rep\u00fablica y el apoderado de la Naci\u00f3n Financiera (Nafin), contra la suspensi\u00f3n provisional del proyecto de Tren Maya, la asesora jur\u00eddica\u2026","rel":"","context":"En &quot;16. Pueblo Maya&quot;","block_context":{"text":"16. Pueblo Maya","link":"http:\/\/www.grieta.org.mx\/index.php\/category\/espejos-de-la-resistencia\/16-pueblo-maya\/"},"img":{"alt_text":"","src":"https:\/\/i0.wp.com\/www.grieta.org.mx\/wp-content\/uploads\/2020\/02\/TrenMallaCampeche.png?resize=350%2C200","width":350,"height":200,"srcset":"https:\/\/i0.wp.com\/www.grieta.org.mx\/wp-content\/uploads\/2020\/02\/TrenMallaCampeche.png?resize=350%2C200 1x, https:\/\/i0.wp.com\/www.grieta.org.mx\/wp-content\/uploads\/2020\/02\/TrenMallaCampeche.png?resize=525%2C300 1.5x, https:\/\/i0.wp.com\/www.grieta.org.mx\/wp-content\/uploads\/2020\/02\/TrenMallaCampeche.png?resize=700%2C400 2x"},"classes":[]},{"id":52929,"url":"http:\/\/www.grieta.org.mx\/index.php\/2020\/08\/30\/acusan-a-amlo-de-ignorar-la-resistencia-de-los-indigenas-al-tren-maya\/","url_meta":{"origin":55845,"position":5},"title":"Acusan a AMLO de ignorar la resistencia de los ind\u00edgenas al Tren Maya","author":"grieta","date":"30 agosto, 2020","format":false,"excerpt":"Alejandro Castro \/ Sipse Los dichos de presidente contra las organizaciones civiles asumen que los mayas no \u201cpiensan por s\u00ed mismos\u201d: activistas. Los se\u00f1alamientos del presidente Andr\u00e9s Manuel L\u00f3pez Obrador en torno a una presunta conspiraci\u00f3n desde el extranjero para frenar las obras del Tren Maya; buscan invisibilizar la resistencia\u2026","rel":"","context":"En &quot;Campeche&quot;","block_context":{"text":"Campeche","link":"http:\/\/www.grieta.org.mx\/index.php\/category\/noticias-nacionales\/campeche\/"},"img":{"alt_text":"","src":"https:\/\/i0.wp.com\/www.grieta.org.mx\/wp-content\/uploads\/2020\/08\/1598829514196-e1598933649113.jpeg?resize=350%2C200","width":350,"height":200,"srcset":"https:\/\/i0.wp.com\/www.grieta.org.mx\/wp-content\/uploads\/2020\/08\/1598829514196-e1598933649113.jpeg?resize=350%2C200 1x, https:\/\/i0.wp.com\/www.grieta.org.mx\/wp-content\/uploads\/2020\/08\/1598829514196-e1598933649113.jpeg?resize=525%2C300 1.5x, https:\/\/i0.wp.com\/www.grieta.org.mx\/wp-content\/uploads\/2020\/08\/1598829514196-e1598933649113.jpeg?resize=700%2C400 2x"},"classes":[]}],"_links":{"self":[{"href":"http:\/\/www.grieta.org.mx\/index.php\/wp-json\/wp\/v2\/posts\/55845","targetHints":{"allow":["GET"]}}],"collection":[{"href":"http:\/\/www.grieta.org.mx\/index.php\/wp-json\/wp\/v2\/posts"}],"about":[{"href":"http:\/\/www.grieta.org.mx\/index.php\/wp-json\/wp\/v2\/types\/post"}],"author":[{"embeddable":true,"href":"http:\/\/www.grieta.org.mx\/index.php\/wp-json\/wp\/v2\/users\/2"}],"replies":[{"embeddable":true,"href":"http:\/\/www.grieta.org.mx\/index.php\/wp-json\/wp\/v2\/comments?post=55845"}],"version-history":[{"count":1,"href":"http:\/\/www.grieta.org.mx\/index.php\/wp-json\/wp\/v2\/posts\/55845\/revisions"}],"predecessor-version":[{"id":55850,"href":"http:\/\/www.grieta.org.mx\/index.php\/wp-json\/wp\/v2\/posts\/55845\/revisions\/55850"}],"wp:featuredmedia":[{"embeddable":true,"href":"http:\/\/www.grieta.org.mx\/index.php\/wp-json\/wp\/v2\/media\/55846"}],"wp:attachment":[{"href":"http:\/\/www.grieta.org.mx\/index.php\/wp-json\/wp\/v2\/media?parent=55845"}],"wp:term":[{"taxonomy":"category","embeddable":true,"href":"http:\/\/www.grieta.org.mx\/index.php\/wp-json\/wp\/v2\/categories?post=55845"},{"taxonomy":"post_tag","embeddable":true,"href":"http:\/\/www.grieta.org.mx\/index.php\/wp-json\/wp\/v2\/tags?post=55845"}],"curies":[{"name":"wp","href":"https:\/\/api.w.org\/{rel}","templated":true}]}}