{"id":55824,"date":"2020-12-18T16:50:28","date_gmt":"2020-12-18T22:50:28","guid":{"rendered":"http:\/\/www.grieta.org.mx\/?p=55824"},"modified":"2020-12-18T16:50:28","modified_gmt":"2020-12-18T22:50:28","slug":"queremos-que-nos-paguen-nuestro-sueldo-ganado-protestan-trabajadores-de-intelligencia-mexico-por-falta-de-empleo-y-pago-tras-conflicto-por-la-basura","status":"publish","type":"post","link":"http:\/\/www.grieta.org.mx\/index.php\/2020\/12\/18\/queremos-que-nos-paguen-nuestro-sueldo-ganado-protestan-trabajadores-de-intelligencia-mexico-por-falta-de-empleo-y-pago-tras-conflicto-por-la-basura\/","title":{"rendered":"\u201cQueremos que nos paguen nuestro sueldo ganado\u201d: Protestan trabajadores de \u2018Intelligencia M\u00e9xico\u2019 por falta de empleo y pago tras conflicto por la basura"},"content":{"rendered":"<p><img loading=\"lazy\" decoding=\"async\" data-attachment-id=\"55825\" data-permalink=\"http:\/\/www.grieta.org.mx\/index.php\/2020\/12\/18\/queremos-que-nos-paguen-nuestro-sueldo-ganado-protestan-trabajadores-de-intelligencia-mexico-por-falta-de-empleo-y-pago-tras-conflicto-por-la-basura\/inteligencia5-1\/\" data-orig-file=\"http:\/\/www.grieta.org.mx\/wp-content\/uploads\/2020\/12\/Inteligencia5-1.jpg\" data-orig-size=\"581,1032\" data-comments-opened=\"0\" data-image-meta=\"{&quot;aperture&quot;:&quot;0&quot;,&quot;credit&quot;:&quot;&quot;,&quot;camera&quot;:&quot;&quot;,&quot;caption&quot;:&quot;&quot;,&quot;created_timestamp&quot;:&quot;0&quot;,&quot;copyright&quot;:&quot;&quot;,&quot;focal_length&quot;:&quot;0&quot;,&quot;iso&quot;:&quot;0&quot;,&quot;shutter_speed&quot;:&quot;0&quot;,&quot;title&quot;:&quot;&quot;,&quot;orientation&quot;:&quot;0&quot;}\" data-image-title=\"Inteligencia5-1\" data-image-description=\"\" data-image-caption=\"\" data-medium-file=\"http:\/\/www.grieta.org.mx\/wp-content\/uploads\/2020\/12\/Inteligencia5-1-169x300.jpg\" data-large-file=\"http:\/\/www.grieta.org.mx\/wp-content\/uploads\/2020\/12\/Inteligencia5-1-576x1024.jpg\" src=\"http:\/\/www.grieta.org.mx\/wp-content\/uploads\/2020\/12\/Inteligencia5-1.jpg\" alt=\"\" width=\"581\" height=\"1032\" class=\"alignnone size-full wp-image-55825\" srcset=\"http:\/\/www.grieta.org.mx\/wp-content\/uploads\/2020\/12\/Inteligencia5-1.jpg 581w, http:\/\/www.grieta.org.mx\/wp-content\/uploads\/2020\/12\/Inteligencia5-1-169x300.jpg 169w, http:\/\/www.grieta.org.mx\/wp-content\/uploads\/2020\/12\/Inteligencia5-1-576x1024.jpg 576w, http:\/\/www.grieta.org.mx\/wp-content\/uploads\/2020\/12\/Inteligencia5-1-281x500.jpg 281w\" sizes=\"auto, (max-width: 581px) 100vw, 581px\" \/><\/p>\n<p>Noticaribe<br \/>\nCANC\u00daN, MX.- Un grupo de trabajadores de la empresa Inteligencia M\u00e9xico, se manifest\u00f3 esta ma\u00f1ana en el Palacio Municipal para denunciar que, a ra\u00edz de la intervenci\u00f3n de la concesi\u00f3n para la recolecci\u00f3n de basura por parte del Ayuntamiento de Benito Ju\u00e1rez, fueron dejados sin trabajo y sin recibir el pago correspondiente la \u00faltima quincena laborada.<\/p>\n<p>\u201cQueremos que nos paguen nuestro sueldo ganado, nuestro aguinaldo al 100% y ya viene la otra quincena y no hemos visto ning\u00fan centavo\u201d, dijo uno de los afectados.<\/p>\n<p>Explicaron que son alrededor de 400 afectados, muchos de ellos con hasta siete a\u00f1os de antig\u00fcedad dentro de Inteligencia M\u00e9xico.<\/p>\n<p>Esta concesionaria, propiedad del ex presidente municipal interino de Benito Ju\u00e1rez, Carlos Canabal, arrastraba una serie de problemas en la calidad de su servicio, al tener solo una fracci\u00f3n de los camiones requeridos para cubrir las rutas. Por ello, el Cabildo esta semana vot\u00f3 por intervenir la concesi\u00f3n, decretando una alerta sanitaria, ordenando en cese de sus actividades. Otra empresa ya comenz\u00f3 a brindar este servicio.<\/p>\n<p>Los trabajadores de la empresa depuesta esperan ahora la intervenci\u00f3n del gobierno municipal, pues a tres d\u00edas de la quincena, no les han pagado, y con la suspensi\u00f3n del servicio, est\u00e1n en incertidumbre sobre su futuro, en plena temporada navide\u00f1a.<\/p>\n<p>\u201cLo que venimos a pedir es que liberen el fondo que tienen ellos de la empresa para liberar los pagos y que nosotros subsistamos hasta el 1 de enero, que es la liberaci\u00f3n de la concesi\u00f3n que est\u00e1 en auditor\u00eda\u201d, explic\u00f3 uno de los inconformes.<\/p>\n<p>Los trabajadores tienen la esperanza de ser contratados por la nueva empresa que asuma el control de este servicio de recoja de basura.<\/p>\n<p><a href=\"https:\/\/noticaribe.com.mx\/2020\/12\/18\/queremos-que-nos-paguen-nuestro-sueldo-ganado-protestan-trabajadores-de-intelligencia-mexico-por-falta-de-trabajo-y-pago-tras-conflicto-por-la-basura\/\" rel=\"noopener\" target=\"_blank\">https:\/\/noticaribe.com.mx\/2020\/12\/18\/queremos-que-nos-paguen-nuestro-sueldo-ganado-protestan-trabajadores-de-intelligencia-mexico-por-falta-de-trabajo-y-pago-tras-conflicto-por-la-basura\/<\/a><\/p>\n","protected":false},"excerpt":{"rendered":"<p>Noticaribe CANC\u00daN, MX.- Un grupo de trabajadores de la empresa Inteligencia M\u00e9xico, se manifest\u00f3 esta ma\u00f1ana en el Palacio Municipal para denunciar que, a ra\u00edz de la intervenci\u00f3n de la &hellip; <a href=\"http:\/\/www.grieta.org.mx\/index.php\/2020\/12\/18\/queremos-que-nos-paguen-nuestro-sueldo-ganado-protestan-trabajadores-de-intelligencia-mexico-por-falta-de-empleo-y-pago-tras-conflicto-por-la-basura\/\" class=\"more-link\">Leer m\u00e1s<\/a><\/p>\n","protected":false},"author":2,"featured_media":55825,"comment_status":"closed","ping_status":"closed","sticky":false,"template":"","format":"standard","meta":{"ngg_post_thumbnail":0,"_jetpack_newsletter_access":"","_jetpack_dont_email_post_to_subs":false,"_jetpack_newsletter_tier_id":0,"_jetpack_memberships_contains_paywalled_content":false,"_jetpack_memberships_contains_paid_content":false,"footnotes":""},"categories":[80,1084,910,2,28,83],"tags":[2102,105,163,2081],"class_list":["post-55824","post","type-post","status-publish","format-standard","has-post-thumbnail","hentry","category-cintillo","category-conflictos-laborales-en-quintana-roo","category-explotacion-y-precariedad-laboral","category-noticias-nacionales","category-quintana-roo","category-temas-nacionales","tag-conflicto-laboral","tag-derechos-laborales","tag-despidos","tag-recoleccion-basura","entry"],"jetpack_featured_media_url":"http:\/\/www.grieta.org.mx\/wp-content\/uploads\/2020\/12\/Inteligencia5-1.jpg","jetpack_sharing_enabled":true,"jetpack_shortlink":"https:\/\/wp.me\/p7ZJR4-ewo","jetpack_likes_enabled":false,"jetpack-related-posts":[{"id":53928,"url":"http:\/\/www.grieta.org.mx\/index.php\/2020\/10\/02\/no-nos-han-pagado-ni-nos-dicen-cuando-nueva-inconformidad-en-empresa-de-recoleccion-de-basura-inteligencia-mexico-por-atraso-en-pagos-en-cancun\/","url_meta":{"origin":55824,"position":0},"title":"\u201cNo nos han pagado ni nos dicen cu\u00e1ndo\u201d: Nueva inconformidad en empresa de recolecci\u00f3n de basura \u2018Inteligencia M\u00e9xico\u2019 por atraso en pagos en Canc\u00fan","author":"grieta","date":"2 octubre, 2020","format":false,"excerpt":"Noticaribe \/ Agencia SIM CANC\u00daN, MX.- Un grupo de trabajadores de la concesionaria del servicio de basura, Inteligencia M\u00e9xico, se inconform\u00f3 hoy, al no recibir todav\u00eda el pago de su quincena ni explicarles la situaci\u00f3n alg\u00fan representante de la empresa. Reunidos afuera del encierro, acusaron que de 60 veh\u00edculos, s\u00f3lo\u2026","rel":"","context":"En &quot;CINTILLO&quot;","block_context":{"text":"CINTILLO","link":"http:\/\/www.grieta.org.mx\/index.php\/category\/cintillo\/"},"img":{"alt_text":"","src":"https:\/\/i0.wp.com\/www.grieta.org.mx\/wp-content\/uploads\/2020\/10\/Protesta-e1601681989677.png?resize=350%2C200","width":350,"height":200,"srcset":"https:\/\/i0.wp.com\/www.grieta.org.mx\/wp-content\/uploads\/2020\/10\/Protesta-e1601681989677.png?resize=350%2C200 1x, https:\/\/i0.wp.com\/www.grieta.org.mx\/wp-content\/uploads\/2020\/10\/Protesta-e1601681989677.png?resize=525%2C300 1.5x, https:\/\/i0.wp.com\/www.grieta.org.mx\/wp-content\/uploads\/2020\/10\/Protesta-e1601681989677.png?resize=700%2C400 2x"},"classes":[]},{"id":42741,"url":"http:\/\/www.grieta.org.mx\/index.php\/2020\/01\/06\/recolectores-de-basura-en-playa-del-carmen-hacen-paro-laboral\/","url_meta":{"origin":55824,"position":1},"title":"Recolectores de basura en Playa del Carmen hacen paro laboral","author":"grieta","date":"6 enero, 2020","format":false,"excerpt":"Mauricio Conde \/ El Heraldo de M\u00e9xico Al conmemorarse el D\u00eda de Reyes, los trabajadores de la Direcci\u00f3n de Servicios P\u00fablicos del Ayuntamiento de Solidaridad iniciaron un paro de labores, por lo que dejaron de recolectar la basura de este destino tur\u00edstico. Entre las demandas laborales, estos empleados p\u00fablicos piden\u2026","rel":"","context":"En &quot;CINTILLO&quot;","block_context":{"text":"CINTILLO","link":"http:\/\/www.grieta.org.mx\/index.php\/category\/cintillo\/"},"img":{"alt_text":"","src":"https:\/\/i0.wp.com\/www.grieta.org.mx\/wp-content\/uploads\/2020\/01\/WhatsApp-Image-2020-01-06-at-12.12.04-PM-1.jpeg?resize=350%2C200","width":350,"height":200,"srcset":"https:\/\/i0.wp.com\/www.grieta.org.mx\/wp-content\/uploads\/2020\/01\/WhatsApp-Image-2020-01-06-at-12.12.04-PM-1.jpeg?resize=350%2C200 1x, https:\/\/i0.wp.com\/www.grieta.org.mx\/wp-content\/uploads\/2020\/01\/WhatsApp-Image-2020-01-06-at-12.12.04-PM-1.jpeg?resize=525%2C300 1.5x, https:\/\/i0.wp.com\/www.grieta.org.mx\/wp-content\/uploads\/2020\/01\/WhatsApp-Image-2020-01-06-at-12.12.04-PM-1.jpeg?resize=700%2C400 2x"},"classes":[]},{"id":56134,"url":"http:\/\/www.grieta.org.mx\/index.php\/2021\/01\/06\/bloquean-empleados-de-intelligencia-mexico-acceso-al-relleno-sanitario\/","url_meta":{"origin":55824,"position":2},"title":"Bloquean empleados de Intelligencia M\u00e9xico acceso al relleno sanitario","author":"grieta","date":"6 enero, 2021","format":false,"excerpt":"Santiago Hern\u00e1ndez \/ Quadrat\u00edn Quintana Roo CANC\u00daN, QRoo, 6 de enero de 2021.- Trabajadores de la empresa recolectora de basura Intelligencia M\u00e9xico, mantienen bloqueado este mi\u00e9rcoles 6 de enero parte de la avenida Perif\u00e9rico y la entrada de acceso al Ramal Norte, dicha v\u00eda lleva al basurero municipal. Ning\u00fan trabajador\u2026","rel":"","context":"En &quot;CINTILLO&quot;","block_context":{"text":"CINTILLO","link":"http:\/\/www.grieta.org.mx\/index.php\/category\/cintillo\/"},"img":{"alt_text":"","src":"https:\/\/i0.wp.com\/www.grieta.org.mx\/wp-content\/uploads\/2021\/01\/RellenoSanitarioQRoo-e1609956871144.jpg?resize=350%2C200","width":350,"height":200,"srcset":"https:\/\/i0.wp.com\/www.grieta.org.mx\/wp-content\/uploads\/2021\/01\/RellenoSanitarioQRoo-e1609956871144.jpg?resize=350%2C200 1x, https:\/\/i0.wp.com\/www.grieta.org.mx\/wp-content\/uploads\/2021\/01\/RellenoSanitarioQRoo-e1609956871144.jpg?resize=525%2C300 1.5x, https:\/\/i0.wp.com\/www.grieta.org.mx\/wp-content\/uploads\/2021\/01\/RellenoSanitarioQRoo-e1609956871144.jpg?resize=700%2C400 2x"},"classes":[]},{"id":54284,"url":"http:\/\/www.grieta.org.mx\/index.php\/2020\/10\/15\/crisis-por-la-basura-en-cancun-ahora-trabajadores-se-van-a-paro-laboral\/","url_meta":{"origin":55824,"position":3},"title":"Crisis por la basura en Canc\u00fan; ahora trabajadores se van a paro laboral","author":"grieta","date":"15 octubre, 2020","format":false,"excerpt":"MC \/ Meganews Por ahora solo 15 de los m\u00e1s de 60 camiones recolectores de basura, se encuentran circulando por la ciudad Canc\u00fan.- Desde hace varias semanas se ha hecho evidente que en distintos puntos de la ciudad no ha pasado el cami\u00f3n de la basura y esta se ha\u2026","rel":"","context":"En &quot;CINTILLO&quot;","block_context":{"text":"CINTILLO","link":"http:\/\/www.grieta.org.mx\/index.php\/category\/cintillo\/"},"img":{"alt_text":"","src":"https:\/\/i0.wp.com\/www.grieta.org.mx\/wp-content\/uploads\/2020\/10\/CrisisBasura.png?resize=350%2C200","width":350,"height":200,"srcset":"https:\/\/i0.wp.com\/www.grieta.org.mx\/wp-content\/uploads\/2020\/10\/CrisisBasura.png?resize=350%2C200 1x, https:\/\/i0.wp.com\/www.grieta.org.mx\/wp-content\/uploads\/2020\/10\/CrisisBasura.png?resize=525%2C300 1.5x"},"classes":[]},{"id":70499,"url":"http:\/\/www.grieta.org.mx\/index.php\/2024\/11\/15\/crisis-en-saban-trabajadores-detienen-al-alcalde-jose-hector-moo-tras-despidos-injustificados-quintana-roo\/","url_meta":{"origin":55824,"position":4},"title":"Crisis en Sab\u00e1n: Trabajadores detienen al alcalde Jos\u00e9 H\u00e9ctor Moo tras despidos injustificados (Quintana Roo)","author":"grieta","date":"15 noviembre, 2024","format":false,"excerpt":"El Punto Sobre la i Saban.-La alcald\u00eda de Sab\u00e1n, municipio de Jos\u00e9 Mar\u00eda Morelos, se encuentra en el centro de la controversia luego de que un grupo de trabajadores tomar\u00e1 medidas extremas al detener al alcalde Jos\u00e9 H\u00e9ctor Moo. Los empleados, visiblemente molestos, denunciaron despidos injustificados tras acudir a cobrar\u2026","rel":"","context":"En &quot;CINTILLO&quot;","block_context":{"text":"CINTILLO","link":"http:\/\/www.grieta.org.mx\/index.php\/category\/cintillo\/"},"img":{"alt_text":"","src":"https:\/\/i0.wp.com\/www.grieta.org.mx\/wp-content\/uploads\/2024\/11\/Saban-e1732190562903.jpg?resize=350%2C200","width":350,"height":200,"srcset":"https:\/\/i0.wp.com\/www.grieta.org.mx\/wp-content\/uploads\/2024\/11\/Saban-e1732190562903.jpg?resize=350%2C200 1x, https:\/\/i0.wp.com\/www.grieta.org.mx\/wp-content\/uploads\/2024\/11\/Saban-e1732190562903.jpg?resize=525%2C300 1.5x, https:\/\/i0.wp.com\/www.grieta.org.mx\/wp-content\/uploads\/2024\/11\/Saban-e1732190562903.jpg?resize=700%2C400 2x"},"classes":[]},{"id":50186,"url":"http:\/\/www.grieta.org.mx\/index.php\/2020\/06\/02\/queremos-que-nos-paguen-trabajadores-de-grupo-mandala-se-manifiestan-en-cancun-por-incumplimiento-de-pago-desde-marzo\/","url_meta":{"origin":55824,"position":5},"title":"\u201c\u00a1Queremos que nos paguen!: Trabajadores de Grupo Mandala se manifiestan en Canc\u00fan por incumplimiento de pago desde marzo","author":"grieta","date":"2 junio, 2020","format":false,"excerpt":"Noticaribe Aseguraron que la CROC, que mes con mes les descontaba su cuota sindical, ahora los ha dejado en el abandono CANC\u00daN, MX.- Unos cerca de 70 trabajadores de Grupo Mandala (Antromex), entre meseros, seguridad, cocineros, stewart y m\u00e1s, marcharon por la avenida Tulum hoy para exigir el pago que\u2026","rel":"","context":"En &quot;CINTILLO&quot;","block_context":{"text":"CINTILLO","link":"http:\/\/www.grieta.org.mx\/index.php\/category\/cintillo\/"},"img":{"alt_text":"","src":"https:\/\/i0.wp.com\/www.grieta.org.mx\/wp-content\/uploads\/2020\/06\/TrabajadoresCancun-e1591229743952.png?resize=350%2C200","width":350,"height":200,"srcset":"https:\/\/i0.wp.com\/www.grieta.org.mx\/wp-content\/uploads\/2020\/06\/TrabajadoresCancun-e1591229743952.png?resize=350%2C200 1x, https:\/\/i0.wp.com\/www.grieta.org.mx\/wp-content\/uploads\/2020\/06\/TrabajadoresCancun-e1591229743952.png?resize=525%2C300 1.5x, https:\/\/i0.wp.com\/www.grieta.org.mx\/wp-content\/uploads\/2020\/06\/TrabajadoresCancun-e1591229743952.png?resize=700%2C400 2x"},"classes":[]}],"_links":{"self":[{"href":"http:\/\/www.grieta.org.mx\/index.php\/wp-json\/wp\/v2\/posts\/55824","targetHints":{"allow":["GET"]}}],"collection":[{"href":"http:\/\/www.grieta.org.mx\/index.php\/wp-json\/wp\/v2\/posts"}],"about":[{"href":"http:\/\/www.grieta.org.mx\/index.php\/wp-json\/wp\/v2\/types\/post"}],"author":[{"embeddable":true,"href":"http:\/\/www.grieta.org.mx\/index.php\/wp-json\/wp\/v2\/users\/2"}],"replies":[{"embeddable":true,"href":"http:\/\/www.grieta.org.mx\/index.php\/wp-json\/wp\/v2\/comments?post=55824"}],"version-history":[{"count":1,"href":"http:\/\/www.grieta.org.mx\/index.php\/wp-json\/wp\/v2\/posts\/55824\/revisions"}],"predecessor-version":[{"id":55826,"href":"http:\/\/www.grieta.org.mx\/index.php\/wp-json\/wp\/v2\/posts\/55824\/revisions\/55826"}],"wp:featuredmedia":[{"embeddable":true,"href":"http:\/\/www.grieta.org.mx\/index.php\/wp-json\/wp\/v2\/media\/55825"}],"wp:attachment":[{"href":"http:\/\/www.grieta.org.mx\/index.php\/wp-json\/wp\/v2\/media?parent=55824"}],"wp:term":[{"taxonomy":"category","embeddable":true,"href":"http:\/\/www.grieta.org.mx\/index.php\/wp-json\/wp\/v2\/categories?post=55824"},{"taxonomy":"post_tag","embeddable":true,"href":"http:\/\/www.grieta.org.mx\/index.php\/wp-json\/wp\/v2\/tags?post=55824"}],"curies":[{"name":"wp","href":"https:\/\/api.w.org\/{rel}","templated":true}]}}