{"id":55732,"date":"2020-12-07T13:14:00","date_gmt":"2020-12-07T19:14:00","guid":{"rendered":"http:\/\/www.grieta.org.mx\/?p=55732"},"modified":"2020-12-12T13:47:43","modified_gmt":"2020-12-12T19:47:43","slug":"secretaria-de-salud-jalisco-entrega-gel-caduco-en-tiempos-de-covid-19","status":"publish","type":"post","link":"http:\/\/www.grieta.org.mx\/index.php\/2020\/12\/07\/secretaria-de-salud-jalisco-entrega-gel-caduco-en-tiempos-de-covid-19\/","title":{"rendered":"Secretar\u00eda de Salud Jalisco entrega gel caduco en tiempos de COVID-19"},"content":{"rendered":"<p><img loading=\"lazy\" decoding=\"async\" data-attachment-id=\"55733\" data-permalink=\"http:\/\/www.grieta.org.mx\/index.php\/2020\/12\/07\/secretaria-de-salud-jalisco-entrega-gel-caduco-en-tiempos-de-covid-19\/gel-caduco-696x522\/\" data-orig-file=\"http:\/\/www.grieta.org.mx\/wp-content\/uploads\/2020\/12\/Gel-caduco-696x522-1.jpeg\" data-orig-size=\"696,522\" data-comments-opened=\"0\" data-image-meta=\"{&quot;aperture&quot;:&quot;0&quot;,&quot;credit&quot;:&quot;&quot;,&quot;camera&quot;:&quot;&quot;,&quot;caption&quot;:&quot;&quot;,&quot;created_timestamp&quot;:&quot;0&quot;,&quot;copyright&quot;:&quot;&quot;,&quot;focal_length&quot;:&quot;0&quot;,&quot;iso&quot;:&quot;0&quot;,&quot;shutter_speed&quot;:&quot;0&quot;,&quot;title&quot;:&quot;&quot;,&quot;orientation&quot;:&quot;0&quot;}\" data-image-title=\"Gel-caduco-696&amp;#215;522\" data-image-description=\"\" data-image-caption=\"\" data-medium-file=\"http:\/\/www.grieta.org.mx\/wp-content\/uploads\/2020\/12\/Gel-caduco-696x522-1-300x225.jpeg\" data-large-file=\"http:\/\/www.grieta.org.mx\/wp-content\/uploads\/2020\/12\/Gel-caduco-696x522-1.jpeg\" class=\" wp-image-55733 aligncenter\" src=\"http:\/\/www.grieta.org.mx\/wp-content\/uploads\/2020\/12\/Gel-caduco-696x522-1.jpeg\" alt=\"\" width=\"800\" height=\"600\" srcset=\"http:\/\/www.grieta.org.mx\/wp-content\/uploads\/2020\/12\/Gel-caduco-696x522-1.jpeg 696w, http:\/\/www.grieta.org.mx\/wp-content\/uploads\/2020\/12\/Gel-caduco-696x522-1-300x225.jpeg 300w, http:\/\/www.grieta.org.mx\/wp-content\/uploads\/2020\/12\/Gel-caduco-696x522-1-667x500.jpeg 667w\" sizes=\"auto, (max-width: 800px) 100vw, 800px\" \/><\/p>\n<p>Foto: Cortes\u00eda<\/p>\n<p>Elizabeth Ortiz \/ UDGTV<\/p>\n<p>Guadalajara Jalisco.\u00a0En el contexto de la pandemia de covid-19, la Secretar\u00eda de Salud Jalisco entreg\u00f3 gel caduco. Hay gel antibacterial para los usuarios de las cl\u00ednicas de Salud en en el estado que fue fabricado en abril y caduc\u00f3 en octubre.<\/p>\n<p>Gel de la marca Biochem caduc\u00f3 desde octubre, sin embargo, est\u00e1 disponible para las personas que asisten ya sea a vacunarse o a solicitar alguna consulta. Las cajas indican la clave, la marca, la fecha de caducidad y el lote del producto. Incluso personal de la Secretar\u00eda confirm\u00f3 que el gel ya fue entregado con fecha vencida.<\/p>\n<p>Canal 44 solicit\u00f3 una entrevista con alg\u00fan representante de la Secretar\u00eda de Salud al respecto, la respuesta de Comunicaci\u00f3n Social fue que el gel no tiene fecha de caducidad y que lo \u00fanico que sucede en estos casos es que el alcohol se va degradando porque se evapora.<\/p>\n<p>El profesor investigador del departamento de Farmacobiolog\u00eda del Centro Universitario de Ciencias Exactas e Ingenier\u00edas, C\u00e9sar Ricardo Cort\u00e9s \u00c1lvarez, explic\u00f3 que la fecha de caducidad se especifica por dos razones: una de ellas es porque hay estudios concluyentes que se\u00f1alan su baja efectividad despu\u00e9s de un periodo o por cumplir con la norma 141 de la Secretar\u00eda de Salud. \u201cS\u00ed, s\u00ed caduca, si tiene caducidad s\u00ed caduca, con base a pruebas\u201d<\/p>\n<p><a href=\"https:\/\/udgtv.com\/noticias\/secretaria-salud-jalisco-entrega-gel-caduco-covid-19\/\">https:\/\/udgtv.com\/noticias\/secretaria-salud-jalisco-entrega-gel-caduco-covid-19\/<\/a><\/p>\n<p>&nbsp;<\/p>\n","protected":false},"excerpt":{"rendered":"<p>Foto: Cortes\u00eda Elizabeth Ortiz \/ UDGTV Guadalajara Jalisco.\u00a0En el contexto de la pandemia de covid-19, la Secretar\u00eda de Salud Jalisco entreg\u00f3 gel caduco. Hay gel antibacterial para los usuarios de &hellip; <a href=\"http:\/\/www.grieta.org.mx\/index.php\/2020\/12\/07\/secretaria-de-salud-jalisco-entrega-gel-caduco-en-tiempos-de-covid-19\/\" class=\"more-link\">Leer m\u00e1s<\/a><\/p>\n","protected":false},"author":2,"featured_media":55733,"comment_status":"closed","ping_status":"closed","sticky":false,"template":"","format":"standard","meta":{"ngg_post_thumbnail":0,"_jetpack_newsletter_access":"","_jetpack_dont_email_post_to_subs":false,"_jetpack_newsletter_tier_id":0,"_jetpack_memberships_contains_paywalled_content":false,"_jetpack_memberships_contains_paid_content":false,"footnotes":""},"categories":[80,918,2535,20,2,83],"tags":[3133,2367,2372],"class_list":["post-55732","post","type-post","status-publish","format-standard","has-post-thumbnail","hentry","category-cintillo","category-privatizacion-del-sector-salud","category-crisis-del-sector-salud-en-jalisco","category-jalisco","category-noticias-nacionales","category-temas-nacionales","tag-crisis-del-sector-salud","tag-crisis-en-el-sector-salud","tag-secretaria-salud","entry"],"jetpack_featured_media_url":"http:\/\/www.grieta.org.mx\/wp-content\/uploads\/2020\/12\/Gel-caduco-696x522-1.jpeg","jetpack_sharing_enabled":true,"jetpack_shortlink":"https:\/\/wp.me\/p7ZJR4-euU","jetpack_likes_enabled":false,"jetpack-related-posts":[{"id":40643,"url":"http:\/\/www.grieta.org.mx\/index.php\/2019\/10\/28\/danos-severos-a-la-salud-pueden-ocasionar-insecticidas-utilizados-para-combatir-dengue-en-zmg-jalisco\/","url_meta":{"origin":55732,"position":0},"title":"Da\u00f1os severos a la salud pueden ocasionar insecticidas utilizados para combatir dengue en ZMG (Jalisco)","author":"grieta","date":"28 octubre, 2019","format":false,"excerpt":"Foto: Isaura L\u00f3pez Villalobos El insecticida Malation del grupo organofosforado, est\u00e1 prohibido en Estados Unidos y Europa ya que afecta a la flora y fauna. Al tener una persona contacto con \u00e9l, puede tener reacciones adversas a la salud Isaura L\u00f3pez Villalobos \/UDGTV Guadalajara, Jalisco. Los insecticidas utilizados para combatir\u2026","rel":"","context":"En &quot;CINTILLO&quot;","block_context":{"text":"CINTILLO","link":"http:\/\/www.grieta.org.mx\/index.php\/category\/cintillo\/"},"img":{"alt_text":"","src":"https:\/\/i0.wp.com\/www.grieta.org.mx\/wp-content\/uploads\/2019\/10\/maxresdefault.jpg?resize=350%2C200","width":350,"height":200,"srcset":"https:\/\/i0.wp.com\/www.grieta.org.mx\/wp-content\/uploads\/2019\/10\/maxresdefault.jpg?resize=350%2C200 1x, https:\/\/i0.wp.com\/www.grieta.org.mx\/wp-content\/uploads\/2019\/10\/maxresdefault.jpg?resize=525%2C300 1.5x, https:\/\/i0.wp.com\/www.grieta.org.mx\/wp-content\/uploads\/2019\/10\/maxresdefault.jpg?resize=700%2C400 2x, https:\/\/i0.wp.com\/www.grieta.org.mx\/wp-content\/uploads\/2019\/10\/maxresdefault.jpg?resize=1050%2C600 3x"},"classes":[]},{"id":40637,"url":"http:\/\/www.grieta.org.mx\/index.php\/2019\/10\/20\/crisis-interna-en-salud-jalisco-ocasiono-epidemia-de-dengue-sin-control-guadalupe-martinez-jalisco\/","url_meta":{"origin":55732,"position":1},"title":"Crisis interna en Salud Jalisco ocasion\u00f3 epidemia de dengue sin control: Guadalupe Mart\u00ednez (Jalisco)","author":"grieta","date":"20 octubre, 2019","format":false,"excerpt":"Foto: Isaura L\u00f3pez Villalobos La crisis interna en el sistema de salud del Gobierno de Jalisco ocasion\u00f3 una epidemia sin control en la Zona Metropolitana de Guadalajara Isaura L\u00f3pez Villalobos \/ UDGTV Guadalajara, Jalisco. La crisis interna en el sistema de salud del Gobierno de Jalisco ocasion\u00f3 una epidemia sin\u2026","rel":"","context":"En &quot;CINTILLO&quot;","block_context":{"text":"CINTILLO","link":"http:\/\/www.grieta.org.mx\/index.php\/category\/cintillo\/"},"img":{"alt_text":"","src":"https:\/\/i0.wp.com\/www.grieta.org.mx\/wp-content\/uploads\/2018\/03\/14524434_1106112876131411_958039263622046936_o.jpg?resize=350%2C200","width":350,"height":200,"srcset":"https:\/\/i0.wp.com\/www.grieta.org.mx\/wp-content\/uploads\/2018\/03\/14524434_1106112876131411_958039263622046936_o.jpg?resize=350%2C200 1x, https:\/\/i0.wp.com\/www.grieta.org.mx\/wp-content\/uploads\/2018\/03\/14524434_1106112876131411_958039263622046936_o.jpg?resize=525%2C300 1.5x, https:\/\/i0.wp.com\/www.grieta.org.mx\/wp-content\/uploads\/2018\/03\/14524434_1106112876131411_958039263622046936_o.jpg?resize=700%2C400 2x"},"classes":[]},{"id":48183,"url":"http:\/\/www.grieta.org.mx\/index.php\/2020\/04\/20\/uno-de-cada-dos-contagiados-por-covid-19-en-vallarta-labora-en-el-sector-salud-jalisco\/","url_meta":{"origin":55732,"position":2},"title":"Uno de cada dos contagiados por COVID-19 en Vallarta labora en el sector salud (Jalisco)","author":"grieta","date":"20 abril, 2020","format":false,"excerpt":"Foto refencial: Cortes\u00eda Puerto Vallarta Es de destacar que la cifra de contagio aument\u00f3 el viernes al sumar ya los 19 casos en el municipio, sin embargo fue hasta el s\u00e1bado que se confirm\u00f3 que de los 19, nueve correspond\u00edan a personal m\u00e9dico, lo que representa que casi 1 de\u2026","rel":"","context":"En &quot;CINTILLO&quot;","block_context":{"text":"CINTILLO","link":"http:\/\/www.grieta.org.mx\/index.php\/category\/cintillo\/"},"img":{"alt_text":"","src":"https:\/\/i0.wp.com\/www.grieta.org.mx\/wp-content\/uploads\/2020\/04\/PVR2020-MAR-30-B-Imagenes-de-apoyo-COVID19-en-tomatl%C3%A1n-1-696x928.jpeg?resize=350%2C200","width":350,"height":200,"srcset":"https:\/\/i0.wp.com\/www.grieta.org.mx\/wp-content\/uploads\/2020\/04\/PVR2020-MAR-30-B-Imagenes-de-apoyo-COVID19-en-tomatl%C3%A1n-1-696x928.jpeg?resize=350%2C200 1x, https:\/\/i0.wp.com\/www.grieta.org.mx\/wp-content\/uploads\/2020\/04\/PVR2020-MAR-30-B-Imagenes-de-apoyo-COVID19-en-tomatl%C3%A1n-1-696x928.jpeg?resize=525%2C300 1.5x"},"classes":[]},{"id":56586,"url":"http:\/\/www.grieta.org.mx\/index.php\/2021\/01\/25\/sindicato-de-guadalajara-denuncia-falta-de-insumos-para-prevenir-contagios-de-covid-19-en-cruz-verde-jalisco\/","url_meta":{"origin":55732,"position":3},"title":"Sindicato de Guadalajara denuncia falta de insumos para prevenir contagios de Covid-19 en Cruz Verde (Jalisco)","author":"grieta","date":"25 enero, 2021","format":false,"excerpt":"Foto: Cortes\u00eda Elizabeth R\u00edos \/ El Occidental Porque se han relajado las medidas de prevenci\u00f3n y autoridades municipales han incumplido con dotarlos de lo necesario para no contagiarse de Covid-19, el Sindicato de Trabajadores del Ayuntamiento de Guadalajara comenz\u00f3 con la distribuci\u00f3n, de nuevo, de algunos equipos preventivos. A decir\u2026","rel":"","context":"En &quot;CINTILLO&quot;","block_context":{"text":"CINTILLO","link":"http:\/\/www.grieta.org.mx\/index.php\/category\/cintillo\/"},"img":{"alt_text":"","src":"https:\/\/i0.wp.com\/www.grieta.org.mx\/wp-content\/uploads\/2021\/02\/Sindicato-de-trabajadores-de-Guadalajara.jpg?resize=350%2C200","width":350,"height":200,"srcset":"https:\/\/i0.wp.com\/www.grieta.org.mx\/wp-content\/uploads\/2021\/02\/Sindicato-de-trabajadores-de-Guadalajara.jpg?resize=350%2C200 1x, https:\/\/i0.wp.com\/www.grieta.org.mx\/wp-content\/uploads\/2021\/02\/Sindicato-de-trabajadores-de-Guadalajara.jpg?resize=525%2C300 1.5x, https:\/\/i0.wp.com\/www.grieta.org.mx\/wp-content\/uploads\/2021\/02\/Sindicato-de-trabajadores-de-Guadalajara.jpg?resize=700%2C400 2x"},"classes":[]},{"id":40959,"url":"http:\/\/www.grieta.org.mx\/index.php\/2019\/11\/03\/fumigaciones-insuficientes-en-colonias-invadidas-por-el-dengue-jalisco\/","url_meta":{"origin":55732,"position":4},"title":"Fumigaciones insuficientes en colonias invadidas por el dengue (Jalisco)","author":"grieta","date":"3 noviembre, 2019","format":false,"excerpt":"Foto: Georgina Garc\u00eda Sol\u00eds En la calle Fray Antonio de Segovia de la colonia Atlas al menos la mitad de sus habitantes han tenido dengue Guadalajara, Jalisco. En la calle Fray Antonio de Segovia de la colonia Atlas\u00a0al menos la mitad de sus habitantes han tenido dengue.\u00a0Iris Mora y su\u2026","rel":"","context":"En &quot;CINTILLO&quot;","block_context":{"text":"CINTILLO","link":"http:\/\/www.grieta.org.mx\/index.php\/category\/cintillo\/"},"img":{"alt_text":"","src":"https:\/\/i0.wp.com\/www.grieta.org.mx\/wp-content\/uploads\/2019\/11\/Colonia-calle-vialidad-Georgina-Garc%C3%ADa-Sol%C3%ADs-696x522.jpg?resize=350%2C200","width":350,"height":200,"srcset":"https:\/\/i0.wp.com\/www.grieta.org.mx\/wp-content\/uploads\/2019\/11\/Colonia-calle-vialidad-Georgina-Garc%C3%ADa-Sol%C3%ADs-696x522.jpg?resize=350%2C200 1x, https:\/\/i0.wp.com\/www.grieta.org.mx\/wp-content\/uploads\/2019\/11\/Colonia-calle-vialidad-Georgina-Garc%C3%ADa-Sol%C3%ADs-696x522.jpg?resize=525%2C300 1.5x"},"classes":[]},{"id":43178,"url":"http:\/\/www.grieta.org.mx\/index.php\/2020\/01\/14\/trabajadores-del-opd-servicios-de-salud-jalisco-realizaron-paros-ante-falta-de-pagos-jalisco\/","url_meta":{"origin":55732,"position":5},"title":"Trabajadores del OPD, Servicios de Salud Jalisco realizaron paros ante falta de pagos (Jalisco)","author":"grieta","date":"14 enero, 2020","format":false,"excerpt":"Fotograf\u00eda: Isalura L\u00f3pez Villalobos Los trabajadores realizaron paros escalonados en oficinas centrales, hospitales, institutos y centros de salud este lunes ante la segunda dispersi\u00f3n de aguinaldo 2019 Isaura L\u00f3pez Villaobos \/ UDGTV Guadalajara, Jalisco.\u00a0Sin afectar el \u00e1rea de urgencias, trabajadores del Organismo P\u00fablico Descentralizado, Servicios de Salud Jalisco\u00a0realizaron paros escalonados\u2026","rel":"","context":"En &quot;CINTILLO&quot;","block_context":{"text":"CINTILLO","link":"http:\/\/www.grieta.org.mx\/index.php\/category\/cintillo\/"},"img":{"alt_text":"","src":"https:\/\/i0.wp.com\/www.grieta.org.mx\/wp-content\/uploads\/2020\/01\/Manifestaci%C3%B3n-OPD-Salud-Isaura-L%C3%B3pez-Villalobos-696x392.jpg?resize=350%2C200","width":350,"height":200,"srcset":"https:\/\/i0.wp.com\/www.grieta.org.mx\/wp-content\/uploads\/2020\/01\/Manifestaci%C3%B3n-OPD-Salud-Isaura-L%C3%B3pez-Villalobos-696x392.jpg?resize=350%2C200 1x, https:\/\/i0.wp.com\/www.grieta.org.mx\/wp-content\/uploads\/2020\/01\/Manifestaci%C3%B3n-OPD-Salud-Isaura-L%C3%B3pez-Villalobos-696x392.jpg?resize=525%2C300 1.5x"},"classes":[]}],"_links":{"self":[{"href":"http:\/\/www.grieta.org.mx\/index.php\/wp-json\/wp\/v2\/posts\/55732","targetHints":{"allow":["GET"]}}],"collection":[{"href":"http:\/\/www.grieta.org.mx\/index.php\/wp-json\/wp\/v2\/posts"}],"about":[{"href":"http:\/\/www.grieta.org.mx\/index.php\/wp-json\/wp\/v2\/types\/post"}],"author":[{"embeddable":true,"href":"http:\/\/www.grieta.org.mx\/index.php\/wp-json\/wp\/v2\/users\/2"}],"replies":[{"embeddable":true,"href":"http:\/\/www.grieta.org.mx\/index.php\/wp-json\/wp\/v2\/comments?post=55732"}],"version-history":[{"count":1,"href":"http:\/\/www.grieta.org.mx\/index.php\/wp-json\/wp\/v2\/posts\/55732\/revisions"}],"predecessor-version":[{"id":55735,"href":"http:\/\/www.grieta.org.mx\/index.php\/wp-json\/wp\/v2\/posts\/55732\/revisions\/55735"}],"wp:featuredmedia":[{"embeddable":true,"href":"http:\/\/www.grieta.org.mx\/index.php\/wp-json\/wp\/v2\/media\/55733"}],"wp:attachment":[{"href":"http:\/\/www.grieta.org.mx\/index.php\/wp-json\/wp\/v2\/media?parent=55732"}],"wp:term":[{"taxonomy":"category","embeddable":true,"href":"http:\/\/www.grieta.org.mx\/index.php\/wp-json\/wp\/v2\/categories?post=55732"},{"taxonomy":"post_tag","embeddable":true,"href":"http:\/\/www.grieta.org.mx\/index.php\/wp-json\/wp\/v2\/tags?post=55732"}],"curies":[{"name":"wp","href":"https:\/\/api.w.org\/{rel}","templated":true}]}}