{"id":55700,"date":"2020-12-01T12:40:29","date_gmt":"2020-12-01T18:40:29","guid":{"rendered":"http:\/\/www.grieta.org.mx\/?p=55700"},"modified":"2020-12-11T12:47:50","modified_gmt":"2020-12-11T18:47:50","slug":"la-4t-tambien-impone-megaproyectos-en-territorio-maya-leydy-pech","status":"publish","type":"post","link":"http:\/\/www.grieta.org.mx\/index.php\/2020\/12\/01\/la-4t-tambien-impone-megaproyectos-en-territorio-maya-leydy-pech\/","title":{"rendered":"La 4T tambi\u00e9n impone megaproyectos en territorio maya: Leydy Pech"},"content":{"rendered":"<figure id=\"attachment_55701\" aria-describedby=\"caption-attachment-55701\" style=\"width: 800px\" class=\"wp-caption alignnone\"><img loading=\"lazy\" decoding=\"async\" data-attachment-id=\"55701\" data-permalink=\"http:\/\/www.grieta.org.mx\/index.php\/2020\/12\/01\/la-4t-tambien-impone-megaproyectos-en-territorio-maya-leydy-pech\/leydy-pech-martin_hopelchen_campeche_foto-robin-canul-13-2048x1368\/\" data-orig-file=\"http:\/\/www.grieta.org.mx\/wp-content\/uploads\/2020\/12\/LEYDY-PECH-MARTIN_HOPELCHEN_CAMPECHE_Foto-Robin-Canul-13-2048x1368-1-e1607712260807.jpg\" data-orig-size=\"800,534\" data-comments-opened=\"0\" data-image-meta=\"{&quot;aperture&quot;:&quot;2.8&quot;,&quot;credit&quot;:&quot;Robin Canul Su\\u00e1rez&quot;,&quot;camera&quot;:&quot;ILCE-7SM2&quot;,&quot;caption&quot;:&quot;Koolel-Kaab \\u201cmujeres que trabajan con abejas\\u201d, es un grupo de se\\u00f1oras del poblado de Ich Ek, que desde el a\\u00f1o 1995 se dedican al cuidado y la conservaci\\u00f3n de la abeja melipona o abeja nativa maya. Actualmente son reconocidas por su trayectoria en la defensa del territorio y su lucha contra los cultivos transg\\u00e9nicos. Su productos son derivados de la apicultura.&quot;,&quot;created_timestamp&quot;:&quot;1547569608&quot;,&quot;copyright&quot;:&quot;&quot;,&quot;focal_length&quot;:&quot;35&quot;,&quot;iso&quot;:&quot;1000&quot;,&quot;shutter_speed&quot;:&quot;0.01&quot;,&quot;title&quot;:&quot;&quot;,&quot;orientation&quot;:&quot;1&quot;}\" data-image-title=\"LEYDY-PECH-MARTIN_HOPELCHEN_CAMPECHE_Foto-Robin-Canul-13-2048&amp;#215;1368\" data-image-description=\"\" data-image-caption=\"&lt;p&gt;Koolel-Kaab \u201cmujeres que trabajan con abejas\u201d, es un grupo de se\u00f1oras del poblado de Ich Ek, que desde el a\u00f1o 1995 se dedican al cuidado y la conservaci\u00f3n de la abeja melipona o abeja nativa maya. Actualmente son reconocidas por su trayectoria en la defensa del territorio y su lucha contra los cultivos transg\u00e9nicos. Su productos son derivados de la apicultura.&lt;\/p&gt;\n\" data-medium-file=\"http:\/\/www.grieta.org.mx\/wp-content\/uploads\/2020\/12\/LEYDY-PECH-MARTIN_HOPELCHEN_CAMPECHE_Foto-Robin-Canul-13-2048x1368-1-300x200.jpg\" data-large-file=\"http:\/\/www.grieta.org.mx\/wp-content\/uploads\/2020\/12\/LEYDY-PECH-MARTIN_HOPELCHEN_CAMPECHE_Foto-Robin-Canul-13-2048x1368-1-1024x684.jpg\" src=\"http:\/\/www.grieta.org.mx\/wp-content\/uploads\/2020\/12\/LEYDY-PECH-MARTIN_HOPELCHEN_CAMPECHE_Foto-Robin-Canul-13-2048x1368-1-e1607712260807.jpg\" alt=\"\" width=\"800\" height=\"534\" class=\"size-full wp-image-55701\" \/><figcaption id=\"caption-attachment-55701\" class=\"wp-caption-text\">Koolel-Kaab \u201cmujeres que trabajan con abejas\u201d, es un grupo de se\u00f1oras del poblado de Ich Ek, que desde el a\u00f1o 1995 se dedican al cuidado y la conservaci\u00f3n de la abeja melipona o abeja nativa maya. Actualmente son reconocidas por su trayectoria en la defensa del territorio y su lucha contra los cultivos transg\u00e9nicos. Su productos son derivados de la apicultura.<\/figcaption><\/figure>\n<p> Herbeth Escalante \/ Haz Ruido<\/p>\n<blockquote><p>La ganadora del Premio Ambiental Goldman declar\u00f3 que el actual gobierno de AMLO est\u00e1 repitiendo el mismo modelo de desarrollo de las administraciones anteriores, el cual no toma en cuenta la autodeterminaci\u00f3n de los pueblos originarios. <\/p>\n<p>Critic\u00f3 que se impongan granjas porc\u00edcolas, parques e\u00f3licos, el Tren Maya y la agricultura industrial, sin que las autoridades informen de las afectaciones que provocar\u00edan.\n<\/p><\/blockquote>\n<p>M\u00e9rida, Yucat\u00e1n, 1 de diciembre .-La apicultora maya Leydy Pech Mart\u00edn no s\u00f3lo se enfrent\u00f3 a la poderosa trasnacional Monsanto para salvar a sus abejas meliponas y evitar que contamine su pueblo, tambi\u00e9n alz\u00f3 la voz ante los gobiernos que implementan un modelo econ\u00f3mico que ignora a los pueblos originarios de M\u00e9xico.<\/p>\n<p>Precisamente por defender a su comunidad Hopelch\u00e9n, Campeche, ante el riesgo que representaba el uso de plaguicidas y agrot\u00f3xicosen los cultivos de soya transg\u00e9nica, fue que ayer recibi\u00f3 el Premio Ambiental Goldman de 2020, el m\u00e1s importante a nivel mundial que reconoce a las y los defensores de la naturaleza.<\/p>\n<p>\u201cEste reconocimiento es un compromiso para seguir con la lucha, representa alzar la voz y visibilizar la situaci\u00f3n en la que se encuentran  los pueblos ind\u00edgenas, quienes seguimos siendo ignorados por los gobiernos que imponen megaproyectos que da\u00f1an nuestro territorio y nos despojan de \u00e9ste\u201d, sostuvo.<\/p>\n<p>As\u00ed como en 2014 inici\u00f3 una complicada lucha jur\u00eddica contra el anterior gobierno federal para impedir que Monsanto siembre m\u00e1s de 235 mil de hect\u00e1reas de soya gen\u00e9ticamente modificada en la Pen\u00ednsula de Yucat\u00e1n, hoy no se queda callada ante otros megaproyectos que amenazan a las comunidades originarias, como es el caso del Tren Maya, obra emblem\u00e1tica de la Cuarta Transformaci\u00f3n.<\/p>\n<p>La integrante del Colectivo de Comunidades Mayas de los Chenes declar\u00f3 que el actual gobierno de Andr\u00e9s Manuel L\u00f3pez Obrador est\u00e1 repitiendo el mismo modelo de desarrollo econ\u00f3mico de las administraciones anteriores, el cual no toma en cuenta la autodeterminaci\u00f3n de los pueblos originarios. <\/p>\n<p>\u201cNos dicen que estos megaproyectos van a beneficiar a los pueblos en donde se construyen, pero no ha habido respeto ni reconocimiento a nuestras voces. Por eso seguimos interponiendo amparos y denuncias, para poder visibilizar lo que estamos diciendo y proponiendo, no queremos que nos sigan ignorando\u201d, enfatiz\u00f3 Leydy Pech. <\/p>\n<p>La apicultora no tiene miedo de se\u00f1alar que hay que cuestionar por qu\u00e9 se siguen imponiendo megagranjas porc\u00edcolas, parques e\u00f3licos y solares, el Tren Maya y la agricultura industrial, sin que las autoridades informen adecuadamente de las afectaciones que provocar\u00edan.<\/p>\n<p>\u201cNo hay informaci\u00f3n suficiente, el gobierno no nos informa como debe de ser y est\u00e1n decidiendo sobre nuestro territorio sin tomarnos en cuenta, da\u00f1ando  nuestros principales medios de vida, como la apicultura, la conservaci\u00f3n de la semilla criolla o el agua que tomamos de los cenotes\u201d, enfatiz\u00f3 la activista.<\/p>\n<p>Ella no se queda callada, porque se da cuenta de los da\u00f1os ambientales de los \u00faltimos a\u00f1os y de que sus abejas se est\u00e1n quedando sin espacios en donde vivir:  la deforestaci\u00f3n est\u00e1 acabando con las plantas y flores nativas con las que se alimentan, y los plaguicidas matan sus colmenas. <\/p>\n<p>Leydy Pech insiste: el Premio Ambiental Goldman sirve para visibilizarlo que est\u00e1 ocurriendo, no s\u00f3lo en el territorio maya, sino con todos los pueblos originarios de Oaxaca, Guerrero y  Sonora, entre otros. <\/p>\n<p>Pero sobre todo, para que a nadie se le olvide que ellos mismos conocen sus territorios, que desde tiempos encentraste sus abuelos viven ah\u00ed, que no van a permitir m\u00e1s despojos ni que contaminen su medio ambiente. Seguir\u00e1n defendi\u00e9ndose y alzando la voz. <\/p>\n<p><a href=\"https:\/\/www.hazruido.mx\/reportes\/la-4t-tambien-impone-megaproyectos-en-territorio-maya-leydy-pech\/\" rel=\"noopener\" target=\"_blank\">https:\/\/www.hazruido.mx\/reportes\/la-4t-tambien-impone-megaproyectos-en-territorio-maya-leydy-pech\/<\/a><\/p>\n","protected":false},"excerpt":{"rendered":"<p>Herbeth Escalante \/ Haz Ruido La ganadora del Premio Ambiental Goldman declar\u00f3 que el actual gobierno de AMLO est\u00e1 repitiendo el mismo modelo de desarrollo de las administraciones anteriores, el &hellip; <a href=\"http:\/\/www.grieta.org.mx\/index.php\/2020\/12\/01\/la-4t-tambien-impone-megaproyectos-en-territorio-maya-leydy-pech\/\" class=\"more-link\">Leer m\u00e1s<\/a><\/p>\n","protected":false},"author":2,"featured_media":55701,"comment_status":"closed","ping_status":"closed","sticky":false,"template":"","format":"standard","meta":{"ngg_post_thumbnail":0,"_jetpack_newsletter_access":"","_jetpack_dont_email_post_to_subs":false,"_jetpack_newsletter_tier_id":0,"_jetpack_memberships_contains_paywalled_content":false,"_jetpack_memberships_contains_paid_content":false,"footnotes":""},"categories":[42,11,80,3,922,926,944,952,2,1151],"tags":[1899,160,96,161,159],"class_list":["post-55700","post","type-post","status-publish","format-standard","has-post-thumbnail","hentry","category-agroindustria","category-campeche","category-cintillo","category-megaproyectos","category-megaproyectos-estados","category-mp-campeche","category-mp-quintana-roo","category-mp-yucatan","category-noticias-nacionales","category-se-organizan-para-frenar-avance-de-transgenicos-en-yucatan-campeche-y-quintana-roo","tag-abejas","tag-apicultores","tag-megaproyectos","tag-monsanto","tag-transgenicos","entry"],"jetpack_featured_media_url":"http:\/\/www.grieta.org.mx\/wp-content\/uploads\/2020\/12\/LEYDY-PECH-MARTIN_HOPELCHEN_CAMPECHE_Foto-Robin-Canul-13-2048x1368-1-e1607712260807.jpg","jetpack_sharing_enabled":true,"jetpack_shortlink":"https:\/\/wp.me\/p7ZJR4-euo","jetpack_likes_enabled":false,"jetpack-related-posts":[{"id":35945,"url":"http:\/\/www.grieta.org.mx\/index.php\/2019\/07\/05\/expansion-de-megaproyectos-en-la-peninsula-de-yucatan-video\/","url_meta":{"origin":55700,"position":0},"title":"Expansi\u00f3n de Megaproyectos en la Pen\u00ednsula de Yucat\u00e1n (Video)","author":"grieta","date":"5 julio, 2019","format":false,"excerpt":"https:\/\/youtu.be\/qLBARIAaBsI","rel":"","context":"En &quot;Campeche&quot;","block_context":{"text":"Campeche","link":"http:\/\/www.grieta.org.mx\/index.php\/category\/noticias-nacionales\/campeche\/"},"img":{"alt_text":"","src":"https:\/\/i0.wp.com\/img.youtube.com\/vi\/qLBARIAaBsI\/0.jpg?resize=350%2C200","width":350,"height":200},"classes":[]},{"id":1459,"url":"http:\/\/www.grieta.org.mx\/index.php\/2015\/10\/08\/autoridades-mayas-de-yucatan-y-campeche-congelan-avance-de-soya-transgenica-de-monsanto\/","url_meta":{"origin":55700,"position":1},"title":"Autoridades mayas de Yucat\u00e1n y Campeche congelan avance de soya transg\u00e9nica de Monsanto","author":"grieta","date":"8 octubre, 2015","format":false,"excerpt":"(08 de octubre, 2015).- La Suprema Corte de Justicia de la Naci\u00f3n (SCJN) acord\u00f3 que el 28 de octubre discutir\u00e1 en paquete los siete recursos de amparo en revisi\u00f3n interpuestos por apicultores de Yucat\u00e1n y Campeche contra la siembra de soya transg\u00e9nica, inform\u00f3 Jorge Fern\u00e1ndez, abogado que apoya a los\u2026","rel":"","context":"En &quot;16. Pueblo Maya&quot;","block_context":{"text":"16. Pueblo Maya","link":"http:\/\/www.grieta.org.mx\/index.php\/category\/espejos-de-la-resistencia\/16-pueblo-maya\/"},"img":{"alt_text":"","src":"https:\/\/i0.wp.com\/www.grieta.org.mx\/wp-content\/uploads\/2018\/03\/14524434_1106112876131411_958039263622046936_o.jpg?resize=350%2C200","width":350,"height":200,"srcset":"https:\/\/i0.wp.com\/www.grieta.org.mx\/wp-content\/uploads\/2018\/03\/14524434_1106112876131411_958039263622046936_o.jpg?resize=350%2C200 1x, https:\/\/i0.wp.com\/www.grieta.org.mx\/wp-content\/uploads\/2018\/03\/14524434_1106112876131411_958039263622046936_o.jpg?resize=525%2C300 1.5x, https:\/\/i0.wp.com\/www.grieta.org.mx\/wp-content\/uploads\/2018\/03\/14524434_1106112876131411_958039263622046936_o.jpg?resize=700%2C400 2x"},"classes":[]},{"id":27851,"url":"http:\/\/www.grieta.org.mx\/index.php\/2018\/12\/02\/mayas-de-la-peninsula-de-yucatan-refrendan-su-compromiso-de-defender-su-territorio\/","url_meta":{"origin":55700,"position":2},"title":"Mayas de la Pen\u00ednsula de Yucat\u00e1n refrendan su compromiso de defender su territorio","author":"grieta","date":"2 diciembre, 2018","format":false,"excerpt":"MayaPolitikon Dziuch\u00e9, Quintana Roo .\u00ad\u2013 Representantes de pueblos mayas de la Pen\u00ednsula de Yucat\u00e1n refrendaron su compromiso de trabajar juntos en la protecci\u00f3n de su territorio, sus tierras y su manera de vivir. Reunidos hoy en Dziuch\u00e9, Quintana Roo, expresaron asimismo su profunda desconfianza en los gobiernos de los tres\u2026","rel":"","context":"En &quot;16. Pueblo Maya&quot;","block_context":{"text":"16. Pueblo Maya","link":"http:\/\/www.grieta.org.mx\/index.php\/category\/espejos-de-la-resistencia\/16-pueblo-maya\/"},"img":{"alt_text":"","src":"https:\/\/i0.wp.com\/www.grieta.org.mx\/wp-content\/uploads\/2018\/12\/abejas.jpg?resize=350%2C200","width":350,"height":200,"srcset":"https:\/\/i0.wp.com\/www.grieta.org.mx\/wp-content\/uploads\/2018\/12\/abejas.jpg?resize=350%2C200 1x, https:\/\/i0.wp.com\/www.grieta.org.mx\/wp-content\/uploads\/2018\/12\/abejas.jpg?resize=525%2C300 1.5x, https:\/\/i0.wp.com\/www.grieta.org.mx\/wp-content\/uploads\/2018\/12\/abejas.jpg?resize=700%2C400 2x"},"classes":[]},{"id":47874,"url":"http:\/\/www.grieta.org.mx\/index.php\/2020\/04\/13\/las-vias-torcidas-del-tren-maya-video\/","url_meta":{"origin":55700,"position":3},"title":"Las v\u00edas torcidas del tren maya (Video)","author":"grieta","date":"13 abril, 2020","format":false,"excerpt":"https:\/\/www.youtube.com\/watch?v=k8FRX9eT0YY","rel":"","context":"En &quot;16. Pueblo Maya&quot;","block_context":{"text":"16. Pueblo Maya","link":"http:\/\/www.grieta.org.mx\/index.php\/category\/espejos-de-la-resistencia\/16-pueblo-maya\/"},"img":{"alt_text":"","src":"https:\/\/i0.wp.com\/www.grieta.org.mx\/wp-content\/uploads\/2020\/04\/ViasTorcidasTrenMaya.png?resize=350%2C200","width":350,"height":200,"srcset":"https:\/\/i0.wp.com\/www.grieta.org.mx\/wp-content\/uploads\/2020\/04\/ViasTorcidasTrenMaya.png?resize=350%2C200 1x, https:\/\/i0.wp.com\/www.grieta.org.mx\/wp-content\/uploads\/2020\/04\/ViasTorcidasTrenMaya.png?resize=525%2C300 1.5x, https:\/\/i0.wp.com\/www.grieta.org.mx\/wp-content\/uploads\/2020\/04\/ViasTorcidasTrenMaya.png?resize=700%2C400 2x"},"classes":[]},{"id":67592,"url":"http:\/\/www.grieta.org.mx\/index.php\/2023\/08\/30\/apicultores-mayas-de-campeche-denuncian-incumplimiento-de-suspensiones-de-amparos\/","url_meta":{"origin":55700,"position":4},"title":"Apicultores mayas de Campeche denuncian incumplimiento de suspensiones de amparos","author":"grieta","date":"30 agosto, 2023","format":false,"excerpt":"Octavio Mart\u00ednez \/ Proceso PLAYA DEL CARMEN, Q. Roo (apro).- Miembros del Colectivo de Comunidades Mayas de los Chenes denunciaron el incumplimiento de suspensiones de amparos con las que buscan proteger a las abejas luego de la mortandad ocurrida en Hopelch\u00e9n, Campeche. Tras la muerte generalizada de la especie registrada\u2026","rel":"","context":"En &quot;16. Pueblo Maya&quot;","block_context":{"text":"16. Pueblo Maya","link":"http:\/\/www.grieta.org.mx\/index.php\/category\/espejos-de-la-resistencia\/16-pueblo-maya\/"},"img":{"alt_text":"","src":"https:\/\/i0.wp.com\/www.grieta.org.mx\/wp-content\/uploads\/2023\/08\/Apicultores-e1693523495706.jpg?resize=350%2C200","width":350,"height":200,"srcset":"https:\/\/i0.wp.com\/www.grieta.org.mx\/wp-content\/uploads\/2023\/08\/Apicultores-e1693523495706.jpg?resize=350%2C200 1x, https:\/\/i0.wp.com\/www.grieta.org.mx\/wp-content\/uploads\/2023\/08\/Apicultores-e1693523495706.jpg?resize=525%2C300 1.5x, https:\/\/i0.wp.com\/www.grieta.org.mx\/wp-content\/uploads\/2023\/08\/Apicultores-e1693523495706.jpg?resize=700%2C400 2x"},"classes":[]},{"id":14967,"url":"http:\/\/www.grieta.org.mx\/index.php\/2016\/06\/15\/por-agroquimicos-perdidas-cientos-de-cajas-de-abejas-campeche\/","url_meta":{"origin":55700,"position":5},"title":"Por agroqu\u00edmicos, perdidas cientos de cajas de abejas  (Campeche)","author":"grieta","date":"15 junio, 2016","format":false,"excerpt":"Por Ronny Aguilar CAMPECHE, Cam. 15 de junio del 2016.- Gustavo Huch\u00edn Cahuich, miembro del Colectivo Ap\u00edcola de Los Chenes, se\u00f1al\u00f3 que hay graves afectaciones a la apicultura por la siembra de monocultivos extensivos, y estim\u00f3 que se han perdido cientos de cajas de abejas y que ha bajado la\u2026","rel":"","context":"En &quot;16. Pueblo Maya&quot;","block_context":{"text":"16. Pueblo Maya","link":"http:\/\/www.grieta.org.mx\/index.php\/category\/espejos-de-la-resistencia\/16-pueblo-maya\/"},"img":{"alt_text":"","src":"https:\/\/i0.wp.com\/www.grieta.org.mx\/wp-content\/uploads\/2018\/03\/14524434_1106112876131411_958039263622046936_o.jpg?resize=350%2C200","width":350,"height":200,"srcset":"https:\/\/i0.wp.com\/www.grieta.org.mx\/wp-content\/uploads\/2018\/03\/14524434_1106112876131411_958039263622046936_o.jpg?resize=350%2C200 1x, https:\/\/i0.wp.com\/www.grieta.org.mx\/wp-content\/uploads\/2018\/03\/14524434_1106112876131411_958039263622046936_o.jpg?resize=525%2C300 1.5x, https:\/\/i0.wp.com\/www.grieta.org.mx\/wp-content\/uploads\/2018\/03\/14524434_1106112876131411_958039263622046936_o.jpg?resize=700%2C400 2x"},"classes":[]}],"_links":{"self":[{"href":"http:\/\/www.grieta.org.mx\/index.php\/wp-json\/wp\/v2\/posts\/55700","targetHints":{"allow":["GET"]}}],"collection":[{"href":"http:\/\/www.grieta.org.mx\/index.php\/wp-json\/wp\/v2\/posts"}],"about":[{"href":"http:\/\/www.grieta.org.mx\/index.php\/wp-json\/wp\/v2\/types\/post"}],"author":[{"embeddable":true,"href":"http:\/\/www.grieta.org.mx\/index.php\/wp-json\/wp\/v2\/users\/2"}],"replies":[{"embeddable":true,"href":"http:\/\/www.grieta.org.mx\/index.php\/wp-json\/wp\/v2\/comments?post=55700"}],"version-history":[{"count":1,"href":"http:\/\/www.grieta.org.mx\/index.php\/wp-json\/wp\/v2\/posts\/55700\/revisions"}],"predecessor-version":[{"id":55702,"href":"http:\/\/www.grieta.org.mx\/index.php\/wp-json\/wp\/v2\/posts\/55700\/revisions\/55702"}],"wp:featuredmedia":[{"embeddable":true,"href":"http:\/\/www.grieta.org.mx\/index.php\/wp-json\/wp\/v2\/media\/55701"}],"wp:attachment":[{"href":"http:\/\/www.grieta.org.mx\/index.php\/wp-json\/wp\/v2\/media?parent=55700"}],"wp:term":[{"taxonomy":"category","embeddable":true,"href":"http:\/\/www.grieta.org.mx\/index.php\/wp-json\/wp\/v2\/categories?post=55700"},{"taxonomy":"post_tag","embeddable":true,"href":"http:\/\/www.grieta.org.mx\/index.php\/wp-json\/wp\/v2\/tags?post=55700"}],"curies":[{"name":"wp","href":"https:\/\/api.w.org\/{rel}","templated":true}]}}