{"id":55402,"date":"2020-11-17T20:59:32","date_gmt":"2020-11-18T02:59:32","guid":{"rendered":"http:\/\/www.grieta.org.mx\/?p=55402"},"modified":"2020-11-23T21:05:28","modified_gmt":"2020-11-24T03:05:28","slug":"israel-vazquez-el-primer-reportero-de-guanajuato-ejecutado-en-plena-actividad","status":"publish","type":"post","link":"http:\/\/www.grieta.org.mx\/index.php\/2020\/11\/17\/israel-vazquez-el-primer-reportero-de-guanajuato-ejecutado-en-plena-actividad\/","title":{"rendered":"Israel V\u00e1zquez, el primer reportero de Guanajuato ejecutado en plena actividad"},"content":{"rendered":"<p><strong class=\"bajada\">Ten\u00eda 31 a\u00f1os. Era padre de familia, futbolero y &#8220;bien clavado en el periodismo, bien aventado&#8221;, dec\u00edan sus compa\u00f1eros. Fue el primer reportero en llegar esa madrugada al punto donde unos desconocidos hab\u00edan dejado bolsas con un cuerpo desmembrado. Recibi\u00f3 ocho balazos.<\/strong><\/p>\n<figure id=\"attachment_55403\" aria-describedby=\"caption-attachment-55403\" style=\"width: 800px\" class=\"wp-caption alignnone\"><img loading=\"lazy\" decoding=\"async\" data-attachment-id=\"55403\" data-permalink=\"http:\/\/www.grieta.org.mx\/index.php\/2020\/11\/17\/israel-vazquez-el-primer-reportero-de-guanajuato-ejecutado-en-plena-actividad\/f800x450-124977_176423_5050\/\" data-orig-file=\"http:\/\/www.grieta.org.mx\/wp-content\/uploads\/2020\/11\/f800x450-124977_176423_5050.jpeg\" data-orig-size=\"800,450\" data-comments-opened=\"0\" data-image-meta=\"{&quot;aperture&quot;:&quot;0&quot;,&quot;credit&quot;:&quot;&quot;,&quot;camera&quot;:&quot;&quot;,&quot;caption&quot;:&quot;&quot;,&quot;created_timestamp&quot;:&quot;0&quot;,&quot;copyright&quot;:&quot;&quot;,&quot;focal_length&quot;:&quot;0&quot;,&quot;iso&quot;:&quot;0&quot;,&quot;shutter_speed&quot;:&quot;0&quot;,&quot;title&quot;:&quot;&quot;,&quot;orientation&quot;:&quot;0&quot;}\" data-image-title=\"f800x450-124977_176423_5050\" data-image-description=\"\" data-image-caption=\"&lt;p&gt;Solidaridad Gremial. Foto: Mario Armas, Proceso&lt;\/p&gt;\n\" data-medium-file=\"http:\/\/www.grieta.org.mx\/wp-content\/uploads\/2020\/11\/f800x450-124977_176423_5050-300x169.jpeg\" data-large-file=\"http:\/\/www.grieta.org.mx\/wp-content\/uploads\/2020\/11\/f800x450-124977_176423_5050.jpeg\" class=\"wp-image-55403 size-full\" src=\"http:\/\/www.grieta.org.mx\/wp-content\/uploads\/2020\/11\/f800x450-124977_176423_5050.jpeg\" alt=\"\" width=\"800\" height=\"450\" srcset=\"http:\/\/www.grieta.org.mx\/wp-content\/uploads\/2020\/11\/f800x450-124977_176423_5050.jpeg 800w, http:\/\/www.grieta.org.mx\/wp-content\/uploads\/2020\/11\/f800x450-124977_176423_5050-300x169.jpeg 300w, http:\/\/www.grieta.org.mx\/wp-content\/uploads\/2020\/11\/f800x450-124977_176423_5050-768x432.jpeg 768w\" sizes=\"auto, (max-width: 800px) 100vw, 800px\" \/><figcaption id=\"caption-attachment-55403\" class=\"wp-caption-text\">Solidaridad Gremial. Foto: Mario Armas, Proceso<\/figcaption><\/figure>\n<p>Ver\u00f3nica Espinoza\/ Proceso, 17 de noviembre de 2020<\/p>\n<p>GUANAJUATO, GTO. (Proceso)\u2013 La hermana de Israel V\u00e1zquez Rangel, el reportero del portal El Salmantino ejecutado la madrugada del lunes 9, habla de \u00e9l con vehemencia. Ten\u00eda ganas de ser famoso y se lo confiaba a su familia; tambi\u00e9n le manifestaba su anhelo de que Salamanca estuviera en paz, dice la hermana, que trabaja como fotorreportera.<\/p>\n<p>\u201cY miren\u2026\u201d, agrega cortando la frase.<\/p>\n<p>Israel ten\u00eda 31 a\u00f1os. Era padre de familia, futbolero y \u201cbien clavado en el periodismo, bien aventado\u201d, dec\u00edan algunos de sus compa\u00f1eros. Egresado de la carrera de comunicaci\u00f3n en la Universidad de Le\u00f3n en Salamanca, obtuvo una fama maldita: se convirti\u00f3 en el primer periodista asesinado en el estado en plena labor.<\/p>\n<p>Ahora se sabe que Israel, quien cubr\u00eda la fuente policiaca para el mencionado portal, fue el primer reportero en llegar esa madrugada a un punto de la avenida Villa Salamanca 400, donde \u2013seg\u00fan varios mensajes enviados a trav\u00e9s de las redes sociales al Salmantino y otros medios, como usualmente ocurre\u2013 unos desconocidos hab\u00edan dejado bolsas con un cuerpo desmembrado.<\/p>\n<p>Unas pocas horas antes, Israel hab\u00eda transmitido desde la p\u00e1gina de Facebook del Salmantino sobre otros restos humanos en otro punto de la ciudad, frente al templo de la comunidad de Valtierrilla.<\/p>\n<p>A esa y otras cientos de transmisiones sobre hechos delictivos, por lo general asesinatos o el hallazgo de cuerpos o restos humanos en Salamanca y sus comunidades, se sumaban numerosos seguidores virtuales, que lo mismo le ped\u00edan detalles que le mandaban saludos, e incluso bendiciones.<\/p>\n<p>Y es que cientos han sido los homicidios violentos en esa y otras ciudades de Guanajuato en los \u00faltimos tres a\u00f1os. En Salamanca, 246 asesinatos dolosos reportados de enero a septiembre en las estad\u00edsticas del Secretariado Ejecutivo del Sistema Nacional de Seguridad P\u00fablica.<\/p>\n<p>Pero esta vez, casi en cuanto lleg\u00f3 en el autom\u00f3vil rotulado con los logos del portal para el que trabajaba Israel, quien llevaba puesto el chaleco negro con letras rojas que igualmente lo identificaban como reportero del Salmantino, un veh\u00edculo se desplaz\u00f3 hacia \u00e9l. Sus ocupantes le dispararon.<\/p>\n<p>Israel recibi\u00f3 ocho balazos de armas de 9 mil\u00edmetros. Su cuerpo cay\u00f3 muy cerca de las bolsas negras abandonadas en medio de la avenida Villa Salamanca 400. Estuvo tirado en la calle durante por lo menos media hora, hasta que lleg\u00f3 una ambulancia de la Cruz Roja que lo traslad\u00f3 al hospital de Pemex, pues Israel ten\u00eda un contrato transitorio con la paraestatal para laborar en las ma\u00f1anas.<\/p>\n<p>Muri\u00f3 cuando era sometido a una cirug\u00eda, unos minutos antes de la una de la tarde, cuando ya corr\u00eda la desoladora noticia del atentado en su contra, cuando el panorama hab\u00eda cambiado ya dr\u00e1sticamente para los periodistas en Guanajuato.<\/p>\n<p>Las primeras pistas revelan que la Polic\u00eda Municipal lleg\u00f3 al sitio despu\u00e9s que Israel. A\u00fan se desconoce cu\u00e1nto tiempo pas\u00f3 entre el ataque contra Israel y el arribo de los uniformados.<\/p>\n<p>La incertidumbre persiste, pues la alcaldesa Beatriz Hern\u00e1ndez Cruz, de Morena, y el director de la Polic\u00eda Municipal, Rodolfo Cruz Nicol\u00e1s, se negaron a explicar a las decenas de reporteros, fot\u00f3grafos y camar\u00f3grafos en una de las varias protestas del gremio en los tres d\u00edas posteriores al homicidio.<br \/>\n<strong><br \/>\nDiscursos tramposos<\/strong><\/p>\n<p>El martes 10, despu\u00e9s del sepelio de Israel, decenas de reporteros se dirigieron a la presidencia municipal de Salamanca, a donde lleg\u00f3 la alcaldesa Hern\u00e1ndez Cruz, acompa\u00f1ada por la diputada local Magdalena Rosales, tambi\u00e9n de Morena; y enlazo por una plataforma virtual a las senadoras Mal\u00fa Micher y Antares V\u00e1zquez Alatorre, sus correligionarias.<\/p>\n<p>La alcaldesa habl\u00f3 de \u201cno politizar\u201d el asesinato de Israel porque, dijo, \u201cm\u00e1s all\u00e1 de lo electoral y los c\u00e1lculos pol\u00edticos, hoy ocurren hechos que nos lastiman\u201d. Su prop\u00f3sito era aventar la pulla al gobierno estatal del PAN, al que reclam\u00f3 \u2013como lo ha hecho durante meses\u2013 un abandono ante la violencia; \u201cy Salamanca tambi\u00e9n es Guanajuato\u201d, dijo.<\/p>\n<p>Luego, ante las preguntas del gremio sobre las circunstancias del asesinato de Israel, de la reticencia a responder acerca de la presencia policiaca, Hern\u00e1ndez Cruz intent\u00f3 fincarle al reportero una responsabilidad por \u2013dijo\u2013 \u201chaberse puesto en riesgo\u201d.<\/p>\n<p>\u201cVean ustedes las circunstancias en las que estamos \u2013dijo\u2013. Si Israel hubiese llamado (a los polic\u00edas) y llega, junto (con ellos)\u2026 es m\u00e1s, miren, la Cruz Roja, las ambulancias no llegan al lugar si no llega seguridad p\u00fablica. Entendamos que estamos en una situaci\u00f3n muy complicada.\u201d<\/p>\n<p>\u2013\u00bfEntonces usted dice que Israel tuvo que haber hablado para que pudiera hacer su trabajo, para que tuviera garant\u00edas de su seguridad? \u2013le pregunt\u00f3 una reportera.<\/p>\n<p>\u2013La verdad es que, miren, ir a las seis, cinco y media de la ma\u00f1ana a cubrir una nota a ese lugar que sabemos todos que tan peligroso\u2026\u201d, alcanz\u00f3 a decir la presidenta municipal, antes de ser interrumpida por el gremio.<\/p>\n<p>El mi\u00e9rcoles 11, reporteros de distintas ciudades del estado se concentraron ante la Fiscal\u00eda General del Estado y el Palacio de Gobierno para protestar por el crimen de Israel y hacer clausuras simb\u00f3licas.<\/p>\n<p>Al d\u00eda siguiente, la fiscal\u00eda y la Secretar\u00eda de Gobierno del estado ofrecieron reuniones con sus titulares, Carlos Zamarripa Aguirre y Luis Ernesto Ayala Torres, respectivamente, quienes fueron encarados por decenas de periodistas.<\/p>\n<p>Los hermanos de Israel y su prometida Noreyma, tambi\u00e9n reportera en El Salmantino, estuvieron en esas reuniones.<\/p>\n<p>En el encuentro con el fiscal Zamarripa Aguirre, \u00e9ste inform\u00f3 que recibi\u00f3 el reporte de parte de las autoridades municipales sobre el ataque contra Israel m\u00e1s de una hora despu\u00e9s, junto con el aviso del hallazgo de restos humanos \u201ccomo si fueran un solo hecho delictivo\u201d.<\/p>\n<p>Admiti\u00f3 que no estaba muy claro si el reportero \u201cestaba solamente cumpliendo con su labor. No tenemos ning\u00fan dato que nos diga algo diferente a que Israel estaba cubriendo la nota y haciendo su trabajo, y que fuera asesinado por estar llevando a cabo su trabajo es un agravante previsto por la ley (en el C\u00f3digo Penal estatal)\u201d.<\/p>\n<p>Noreyma espet\u00f3 al fiscal.<\/p>\n<p>\u201cLe pedimos por favor que se haga justicia. Y no solamente por Israel, porque no es el primer hombre inocente, no es la primera v\u00edctima inocente a manos de gente irresponsable. En este momento estamos en una l\u00ednea muy delgada en la que queremos confiar en las autoridades, confiar en ustedes y estamos aqu\u00ed por ello.<\/p>\n<p>Y a\u00f1adi\u00f3, sin dejar de observar al fiscal: \u201cQueremos que ustedes encuentren a los responsables. Con la frente bien en alto le pido que haga su trabajo. Confiamos en ustedes hasta el \u00faltimo momento. Por favor, ay\u00fadenos a cambiar la imagen que todos los salmantinos, todos los guanajuatenses tenemos de las autoridades. Que ni este crimen ni el de los dem\u00e1s quede impune\u201d.<\/p>\n<p><a href=\"https:\/\/www.proceso.com.mx\/reportajes\/2020\/11\/17\/israel-vazquez-el-primer-reportero-de-guanajuato-ejecutado-en-plena-actividad-252908.html\">https:\/\/www.proceso.com.mx\/reportajes\/2020\/11\/17\/israel-vazquez-el-primer-reportero-de-guanajuato-ejecutado-en-plena-actividad-252908.html<\/a><\/p>\n","protected":false},"excerpt":{"rendered":"<p>Ten\u00eda 31 a\u00f1os. Era padre de familia, futbolero y &#8220;bien clavado en el periodismo, bien aventado&#8221;, dec\u00edan sus compa\u00f1eros. Fue el primer reportero en llegar esa madrugada al punto donde &hellip; <a href=\"http:\/\/www.grieta.org.mx\/index.php\/2020\/11\/17\/israel-vazquez-el-primer-reportero-de-guanajuato-ejecutado-en-plena-actividad\/\" class=\"more-link\">Leer m\u00e1s<\/a><\/p>\n","protected":false},"author":2,"featured_media":55403,"comment_status":"closed","ping_status":"closed","sticky":false,"template":"","format":"standard","meta":{"ngg_post_thumbnail":0,"_jetpack_newsletter_access":"","_jetpack_dont_email_post_to_subs":false,"_jetpack_newsletter_tier_id":0,"_jetpack_memberships_contains_paywalled_content":false,"_jetpack_memberships_contains_paid_content":false,"footnotes":""},"categories":[80,17,88,1574],"tags":[2262,1180,2325,120],"class_list":["post-55402","post","type-post","status-publish","format-standard","has-post-thumbnail","hentry","category-cintillo","category-guanajuato","category-violencia-contra-periodistas","category-violencia-contra-periodistas-en-guanajuato","tag-agresiones-contra-periodistas","tag-asesinato-de-periodistas","tag-protestas-contra-asesionato-de-periodistas","tag-violencia-contra-periodistas","entry"],"jetpack_featured_media_url":"http:\/\/www.grieta.org.mx\/wp-content\/uploads\/2020\/11\/f800x450-124977_176423_5050.jpeg","jetpack_sharing_enabled":true,"jetpack_shortlink":"https:\/\/wp.me\/p7ZJR4-epA","jetpack_likes_enabled":false,"jetpack-related-posts":[{"id":7251,"url":"http:\/\/www.grieta.org.mx\/index.php\/2016\/07\/26\/violencia-contra-periodistas-en-guanajuato\/","url_meta":{"origin":55402,"position":0},"title":"Violencia contra periodistas en Guanajuato","author":"grieta","date":"26 julio, 2016","format":false,"excerpt":"26\/07\/2016. Denunciar\u00e1n a juez que redujo pena al agresor de reportera de SilaoLa Jornada 16\/06\/2016. Exigen a alcalde panista frenar ataques contra comunicadoras de Gto.Proceso 14\/10\/2015. Incendian autom\u00f3vil de periodista en Irapuato; recibi\u00f3 amenazas previasArt\u00edculo 19 04\/09\/2015. A un a\u00f1o de la agresi\u00f3n a la periodista Karla Silva, entregan a\u2026","rel":"","context":"En &quot;Guanajuato&quot;","block_context":{"text":"Guanajuato","link":"http:\/\/www.grieta.org.mx\/index.php\/category\/noticias-nacionales\/guanajuato\/"},"img":{"alt_text":"","src":"https:\/\/i0.wp.com\/www.grieta.org.mx\/wp-content\/uploads\/2018\/03\/14524434_1106112876131411_958039263622046936_o.jpg?resize=350%2C200","width":350,"height":200,"srcset":"https:\/\/i0.wp.com\/www.grieta.org.mx\/wp-content\/uploads\/2018\/03\/14524434_1106112876131411_958039263622046936_o.jpg?resize=350%2C200 1x, https:\/\/i0.wp.com\/www.grieta.org.mx\/wp-content\/uploads\/2018\/03\/14524434_1106112876131411_958039263622046936_o.jpg?resize=525%2C300 1.5x, https:\/\/i0.wp.com\/www.grieta.org.mx\/wp-content\/uploads\/2018\/03\/14524434_1106112876131411_958039263622046936_o.jpg?resize=700%2C400 2x"},"classes":[]},{"id":59595,"url":"http:\/\/www.grieta.org.mx\/index.php\/2021\/05\/07\/reportero-denuncia-amenazas-tras-publicar-nota-sobre-reclamos-de-un-joven-a-candidato-en-silao-guanajuato-2\/","url_meta":{"origin":55402,"position":1},"title":"Reportero denuncia amenazas tras publicar nota sobre reclamos de un joven a candidato en Silao (Guanajuato)","author":"grieta","date":"7 mayo, 2021","format":false,"excerpt":"Hasta hace poco Alejandro Pe\u00f1a fung\u00eda como secretario del ayuntamiento en la actual administraci\u00f3n del tambi\u00e9n panista Antonio Trejo Valdepe\u00f1a. Por Ver\u00f3nica Espinosa, Proceso viernes, 7 de mayo de 2021 GUANAJUATO, Gto. (apro).- Luego de publicar una nota sobre los reclamos de un joven colono al candidato del PAN a\u2026","rel":"","context":"En &quot;Amenzas y agresiones a periodistas en Guanajuato&quot;","block_context":{"text":"Amenzas y agresiones a periodistas en Guanajuato","link":"http:\/\/www.grieta.org.mx\/index.php\/category\/noticias-nacionales\/guanajuato\/amenzas-y-agresiones-a-periodistas-en-guanajuato\/"},"img":{"alt_text":"","src":"https:\/\/i0.wp.com\/www.grieta.org.mx\/wp-content\/uploads\/2021\/05\/f800x450-134855_186301_5050.jpeg?resize=350%2C200","width":350,"height":200,"srcset":"https:\/\/i0.wp.com\/www.grieta.org.mx\/wp-content\/uploads\/2021\/05\/f800x450-134855_186301_5050.jpeg?resize=350%2C200 1x, https:\/\/i0.wp.com\/www.grieta.org.mx\/wp-content\/uploads\/2021\/05\/f800x450-134855_186301_5050.jpeg?resize=525%2C300 1.5x, https:\/\/i0.wp.com\/www.grieta.org.mx\/wp-content\/uploads\/2021\/05\/f800x450-134855_186301_5050.jpeg?resize=700%2C400 2x"},"classes":[]},{"id":55101,"url":"http:\/\/www.grieta.org.mx\/index.php\/2020\/11\/10\/se-arriesgan-de-mas-dice-alcaldesa-ante-asesinato-de-reportero-en-salamanca\/","url_meta":{"origin":55402,"position":2},"title":"&#8216;Se arriesgan de m\u00e1s&#8217;, dice alcaldesa ante asesinato de reportero en Salamanca","author":"grieta","date":"10 noviembre, 2020","format":false,"excerpt":"La alcaldesa de Salamanca, Mar\u00eda Beatriz Hern\u00e1ndez, cuestion\u00f3 lo hecho por Israel antes de ser atacado, al preguntar por qu\u00e9 acudi\u00f3 a una colonia peligrosa si sab\u00eda que a\u00fan no hab\u00eda presencia de las autoridades. Redacci\u00f3n de Animal Pol\u00edtico, 10 de noviembre de 2020 Decenas de periodistas protestaron este martes\u2026","rel":"","context":"En &quot;CINTILLO&quot;","block_context":{"text":"CINTILLO","link":"http:\/\/www.grieta.org.mx\/index.php\/category\/cintillo\/"},"img":{"alt_text":"","src":"https:\/\/i0.wp.com\/www.grieta.org.mx\/wp-content\/uploads\/2020\/11\/https-_www.animalpolitico.com_wp-content_uploads_2020_11_conferencia-e1605040193949.jpg?resize=350%2C200","width":350,"height":200,"srcset":"https:\/\/i0.wp.com\/www.grieta.org.mx\/wp-content\/uploads\/2020\/11\/https-_www.animalpolitico.com_wp-content_uploads_2020_11_conferencia-e1605040193949.jpg?resize=350%2C200 1x, https:\/\/i0.wp.com\/www.grieta.org.mx\/wp-content\/uploads\/2020\/11\/https-_www.animalpolitico.com_wp-content_uploads_2020_11_conferencia-e1605040193949.jpg?resize=525%2C300 1.5x, https:\/\/i0.wp.com\/www.grieta.org.mx\/wp-content\/uploads\/2020\/11\/https-_www.animalpolitico.com_wp-content_uploads_2020_11_conferencia-e1605040193949.jpg?resize=700%2C400 2x, https:\/\/i0.wp.com\/www.grieta.org.mx\/wp-content\/uploads\/2020\/11\/https-_www.animalpolitico.com_wp-content_uploads_2020_11_conferencia-e1605040193949.jpg?resize=1050%2C600 3x, https:\/\/i0.wp.com\/www.grieta.org.mx\/wp-content\/uploads\/2020\/11\/https-_www.animalpolitico.com_wp-content_uploads_2020_11_conferencia-e1605040193949.jpg?resize=1400%2C800 4x"},"classes":[]},{"id":59583,"url":"http:\/\/www.grieta.org.mx\/index.php\/2021\/05\/07\/reportero-denuncia-amenazas-tras-publicar-nota-sobre-reclamos-de-un-joven-a-candidato-en-silao-guanajuato\/","url_meta":{"origin":55402,"position":3},"title":"Reportero denuncia amenazas tras publicar nota sobre reclamos de un joven a candidato en Silao (Guanajuato)","author":"grieta","date":"7 mayo, 2021","format":false,"excerpt":"Hasta hace poco Alejandro Pe\u00f1a fung\u00eda como secretario del ayuntamiento en la actual administraci\u00f3n del tambi\u00e9n panista Antonio Trejo Valdepe\u00f1a. Por Ver\u00f3nica Espinosa, Proceso, Viernes, 7 de mayo de 2021 GUANAJUATO, Gto. (apro).- Luego de publicar una nota sobre los reclamos de un joven colono al candidato del PAN a\u2026","rel":"","context":"En &quot;CINTILLO&quot;","block_context":{"text":"CINTILLO","link":"http:\/\/www.grieta.org.mx\/index.php\/category\/cintillo\/"},"img":{"alt_text":"","src":"https:\/\/i0.wp.com\/www.grieta.org.mx\/wp-content\/uploads\/2021\/05\/f800x450-134855_186301_5050.jpeg?resize=350%2C200","width":350,"height":200,"srcset":"https:\/\/i0.wp.com\/www.grieta.org.mx\/wp-content\/uploads\/2021\/05\/f800x450-134855_186301_5050.jpeg?resize=350%2C200 1x, https:\/\/i0.wp.com\/www.grieta.org.mx\/wp-content\/uploads\/2021\/05\/f800x450-134855_186301_5050.jpeg?resize=525%2C300 1.5x, https:\/\/i0.wp.com\/www.grieta.org.mx\/wp-content\/uploads\/2021\/05\/f800x450-134855_186301_5050.jpeg?resize=700%2C400 2x"},"classes":[]},{"id":17953,"url":"http:\/\/www.grieta.org.mx\/index.php\/2016\/07\/26\/violencia-contra-periodistas-en-campeche\/","url_meta":{"origin":55402,"position":4},"title":"Violencia contra periodistas en Campeche","author":"grieta","date":"26 julio, 2016","format":false,"excerpt":"26\/06\/16. Reportero denuncia agresi\u00f3n (Campeche) Tribuna","rel":"","context":"En &quot;Campeche&quot;","block_context":{"text":"Campeche","link":"http:\/\/www.grieta.org.mx\/index.php\/category\/noticias-nacionales\/campeche\/"},"img":{"alt_text":"","src":"https:\/\/i0.wp.com\/www.grieta.org.mx\/wp-content\/uploads\/2018\/03\/14524434_1106112876131411_958039263622046936_o.jpg?resize=350%2C200","width":350,"height":200,"srcset":"https:\/\/i0.wp.com\/www.grieta.org.mx\/wp-content\/uploads\/2018\/03\/14524434_1106112876131411_958039263622046936_o.jpg?resize=350%2C200 1x, https:\/\/i0.wp.com\/www.grieta.org.mx\/wp-content\/uploads\/2018\/03\/14524434_1106112876131411_958039263622046936_o.jpg?resize=525%2C300 1.5x, https:\/\/i0.wp.com\/www.grieta.org.mx\/wp-content\/uploads\/2018\/03\/14524434_1106112876131411_958039263622046936_o.jpg?resize=700%2C400 2x"},"classes":[]},{"id":6279,"url":"http:\/\/www.grieta.org.mx\/index.php\/2016\/02\/23\/violencia-contra-periodistas-en-tabasco\/","url_meta":{"origin":55402,"position":5},"title":"Violencia contra periodistas en Tabasco","author":"grieta","date":"23 febrero, 2016","format":false,"excerpt":"23\/02\/16. Asesinan a locutor de radio en TabascoVoces 11\/02\/16. La violencia en contra de periodistas sigue: un reportero de Tabasco es agredido en su casaSin Embargo 02\/10\/15. Tabasco, una zona del silencio m\u00e1s en M\u00e9xico por impunidad ante cr\u00edmenes contra periodistas: CDPP\u00e1gina 3 25\/09\/15. Se investigan muertes de periodistas en\u2026","rel":"","context":"En &quot;NOTICIAS NACIONALES&quot;","block_context":{"text":"NOTICIAS NACIONALES","link":"http:\/\/www.grieta.org.mx\/index.php\/category\/noticias-nacionales\/"},"img":{"alt_text":"","src":"https:\/\/i0.wp.com\/www.grieta.org.mx\/wp-content\/uploads\/2018\/03\/14524434_1106112876131411_958039263622046936_o.jpg?resize=350%2C200","width":350,"height":200,"srcset":"https:\/\/i0.wp.com\/www.grieta.org.mx\/wp-content\/uploads\/2018\/03\/14524434_1106112876131411_958039263622046936_o.jpg?resize=350%2C200 1x, https:\/\/i0.wp.com\/www.grieta.org.mx\/wp-content\/uploads\/2018\/03\/14524434_1106112876131411_958039263622046936_o.jpg?resize=525%2C300 1.5x, https:\/\/i0.wp.com\/www.grieta.org.mx\/wp-content\/uploads\/2018\/03\/14524434_1106112876131411_958039263622046936_o.jpg?resize=700%2C400 2x"},"classes":[]}],"_links":{"self":[{"href":"http:\/\/www.grieta.org.mx\/index.php\/wp-json\/wp\/v2\/posts\/55402","targetHints":{"allow":["GET"]}}],"collection":[{"href":"http:\/\/www.grieta.org.mx\/index.php\/wp-json\/wp\/v2\/posts"}],"about":[{"href":"http:\/\/www.grieta.org.mx\/index.php\/wp-json\/wp\/v2\/types\/post"}],"author":[{"embeddable":true,"href":"http:\/\/www.grieta.org.mx\/index.php\/wp-json\/wp\/v2\/users\/2"}],"replies":[{"embeddable":true,"href":"http:\/\/www.grieta.org.mx\/index.php\/wp-json\/wp\/v2\/comments?post=55402"}],"version-history":[{"count":1,"href":"http:\/\/www.grieta.org.mx\/index.php\/wp-json\/wp\/v2\/posts\/55402\/revisions"}],"predecessor-version":[{"id":55404,"href":"http:\/\/www.grieta.org.mx\/index.php\/wp-json\/wp\/v2\/posts\/55402\/revisions\/55404"}],"wp:featuredmedia":[{"embeddable":true,"href":"http:\/\/www.grieta.org.mx\/index.php\/wp-json\/wp\/v2\/media\/55403"}],"wp:attachment":[{"href":"http:\/\/www.grieta.org.mx\/index.php\/wp-json\/wp\/v2\/media?parent=55402"}],"wp:term":[{"taxonomy":"category","embeddable":true,"href":"http:\/\/www.grieta.org.mx\/index.php\/wp-json\/wp\/v2\/categories?post=55402"},{"taxonomy":"post_tag","embeddable":true,"href":"http:\/\/www.grieta.org.mx\/index.php\/wp-json\/wp\/v2\/tags?post=55402"}],"curies":[{"name":"wp","href":"https:\/\/api.w.org\/{rel}","templated":true}]}}