{"id":55399,"date":"2020-11-22T00:28:39","date_gmt":"2020-11-22T06:28:39","guid":{"rendered":"http:\/\/www.grieta.org.mx\/?p=55399"},"modified":"2020-11-22T23:43:32","modified_gmt":"2020-11-23T05:43:32","slug":"exigen-la-localizacion-de-glorimar-enfermera-secuestrada-en-sinaloa","status":"publish","type":"post","link":"http:\/\/www.grieta.org.mx\/index.php\/2020\/11\/22\/exigen-la-localizacion-de-glorimar-enfermera-secuestrada-en-sinaloa\/","title":{"rendered":"Exigen la localizaci\u00f3n de Glorimar, enfermera secuestrada en Sinaloa"},"content":{"rendered":"<figure class=\"contenedor-ImagenArticulo\">\n<div id=\"standard_1\" class=\"st-placement standard_1 inImage\">\n<div class=\"st-adunit st-show st-reset\">\n<div class=\"st-adunit-extra st-reset\">Reporte \u00cdndigo<\/div>\n<\/div>\n<\/div>\n<p><img loading=\"lazy\" decoding=\"async\" class=\"\" src=\"https:\/\/www.eluniversal.com.mx\/sites\/default\/files\/2020\/11\/22\/glorimar_alba_120162065.jpg\" alt=\"Exigen la aparici\u00f3n con vida de enfermera del IMSS\" width=\"811\" height=\"1080\" \/><\/figure>\n<div class=\"ce12-DatosArticulo \">\n<div class=\"ce12-DatosArticulo-Tags mb-10\">\n<p>Ayer, un grupo de activistas exigi\u00f3 la localizaci\u00f3n con vida de la enfermera Glorimar L\u00f3pez Garcia, quien presuntamente fue secuestrada en su propia casa, el pasado 29 de octubre.<\/p>\n<p>Los hechos ocurrieron en el fraccionamiento Misiones de Mazatl\u00e1n, en el estado de Sinaloa.<\/p>\n<p>De acuerdo con los reportes, aproximadamente a las 03:00 horas, la joven de 26 a\u00f1os aparentemente fue privada de su libertad cuando se encontraba en su vivienda.<\/p>\n<p>En la protesta realizada en el parador fotogr\u00e1fico del puerto de Mazatl\u00e1n, las activistas del colectivo feminista Perlas del Pac\u00edfico reclamaron la falta de protecci\u00f3n a las mujeres por parte de las autoridades municipales.<\/p>\n<p>Seg\u00fan informaci\u00f3n de su hermana Lorenia, Glorimar es madre de tres ni\u00f1as, de 6 a\u00f1os, 2 a\u00f1os y 11 meses. Adem\u00e1s trabaja como enfermera en el Instituto Mexicano del Seguro Social (IMSS) de Mazatl\u00e1n.<\/p>\n<p>Tras su desaparici\u00f3n, la Fiscal\u00eda General del Estado activ\u00f3 el Protocolo Alba, mediante el cual se establecen las coordinaciones para su b\u00fasqueda.<\/p>\n<p>En la ficha de b\u00fasqueda se mencionan que la joven mide 1,75 metros de estatura, es de complexi\u00f3n robusta, tiene el cabello negro y largo, es de tez morena clara y ojos color caf\u00e9.<\/p>\n<p>Tambi\u00e9n se advierte que la integridad de la joven \u201cest\u00e1 en riesgo\u201d y que podr\u00eda ser v\u00edctima de la comisi\u00f3n de un delito.<\/p>\n<p>Las autoridades pidieron a la poblaci\u00f3n proporcionar cualquier informaci\u00f3n sobre la enfermera a la agencia especializada en desaparici\u00f3n forzada de personas.<\/p>\n<p><a href=\"https:\/\/www.reporteindigo.com\/reporte\/exigen-la-localizacion-de-glorimar-enfermera-secuestrada-en-sinaloa\/\">https:\/\/www.reporteindigo.com\/reporte\/exigen-la-localizacion-de-glorimar-enfermera-secuestrada-en-sinaloa\/<\/a><\/p>\n<\/div>\n<\/div>\n","protected":false},"excerpt":{"rendered":"<p>Reporte \u00cdndigo Ayer, un grupo de activistas exigi\u00f3 la localizaci\u00f3n con vida de la enfermera Glorimar L\u00f3pez Garcia, quien presuntamente fue secuestrada en su propia casa, el pasado 29 de &hellip; <a href=\"http:\/\/www.grieta.org.mx\/index.php\/2020\/11\/22\/exigen-la-localizacion-de-glorimar-enfermera-secuestrada-en-sinaloa\/\" class=\"more-link\">Leer m\u00e1s<\/a><\/p>\n","protected":false},"author":2,"featured_media":55400,"comment_status":"closed","ping_status":"closed","sticky":false,"template":"","format":"standard","meta":{"ngg_post_thumbnail":0,"_jetpack_newsletter_access":"","_jetpack_dont_email_post_to_subs":false,"_jetpack_newsletter_tier_id":0,"_jetpack_memberships_contains_paywalled_content":false,"_jetpack_memberships_contains_paid_content":false,"footnotes":""},"categories":[80,1203,30],"tags":[121],"class_list":["post-55399","post","type-post","status-publish","format-standard","has-post-thumbnail","hentry","category-cintillo","category-desaparecidos-en-sinaloa","category-sinaloa","tag-desaparecidos","entry"],"jetpack_featured_media_url":"http:\/\/www.grieta.org.mx\/wp-content\/uploads\/2020\/11\/mn.jpg","jetpack_sharing_enabled":true,"jetpack_shortlink":"https:\/\/wp.me\/p7ZJR4-epx","jetpack_likes_enabled":false,"jetpack-related-posts":[{"id":33804,"url":"http:\/\/www.grieta.org.mx\/index.php\/2019\/05\/22\/hallan-cinco-cuerpos-en-fosas-clandestinas-en-mazatlan-sinaloa\/","url_meta":{"origin":55399,"position":0},"title":"Hallan cinco cuerpos en fosas clandestinas en Mazatlan, Sinaloa","author":"grieta","date":"22 mayo, 2019","format":false,"excerpt":"Las rastreadores encontraron los restos humanos, este lunes fueron hallados 6 m\u00e1s en la zona conocida como Cerritos, en el puerto de Mazatl\u00e1n, Sinaloa Ra\u00fal Briones \/ El Debate Mazatl\u00e1n, Sinaloa.- Cinco cuerpos m\u00e1s fueron encontrados en el \u00e1rea del camino viejo a Cerritos, cerca de las v\u00edas del tren,\u2026","rel":"","context":"En &quot;CINTILLO&quot;","block_context":{"text":"CINTILLO","link":"http:\/\/www.grieta.org.mx\/index.php\/category\/cintillo\/"},"img":{"alt_text":"","src":"https:\/\/i0.wp.com\/www.grieta.org.mx\/wp-content\/uploads\/2019\/05\/hallan_restos_humanos_en_fosas_clandestinas_en_mazatlan.jpg_805442109.jpg?resize=350%2C200","width":350,"height":200,"srcset":"https:\/\/i0.wp.com\/www.grieta.org.mx\/wp-content\/uploads\/2019\/05\/hallan_restos_humanos_en_fosas_clandestinas_en_mazatlan.jpg_805442109.jpg?resize=350%2C200 1x, https:\/\/i0.wp.com\/www.grieta.org.mx\/wp-content\/uploads\/2019\/05\/hallan_restos_humanos_en_fosas_clandestinas_en_mazatlan.jpg_805442109.jpg?resize=525%2C300 1.5x"},"classes":[]},{"id":6726,"url":"http:\/\/www.grieta.org.mx\/index.php\/2016\/06\/27\/movilizaciones-por-ayotzinapa-en-sinaloa\/","url_meta":{"origin":55399,"position":1},"title":"Movilizaciones por Ayotzinapa en Sinaloa","author":"grieta","date":"27 junio, 2016","format":false,"excerpt":"27\/06\/16. Inconformes piden justicia por abusos El Debate 26\/06\/16. Muestran inconformidad en plazuela de Culiac\u00e1n El Debate 26\/01\/16. Protestan activistas en PGR por desaparecidos Noroeste 26\/09\/15. Marchan en Culiac\u00e1n por los 43 de Ayotzinapa y los mil 583 de Sinaloa Noroeste 26\/09\/15. Mazatl\u00e1n se une a protestas, a un a\u00f1o\u2026","rel":"","context":"En &quot;CINTILLO&quot;","block_context":{"text":"CINTILLO","link":"http:\/\/www.grieta.org.mx\/index.php\/category\/cintillo\/"},"img":{"alt_text":"","src":"https:\/\/i0.wp.com\/www.grieta.org.mx\/wp-content\/uploads\/2018\/03\/14524434_1106112876131411_958039263622046936_o.jpg?resize=350%2C200","width":350,"height":200,"srcset":"https:\/\/i0.wp.com\/www.grieta.org.mx\/wp-content\/uploads\/2018\/03\/14524434_1106112876131411_958039263622046936_o.jpg?resize=350%2C200 1x, https:\/\/i0.wp.com\/www.grieta.org.mx\/wp-content\/uploads\/2018\/03\/14524434_1106112876131411_958039263622046936_o.jpg?resize=525%2C300 1.5x, https:\/\/i0.wp.com\/www.grieta.org.mx\/wp-content\/uploads\/2018\/03\/14524434_1106112876131411_958039263622046936_o.jpg?resize=700%2C400 2x"},"classes":[]},{"id":37724,"url":"http:\/\/www.grieta.org.mx\/index.php\/2019\/07\/26\/grupo-de-rastreadoras-de-mazatlan-rescata-nuevas-osamentas-sinaloa\/","url_meta":{"origin":55399,"position":2},"title":"Grupo de rastreadoras de Mazatl\u00e1n rescata nuevas osamentas (Sinaloa)","author":"grieta","date":"26 julio, 2019","format":false,"excerpt":"Foto: El Debate Integrantes de Tesoros Perdidos Hasta Encontrarlos \u00a0llevan 4 d\u00edas de b\u00fasqueda consecutiva en el mismo terreno Mazatl\u00e1n, Sinaloa.- En el cuarto d\u00eda de b\u00fasqueda en la zona de El Chilar de Palmillas, al norte del puerto, la Comisi\u00f3n Nacional de B\u00fasqueda y las rastreadoras Tesoros Perdidos hasta\u2026","rel":"","context":"En &quot;CINTILLO&quot;","block_context":{"text":"CINTILLO","link":"http:\/\/www.grieta.org.mx\/index.php\/category\/cintillo\/"},"img":{"alt_text":"","src":"https:\/\/i0.wp.com\/www.grieta.org.mx\/wp-content\/uploads\/2019\/08\/rastreadorasosamentas.jpg_805442109.jpg?resize=350%2C200","width":350,"height":200,"srcset":"https:\/\/i0.wp.com\/www.grieta.org.mx\/wp-content\/uploads\/2019\/08\/rastreadorasosamentas.jpg_805442109.jpg?resize=350%2C200 1x, https:\/\/i0.wp.com\/www.grieta.org.mx\/wp-content\/uploads\/2019\/08\/rastreadorasosamentas.jpg_805442109.jpg?resize=525%2C300 1.5x"},"classes":[]},{"id":6886,"url":"http:\/\/www.grieta.org.mx\/index.php\/2016\/09\/14\/desaparecidos-en-sinaloa\/","url_meta":{"origin":55399,"position":3},"title":"Desaparecidos en Sinaloa","author":"grieta","date":"14 septiembre, 2016","format":false,"excerpt":"14\/09\/16. Encuentran Las Rastreadoras seis cuerpos en el norte de Sinaloa Noroeste 01\/09\/16. \u201cRastreadoras\u201d encuentran cuatro cuerpos m\u00e1s; llegan a 62. (Sinaloa) Rio Doce 30\/08\/16. Familiares exigen a Malova resultados en casos de desaparecidos en Sinaloa Proceso 03\/08\/16. \u00bfFue desaparecido en Sinaloa y sospechas en d\u00f3nde est\u00e1? Pide un permiso\u2026","rel":"","context":"En &quot;Desaparecidos&quot;","block_context":{"text":"Desaparecidos","link":"http:\/\/www.grieta.org.mx\/index.php\/category\/temas-nacionales\/desaparecidos\/"},"img":{"alt_text":"","src":"https:\/\/i0.wp.com\/www.grieta.org.mx\/wp-content\/uploads\/2018\/03\/14524434_1106112876131411_958039263622046936_o.jpg?resize=350%2C200","width":350,"height":200,"srcset":"https:\/\/i0.wp.com\/www.grieta.org.mx\/wp-content\/uploads\/2018\/03\/14524434_1106112876131411_958039263622046936_o.jpg?resize=350%2C200 1x, https:\/\/i0.wp.com\/www.grieta.org.mx\/wp-content\/uploads\/2018\/03\/14524434_1106112876131411_958039263622046936_o.jpg?resize=525%2C300 1.5x, https:\/\/i0.wp.com\/www.grieta.org.mx\/wp-content\/uploads\/2018\/03\/14524434_1106112876131411_958039263622046936_o.jpg?resize=700%2C400 2x"},"classes":[]},{"id":25859,"url":"http:\/\/www.grieta.org.mx\/index.php\/2018\/08\/26\/solo-muerta-dejo-de-buscar-a-mi-hijo-sinaloa\/","url_meta":{"origin":55399,"position":4},"title":"&#8220;Solo muerta dejo de buscar a mi hijo&#8221; (Sinaloa)","author":"grieta","date":"26 agosto, 2018","format":false,"excerpt":"Las rastreadores en la b\u00fasqueda de sus hijos. Foto: EL DEBATE Blanca Regalado Mazatl\u00e1n, Sinaloa.- \u201cSolo muerta dejar\u00e9 de buscar a mi hijo\u201d, resalt\u00f3 Mar\u00eda Casta\u00f1eda, madre de Luis Enrique Velarde, desaparecido el 13 de octubre del 2015. Mar\u00eda forma parte del colectivo de rastreadoras Tesoros Perdidos Hasta Encontrarlos, y\u2026","rel":"","context":"En &quot;CINTILLO&quot;","block_context":{"text":"CINTILLO","link":"http:\/\/www.grieta.org.mx\/index.php\/category\/cintillo\/"},"img":{"alt_text":"","src":"https:\/\/i0.wp.com\/www.grieta.org.mx\/wp-content\/uploads\/2018\/08\/imagen_dsc_0016_x4x.jpg_539665225.jpg?resize=350%2C200","width":350,"height":200,"srcset":"https:\/\/i0.wp.com\/www.grieta.org.mx\/wp-content\/uploads\/2018\/08\/imagen_dsc_0016_x4x.jpg_539665225.jpg?resize=350%2C200 1x, https:\/\/i0.wp.com\/www.grieta.org.mx\/wp-content\/uploads\/2018\/08\/imagen_dsc_0016_x4x.jpg_539665225.jpg?resize=525%2C300 1.5x"},"classes":[]},{"id":31033,"url":"http:\/\/www.grieta.org.mx\/index.php\/2019\/03\/22\/rastreadoras-hallan-nueva-fosa-clandestina-en-mazatlan-sinaloa\/","url_meta":{"origin":55399,"position":5},"title":"Rastreadoras hallan nueva fosa clandestina en Mazatl\u00e1n (Sinaloa)","author":"grieta","date":"22 marzo, 2019","format":false,"excerpt":"Los trabajos se realizan cerca de la termoel\u00e9ctrica en El Castillo; se han encontrado dos cuerpos Redacci\u00f3n \/ Noroeste MAZATL\u00c1N._ El colectivo de rastreadoras \"Tesoros perdidos hasta encontrarlos\" localiz\u00f3 este viernes una fosa clandestina con dos cuerpos en el Ejido El Castillo, en las inmediaciones de la planta termoel\u00e9ctrica Jos\u00e9\u2026","rel":"","context":"En &quot;CINTILLO&quot;","block_context":{"text":"CINTILLO","link":"http:\/\/www.grieta.org.mx\/index.php\/category\/cintillo\/"},"img":{"alt_text":"","src":"https:\/\/i0.wp.com\/www.grieta.org.mx\/wp-content\/uploads\/2019\/03\/WhatsApp_Image_2019_03_22_at_13_02_42-258036.jpeg?resize=350%2C200","width":350,"height":200,"srcset":"https:\/\/i0.wp.com\/www.grieta.org.mx\/wp-content\/uploads\/2019\/03\/WhatsApp_Image_2019_03_22_at_13_02_42-258036.jpeg?resize=350%2C200 1x, https:\/\/i0.wp.com\/www.grieta.org.mx\/wp-content\/uploads\/2019\/03\/WhatsApp_Image_2019_03_22_at_13_02_42-258036.jpeg?resize=525%2C300 1.5x, https:\/\/i0.wp.com\/www.grieta.org.mx\/wp-content\/uploads\/2019\/03\/WhatsApp_Image_2019_03_22_at_13_02_42-258036.jpeg?resize=700%2C400 2x, https:\/\/i0.wp.com\/www.grieta.org.mx\/wp-content\/uploads\/2019\/03\/WhatsApp_Image_2019_03_22_at_13_02_42-258036.jpeg?resize=1050%2C600 3x, https:\/\/i0.wp.com\/www.grieta.org.mx\/wp-content\/uploads\/2019\/03\/WhatsApp_Image_2019_03_22_at_13_02_42-258036.jpeg?resize=1400%2C800 4x"},"classes":[]}],"_links":{"self":[{"href":"http:\/\/www.grieta.org.mx\/index.php\/wp-json\/wp\/v2\/posts\/55399","targetHints":{"allow":["GET"]}}],"collection":[{"href":"http:\/\/www.grieta.org.mx\/index.php\/wp-json\/wp\/v2\/posts"}],"about":[{"href":"http:\/\/www.grieta.org.mx\/index.php\/wp-json\/wp\/v2\/types\/post"}],"author":[{"embeddable":true,"href":"http:\/\/www.grieta.org.mx\/index.php\/wp-json\/wp\/v2\/users\/2"}],"replies":[{"embeddable":true,"href":"http:\/\/www.grieta.org.mx\/index.php\/wp-json\/wp\/v2\/comments?post=55399"}],"version-history":[{"count":1,"href":"http:\/\/www.grieta.org.mx\/index.php\/wp-json\/wp\/v2\/posts\/55399\/revisions"}],"predecessor-version":[{"id":55401,"href":"http:\/\/www.grieta.org.mx\/index.php\/wp-json\/wp\/v2\/posts\/55399\/revisions\/55401"}],"wp:featuredmedia":[{"embeddable":true,"href":"http:\/\/www.grieta.org.mx\/index.php\/wp-json\/wp\/v2\/media\/55400"}],"wp:attachment":[{"href":"http:\/\/www.grieta.org.mx\/index.php\/wp-json\/wp\/v2\/media?parent=55399"}],"wp:term":[{"taxonomy":"category","embeddable":true,"href":"http:\/\/www.grieta.org.mx\/index.php\/wp-json\/wp\/v2\/categories?post=55399"},{"taxonomy":"post_tag","embeddable":true,"href":"http:\/\/www.grieta.org.mx\/index.php\/wp-json\/wp\/v2\/tags?post=55399"}],"curies":[{"name":"wp","href":"https:\/\/api.w.org\/{rel}","templated":true}]}}