{"id":55371,"date":"2020-11-18T13:53:45","date_gmt":"2020-11-18T19:53:45","guid":{"rendered":"http:\/\/www.grieta.org.mx\/?p=55371"},"modified":"2020-11-21T14:00:30","modified_gmt":"2020-11-21T20:00:30","slug":"continua-busqueda-de-colimenses-en-jalisco","status":"publish","type":"post","link":"http:\/\/www.grieta.org.mx\/index.php\/2020\/11\/18\/continua-busqueda-de-colimenses-en-jalisco\/","title":{"rendered":"Contin\u00faa b\u00fasqueda de colimenses en Jalisco"},"content":{"rendered":"<p><img loading=\"lazy\" decoding=\"async\" data-attachment-id=\"55372\" data-permalink=\"http:\/\/www.grieta.org.mx\/index.php\/2020\/11\/18\/continua-busqueda-de-colimenses-en-jalisco\/2020-11-18_12-11-39___8730\/\" data-orig-file=\"http:\/\/www.grieta.org.mx\/wp-content\/uploads\/2020\/11\/2020-11-18_12-11-39___8730.jpg\" data-orig-size=\"750,500\" data-comments-opened=\"0\" data-image-meta=\"{&quot;aperture&quot;:&quot;0&quot;,&quot;credit&quot;:&quot;&quot;,&quot;camera&quot;:&quot;&quot;,&quot;caption&quot;:&quot;&quot;,&quot;created_timestamp&quot;:&quot;0&quot;,&quot;copyright&quot;:&quot;&quot;,&quot;focal_length&quot;:&quot;0&quot;,&quot;iso&quot;:&quot;0&quot;,&quot;shutter_speed&quot;:&quot;0&quot;,&quot;title&quot;:&quot;&quot;,&quot;orientation&quot;:&quot;1&quot;}\" data-image-title=\"2020-11-18_12-11-39___8730\" data-image-description=\"\" data-image-caption=\"\" data-medium-file=\"http:\/\/www.grieta.org.mx\/wp-content\/uploads\/2020\/11\/2020-11-18_12-11-39___8730-300x200.jpg\" data-large-file=\"http:\/\/www.grieta.org.mx\/wp-content\/uploads\/2020\/11\/2020-11-18_12-11-39___8730.jpg\" class=\" wp-image-55372 aligncenter\" src=\"http:\/\/www.grieta.org.mx\/wp-content\/uploads\/2020\/11\/2020-11-18_12-11-39___8730.jpg\" alt=\"\" width=\"800\" height=\"533\" srcset=\"http:\/\/www.grieta.org.mx\/wp-content\/uploads\/2020\/11\/2020-11-18_12-11-39___8730.jpg 750w, http:\/\/www.grieta.org.mx\/wp-content\/uploads\/2020\/11\/2020-11-18_12-11-39___8730-300x200.jpg 300w\" sizes=\"auto, (max-width: 800px) 100vw, 800px\" \/><\/p>\n<p>Foto: Cuartoscuro<\/p>\n<p>Lauro Rodr\u00edguez \/ El Diario NTR<\/p>\n<p>Al pie del volc\u00e1n de Colima y entre plantaciones de ca\u00f1a,\u00a0en el municipio de\u00a0Tonila, al sur de Jalisco, contin\u00faa la b\u00fasqueda de colimenses desaparecidos.<\/p>\n<p>El 24 de septiembre, integrantes del colectivo\u00a0Red de Desaparecidos en Colima, AC,\u00a0se manifestaron en la glorieta\u00a0de los Ni\u00f1os H\u00e9roes\u00a0y exigieron a las autoridades de Jalisco apoyar en la localizaci\u00f3n de personas\u00a0reportadas como\u00a0desaparecidas\u00a0en Colima,\u00a0pero que podr\u00edan estar en municipios jaliscienses como\u00a0Tonila, Zapotl\u00e1n el Grande,\u00a0Zapotiltic\u00a0y Tamazula\u00a0de Gordiano.<\/p>\n<p>En ese entonces\u00a0familiares de desaparecidos de Colima\u00a0se\u00f1alaron\u00a0que en Jalisco podr\u00edan encontrarse al menos\u00a0100\u00a0personas con reporte de desaparici\u00f3n y criticaron las negativas para colaborar por parte de la Fiscal\u00eda Especial en B\u00fasqueda de Personas.<\/p>\n<p>Tras la exigencia, el 9 de octubre\u00a0se realiz\u00f3 una\u00a0primera expedici\u00f3n en campo en\u00a0Tonila\u00a0y ayer se llev\u00f3 a cabo otra\u00a0bajo el principio de\u00a0presunci\u00f3n de vida, es decir, no\u00a0se\u00a0buscaron fosas o cuerpos,\u00a0sino a\u00a0hijos,\u00a0hijas\u00a0y\u00a0esposos\u00a0vivos.<\/p>\n<p>En las acciones particip\u00f3\u00a0la Comisi\u00f3n Nacional de B\u00fasqueda,\u00a0las comisiones\u00a0de\u00a0b\u00fasqueda de\u00a0Colima\u00a0y Jalisco,\u00a0las\u00a0fiscal\u00edas\u00a0de\u00a0ambos estados,\u00a0Protecci\u00f3n Civil\u00a0de Jalisco, Ciencias Forenses,\u00a0Guardia Nacional y\u00a0Secretar\u00eda de Marina,\u00a0as\u00ed\u00a0como la\u00a0Red de Desaparecidos\u00a0en Colima. Todos\u00a0realizaron un despliegue operativo de b\u00fasqueda en el municipio de\u00a0Tonila\u00a0con la finalidad de localizar a personas reportadas como desaparecidas en la zona.<\/p>\n<p><a href=\"https:\/\/www.ntrguadalajara.com\/post.php?id_nota=158070\">https:\/\/www.ntrguadalajara.com\/post.php?id_nota=158070<\/a><\/p>\n","protected":false},"excerpt":{"rendered":"<p>Foto: Cuartoscuro Lauro Rodr\u00edguez \/ El Diario NTR Al pie del volc\u00e1n de Colima y entre plantaciones de ca\u00f1a,\u00a0en el municipio de\u00a0Tonila, al sur de Jalisco, contin\u00faa la b\u00fasqueda de &hellip; <a href=\"http:\/\/www.grieta.org.mx\/index.php\/2020\/11\/18\/continua-busqueda-de-colimenses-en-jalisco\/\" class=\"more-link\">Leer m\u00e1s<\/a><\/p>\n","protected":false},"author":2,"featured_media":55372,"comment_status":"closed","ping_status":"closed","sticky":false,"template":"","format":"standard","meta":{"ngg_post_thumbnail":0,"_jetpack_newsletter_access":"","_jetpack_dont_email_post_to_subs":false,"_jetpack_newsletter_tier_id":0,"_jetpack_memberships_contains_paywalled_content":false,"_jetpack_memberships_contains_paid_content":false,"footnotes":""},"categories":[80,13,87,1829,2,83],"tags":[1828,3018,1668],"class_list":["post-55371","post","type-post","status-publish","format-standard","has-post-thumbnail","hentry","category-cintillo","category-colima","category-desaparecidos","category-desaparecidos-en-colima","category-noticias-nacionales","category-temas-nacionales","tag-busqueda-de-desaparecidos","tag-colectivos-de-busqueda-de-desaparecidos","tag-familiares-de-desaparecidos","entry"],"jetpack_featured_media_url":"http:\/\/www.grieta.org.mx\/wp-content\/uploads\/2020\/11\/2020-11-18_12-11-39___8730.jpg","jetpack_sharing_enabled":true,"jetpack_shortlink":"https:\/\/wp.me\/p7ZJR4-ep5","jetpack_likes_enabled":false,"jetpack-related-posts":[{"id":53745,"url":"http:\/\/www.grieta.org.mx\/index.php\/2020\/09\/23\/la-red-desaparecidos-en-colima-viajo-a-jalisco-para-exigir-la-busqueda-en-campo-de-colimenses-desaparecidos-en-territorio-jalisciense\/","url_meta":{"origin":55371,"position":0},"title":"La Red Desaparecidos en Colima viaj\u00f3 a Jalisco para exigir la b\u00fasqueda en campo de colimenses desaparecidos en territorio jalisciense","author":"grieta","date":"23 septiembre, 2020","format":false,"excerpt":"Foto: Christian Cantero Seg\u00fan denunciaron en rueda de prensa convocada en la Glorieta de las y los Desaparecidos en la ciudad de Guadalajara, desde mayo de 2019 han solicitado la colaboraci\u00f3n de la Fiscal\u00eda Especializada en Personas Desaparecidas de Jalisco y de su titular, Blanca Jaqueline Trujillo, para llevar a\u2026","rel":"","context":"En &quot;CINTILLO&quot;","block_context":{"text":"CINTILLO","link":"http:\/\/www.grieta.org.mx\/index.php\/category\/cintillo\/"},"img":{"alt_text":"","src":"https:\/\/i0.wp.com\/www.grieta.org.mx\/wp-content\/uploads\/2020\/09\/photo5143250086472558761.jpg?resize=350%2C200","width":350,"height":200,"srcset":"https:\/\/i0.wp.com\/www.grieta.org.mx\/wp-content\/uploads\/2020\/09\/photo5143250086472558761.jpg?resize=350%2C200 1x, https:\/\/i0.wp.com\/www.grieta.org.mx\/wp-content\/uploads\/2020\/09\/photo5143250086472558761.jpg?resize=525%2C300 1.5x, https:\/\/i0.wp.com\/www.grieta.org.mx\/wp-content\/uploads\/2020\/09\/photo5143250086472558761.jpg?resize=700%2C400 2x, https:\/\/i0.wp.com\/www.grieta.org.mx\/wp-content\/uploads\/2020\/09\/photo5143250086472558761.jpg?resize=1050%2C600 3x"},"classes":[]},{"id":53230,"url":"http:\/\/www.grieta.org.mx\/index.php\/2020\/09\/10\/red-de-desaparecidos-colima-denuncia-negativa-de-la-fiscalia-especializada-en-personas-desaparecidas-de-jalisco-para-realizar-busquedas-en-campo-en-tonila\/","url_meta":{"origin":55371,"position":1},"title":"Red de Desaparecidos Colima denuncia negativa de la Fiscal\u00eda Especializada en Personas Desaparecidas de Jalisco para realizar b\u00fasquedas en campo en Tonila","author":"grieta","date":"10 septiembre, 2020","format":false,"excerpt":"Fotograf\u00eda de portada: Red de Desaparecidos en Colima La\u00a0Red de Desaparecidos en Colima\u00a0denunci\u00f3 que desde mayo de 2019 se ha tenido comunicaci\u00f3n con la titular de la Fiscal\u00eda Especializada en Personas Desaparecidas en Jalisco, Blanca Jaqueline Trujillo, para solicitar su colaboraci\u00f3n en las labores de b\u00fasqueda coordinada entre familiares de\u2026","rel":"","context":"En &quot;CINTILLO&quot;","block_context":{"text":"CINTILLO","link":"http:\/\/www.grieta.org.mx\/index.php\/category\/cintillo\/"},"img":{"alt_text":"","src":"https:\/\/i0.wp.com\/www.grieta.org.mx\/wp-content\/uploads\/2020\/09\/PORTADA_RED-DESAPARECIDOS-COLIMA-1024x768-1.jpg?resize=350%2C200","width":350,"height":200,"srcset":"https:\/\/i0.wp.com\/www.grieta.org.mx\/wp-content\/uploads\/2020\/09\/PORTADA_RED-DESAPARECIDOS-COLIMA-1024x768-1.jpg?resize=350%2C200 1x, https:\/\/i0.wp.com\/www.grieta.org.mx\/wp-content\/uploads\/2020\/09\/PORTADA_RED-DESAPARECIDOS-COLIMA-1024x768-1.jpg?resize=525%2C300 1.5x, https:\/\/i0.wp.com\/www.grieta.org.mx\/wp-content\/uploads\/2020\/09\/PORTADA_RED-DESAPARECIDOS-COLIMA-1024x768-1.jpg?resize=700%2C400 2x"},"classes":[]},{"id":71951,"url":"http:\/\/www.grieta.org.mx\/index.php\/2025\/07\/03\/sospecha-red-de-desaparecidos-de-colima-que-en-jalisco-se-encuentran-sus-familiares\/","url_meta":{"origin":55371,"position":2},"title":"Sospecha Red de Desaparecidos de Colima que en Jalisco se encuentran sus familiares","author":"grieta","date":"3 julio, 2025","format":false,"excerpt":"Imagen: Tomada de Redes Sociales C\u00e9sar Barrera \/ El Comentario, Colima a\u00a0Red de Desaparecidos del Estado de Colima\u00a0expres\u00f3 su preocupaci\u00f3n por la posibilidad de que\u00a0personas desaparecidas\u00a0en territorio colimense est\u00e9n siendo trasladadas a Jalisco, estado al que apuntan diversos indicios recabados por integrantes del colectivo. Blanca Estela Ram\u00edrez, vocera de la\u2026","rel":"","context":"En &quot;CINTILLO&quot;","block_context":{"text":"CINTILLO","link":"http:\/\/www.grieta.org.mx\/index.php\/category\/cintillo\/"},"img":{"alt_text":"","src":"https:\/\/i0.wp.com\/www.grieta.org.mx\/wp-content\/uploads\/2025\/07\/desaparecidos.webp?resize=350%2C200","width":350,"height":200,"srcset":"https:\/\/i0.wp.com\/www.grieta.org.mx\/wp-content\/uploads\/2025\/07\/desaparecidos.webp?resize=350%2C200 1x, https:\/\/i0.wp.com\/www.grieta.org.mx\/wp-content\/uploads\/2025\/07\/desaparecidos.webp?resize=525%2C300 1.5x, https:\/\/i0.wp.com\/www.grieta.org.mx\/wp-content\/uploads\/2025\/07\/desaparecidos.webp?resize=700%2C400 2x"},"classes":[]},{"id":60398,"url":"http:\/\/www.grieta.org.mx\/index.php\/2021\/07\/06\/familias-de-colima-recorren-jalisco-buscando-a-sus-desaparecidos\/","url_meta":{"origin":55371,"position":3},"title":"Familias de Colima recorren Jalisco buscando a sus desaparecidos","author":"grieta","date":"6 julio, 2021","format":false,"excerpt":"Foto:\u00a0 Diario Avanzada Heidi de Le\u00f3n Guti\u00e9rrez \/ Diario Avanzada Colima, M\u00e9xico, Avanzada (06\/07\/2021).- Integrantes de la Red de Personas Desaparecidas en Colima se encuentran en Jalisco para buscar a sus familiares \u00a0en hospitales, albergues,\u00a0 centros penitenciarios \u00a0y en distintos puntos de esa entidad como parte de la Jornada Nacional\u2026","rel":"","context":"En &quot;CINTILLO&quot;","block_context":{"text":"CINTILLO","link":"http:\/\/www.grieta.org.mx\/index.php\/category\/cintillo\/"},"img":{"alt_text":"","src":"https:\/\/i0.wp.com\/www.grieta.org.mx\/wp-content\/uploads\/2021\/07\/Des.png?resize=350%2C200","width":350,"height":200},"classes":[]},{"id":39368,"url":"http:\/\/www.grieta.org.mx\/index.php\/2019\/09\/13\/espera-colectivo-desaparecidos-de-colima-localizar-a-sus-familiares-en-jalisco\/","url_meta":{"origin":55371,"position":4},"title":"Espera colectivo Desaparecidos de Colima localizar a sus familiares en Jalisco","author":"grieta","date":"13 septiembre, 2019","format":false,"excerpt":"Foto: El Comentario Juan Ram\u00f3n Jim\u00e9nez Fuentes \/ El Comentario La representante del\u00a0colectivo Desaparecidos de Colima, Carmen Sep\u00falveda, dio a conocer que\u00a0familiares\u00a0de personas desaparecidas\u00a0viajar\u00e1n\u00a0 al estado de Jalisco, luego de que se dio a conocer el\u00a0hallazgo de m\u00e1s de 115 bolsas\u00a0que conten\u00edan\u00a0restos humanos\u00a0en el municipio de\u00a0Zapopan. De acuerdo a lo\u2026","rel":"","context":"En &quot;CINTILLO&quot;","block_context":{"text":"CINTILLO","link":"http:\/\/www.grieta.org.mx\/index.php\/category\/cintillo\/"},"img":{"alt_text":"","src":"https:\/\/i0.wp.com\/www.grieta.org.mx\/wp-content\/uploads\/2019\/09\/11ad6d8c109d4d0d3718085ea877bbc8-6.jpg?resize=350%2C200","width":350,"height":200,"srcset":"https:\/\/i0.wp.com\/www.grieta.org.mx\/wp-content\/uploads\/2019\/09\/11ad6d8c109d4d0d3718085ea877bbc8-6.jpg?resize=350%2C200 1x, https:\/\/i0.wp.com\/www.grieta.org.mx\/wp-content\/uploads\/2019\/09\/11ad6d8c109d4d0d3718085ea877bbc8-6.jpg?resize=525%2C300 1.5x, https:\/\/i0.wp.com\/www.grieta.org.mx\/wp-content\/uploads\/2019\/09\/11ad6d8c109d4d0d3718085ea877bbc8-6.jpg?resize=700%2C400 2x"},"classes":[]},{"id":60241,"url":"http:\/\/www.grieta.org.mx\/index.php\/2021\/07\/01\/en-jalisco-dicen-que-el-caso-es-de-colima-y-aqui-dicen-que-desaparecieron-alla-llevan-2-meses-desaparecidas\/","url_meta":{"origin":55371,"position":5},"title":"En Jalisco dicen que el caso es de Colima y aqu\u00ed dicen que desaparecieron all\u00e1; llevan 2 meses desaparecidas","author":"grieta","date":"1 julio, 2021","format":false,"excerpt":"Foto: Diario Avanzada Heidi de Le\u00f3n Guti\u00e9rrez \/ Diario Avanzada Colima, M\u00e9xico, Avanzada (01\/07\/2021).- La desaparici\u00f3n de un ser querido condena a la familia a un sufrimiento permanente, a una tristeza que no desaparece aunque sucedan cosas buenas y por lo menos en Colima, tambi\u00e9n implica librar una batalla para\u2026","rel":"","context":"En &quot;CINTILLO&quot;","block_context":{"text":"CINTILLO","link":"http:\/\/www.grieta.org.mx\/index.php\/category\/cintillo\/"},"img":{"alt_text":"","src":"https:\/\/i0.wp.com\/www.grieta.org.mx\/wp-content\/uploads\/2021\/07\/image-71.png?resize=350%2C200","width":350,"height":200,"srcset":"https:\/\/i0.wp.com\/www.grieta.org.mx\/wp-content\/uploads\/2021\/07\/image-71.png?resize=350%2C200 1x, https:\/\/i0.wp.com\/www.grieta.org.mx\/wp-content\/uploads\/2021\/07\/image-71.png?resize=525%2C300 1.5x"},"classes":[]}],"_links":{"self":[{"href":"http:\/\/www.grieta.org.mx\/index.php\/wp-json\/wp\/v2\/posts\/55371","targetHints":{"allow":["GET"]}}],"collection":[{"href":"http:\/\/www.grieta.org.mx\/index.php\/wp-json\/wp\/v2\/posts"}],"about":[{"href":"http:\/\/www.grieta.org.mx\/index.php\/wp-json\/wp\/v2\/types\/post"}],"author":[{"embeddable":true,"href":"http:\/\/www.grieta.org.mx\/index.php\/wp-json\/wp\/v2\/users\/2"}],"replies":[{"embeddable":true,"href":"http:\/\/www.grieta.org.mx\/index.php\/wp-json\/wp\/v2\/comments?post=55371"}],"version-history":[{"count":1,"href":"http:\/\/www.grieta.org.mx\/index.php\/wp-json\/wp\/v2\/posts\/55371\/revisions"}],"predecessor-version":[{"id":55373,"href":"http:\/\/www.grieta.org.mx\/index.php\/wp-json\/wp\/v2\/posts\/55371\/revisions\/55373"}],"wp:featuredmedia":[{"embeddable":true,"href":"http:\/\/www.grieta.org.mx\/index.php\/wp-json\/wp\/v2\/media\/55372"}],"wp:attachment":[{"href":"http:\/\/www.grieta.org.mx\/index.php\/wp-json\/wp\/v2\/media?parent=55371"}],"wp:term":[{"taxonomy":"category","embeddable":true,"href":"http:\/\/www.grieta.org.mx\/index.php\/wp-json\/wp\/v2\/categories?post=55371"},{"taxonomy":"post_tag","embeddable":true,"href":"http:\/\/www.grieta.org.mx\/index.php\/wp-json\/wp\/v2\/tags?post=55371"}],"curies":[{"name":"wp","href":"https:\/\/api.w.org\/{rel}","templated":true}]}}