{"id":55284,"date":"2020-11-16T20:22:59","date_gmt":"2020-11-17T02:22:59","guid":{"rendered":"http:\/\/www.grieta.org.mx\/?p=55284"},"modified":"2020-11-17T23:28:15","modified_gmt":"2020-11-18T05:28:15","slug":"denuncia-consorcio-para-el-dialogo-253-mujeres-desaparecidas-en-oaxaca-durante-la-pandemia","status":"publish","type":"post","link":"http:\/\/www.grieta.org.mx\/index.php\/2020\/11\/16\/denuncia-consorcio-para-el-dialogo-253-mujeres-desaparecidas-en-oaxaca-durante-la-pandemia\/","title":{"rendered":"Denuncia Consorcio para el Di\u00e1logo 253 mujeres desaparecidas en Oaxaca durante la pandemia"},"content":{"rendered":"<p>P\u00e1gina 3 \/ Pedro Mat\u00edas.<\/p>\n<p><img loading=\"lazy\" decoding=\"async\" data-attachment-id=\"55285\" data-permalink=\"http:\/\/www.grieta.org.mx\/index.php\/2020\/11\/16\/denuncia-consorcio-para-el-dialogo-253-mujeres-desaparecidas-en-oaxaca-durante-la-pandemia\/1-111\/\" data-orig-file=\"http:\/\/www.grieta.org.mx\/wp-content\/uploads\/2020\/11\/1-3.jpg\" data-orig-size=\"847,480\" data-comments-opened=\"0\" data-image-meta=\"{&quot;aperture&quot;:&quot;0&quot;,&quot;credit&quot;:&quot;&quot;,&quot;camera&quot;:&quot;&quot;,&quot;caption&quot;:&quot;&quot;,&quot;created_timestamp&quot;:&quot;0&quot;,&quot;copyright&quot;:&quot;&quot;,&quot;focal_length&quot;:&quot;0&quot;,&quot;iso&quot;:&quot;0&quot;,&quot;shutter_speed&quot;:&quot;0&quot;,&quot;title&quot;:&quot;&quot;,&quot;orientation&quot;:&quot;0&quot;}\" data-image-title=\"1\" data-image-description=\"\" data-image-caption=\"\" data-medium-file=\"http:\/\/www.grieta.org.mx\/wp-content\/uploads\/2020\/11\/1-3-300x170.jpg\" data-large-file=\"http:\/\/www.grieta.org.mx\/wp-content\/uploads\/2020\/11\/1-3.jpg\" class=\"alignnone wp-image-55285\" src=\"http:\/\/www.grieta.org.mx\/wp-content\/uploads\/2020\/11\/1-3.jpg\" alt=\"\" width=\"800\" height=\"453\" srcset=\"http:\/\/www.grieta.org.mx\/wp-content\/uploads\/2020\/11\/1-3.jpg 847w, http:\/\/www.grieta.org.mx\/wp-content\/uploads\/2020\/11\/1-3-300x170.jpg 300w, http:\/\/www.grieta.org.mx\/wp-content\/uploads\/2020\/11\/1-3-768x435.jpg 768w\" sizes=\"auto, (max-width: 800px) 100vw, 800px\" \/><\/p>\n<p><strong>*Suman 984 caso solo en el gobierno de Alejandro Murat<\/strong><\/p>\n<p>OAXACA, Oax.- Consorcio para el Di\u00e1logo Parlamentario y la Equidad Oaxaca denunci\u00f3 que al menos 253 mujeres han sido reportadas como desaparecidas solo en el periodo de pandemia lo que resulta alarmante porque en muchos de los casos, termina en feminicidio, como el reciente caso de Alma Itzel R., joven de 21 a\u00f1os, en Santa Cruz Itundujia.<\/p>\n<p>Lo que es peor es que la ruta de la impunidad es una constante, por lo que exige a las autoridades las investigaciones sin dilaci\u00f3n y digna atenci\u00f3n a los familiares de las v\u00edctimas.<\/p>\n<p>Mencion\u00f3 que de acuerdo con datos de la Plataforma de Violencia Feminicida en Oaxaca, en 164 municipios (de los 570 que conforman el estado), han ocurrido los 984 casos de mujeres desaparecidas durante el gobierno de Alejandro Murat Hinojosa, es decir del 01 de diciembre de 2016 al 12 de noviembre de 2020.<\/p>\n<p>Los datos tambi\u00e9n revelan que el 84% de las desapariciones registradas en lo que va de 2020 han ocurrido dentro del periodo de pandemia (253 casos), es decir del 21 de marzo de 2020 a la fecha. Lo anterior resulta alarmante si se compara que el a\u00f1o pasado, dentro del mismo periodo, del 21 de marzo al 12 de noviembre de 2019, se registraron 181 casos.<\/p>\n<p>Detall\u00f3 que durante la presente administraci\u00f3n, el 34% (330) de los casos de mujeres desaparecidas en el estado han ocurrido en cuatro municipios catalogados con un bajo o muy bajo grado de marginaci\u00f3n y se encuentran ubicados en regiones donde las cifras de violencia feminicida son extremas:<\/p>\n<p>Oaxaca de Ju\u00e1rez, en Valles Centrales, registra 191 casos; San Juan Bautista Tuxtepec, en la Cuenca del Papaloapam, con 62 casos; Salina Cruz, en el Istmo de Tehuantepec, con 39 casos y Huajuapan de Le\u00f3n, en la regi\u00f3n Mixteca, con 38 casos.<\/p>\n<p>Destac\u00f3 que el 12% (119) de los casos de mujeres desaparecidas en la entidad se registran en 7 municipios con un nivel de marginaci\u00f3n medio:<\/p>\n<p>San Juan Bautista Cuicatl\u00e1n, Ca\u00f1ada, 6 casos; San Pedro Mixtepec, Costa, 19 casos; Miahuatl\u00e1n de Porfirio D\u00edaz, Sierra Sur, 13 casos; Asunci\u00f3n Nochixtl\u00e1n, Mixteca, 10 casos; Santa Cruz Xoxocotl\u00e1n, Valles Centrales, 39 casos; Santo Domingo Tehuantepec, Istmo, 17 casos; Loma Bonita, Papaloapam, 15 casos.<\/p>\n<p>Y el 18% (178) de las desapariciones de mujeres en la entidad ocurrieron en 53 municipios con un alto grado de marginaci\u00f3n, y tan s\u00f3lo en 11 de estos se registran las cifras m\u00e1s altas: 6 casos en Huautla de Jim\u00e9nez, en la Ca\u00f1ada; 9 casos en Villa de Tututepec y 9 en San Pedro Pochutla, Costa; 6 casos en San Francisco Sola, Sierra Sur; 8 casos en Santiago Juxtlahuaca, Mixteca; 17 en San Antonio de la Cal y 8 en San Antonino Castillo Velasco, Valles Centrales; 2 casos en San Mateo del Mar y 2 en San Juan Guichicovi, Istmo; 5 casos en Abejones, Sierra Norte y 5 en San Lucas Ojitl\u00e1n, en la Cuenca del Papaloapam.<\/p>\n<p>Lo anterior representa el 43% del total de mujeres desaparecidas en localidades marginales, rurales en su mayor\u00eda, donde el acceso a una vida de calidad no es parte de las pol\u00edticas gubernamentales que deber\u00edan eliminar toda forma de violencia contra mujeres y ni\u00f1as en Oaxaca.<\/p>\n<p>De ah\u00ed que distintas organizaciones civiles han exigido que se complete el proceso de integraci\u00f3n de la Comisi\u00f3n de B\u00fasqueda de Personas Desaparecidas en Oaxaca, pues a la fecha sigue estancado en el Congreso del Estado, sin que se conozca la lista de candidaturas y del avance en el nombramiento de la persona titular de dicha instancia (El universal, 2020).<\/p>\n<p><a href=\"https:\/\/pagina3.mx\/2020\/11\/alarma-mujeres-desaparecidas-durante-pandemia\/\" target=\"_blank\" rel=\"noopener noreferrer\">https:\/\/pagina3.mx\/2020\/11\/alarma-mujeres-desaparecidas-durante-pandemia\/<\/a><\/p>\n","protected":false},"excerpt":{"rendered":"<p>P\u00e1gina 3 \/ Pedro Mat\u00edas. *Suman 984 caso solo en el gobierno de Alejandro Murat OAXACA, Oax.- Consorcio para el Di\u00e1logo Parlamentario y la Equidad Oaxaca denunci\u00f3 que al menos &hellip; <a href=\"http:\/\/www.grieta.org.mx\/index.php\/2020\/11\/16\/denuncia-consorcio-para-el-dialogo-253-mujeres-desaparecidas-en-oaxaca-durante-la-pandemia\/\" class=\"more-link\">Leer m\u00e1s<\/a><\/p>\n","protected":false},"author":2,"featured_media":55285,"comment_status":"closed","ping_status":"closed","sticky":false,"template":"","format":"standard","meta":{"ngg_post_thumbnail":0,"_jetpack_newsletter_access":"","_jetpack_dont_email_post_to_subs":false,"_jetpack_newsletter_tier_id":0,"_jetpack_memberships_contains_paywalled_content":false,"_jetpack_memberships_contains_paid_content":false,"footnotes":""},"categories":[80,2832,1325,2,25,1665],"tags":[],"class_list":["post-55284","post","type-post","status-publish","format-standard","has-post-thumbnail","hentry","category-cintillo","category-desaparecidos-en-oaxaca","category-feminicidios-en-oaxaca-oaxaca","category-noticias-nacionales","category-oaxaca","category-violencia-contra-las-mujeres-en-oaxaca","entry"],"jetpack_featured_media_url":"http:\/\/www.grieta.org.mx\/wp-content\/uploads\/2020\/11\/1-3.jpg","jetpack_sharing_enabled":true,"jetpack_shortlink":"https:\/\/wp.me\/p7ZJR4-enG","jetpack_likes_enabled":false,"jetpack-related-posts":[{"id":51944,"url":"http:\/\/www.grieta.org.mx\/index.php\/2020\/07\/17\/consorcio-oaxaca-documenta-23-feminicidios-en-el-primer-trimestre-de-confinamiento\/","url_meta":{"origin":55284,"position":0},"title":"Consorcio Oaxaca documenta 23 feminicidios en el primer trimestre de confinamiento","author":"grieta","date":"17 julio, 2020","format":false,"excerpt":"Proceso \/ Pedro Mat\u00edas. Grupos feministas colocaron cruces frente a la Fiscal\u00eda de Oaxaca. Foto: @consorciooaxaca OAXACA, Oax. (apro).- Consorcio para el Di\u00e1logo Parlamentario y la Equidad Oaxaca inform\u00f3 que en el primer trimestre de confinamiento por la pandemia de covid-19 documentaron 23 feminicidios y 79 desapariciones de mujeres. De\u2026","rel":"","context":"En &quot;CINTILLO&quot;","block_context":{"text":"CINTILLO","link":"http:\/\/www.grieta.org.mx\/index.php\/category\/cintillo\/"},"img":{"alt_text":"","src":"https:\/\/i0.wp.com\/www.grieta.org.mx\/wp-content\/uploads\/2020\/07\/Fiscalia-Oaxaca-870x522.jpg?resize=350%2C200","width":350,"height":200,"srcset":"https:\/\/i0.wp.com\/www.grieta.org.mx\/wp-content\/uploads\/2020\/07\/Fiscalia-Oaxaca-870x522.jpg?resize=350%2C200 1x, https:\/\/i0.wp.com\/www.grieta.org.mx\/wp-content\/uploads\/2020\/07\/Fiscalia-Oaxaca-870x522.jpg?resize=525%2C300 1.5x, https:\/\/i0.wp.com\/www.grieta.org.mx\/wp-content\/uploads\/2020\/07\/Fiscalia-Oaxaca-870x522.jpg?resize=700%2C400 2x"},"classes":[]},{"id":56914,"url":"http:\/\/www.grieta.org.mx\/index.php\/2021\/02\/09\/ni-la-pandemia-frena-violencia-feminicida-en-oaxaca-son-329-casos-en-el-gobierno-de-murat-consorcio\/","url_meta":{"origin":55284,"position":1},"title":"Ni la pandemia frena violencia feminicida en Oaxaca; son 329 casos en el gobierno de Murat: Consorcio","author":"grieta","date":"9 febrero, 2021","format":false,"excerpt":"P\u00e1gina 3 \/ Pedro Mat\u00edas. OAXACA, Oax.- La violencia sexual y feminicida contra las mujeres, particularmente contra estudiantes durante la pandemia no se detiene, por el contrario, sigue sucediendo tanto en espacios p\u00fablicos como cibern\u00e9ticos, denunci\u00f3 Consorcio para el Di\u00e1logo Parlamentario y Equidad. Para resaltar su dicho mencionaron los recientes\u2026","rel":"","context":"En &quot;CINTILLO&quot;","block_context":{"text":"CINTILLO","link":"http:\/\/www.grieta.org.mx\/index.php\/category\/cintillo\/"},"img":{"alt_text":"","src":"https:\/\/i0.wp.com\/www.grieta.org.mx\/wp-content\/uploads\/2021\/02\/1.jpeg?resize=350%2C200","width":350,"height":200,"srcset":"https:\/\/i0.wp.com\/www.grieta.org.mx\/wp-content\/uploads\/2021\/02\/1.jpeg?resize=350%2C200 1x, https:\/\/i0.wp.com\/www.grieta.org.mx\/wp-content\/uploads\/2021\/02\/1.jpeg?resize=525%2C300 1.5x, https:\/\/i0.wp.com\/www.grieta.org.mx\/wp-content\/uploads\/2021\/02\/1.jpeg?resize=700%2C400 2x"},"classes":[]},{"id":56695,"url":"http:\/\/www.grieta.org.mx\/index.php\/2021\/01\/28\/oaxaca-en-semaforo-rojo-por-feminicidios-y-murar-prioriza-coyuntura-electoral-consorcio\/","url_meta":{"origin":55284,"position":2},"title":"Oaxaca en sem\u00e1foro rojo por feminicidios y Murar prioriza coyuntura electoral: Consorcio","author":"grieta","date":"28 enero, 2021","format":false,"excerpt":"P\u00e1gina 3 \/ Pedro Mat\u00edas. OAXACA, Oax. (pagina3.mx).- Mientras que el gobierno de Alejandro Murat Hinojosa prioriza la coyuntura electoral que se aproxima, en Oaxaca sigue en aumento \u201cla matanza impune de mujeres y ni\u00f1as\u201d, afirm\u00f3 Consorcio para el Di\u00e1logo Parlamentario y la Equidad en un pronunciamiento intitulado \u201c\u00a1Alerta, sem\u00e1foro\u2026","rel":"","context":"En &quot;CINTILLO&quot;","block_context":{"text":"CINTILLO","link":"http:\/\/www.grieta.org.mx\/index.php\/category\/cintillo\/"},"img":{"alt_text":"","src":"https:\/\/i0.wp.com\/www.grieta.org.mx\/wp-content\/uploads\/2021\/02\/1.jpg?resize=350%2C200","width":350,"height":200,"srcset":"https:\/\/i0.wp.com\/www.grieta.org.mx\/wp-content\/uploads\/2021\/02\/1.jpg?resize=350%2C200 1x, https:\/\/i0.wp.com\/www.grieta.org.mx\/wp-content\/uploads\/2021\/02\/1.jpg?resize=525%2C300 1.5x, https:\/\/i0.wp.com\/www.grieta.org.mx\/wp-content\/uploads\/2021\/02\/1.jpg?resize=700%2C400 2x"},"classes":[]},{"id":51020,"url":"http:\/\/www.grieta.org.mx\/index.php\/2020\/06\/18\/exigen-intervencion-de-segob-y-fgr-para-proteger-e-investigar-amenazas-a-feministas-de-consorcio-oaxaca\/","url_meta":{"origin":55284,"position":3},"title":"Exigen intervenci\u00f3n de Segob y FGR para proteger e investigar amenazas a feministas de Consorcio (Oaxaca)","author":"grieta","date":"18 junio, 2020","format":false,"excerpt":"P\u00e1gina 3 \/ Pedro Mat\u00edas. OAXACA, Oax.- La defensa de los derechos de las mujeres en Oaxaca se ha convertido en motivo de persecuci\u00f3n y amenazas, por eso exigen investigar amenazas a feministas. Como es el caso de Consorcio Oaxaca que por denunciar 427 feminicidios y 800 desapariciones en los\u2026","rel":"","context":"En &quot;CINTILLO&quot;","block_context":{"text":"CINTILLO","link":"http:\/\/www.grieta.org.mx\/index.php\/category\/cintillo\/"},"img":{"alt_text":"","src":"https:\/\/i0.wp.com\/www.grieta.org.mx\/wp-content\/uploads\/2020\/06\/A.png?resize=350%2C200","width":350,"height":200,"srcset":"https:\/\/i0.wp.com\/www.grieta.org.mx\/wp-content\/uploads\/2020\/06\/A.png?resize=350%2C200 1x, https:\/\/i0.wp.com\/www.grieta.org.mx\/wp-content\/uploads\/2020\/06\/A.png?resize=525%2C300 1.5x, https:\/\/i0.wp.com\/www.grieta.org.mx\/wp-content\/uploads\/2020\/06\/A.png?resize=700%2C400 2x"},"classes":[]},{"id":72080,"url":"http:\/\/www.grieta.org.mx\/index.php\/2025\/07\/18\/alertan-por-la-desaparicion-de-mas-de-900-jovenes-mujeres-en-oaxaca-exigen-una-urgente-atencion\/","url_meta":{"origin":55284,"position":4},"title":"Alertan por la desaparici\u00f3n de m\u00e1s de 900 j\u00f3venes mujeres en Oaxaca; exigen una urgente atenci\u00f3n","author":"grieta","date":"18 julio, 2025","format":false,"excerpt":"Imagen: Cortes\u00eda Diana Manzo \/ Istmo Press Oaxaca, Oax.-La crisis de desapariciones lleg\u00f3 a Oaxaca, alertaron decenas de colectivas y asociaciones civiles al informar que por lo menos 900 mujeres entre 12 y 29 a\u00f1os han desaparecido en lo que va del gobierno morenista de Salom\u00f3n Jara Cruz. En un\u2026","rel":"","context":"En &quot;CINTILLO&quot;","block_context":{"text":"CINTILLO","link":"http:\/\/www.grieta.org.mx\/index.php\/category\/cintillo\/"},"img":{"alt_text":"","src":"https:\/\/i0.wp.com\/www.grieta.org.mx\/wp-content\/uploads\/2025\/07\/IMG_9571.jpeg?resize=350%2C200","width":350,"height":200,"srcset":"https:\/\/i0.wp.com\/www.grieta.org.mx\/wp-content\/uploads\/2025\/07\/IMG_9571.jpeg?resize=350%2C200 1x, https:\/\/i0.wp.com\/www.grieta.org.mx\/wp-content\/uploads\/2025\/07\/IMG_9571.jpeg?resize=525%2C300 1.5x, https:\/\/i0.wp.com\/www.grieta.org.mx\/wp-content\/uploads\/2025\/07\/IMG_9571.jpeg?resize=700%2C400 2x, https:\/\/i0.wp.com\/www.grieta.org.mx\/wp-content\/uploads\/2025\/07\/IMG_9571.jpeg?resize=1050%2C600 3x"},"classes":[]},{"id":52887,"url":"http:\/\/www.grieta.org.mx\/index.php\/2020\/08\/28\/mujeres-desaparecidas-y-feminicidios-a-dos-anos-de-la-alerta-de-violencia-de-genero-en-oaxaca\/","url_meta":{"origin":55284,"position":5},"title":"Mujeres desaparecidas y feminicidios a dos a\u00f1os de la Alerta de Violencia de G\u00e9nero en Oaxaca","author":"grieta","date":"28 agosto, 2020","format":false,"excerpt":"P\u00e1gina 3 \/ Comunicados * La desaparici\u00f3n de mujeres se ha incrementado 74.5% (349 casos) respecto a los 200 casos registrados antes de la activaci\u00f3n del decreto. * Los feminicidios incrementaron 12% (142 casos) en comparaci\u00f3n con los 127 registrados durante los dos primeros a\u00f1os del gobierno estatal actual. En\u2026","rel":"","context":"En &quot;CINTILLO&quot;","block_context":{"text":"CINTILLO","link":"http:\/\/www.grieta.org.mx\/index.php\/category\/cintillo\/"},"img":{"alt_text":"","src":"https:\/\/i0.wp.com\/www.grieta.org.mx\/wp-content\/uploads\/2020\/08\/7.jpg?resize=350%2C200","width":350,"height":200,"srcset":"https:\/\/i0.wp.com\/www.grieta.org.mx\/wp-content\/uploads\/2020\/08\/7.jpg?resize=350%2C200 1x, https:\/\/i0.wp.com\/www.grieta.org.mx\/wp-content\/uploads\/2020\/08\/7.jpg?resize=525%2C300 1.5x, https:\/\/i0.wp.com\/www.grieta.org.mx\/wp-content\/uploads\/2020\/08\/7.jpg?resize=700%2C400 2x"},"classes":[]}],"_links":{"self":[{"href":"http:\/\/www.grieta.org.mx\/index.php\/wp-json\/wp\/v2\/posts\/55284","targetHints":{"allow":["GET"]}}],"collection":[{"href":"http:\/\/www.grieta.org.mx\/index.php\/wp-json\/wp\/v2\/posts"}],"about":[{"href":"http:\/\/www.grieta.org.mx\/index.php\/wp-json\/wp\/v2\/types\/post"}],"author":[{"embeddable":true,"href":"http:\/\/www.grieta.org.mx\/index.php\/wp-json\/wp\/v2\/users\/2"}],"replies":[{"embeddable":true,"href":"http:\/\/www.grieta.org.mx\/index.php\/wp-json\/wp\/v2\/comments?post=55284"}],"version-history":[{"count":1,"href":"http:\/\/www.grieta.org.mx\/index.php\/wp-json\/wp\/v2\/posts\/55284\/revisions"}],"predecessor-version":[{"id":55286,"href":"http:\/\/www.grieta.org.mx\/index.php\/wp-json\/wp\/v2\/posts\/55284\/revisions\/55286"}],"wp:featuredmedia":[{"embeddable":true,"href":"http:\/\/www.grieta.org.mx\/index.php\/wp-json\/wp\/v2\/media\/55285"}],"wp:attachment":[{"href":"http:\/\/www.grieta.org.mx\/index.php\/wp-json\/wp\/v2\/media?parent=55284"}],"wp:term":[{"taxonomy":"category","embeddable":true,"href":"http:\/\/www.grieta.org.mx\/index.php\/wp-json\/wp\/v2\/categories?post=55284"},{"taxonomy":"post_tag","embeddable":true,"href":"http:\/\/www.grieta.org.mx\/index.php\/wp-json\/wp\/v2\/tags?post=55284"}],"curies":[{"name":"wp","href":"https:\/\/api.w.org\/{rel}","templated":true}]}}