{"id":55040,"date":"2020-11-13T23:39:45","date_gmt":"2020-11-14T05:39:45","guid":{"rendered":"http:\/\/www.grieta.org.mx\/?p=55040"},"modified":"2020-11-13T23:39:45","modified_gmt":"2020-11-14T05:39:45","slug":"accion-en-puebla-en-repudio-a-los-ataques-paramilitares-en-contra-de-comunidades-zapatistas","status":"publish","type":"post","link":"http:\/\/www.grieta.org.mx\/index.php\/2020\/11\/13\/accion-en-puebla-en-repudio-a-los-ataques-paramilitares-en-contra-de-comunidades-zapatistas\/","title":{"rendered":"Acci\u00f3n en Puebla en repudio a los ataques paramilitares en contra de comunidades zapatistas"},"content":{"rendered":"<figure id=\"attachment_55041\" aria-describedby=\"caption-attachment-55041\" style=\"width: 720px\" class=\"wp-caption alignnone\"><img loading=\"lazy\" decoding=\"async\" data-attachment-id=\"55041\" data-permalink=\"http:\/\/www.grieta.org.mx\/index.php\/2020\/11\/13\/accion-en-puebla-en-repudio-a-los-ataques-paramilitares-en-contra-de-comunidades-zapatistas\/124721173_3436495136574686_2901015511806522094_n\/\" data-orig-file=\"http:\/\/www.grieta.org.mx\/wp-content\/uploads\/2020\/11\/124721173_3436495136574686_2901015511806522094_n.jpg\" data-orig-size=\"720,960\" data-comments-opened=\"0\" data-image-meta=\"{&quot;aperture&quot;:&quot;0&quot;,&quot;credit&quot;:&quot;&quot;,&quot;camera&quot;:&quot;&quot;,&quot;caption&quot;:&quot;&quot;,&quot;created_timestamp&quot;:&quot;0&quot;,&quot;copyright&quot;:&quot;&quot;,&quot;focal_length&quot;:&quot;0&quot;,&quot;iso&quot;:&quot;0&quot;,&quot;shutter_speed&quot;:&quot;0&quot;,&quot;title&quot;:&quot;&quot;,&quot;orientation&quot;:&quot;0&quot;}\" data-image-title=\"124721173_3436495136574686_2901015511806522094_n\" data-image-description=\"\" data-image-caption=\"\" data-medium-file=\"http:\/\/www.grieta.org.mx\/wp-content\/uploads\/2020\/11\/124721173_3436495136574686_2901015511806522094_n-225x300.jpg\" data-large-file=\"http:\/\/www.grieta.org.mx\/wp-content\/uploads\/2020\/11\/124721173_3436495136574686_2901015511806522094_n.jpg\" class=\"wp-image-55041 size-full\" src=\"http:\/\/www.grieta.org.mx\/wp-content\/uploads\/2020\/11\/124721173_3436495136574686_2901015511806522094_n.jpg\" alt=\"\" width=\"720\" height=\"960\" srcset=\"http:\/\/www.grieta.org.mx\/wp-content\/uploads\/2020\/11\/124721173_3436495136574686_2901015511806522094_n.jpg 720w, http:\/\/www.grieta.org.mx\/wp-content\/uploads\/2020\/11\/124721173_3436495136574686_2901015511806522094_n-225x300.jpg 225w, http:\/\/www.grieta.org.mx\/wp-content\/uploads\/2020\/11\/124721173_3436495136574686_2901015511806522094_n-375x500.jpg 375w\" sizes=\"auto, (max-width: 720px) 100vw, 720px\" \/><figcaption id=\"caption-attachment-55041\" class=\"wp-caption-text\">Cartel tomado de https:\/\/www.facebook.com\/muchos.mundos.5<\/figcaption><\/figure>\n<p>Colectivo Grieta<\/p>\n<p>En la Ciudad de Puebla, el 11 de noviembre del 2020, el colectivo Muchos Mundos convoc\u00f3 a una actividad virtual en rechazo de las agresiones paramilitares perpetradas por la ORCAO en contra de la comunidad zapatista de Mois\u00e9s y Gandhi, y en contra del secuestro y tortura del compa\u00f1ero base de apoyo F\u00e9lix L\u00f3pez Hern\u00e1ndez. La acci\u00f3n consisti\u00f3 en elaborar un cartel, un dibujo, una imagen o un bordado, con un mensaje de apoyo y denunciando las constantes agresiones paramilitares y la complicidad y ayuda de los gobiernos municipal, estatal y federal.<\/p>\n<p>El colectivo public\u00f3 fotograf\u00edas de mensajes solidarios desde varias geograf\u00edas: Cholula y Ciudad de Puebla, Ixtenco y Huamantla, Tlaxcala, Cuernavaca, Morelos, Veracruz, Quer\u00e9taro, y de Viena, Austria. Con las consignas: \u00a1L\u2729s zapatistas no est\u00e1n sol\u2729s!, \u00a1Fuera paramilitares de Chiapas!, \u00a1Alto a la guerra contra las comunidades zapatistas!<\/p>\n<p>Estas im\u00e1genes fueron compartidas en Facebook con el objetivo de mostrar solidaridad con las comunidades zapatistas, al mismo tiempo que se difunde el enojo y rabia que causaron las agresiones, <a href=\"http:\/\/enlacezapatista.ezln.org.mx\/2020\/11\/10\/los-zapatistas-denuncian-el-secuestro-de-un-base-de-apoyo-por-paramilitares-de-la-orcao\/\" target=\"_blank\" rel=\"noopener noreferrer\">denunciadas el d\u00eda 10 de noviembre por la Junta de Buen Gobierno<\/a> \u201cNuevo Amanecer en Resistencia y Rebeld\u00eda por la Vida y la Humanidad\u201d, Caracol Patria Nueva, Chiapas Zapatista.<\/p>\n<p>Se anexan algunas de estas im\u00e1genes publicadas en facebook: <a href=\"https:\/\/www.facebook.com\/muchos.mundos.5\" target=\"_blank\" rel=\"noopener noreferrer\">https:\/\/www.facebook.com\/muchos.mundos.5<\/a><\/p>\n<figure id=\"attachment_55044\" aria-describedby=\"caption-attachment-55044\" style=\"width: 720px\" class=\"wp-caption alignnone\"><img loading=\"lazy\" decoding=\"async\" data-attachment-id=\"55044\" data-permalink=\"http:\/\/www.grieta.org.mx\/index.php\/2020\/11\/13\/accion-en-puebla-en-repudio-a-los-ataques-paramilitares-en-contra-de-comunidades-zapatistas\/124971916_3437662473124619_3355336880630462386_n\/\" data-orig-file=\"http:\/\/www.grieta.org.mx\/wp-content\/uploads\/2020\/11\/124971916_3437662473124619_3355336880630462386_n.jpg\" data-orig-size=\"720,693\" data-comments-opened=\"0\" data-image-meta=\"{&quot;aperture&quot;:&quot;0&quot;,&quot;credit&quot;:&quot;&quot;,&quot;camera&quot;:&quot;&quot;,&quot;caption&quot;:&quot;&quot;,&quot;created_timestamp&quot;:&quot;0&quot;,&quot;copyright&quot;:&quot;&quot;,&quot;focal_length&quot;:&quot;0&quot;,&quot;iso&quot;:&quot;0&quot;,&quot;shutter_speed&quot;:&quot;0&quot;,&quot;title&quot;:&quot;&quot;,&quot;orientation&quot;:&quot;0&quot;}\" data-image-title=\"124971916_3437662473124619_3355336880630462386_n\" data-image-description=\"\" data-image-caption=\"\" data-medium-file=\"http:\/\/www.grieta.org.mx\/wp-content\/uploads\/2020\/11\/124971916_3437662473124619_3355336880630462386_n-300x289.jpg\" data-large-file=\"http:\/\/www.grieta.org.mx\/wp-content\/uploads\/2020\/11\/124971916_3437662473124619_3355336880630462386_n.jpg\" class=\"wp-image-55044 size-full\" src=\"http:\/\/www.grieta.org.mx\/wp-content\/uploads\/2020\/11\/124971916_3437662473124619_3355336880630462386_n.jpg\" alt=\"\" width=\"720\" height=\"693\" srcset=\"http:\/\/www.grieta.org.mx\/wp-content\/uploads\/2020\/11\/124971916_3437662473124619_3355336880630462386_n.jpg 720w, http:\/\/www.grieta.org.mx\/wp-content\/uploads\/2020\/11\/124971916_3437662473124619_3355336880630462386_n-300x289.jpg 300w, http:\/\/www.grieta.org.mx\/wp-content\/uploads\/2020\/11\/124971916_3437662473124619_3355336880630462386_n-519x500.jpg 519w\" sizes=\"auto, (max-width: 720px) 100vw, 720px\" \/><figcaption id=\"caption-attachment-55044\" class=\"wp-caption-text\">Imagen enviada desde Tlaxcala a https:\/\/www.facebook.com\/muchos.mundos.5<\/figcaption><\/figure>\n<figure id=\"attachment_55045\" aria-describedby=\"caption-attachment-55045\" style=\"width: 720px\" class=\"wp-caption alignnone\"><img loading=\"lazy\" decoding=\"async\" data-attachment-id=\"55045\" data-permalink=\"http:\/\/www.grieta.org.mx\/index.php\/2020\/11\/13\/accion-en-puebla-en-repudio-a-los-ataques-paramilitares-en-contra-de-comunidades-zapatistas\/125106726_3437447453146121_5010101420902349490_o\/\" data-orig-file=\"http:\/\/www.grieta.org.mx\/wp-content\/uploads\/2020\/11\/125106726_3437447453146121_5010101420902349490_o.png\" data-orig-size=\"1080,783\" data-comments-opened=\"0\" data-image-meta=\"{&quot;aperture&quot;:&quot;0&quot;,&quot;credit&quot;:&quot;&quot;,&quot;camera&quot;:&quot;&quot;,&quot;caption&quot;:&quot;&quot;,&quot;created_timestamp&quot;:&quot;0&quot;,&quot;copyright&quot;:&quot;&quot;,&quot;focal_length&quot;:&quot;0&quot;,&quot;iso&quot;:&quot;0&quot;,&quot;shutter_speed&quot;:&quot;0&quot;,&quot;title&quot;:&quot;&quot;,&quot;orientation&quot;:&quot;0&quot;}\" data-image-title=\"125106726_3437447453146121_5010101420902349490_o\" data-image-description=\"\" data-image-caption=\"\" data-medium-file=\"http:\/\/www.grieta.org.mx\/wp-content\/uploads\/2020\/11\/125106726_3437447453146121_5010101420902349490_o-300x218.png\" data-large-file=\"http:\/\/www.grieta.org.mx\/wp-content\/uploads\/2020\/11\/125106726_3437447453146121_5010101420902349490_o-1024x742.png\" class=\"wp-image-55045\" src=\"http:\/\/www.grieta.org.mx\/wp-content\/uploads\/2020\/11\/125106726_3437447453146121_5010101420902349490_o-300x218.png\" alt=\"\" width=\"720\" height=\"522\" srcset=\"http:\/\/www.grieta.org.mx\/wp-content\/uploads\/2020\/11\/125106726_3437447453146121_5010101420902349490_o-300x218.png 300w, http:\/\/www.grieta.org.mx\/wp-content\/uploads\/2020\/11\/125106726_3437447453146121_5010101420902349490_o-1024x742.png 1024w, http:\/\/www.grieta.org.mx\/wp-content\/uploads\/2020\/11\/125106726_3437447453146121_5010101420902349490_o-768x557.png 768w, http:\/\/www.grieta.org.mx\/wp-content\/uploads\/2020\/11\/125106726_3437447453146121_5010101420902349490_o-690x500.png 690w, http:\/\/www.grieta.org.mx\/wp-content\/uploads\/2020\/11\/125106726_3437447453146121_5010101420902349490_o.png 1080w\" sizes=\"auto, (max-width: 720px) 100vw, 720px\" \/><figcaption id=\"caption-attachment-55045\" class=\"wp-caption-text\">Desde #Veracruz manifestamos: #AltoALaGuerraContraLasComunidadesZapatistas #FueraParamilitaresdeChiapas \u00a1L\u2729s zapatistas no est\u00e1n sol\u2729s! https:\/\/www.facebook.com\/muchos.mundos.5<\/figcaption><\/figure>\n<figure id=\"attachment_55046\" aria-describedby=\"caption-attachment-55046\" style=\"width: 720px\" class=\"wp-caption alignnone\"><img loading=\"lazy\" decoding=\"async\" data-attachment-id=\"55046\" data-permalink=\"http:\/\/www.grieta.org.mx\/index.php\/2020\/11\/13\/accion-en-puebla-en-repudio-a-los-ataques-paramilitares-en-contra-de-comunidades-zapatistas\/124583783_3437483479809185_4831674087567528103_o\/\" data-orig-file=\"http:\/\/www.grieta.org.mx\/wp-content\/uploads\/2020\/11\/124583783_3437483479809185_4831674087567528103_o.jpg\" data-orig-size=\"843,1124\" data-comments-opened=\"0\" data-image-meta=\"{&quot;aperture&quot;:&quot;0&quot;,&quot;credit&quot;:&quot;&quot;,&quot;camera&quot;:&quot;&quot;,&quot;caption&quot;:&quot;&quot;,&quot;created_timestamp&quot;:&quot;0&quot;,&quot;copyright&quot;:&quot;&quot;,&quot;focal_length&quot;:&quot;0&quot;,&quot;iso&quot;:&quot;0&quot;,&quot;shutter_speed&quot;:&quot;0&quot;,&quot;title&quot;:&quot;&quot;,&quot;orientation&quot;:&quot;0&quot;}\" data-image-title=\"124583783_3437483479809185_4831674087567528103_o\" data-image-description=\"\" data-image-caption=\"\" data-medium-file=\"http:\/\/www.grieta.org.mx\/wp-content\/uploads\/2020\/11\/124583783_3437483479809185_4831674087567528103_o-225x300.jpg\" data-large-file=\"http:\/\/www.grieta.org.mx\/wp-content\/uploads\/2020\/11\/124583783_3437483479809185_4831674087567528103_o-768x1024.jpg\" class=\"wp-image-55046\" src=\"http:\/\/www.grieta.org.mx\/wp-content\/uploads\/2020\/11\/124583783_3437483479809185_4831674087567528103_o-225x300.jpg\" alt=\"\" width=\"720\" height=\"960\" srcset=\"http:\/\/www.grieta.org.mx\/wp-content\/uploads\/2020\/11\/124583783_3437483479809185_4831674087567528103_o-225x300.jpg 225w, http:\/\/www.grieta.org.mx\/wp-content\/uploads\/2020\/11\/124583783_3437483479809185_4831674087567528103_o-768x1024.jpg 768w, http:\/\/www.grieta.org.mx\/wp-content\/uploads\/2020\/11\/124583783_3437483479809185_4831674087567528103_o-375x500.jpg 375w, http:\/\/www.grieta.org.mx\/wp-content\/uploads\/2020\/11\/124583783_3437483479809185_4831674087567528103_o.jpg 843w\" sizes=\"auto, (max-width: 720px) 100vw, 720px\" \/><figcaption id=\"caption-attachment-55046\" class=\"wp-caption-text\">Desde la ciudad de #Puebla exigimos: #AltoALaGuerraContraLasComunidadesZapatistas #FueraParamilitaresdeChiapas \u00a1L\u2729s zapatistas no est\u00e1n sol\u2729s! https:\/\/www.facebook.com\/muchos.mundos.5<\/figcaption><\/figure>\n<figure id=\"attachment_55047\" aria-describedby=\"caption-attachment-55047\" style=\"width: 720px\" class=\"wp-caption alignnone\"><img loading=\"lazy\" decoding=\"async\" data-attachment-id=\"55047\" data-permalink=\"http:\/\/www.grieta.org.mx\/index.php\/2020\/11\/13\/accion-en-puebla-en-repudio-a-los-ataques-paramilitares-en-contra-de-comunidades-zapatistas\/125361157_3437672659790267_7323319045509522225_o\/\" data-orig-file=\"http:\/\/www.grieta.org.mx\/wp-content\/uploads\/2020\/11\/125361157_3437672659790267_7323319045509522225_o.jpg\" data-orig-size=\"1280,773\" data-comments-opened=\"0\" data-image-meta=\"{&quot;aperture&quot;:&quot;0&quot;,&quot;credit&quot;:&quot;&quot;,&quot;camera&quot;:&quot;&quot;,&quot;caption&quot;:&quot;&quot;,&quot;created_timestamp&quot;:&quot;0&quot;,&quot;copyright&quot;:&quot;&quot;,&quot;focal_length&quot;:&quot;0&quot;,&quot;iso&quot;:&quot;0&quot;,&quot;shutter_speed&quot;:&quot;0&quot;,&quot;title&quot;:&quot;&quot;,&quot;orientation&quot;:&quot;0&quot;}\" data-image-title=\"125361157_3437672659790267_7323319045509522225_o\" data-image-description=\"\" data-image-caption=\"\" data-medium-file=\"http:\/\/www.grieta.org.mx\/wp-content\/uploads\/2020\/11\/125361157_3437672659790267_7323319045509522225_o-300x181.jpg\" data-large-file=\"http:\/\/www.grieta.org.mx\/wp-content\/uploads\/2020\/11\/125361157_3437672659790267_7323319045509522225_o-1024x618.jpg\" class=\"wp-image-55047\" src=\"http:\/\/www.grieta.org.mx\/wp-content\/uploads\/2020\/11\/125361157_3437672659790267_7323319045509522225_o-300x181.jpg\" alt=\"\" width=\"720\" height=\"435\" srcset=\"http:\/\/www.grieta.org.mx\/wp-content\/uploads\/2020\/11\/125361157_3437672659790267_7323319045509522225_o-300x181.jpg 300w, http:\/\/www.grieta.org.mx\/wp-content\/uploads\/2020\/11\/125361157_3437672659790267_7323319045509522225_o-1024x618.jpg 1024w, http:\/\/www.grieta.org.mx\/wp-content\/uploads\/2020\/11\/125361157_3437672659790267_7323319045509522225_o-768x464.jpg 768w, http:\/\/www.grieta.org.mx\/wp-content\/uploads\/2020\/11\/125361157_3437672659790267_7323319045509522225_o-828x500.jpg 828w, http:\/\/www.grieta.org.mx\/wp-content\/uploads\/2020\/11\/125361157_3437672659790267_7323319045509522225_o.jpg 1280w\" sizes=\"auto, (max-width: 720px) 100vw, 720px\" \/><figcaption id=\"caption-attachment-55047\" class=\"wp-caption-text\">Desde Curnavaca, Morelos: #AltoALaGuerraContraLasComunidadesZapatistas #FueraParamilitaresdeChiapas \u00a1L\u2729s zapatistas no est\u00e1n sol\u2729s! https:\/\/www.facebook.com\/muchos.mundos.5<\/figcaption><\/figure>\n<figure id=\"attachment_55051\" aria-describedby=\"caption-attachment-55051\" style=\"width: 720px\" class=\"wp-caption alignnone\"><img loading=\"lazy\" decoding=\"async\" data-attachment-id=\"55051\" data-permalink=\"http:\/\/www.grieta.org.mx\/index.php\/2020\/11\/13\/accion-en-puebla-en-repudio-a-los-ataques-paramilitares-en-contra-de-comunidades-zapatistas\/125154960_3437537913137075_504550663654082598_n\/\" data-orig-file=\"http:\/\/www.grieta.org.mx\/wp-content\/uploads\/2020\/11\/125154960_3437537913137075_504550663654082598_n.jpg\" data-orig-size=\"960,767\" data-comments-opened=\"0\" data-image-meta=\"{&quot;aperture&quot;:&quot;0&quot;,&quot;credit&quot;:&quot;&quot;,&quot;camera&quot;:&quot;&quot;,&quot;caption&quot;:&quot;&quot;,&quot;created_timestamp&quot;:&quot;0&quot;,&quot;copyright&quot;:&quot;&quot;,&quot;focal_length&quot;:&quot;0&quot;,&quot;iso&quot;:&quot;0&quot;,&quot;shutter_speed&quot;:&quot;0&quot;,&quot;title&quot;:&quot;&quot;,&quot;orientation&quot;:&quot;0&quot;}\" data-image-title=\"125154960_3437537913137075_504550663654082598_n\" data-image-description=\"\" data-image-caption=\"\" data-medium-file=\"http:\/\/www.grieta.org.mx\/wp-content\/uploads\/2020\/11\/125154960_3437537913137075_504550663654082598_n-300x240.jpg\" data-large-file=\"http:\/\/www.grieta.org.mx\/wp-content\/uploads\/2020\/11\/125154960_3437537913137075_504550663654082598_n.jpg\" class=\"wp-image-55051\" src=\"http:\/\/www.grieta.org.mx\/wp-content\/uploads\/2020\/11\/125154960_3437537913137075_504550663654082598_n-300x240.jpg\" alt=\"\" width=\"720\" height=\"575\" srcset=\"http:\/\/www.grieta.org.mx\/wp-content\/uploads\/2020\/11\/125154960_3437537913137075_504550663654082598_n-300x240.jpg 300w, http:\/\/www.grieta.org.mx\/wp-content\/uploads\/2020\/11\/125154960_3437537913137075_504550663654082598_n-768x614.jpg 768w, http:\/\/www.grieta.org.mx\/wp-content\/uploads\/2020\/11\/125154960_3437537913137075_504550663654082598_n-626x500.jpg 626w, http:\/\/www.grieta.org.mx\/wp-content\/uploads\/2020\/11\/125154960_3437537913137075_504550663654082598_n.jpg 960w\" sizes=\"auto, (max-width: 720px) 100vw, 720px\" \/><figcaption id=\"caption-attachment-55051\" class=\"wp-caption-text\">Desde #Viena, #Austria exigimos: #AltoALaGuerraContraLasComunidadesZapatistas #FueraParamilitaresdeChiapas \u00a1L\u2729s zapatistas no est\u00e1n sol\u2729s! https:\/\/www.facebook.com\/muchos.mundos.5<\/figcaption><\/figure>\n<figure id=\"attachment_55052\" aria-describedby=\"caption-attachment-55052\" style=\"width: 720px\" class=\"wp-caption alignnone\"><img loading=\"lazy\" decoding=\"async\" data-attachment-id=\"55052\" data-permalink=\"http:\/\/www.grieta.org.mx\/index.php\/2020\/11\/13\/accion-en-puebla-en-repudio-a-los-ataques-paramilitares-en-contra-de-comunidades-zapatistas\/125091276_3437597146464485_6445861445268565825_n\/\" data-orig-file=\"http:\/\/www.grieta.org.mx\/wp-content\/uploads\/2020\/11\/125091276_3437597146464485_6445861445268565825_n.jpg\" data-orig-size=\"814,960\" data-comments-opened=\"0\" data-image-meta=\"{&quot;aperture&quot;:&quot;0&quot;,&quot;credit&quot;:&quot;&quot;,&quot;camera&quot;:&quot;&quot;,&quot;caption&quot;:&quot;&quot;,&quot;created_timestamp&quot;:&quot;0&quot;,&quot;copyright&quot;:&quot;&quot;,&quot;focal_length&quot;:&quot;0&quot;,&quot;iso&quot;:&quot;0&quot;,&quot;shutter_speed&quot;:&quot;0&quot;,&quot;title&quot;:&quot;&quot;,&quot;orientation&quot;:&quot;0&quot;}\" data-image-title=\"125091276_3437597146464485_6445861445268565825_n\" data-image-description=\"\" data-image-caption=\"\" data-medium-file=\"http:\/\/www.grieta.org.mx\/wp-content\/uploads\/2020\/11\/125091276_3437597146464485_6445861445268565825_n-254x300.jpg\" data-large-file=\"http:\/\/www.grieta.org.mx\/wp-content\/uploads\/2020\/11\/125091276_3437597146464485_6445861445268565825_n.jpg\" class=\"wp-image-55052\" src=\"http:\/\/www.grieta.org.mx\/wp-content\/uploads\/2020\/11\/125091276_3437597146464485_6445861445268565825_n-254x300.jpg\" alt=\"\" width=\"720\" height=\"849\" srcset=\"http:\/\/www.grieta.org.mx\/wp-content\/uploads\/2020\/11\/125091276_3437597146464485_6445861445268565825_n-254x300.jpg 254w, http:\/\/www.grieta.org.mx\/wp-content\/uploads\/2020\/11\/125091276_3437597146464485_6445861445268565825_n-768x906.jpg 768w, http:\/\/www.grieta.org.mx\/wp-content\/uploads\/2020\/11\/125091276_3437597146464485_6445861445268565825_n-424x500.jpg 424w, http:\/\/www.grieta.org.mx\/wp-content\/uploads\/2020\/11\/125091276_3437597146464485_6445861445268565825_n.jpg 814w\" sizes=\"auto, (max-width: 720px) 100vw, 720px\" \/><figcaption id=\"caption-attachment-55052\" class=\"wp-caption-text\">Desde la comunidad de #Ixtenco #Tlaxcala: #AltoALaGuerraContraLasComunidadesZapatistas #FueraParamilitaresdeChiapas \u00a1L\u2729s zapatistas no est\u00e1n sol\u2729s! https:\/\/www.facebook.com\/muchos.mundos.5<\/figcaption><\/figure>\n<figure id=\"attachment_55054\" aria-describedby=\"caption-attachment-55054\" style=\"width: 720px\" class=\"wp-caption alignnone\"><img loading=\"lazy\" decoding=\"async\" data-attachment-id=\"55054\" data-permalink=\"http:\/\/www.grieta.org.mx\/index.php\/2020\/11\/13\/accion-en-puebla-en-repudio-a-los-ataques-paramilitares-en-contra-de-comunidades-zapatistas\/125180754_3437387599818773_4706959582586187838_o\/\" data-orig-file=\"http:\/\/www.grieta.org.mx\/wp-content\/uploads\/2020\/11\/125180754_3437387599818773_4706959582586187838_o.jpg\" data-orig-size=\"843,843\" data-comments-opened=\"0\" data-image-meta=\"{&quot;aperture&quot;:&quot;0&quot;,&quot;credit&quot;:&quot;&quot;,&quot;camera&quot;:&quot;&quot;,&quot;caption&quot;:&quot;&quot;,&quot;created_timestamp&quot;:&quot;0&quot;,&quot;copyright&quot;:&quot;&quot;,&quot;focal_length&quot;:&quot;0&quot;,&quot;iso&quot;:&quot;0&quot;,&quot;shutter_speed&quot;:&quot;0&quot;,&quot;title&quot;:&quot;&quot;,&quot;orientation&quot;:&quot;0&quot;}\" data-image-title=\"125180754_3437387599818773_4706959582586187838_o\" data-image-description=\"\" data-image-caption=\"\" data-medium-file=\"http:\/\/www.grieta.org.mx\/wp-content\/uploads\/2020\/11\/125180754_3437387599818773_4706959582586187838_o-300x300.jpg\" data-large-file=\"http:\/\/www.grieta.org.mx\/wp-content\/uploads\/2020\/11\/125180754_3437387599818773_4706959582586187838_o.jpg\" class=\"wp-image-55054\" src=\"http:\/\/www.grieta.org.mx\/wp-content\/uploads\/2020\/11\/125180754_3437387599818773_4706959582586187838_o-300x300.jpg\" alt=\"\" width=\"720\" height=\"720\" srcset=\"http:\/\/www.grieta.org.mx\/wp-content\/uploads\/2020\/11\/125180754_3437387599818773_4706959582586187838_o-300x300.jpg 300w, http:\/\/www.grieta.org.mx\/wp-content\/uploads\/2020\/11\/125180754_3437387599818773_4706959582586187838_o-150x150.jpg 150w, http:\/\/www.grieta.org.mx\/wp-content\/uploads\/2020\/11\/125180754_3437387599818773_4706959582586187838_o-768x768.jpg 768w, http:\/\/www.grieta.org.mx\/wp-content\/uploads\/2020\/11\/125180754_3437387599818773_4706959582586187838_o-130x130.jpg 130w, http:\/\/www.grieta.org.mx\/wp-content\/uploads\/2020\/11\/125180754_3437387599818773_4706959582586187838_o-500x500.jpg 500w, http:\/\/www.grieta.org.mx\/wp-content\/uploads\/2020\/11\/125180754_3437387599818773_4706959582586187838_o.jpg 843w\" sizes=\"auto, (max-width: 720px) 100vw, 720px\" \/><figcaption id=\"caption-attachment-55054\" class=\"wp-caption-text\">Desde #Cholula #Puebla Colectivo Naturailesa: #AltoALaGuerraContraLasComunidadesZapatistas #FueraParamilitaresdeChiapas \u00a1L\u2729s zapatistas no est\u00e1n sol\u2729s! https:\/\/www.facebook.com\/muchos.mundos.5<\/figcaption><\/figure>\n<figure id=\"attachment_55056\" aria-describedby=\"caption-attachment-55056\" style=\"width: 500px\" class=\"wp-caption alignnone\"><img loading=\"lazy\" decoding=\"async\" data-attachment-id=\"55056\" data-permalink=\"http:\/\/www.grieta.org.mx\/index.php\/2020\/11\/13\/accion-en-puebla-en-repudio-a-los-ataques-paramilitares-en-contra-de-comunidades-zapatistas\/124852134_3437516563139210_2662920973579760390_n\/\" data-orig-file=\"http:\/\/www.grieta.org.mx\/wp-content\/uploads\/2020\/11\/124852134_3437516563139210_2662920973579760390_n.jpg\" data-orig-size=\"603,960\" data-comments-opened=\"0\" data-image-meta=\"{&quot;aperture&quot;:&quot;0&quot;,&quot;credit&quot;:&quot;&quot;,&quot;camera&quot;:&quot;&quot;,&quot;caption&quot;:&quot;&quot;,&quot;created_timestamp&quot;:&quot;0&quot;,&quot;copyright&quot;:&quot;&quot;,&quot;focal_length&quot;:&quot;0&quot;,&quot;iso&quot;:&quot;0&quot;,&quot;shutter_speed&quot;:&quot;0&quot;,&quot;title&quot;:&quot;&quot;,&quot;orientation&quot;:&quot;0&quot;}\" data-image-title=\"124852134_3437516563139210_2662920973579760390_n\" data-image-description=\"\" data-image-caption=\"\" data-medium-file=\"http:\/\/www.grieta.org.mx\/wp-content\/uploads\/2020\/11\/124852134_3437516563139210_2662920973579760390_n-188x300.jpg\" data-large-file=\"http:\/\/www.grieta.org.mx\/wp-content\/uploads\/2020\/11\/124852134_3437516563139210_2662920973579760390_n.jpg\" class=\"wp-image-55056\" src=\"http:\/\/www.grieta.org.mx\/wp-content\/uploads\/2020\/11\/124852134_3437516563139210_2662920973579760390_n-188x300.jpg\" alt=\"\" width=\"500\" height=\"796\" srcset=\"http:\/\/www.grieta.org.mx\/wp-content\/uploads\/2020\/11\/124852134_3437516563139210_2662920973579760390_n-188x300.jpg 188w, http:\/\/www.grieta.org.mx\/wp-content\/uploads\/2020\/11\/124852134_3437516563139210_2662920973579760390_n-314x500.jpg 314w, http:\/\/www.grieta.org.mx\/wp-content\/uploads\/2020\/11\/124852134_3437516563139210_2662920973579760390_n.jpg 603w\" sizes=\"auto, (max-width: 500px) 100vw, 500px\" \/><figcaption id=\"caption-attachment-55056\" class=\"wp-caption-text\">Imagen enviada desde Puebla. https:\/\/www.facebook.com\/muchos.mundos.5<\/figcaption><\/figure>\n<figure id=\"attachment_55057\" aria-describedby=\"caption-attachment-55057\" style=\"width: 500px\" class=\"wp-caption alignnone\"><img loading=\"lazy\" decoding=\"async\" data-attachment-id=\"55057\" data-permalink=\"http:\/\/www.grieta.org.mx\/index.php\/2020\/11\/13\/accion-en-puebla-en-repudio-a-los-ataques-paramilitares-en-contra-de-comunidades-zapatistas\/124920609_3437648906459309_6713461967647321927_n\/\" data-orig-file=\"http:\/\/www.grieta.org.mx\/wp-content\/uploads\/2020\/11\/124920609_3437648906459309_6713461967647321927_n.jpg\" data-orig-size=\"283,425\" data-comments-opened=\"0\" data-image-meta=\"{&quot;aperture&quot;:&quot;0&quot;,&quot;credit&quot;:&quot;&quot;,&quot;camera&quot;:&quot;&quot;,&quot;caption&quot;:&quot;&quot;,&quot;created_timestamp&quot;:&quot;0&quot;,&quot;copyright&quot;:&quot;&quot;,&quot;focal_length&quot;:&quot;0&quot;,&quot;iso&quot;:&quot;0&quot;,&quot;shutter_speed&quot;:&quot;0&quot;,&quot;title&quot;:&quot;&quot;,&quot;orientation&quot;:&quot;0&quot;}\" data-image-title=\"124920609_3437648906459309_6713461967647321927_n\" data-image-description=\"\" data-image-caption=\"\" data-medium-file=\"http:\/\/www.grieta.org.mx\/wp-content\/uploads\/2020\/11\/124920609_3437648906459309_6713461967647321927_n-200x300.jpg\" data-large-file=\"http:\/\/www.grieta.org.mx\/wp-content\/uploads\/2020\/11\/124920609_3437648906459309_6713461967647321927_n.jpg\" class=\"wp-image-55057\" src=\"http:\/\/www.grieta.org.mx\/wp-content\/uploads\/2020\/11\/124920609_3437648906459309_6713461967647321927_n-200x300.jpg\" alt=\"\" width=\"500\" height=\"751\" srcset=\"http:\/\/www.grieta.org.mx\/wp-content\/uploads\/2020\/11\/124920609_3437648906459309_6713461967647321927_n-200x300.jpg 200w, http:\/\/www.grieta.org.mx\/wp-content\/uploads\/2020\/11\/124920609_3437648906459309_6713461967647321927_n.jpg 283w\" sizes=\"auto, (max-width: 500px) 100vw, 500px\" \/><figcaption id=\"caption-attachment-55057\" class=\"wp-caption-text\">Imagen enviada desde Puebla. https:\/\/www.facebook.com\/muchos.mundos.5<\/figcaption><\/figure>\n<figure id=\"attachment_55058\" aria-describedby=\"caption-attachment-55058\" style=\"width: 720px\" class=\"wp-caption alignnone\"><img loading=\"lazy\" decoding=\"async\" data-attachment-id=\"55058\" data-permalink=\"http:\/\/www.grieta.org.mx\/index.php\/2020\/11\/13\/accion-en-puebla-en-repudio-a-los-ataques-paramilitares-en-contra-de-comunidades-zapatistas\/124991050_3437625316461668_3527560663684543964_n\/\" data-orig-file=\"http:\/\/www.grieta.org.mx\/wp-content\/uploads\/2020\/11\/124991050_3437625316461668_3527560663684543964_n.jpg\" data-orig-size=\"640,480\" data-comments-opened=\"0\" data-image-meta=\"{&quot;aperture&quot;:&quot;0&quot;,&quot;credit&quot;:&quot;&quot;,&quot;camera&quot;:&quot;&quot;,&quot;caption&quot;:&quot;&quot;,&quot;created_timestamp&quot;:&quot;0&quot;,&quot;copyright&quot;:&quot;&quot;,&quot;focal_length&quot;:&quot;0&quot;,&quot;iso&quot;:&quot;0&quot;,&quot;shutter_speed&quot;:&quot;0&quot;,&quot;title&quot;:&quot;&quot;,&quot;orientation&quot;:&quot;0&quot;}\" data-image-title=\"124991050_3437625316461668_3527560663684543964_n\" data-image-description=\"\" data-image-caption=\"\" data-medium-file=\"http:\/\/www.grieta.org.mx\/wp-content\/uploads\/2020\/11\/124991050_3437625316461668_3527560663684543964_n-300x225.jpg\" data-large-file=\"http:\/\/www.grieta.org.mx\/wp-content\/uploads\/2020\/11\/124991050_3437625316461668_3527560663684543964_n.jpg\" class=\"wp-image-55058\" src=\"http:\/\/www.grieta.org.mx\/wp-content\/uploads\/2020\/11\/124991050_3437625316461668_3527560663684543964_n-300x225.jpg\" alt=\"\" width=\"720\" height=\"540\" srcset=\"http:\/\/www.grieta.org.mx\/wp-content\/uploads\/2020\/11\/124991050_3437625316461668_3527560663684543964_n-300x225.jpg 300w, http:\/\/www.grieta.org.mx\/wp-content\/uploads\/2020\/11\/124991050_3437625316461668_3527560663684543964_n.jpg 640w\" sizes=\"auto, (max-width: 720px) 100vw, 720px\" \/><figcaption id=\"caption-attachment-55058\" class=\"wp-caption-text\">Imagen enviada desde Quer\u00e9taro. https:\/\/www.facebook.com\/muchos.mundos.5<\/figcaption><\/figure>\n<figure id=\"attachment_55059\" aria-describedby=\"caption-attachment-55059\" style=\"width: 720px\" class=\"wp-caption alignnone\"><img loading=\"lazy\" decoding=\"async\" data-attachment-id=\"55059\" data-permalink=\"http:\/\/www.grieta.org.mx\/index.php\/2020\/11\/13\/accion-en-puebla-en-repudio-a-los-ataques-paramilitares-en-contra-de-comunidades-zapatistas\/124551356_3437355593155307_8949306115389802141_o\/\" data-orig-file=\"http:\/\/www.grieta.org.mx\/wp-content\/uploads\/2020\/11\/124551356_3437355593155307_8949306115389802141_o.jpg\" data-orig-size=\"843,1124\" data-comments-opened=\"0\" data-image-meta=\"{&quot;aperture&quot;:&quot;0&quot;,&quot;credit&quot;:&quot;&quot;,&quot;camera&quot;:&quot;&quot;,&quot;caption&quot;:&quot;&quot;,&quot;created_timestamp&quot;:&quot;0&quot;,&quot;copyright&quot;:&quot;&quot;,&quot;focal_length&quot;:&quot;0&quot;,&quot;iso&quot;:&quot;0&quot;,&quot;shutter_speed&quot;:&quot;0&quot;,&quot;title&quot;:&quot;&quot;,&quot;orientation&quot;:&quot;0&quot;}\" data-image-title=\"124551356_3437355593155307_8949306115389802141_o\" data-image-description=\"\" data-image-caption=\"\" data-medium-file=\"http:\/\/www.grieta.org.mx\/wp-content\/uploads\/2020\/11\/124551356_3437355593155307_8949306115389802141_o-225x300.jpg\" data-large-file=\"http:\/\/www.grieta.org.mx\/wp-content\/uploads\/2020\/11\/124551356_3437355593155307_8949306115389802141_o-768x1024.jpg\" class=\"wp-image-55059\" src=\"http:\/\/www.grieta.org.mx\/wp-content\/uploads\/2020\/11\/124551356_3437355593155307_8949306115389802141_o-225x300.jpg\" alt=\"\" width=\"720\" height=\"960\" srcset=\"http:\/\/www.grieta.org.mx\/wp-content\/uploads\/2020\/11\/124551356_3437355593155307_8949306115389802141_o-225x300.jpg 225w, http:\/\/www.grieta.org.mx\/wp-content\/uploads\/2020\/11\/124551356_3437355593155307_8949306115389802141_o-768x1024.jpg 768w, http:\/\/www.grieta.org.mx\/wp-content\/uploads\/2020\/11\/124551356_3437355593155307_8949306115389802141_o-375x500.jpg 375w, http:\/\/www.grieta.org.mx\/wp-content\/uploads\/2020\/11\/124551356_3437355593155307_8949306115389802141_o.jpg 843w\" sizes=\"auto, (max-width: 720px) 100vw, 720px\" \/><figcaption id=\"caption-attachment-55059\" class=\"wp-caption-text\">Desde Huamantla #Tlaxcala nos pronunciamos: #AltoALaGuerraContraLasComunidadesZapatistas #FueraParamilitaresdeChiapas \u00a1L\u2729s zapatistas no est\u00e1n sol\u2729s! https:\/\/www.facebook.com\/muchos.mundos.5<\/figcaption><\/figure>\n","protected":false},"excerpt":{"rendered":"<p>Colectivo Grieta En la Ciudad de Puebla, el 11 de noviembre del 2020, el colectivo Muchos Mundos convoc\u00f3 a una actividad virtual en rechazo de las agresiones paramilitares perpetradas por &hellip; <a href=\"http:\/\/www.grieta.org.mx\/index.php\/2020\/11\/13\/accion-en-puebla-en-repudio-a-los-ataques-paramilitares-en-contra-de-comunidades-zapatistas\/\" class=\"more-link\">Leer m\u00e1s<\/a><\/p>\n","protected":false},"author":2,"featured_media":55041,"comment_status":"closed","ping_status":"closed","sticky":false,"template":"","format":"standard","meta":{"ngg_post_thumbnail":0,"_jetpack_newsletter_access":"","_jetpack_dont_email_post_to_subs":false,"_jetpack_newsletter_tier_id":0,"_jetpack_memberships_contains_paywalled_content":false,"_jetpack_memberships_contains_paid_content":false,"footnotes":""},"categories":[3674,80,1775,2661],"tags":[469,466],"class_list":["post-55040","post","type-post","status-publish","format-standard","has-post-thumbnail","hentry","category-contra-la-guerra-al-ezln","category-cintillo","category-colectivo-grieta","category-redes-de-resistencia-y-rebeldia","tag-ataque-paramilitar","tag-ezln","entry"],"jetpack_featured_media_url":"http:\/\/www.grieta.org.mx\/wp-content\/uploads\/2020\/11\/124721173_3436495136574686_2901015511806522094_n.jpg","jetpack_sharing_enabled":true,"jetpack_shortlink":"https:\/\/wp.me\/p7ZJR4-ejK","jetpack_likes_enabled":false,"jetpack-related-posts":[{"id":55120,"url":"http:\/\/www.grieta.org.mx\/index.php\/2020\/11\/14\/accion-en-san-luis-potosi-en-repudio-a-los-ataques-paramilitares-de-la-orcao-en-contra-de-comunidades-zapatistas\/","url_meta":{"origin":55040,"position":0},"title":"Acci\u00f3n en San Luis Potos\u00ed en repudio a los ataques paramilitares de la ORCAO en contra de comunidades zapatistas","author":"grieta","date":"14 noviembre, 2020","format":false,"excerpt":"Colectivo Grieta Colectivos de la Red de Resistencia y Rebeld\u00eda de San Luis Potos\u00ed, realizaron un tendedero de denuncias para manifestar el rechazo a los recientes ataques del grupo paramilitar ORCAO a las comunidades de zapatistas y bases de apoyo en el Municipio Aut\u00f3nomo en Rebeld\u00eda Mois\u00e9s Gandhi. La ORCAO\u2026","rel":"","context":"En &quot;Alto a la Guerra contra los pueblos zapatistas&quot;","block_context":{"text":"Alto a la Guerra contra los pueblos zapatistas","link":"http:\/\/www.grieta.org.mx\/index.php\/category\/redes-de-resistencia-y-rebeldia\/contra-la-guerra-al-ezln\/"},"img":{"alt_text":"","src":"https:\/\/i0.wp.com\/www.grieta.org.mx\/wp-content\/uploads\/2020\/11\/photo_2020-11-14_23-24-54.jpg?resize=350%2C200","width":350,"height":200,"srcset":"https:\/\/i0.wp.com\/www.grieta.org.mx\/wp-content\/uploads\/2020\/11\/photo_2020-11-14_23-24-54.jpg?resize=350%2C200 1x, https:\/\/i0.wp.com\/www.grieta.org.mx\/wp-content\/uploads\/2020\/11\/photo_2020-11-14_23-24-54.jpg?resize=525%2C300 1.5x"},"classes":[]},{"id":55088,"url":"http:\/\/www.grieta.org.mx\/index.php\/2020\/11\/14\/accion-en-queretaro-en-repudio-a-los-ataques-paramilitares-en-contra-de-comunidades-zapatistas\/","url_meta":{"origin":55040,"position":1},"title":"Acci\u00f3n en Quer\u00e9taro en repudio a los ataques paramilitares en contra de comunidades zapatistas.","author":"grieta","date":"14 noviembre, 2020","format":false,"excerpt":"Colectivo Grieta Quer\u00e9taro, 13 de noviembre. La ma\u00f1ana de este viernes 13 de noviembre, en Quer\u00e9taro, la Red de Resistencia y Rebeld\u00eda realiz\u00f3 actos en la Plaza de Armas y en el Jard\u00edn Zenea. Se despleg\u00f3 una manta y se pegaron y repartieron carteles y volantes, denunciando el incremento de\u2026","rel":"","context":"En &quot;Alto a la Guerra contra los pueblos zapatistas&quot;","block_context":{"text":"Alto a la Guerra contra los pueblos zapatistas","link":"http:\/\/www.grieta.org.mx\/index.php\/category\/redes-de-resistencia-y-rebeldia\/contra-la-guerra-al-ezln\/"},"img":{"alt_text":"","src":"https:\/\/i0.wp.com\/www.grieta.org.mx\/wp-content\/uploads\/2020\/11\/photo_2020-11-14_00-21-23.jpg?resize=350%2C200","width":350,"height":200,"srcset":"https:\/\/i0.wp.com\/www.grieta.org.mx\/wp-content\/uploads\/2020\/11\/photo_2020-11-14_00-21-23.jpg?resize=350%2C200 1x, https:\/\/i0.wp.com\/www.grieta.org.mx\/wp-content\/uploads\/2020\/11\/photo_2020-11-14_00-21-23.jpg?resize=525%2C300 1.5x, https:\/\/i0.wp.com\/www.grieta.org.mx\/wp-content\/uploads\/2020\/11\/photo_2020-11-14_00-21-23.jpg?resize=700%2C400 2x, https:\/\/i0.wp.com\/www.grieta.org.mx\/wp-content\/uploads\/2020\/11\/photo_2020-11-14_00-21-23.jpg?resize=1050%2C600 3x"},"classes":[]},{"id":55202,"url":"http:\/\/www.grieta.org.mx\/index.php\/2020\/11\/16\/acciones-en-culiacan-los-mochis-y-escuinapa-sinaloa-en-repudio-a-los-ataques-paramilitares-en-contra-de-las-comunidades-zapatistas\/","url_meta":{"origin":55040,"position":2},"title":"Acciones en Culiac\u00e1n, Los Mochis y Escuinapa Sinaloa en repudio a los ataques paramilitares en contra de las comunidades zapatistas","author":"grieta","date":"16 noviembre, 2020","format":false,"excerpt":"Colectivo Grieta El pasado 10 de novimebre la JUNTA DE BUEN GOBIERNO ZAPATISTA \u201cNUEVO AMANECER EN RESISTENCIA Y REBELD\u00cdA POR LA VIDA Y LA HUMANIDAD\u201d dio a conocer una denuncia en la que se hac\u00edan publicos los ataques de la organizaci\u00f3n paramilitar ORCAO en contra de un compa\u00f1ero base de\u2026","rel":"","context":"En &quot;Alto a la Guerra contra los pueblos zapatistas&quot;","block_context":{"text":"Alto a la Guerra contra los pueblos zapatistas","link":"http:\/\/www.grieta.org.mx\/index.php\/category\/redes-de-resistencia-y-rebeldia\/contra-la-guerra-al-ezln\/"},"img":{"alt_text":"","src":"https:\/\/i0.wp.com\/www.grieta.org.mx\/wp-content\/uploads\/2020\/11\/photo_2020-11-16_23-02-53-1.jpg?resize=350%2C200","width":350,"height":200,"srcset":"https:\/\/i0.wp.com\/www.grieta.org.mx\/wp-content\/uploads\/2020\/11\/photo_2020-11-16_23-02-53-1.jpg?resize=350%2C200 1x, https:\/\/i0.wp.com\/www.grieta.org.mx\/wp-content\/uploads\/2020\/11\/photo_2020-11-16_23-02-53-1.jpg?resize=525%2C300 1.5x, https:\/\/i0.wp.com\/www.grieta.org.mx\/wp-content\/uploads\/2020\/11\/photo_2020-11-16_23-02-53-1.jpg?resize=700%2C400 2x, https:\/\/i0.wp.com\/www.grieta.org.mx\/wp-content\/uploads\/2020\/11\/photo_2020-11-16_23-02-53-1.jpg?resize=1050%2C600 3x"},"classes":[]},{"id":55180,"url":"http:\/\/www.grieta.org.mx\/index.php\/2020\/11\/16\/accion-en-mazatlan-sinaloa-en-repudio-a-los-ataques-paramilitares-en-contra-de-comunidades-zapatistas\/","url_meta":{"origin":55040,"position":3},"title":"Acci\u00f3n en Mazatl\u00e1n, Sinaloa en repudio a los ataques paramilitares en contra de comunidades zapatistas","author":"grieta","date":"16 noviembre, 2020","format":false,"excerpt":"Colectivo Grieta El jueves 12 de noviembre se organizaron y desarrollaron actividades en la Plazuela Rep\u00fablica de Mazatl\u00e1n, Sinaloa, con el objetivo de denunciar las agresiones del grupo paramilitar ORCAO contra las Comunidades Ind\u00edgenas Zapatistas. Participaron compa\u00f1eros y compa\u00f1eras de la Red de Resistencia y Rebeld\u00eda-MZT. Como parte de las\u2026","rel":"","context":"En &quot;Alto a la Guerra contra los pueblos zapatistas&quot;","block_context":{"text":"Alto a la Guerra contra los pueblos zapatistas","link":"http:\/\/www.grieta.org.mx\/index.php\/category\/redes-de-resistencia-y-rebeldia\/contra-la-guerra-al-ezln\/"},"img":{"alt_text":"","src":"https:\/\/i0.wp.com\/www.grieta.org.mx\/wp-content\/uploads\/2020\/11\/photo_2020-11-16_22-22-30.jpg?resize=350%2C200","width":350,"height":200,"srcset":"https:\/\/i0.wp.com\/www.grieta.org.mx\/wp-content\/uploads\/2020\/11\/photo_2020-11-16_22-22-30.jpg?resize=350%2C200 1x, https:\/\/i0.wp.com\/www.grieta.org.mx\/wp-content\/uploads\/2020\/11\/photo_2020-11-16_22-22-30.jpg?resize=525%2C300 1.5x, https:\/\/i0.wp.com\/www.grieta.org.mx\/wp-content\/uploads\/2020\/11\/photo_2020-11-16_22-22-30.jpg?resize=700%2C400 2x, https:\/\/i0.wp.com\/www.grieta.org.mx\/wp-content\/uploads\/2020\/11\/photo_2020-11-16_22-22-30.jpg?resize=1050%2C600 3x"},"classes":[]},{"id":55126,"url":"http:\/\/www.grieta.org.mx\/index.php\/2020\/11\/15\/accion-en-la-laguna-en-repudio-a-las-agresiones-paramilitares-de-la-orcao-en-contra-de-comunidades-zapatistas\/","url_meta":{"origin":55040,"position":4},"title":"Acci\u00f3n en La Laguna en repudio a las agresiones paramilitares de la ORCAO en contra de comunidades zapatistas","author":"grieta","date":"15 noviembre, 2020","format":false,"excerpt":"\u00a0 Colectivo Grieta El jueves 12 de noviembre, la Red de Resistencia y Rebeld\u00eda Laguna organiz\u00f3 una pega de carteles exigiendo el alto a los ataques cometidos en d\u00edas pasados en contra de la comunidad zapatista Mois\u00e9s y Gandhi por parte de la organizaci\u00f3n paramilitar ORCAO en complicidad de los\u2026","rel":"","context":"En &quot;Alto a la Guerra contra los pueblos zapatistas&quot;","block_context":{"text":"Alto a la Guerra contra los pueblos zapatistas","link":"http:\/\/www.grieta.org.mx\/index.php\/category\/redes-de-resistencia-y-rebeldia\/contra-la-guerra-al-ezln\/"},"img":{"alt_text":"","src":"https:\/\/i0.wp.com\/www.grieta.org.mx\/wp-content\/uploads\/2020\/11\/photo_2020-11-14_23-44-20.jpg?resize=350%2C200","width":350,"height":200,"srcset":"https:\/\/i0.wp.com\/www.grieta.org.mx\/wp-content\/uploads\/2020\/11\/photo_2020-11-14_23-44-20.jpg?resize=350%2C200 1x, https:\/\/i0.wp.com\/www.grieta.org.mx\/wp-content\/uploads\/2020\/11\/photo_2020-11-14_23-44-20.jpg?resize=525%2C300 1.5x, https:\/\/i0.wp.com\/www.grieta.org.mx\/wp-content\/uploads\/2020\/11\/photo_2020-11-14_23-44-20.jpg?resize=700%2C400 2x"},"classes":[]},{"id":55114,"url":"http:\/\/www.grieta.org.mx\/index.php\/2020\/11\/14\/accion-en-colima-en-repudio-a-los-ataques-paramilitares-contra-comunidades-zapatistas\/","url_meta":{"origin":55040,"position":5},"title":"Acci\u00f3n en Colima en repudio a los ataques paramilitares contra comunidades zapatistas","author":"grieta","date":"14 noviembre, 2020","format":false,"excerpt":"Colectivo Grieta Colima. Durante la tarde del d\u00eda 11 de noviembre, compa\u00f1eros y compa\u00f1eras adherentes a la Sexta Declaraci\u00f3n de la Selva Lacandona, realizaron una actividad en el centro de la ciudad de Colima, en repudio de los arteros ataques paramilitares cometidos por la ORCAO en contra de la comunidad\u2026","rel":"","context":"En &quot;Alto a la Guerra contra los pueblos zapatistas&quot;","block_context":{"text":"Alto a la Guerra contra los pueblos zapatistas","link":"http:\/\/www.grieta.org.mx\/index.php\/category\/redes-de-resistencia-y-rebeldia\/contra-la-guerra-al-ezln\/"},"img":{"alt_text":"","src":"https:\/\/i0.wp.com\/www.grieta.org.mx\/wp-content\/uploads\/2020\/11\/photo_2020-11-14_23-06-17.jpg?resize=350%2C200","width":350,"height":200,"srcset":"https:\/\/i0.wp.com\/www.grieta.org.mx\/wp-content\/uploads\/2020\/11\/photo_2020-11-14_23-06-17.jpg?resize=350%2C200 1x, https:\/\/i0.wp.com\/www.grieta.org.mx\/wp-content\/uploads\/2020\/11\/photo_2020-11-14_23-06-17.jpg?resize=525%2C300 1.5x, https:\/\/i0.wp.com\/www.grieta.org.mx\/wp-content\/uploads\/2020\/11\/photo_2020-11-14_23-06-17.jpg?resize=700%2C400 2x, https:\/\/i0.wp.com\/www.grieta.org.mx\/wp-content\/uploads\/2020\/11\/photo_2020-11-14_23-06-17.jpg?resize=1050%2C600 3x"},"classes":[]}],"_links":{"self":[{"href":"http:\/\/www.grieta.org.mx\/index.php\/wp-json\/wp\/v2\/posts\/55040","targetHints":{"allow":["GET"]}}],"collection":[{"href":"http:\/\/www.grieta.org.mx\/index.php\/wp-json\/wp\/v2\/posts"}],"about":[{"href":"http:\/\/www.grieta.org.mx\/index.php\/wp-json\/wp\/v2\/types\/post"}],"author":[{"embeddable":true,"href":"http:\/\/www.grieta.org.mx\/index.php\/wp-json\/wp\/v2\/users\/2"}],"replies":[{"embeddable":true,"href":"http:\/\/www.grieta.org.mx\/index.php\/wp-json\/wp\/v2\/comments?post=55040"}],"version-history":[{"count":1,"href":"http:\/\/www.grieta.org.mx\/index.php\/wp-json\/wp\/v2\/posts\/55040\/revisions"}],"predecessor-version":[{"id":55065,"href":"http:\/\/www.grieta.org.mx\/index.php\/wp-json\/wp\/v2\/posts\/55040\/revisions\/55065"}],"wp:featuredmedia":[{"embeddable":true,"href":"http:\/\/www.grieta.org.mx\/index.php\/wp-json\/wp\/v2\/media\/55041"}],"wp:attachment":[{"href":"http:\/\/www.grieta.org.mx\/index.php\/wp-json\/wp\/v2\/media?parent=55040"}],"wp:term":[{"taxonomy":"category","embeddable":true,"href":"http:\/\/www.grieta.org.mx\/index.php\/wp-json\/wp\/v2\/categories?post=55040"},{"taxonomy":"post_tag","embeddable":true,"href":"http:\/\/www.grieta.org.mx\/index.php\/wp-json\/wp\/v2\/tags?post=55040"}],"curies":[{"name":"wp","href":"https:\/\/api.w.org\/{rel}","templated":true}]}}