{"id":55014,"date":"2020-11-12T17:02:28","date_gmt":"2020-11-12T23:02:28","guid":{"rendered":"http:\/\/www.grieta.org.mx\/?p=55014"},"modified":"2020-11-13T17:12:44","modified_gmt":"2020-11-13T23:12:44","slug":"trabajadores-del-canal-13-de-san-luis-potosi-estallan-huelga-por-adeudo-salarial","status":"publish","type":"post","link":"http:\/\/www.grieta.org.mx\/index.php\/2020\/11\/12\/trabajadores-del-canal-13-de-san-luis-potosi-estallan-huelga-por-adeudo-salarial\/","title":{"rendered":"Trabajadores del Canal 13 de San Luis Potos\u00ed estallan huelga por adeudo salarial"},"content":{"rendered":"<p>Felipe C\u00e1rdenas\/El Sol de San Luis<br \/>\n12 noviembre 2020<\/p>\n<p><img loading=\"lazy\" decoding=\"async\" data-attachment-id=\"55015\" data-permalink=\"http:\/\/www.grieta.org.mx\/index.php\/2020\/11\/12\/trabajadores-del-canal-13-de-san-luis-potosi-estallan-huelga-por-adeudo-salarial\/el-lider-del-sitatyr-en-slp-estallo-la-huelga\/\" data-orig-file=\"http:\/\/www.grieta.org.mx\/wp-content\/uploads\/2020\/11\/El-lider-del-Sitatyr-en-SLP-estallo\u0301-la-huelga.jpg\" data-orig-size=\"720,540\" data-comments-opened=\"0\" data-image-meta=\"{&quot;aperture&quot;:&quot;0&quot;,&quot;credit&quot;:&quot;&quot;,&quot;camera&quot;:&quot;&quot;,&quot;caption&quot;:&quot;&quot;,&quot;created_timestamp&quot;:&quot;0&quot;,&quot;copyright&quot;:&quot;&quot;,&quot;focal_length&quot;:&quot;0&quot;,&quot;iso&quot;:&quot;0&quot;,&quot;shutter_speed&quot;:&quot;0&quot;,&quot;title&quot;:&quot;&quot;,&quot;orientation&quot;:&quot;0&quot;}\" data-image-title=\"El lider del Sitatyr en SLP estallo\u0301 la huelga\" data-image-description=\"\" data-image-caption=\"\" data-medium-file=\"http:\/\/www.grieta.org.mx\/wp-content\/uploads\/2020\/11\/El-lider-del-Sitatyr-en-SLP-estallo\u0301-la-huelga-300x225.jpg\" data-large-file=\"http:\/\/www.grieta.org.mx\/wp-content\/uploads\/2020\/11\/El-lider-del-Sitatyr-en-SLP-estallo\u0301-la-huelga.jpg\" src=\"http:\/\/www.grieta.org.mx\/wp-content\/uploads\/2020\/11\/El-lider-del-Sitatyr-en-SLP-estallo\u0301-la-huelga.jpg\" alt=\"\" width=\"720\" height=\"540\" class=\"alignnone size-full wp-image-55015\" srcset=\"http:\/\/www.grieta.org.mx\/wp-content\/uploads\/2020\/11\/El-lider-del-Sitatyr-en-SLP-estallo\u0301-la-huelga.jpg 720w, http:\/\/www.grieta.org.mx\/wp-content\/uploads\/2020\/11\/El-lider-del-Sitatyr-en-SLP-estallo\u0301-la-huelga-300x225.jpg 300w, http:\/\/www.grieta.org.mx\/wp-content\/uploads\/2020\/11\/El-lider-del-Sitatyr-en-SLP-estallo\u0301-la-huelga-667x500.jpg 667w\" sizes=\"auto, (max-width: 720px) 100vw, 720px\" \/><\/p>\n<p>Luego de 25 a\u00f1os de transmitir ininterrumpidamente la se\u00f1al de televisora potosina Canal 13 se apag\u00f3 debido a un estallamiento de huelga por adeudos salariales a la plantilla laboral.<\/p>\n<p>El estallamiento de huelga lo encabez\u00f3 el l\u00edder local del Sitatyr, Diego Hern\u00e1ndez Anda, reportero y locutor de la estaci\u00f3n de radio La Caliente 97.7 FM de Grupo Multimedios quien colg\u00f3 la bandera rojinegra en las instalaciones de la televisora que se localiza en el kil\u00f3metro 0.5 de la carretera a Rioverde, en el municipio conurbado de Soledad de Graciano S\u00e1nchez.<\/p>\n<p>Revel\u00f3 que se promovieron los juicios laborales para solicitar los pagos y prestaciones pendientes de los trabajadores, solicitando al director general, ingeniero Jos\u00e9 Morales Reyes establecer una mesa de trabajo para solventar la situaci\u00f3n y retomar la se\u00f1al de Televisora Potosina Canal 13.<\/p>\n<p>XHDE Canal 13 inici\u00f3 transmisiones un primero de noviembre de 1975 y transmiti\u00f3 la programaci\u00f3n de diversos canales de Televisa. En 2018 dej\u00f3 de ser filial de la televisora de San \u00c1ngel para quedarse \u00fanicamente con programaci\u00f3n local, enfrentando problemas financieros para solventar su gasto corriente.<\/p>\n<p><a href=\"https:\/\/www.elsoldesanluis.com.mx\/local\/se-apaga-senal-de-canal-13-de-san-luis-potosi-por-huelga-laboral-6010790.html\" rel=\"noopener noreferrer\" target=\"_blank\">https:\/\/www.elsoldesanluis.com.mx\/local\/se-apaga-senal-de-canal-13-de-san-luis-potosi-por-huelga-laboral-6010790.html<\/a><\/p>\n","protected":false},"excerpt":{"rendered":"<p>Felipe C\u00e1rdenas\/El Sol de San Luis 12 noviembre 2020 Luego de 25 a\u00f1os de transmitir ininterrumpidamente la se\u00f1al de televisora potosina Canal 13 se apag\u00f3 debido a un estallamiento de &hellip; <a href=\"http:\/\/www.grieta.org.mx\/index.php\/2020\/11\/12\/trabajadores-del-canal-13-de-san-luis-potosi-estallan-huelga-por-adeudo-salarial\/\" class=\"more-link\">Leer m\u00e1s<\/a><\/p>\n","protected":false},"author":2,"featured_media":55015,"comment_status":"closed","ping_status":"closed","sticky":false,"template":"","format":"standard","meta":{"ngg_post_thumbnail":0,"_jetpack_newsletter_access":"","_jetpack_dont_email_post_to_subs":false,"_jetpack_newsletter_tier_id":0,"_jetpack_memberships_contains_paywalled_content":false,"_jetpack_memberships_contains_paid_content":false,"footnotes":""},"categories":[80,910,1273,2,29,83],"tags":[1690,2841,104],"class_list":["post-55014","post","type-post","status-publish","format-standard","has-post-thumbnail","hentry","category-cintillo","category-explotacion-y-precariedad-laboral","category-explotacion-y-precariedad-laboral-en-san-luis-potosi","category-noticias-nacionales","category-san-luis-potosi","category-temas-nacionales","tag-adeudo-de-salarios","tag-explotacion-y-precariedad-laboral","tag-huelga","entry"],"jetpack_featured_media_url":"http:\/\/www.grieta.org.mx\/wp-content\/uploads\/2020\/11\/El-lider-del-Sitatyr-en-SLP-estallo\u0301-la-huelga.jpg","jetpack_sharing_enabled":true,"jetpack_shortlink":"https:\/\/wp.me\/p7ZJR4-ejk","jetpack_likes_enabled":false,"jetpack-related-posts":[{"id":54436,"url":"http:\/\/www.grieta.org.mx\/index.php\/2020\/09\/07\/estallan-a-huelga-trabajadores-afectados-de-la-empresa-challenger-san-luis-potosi\/","url_meta":{"origin":55014,"position":0},"title":"Estallan a huelga trabajadores afectados de la empresa Challenger (San Luis Potos\u00ed)","author":"grieta","date":"7 septiembre, 2020","format":false,"excerpt":"Daniela Aranda\/El Sol de San Luis 7 septiembre 2020 Desde diciembre de 2019 no les han pagado su aguinaldo y fondo de ahorro, adem\u00e1s a partir de enero de este a\u00f1o les han dejando de pagar su salario, pues la empresa se declar\u00f3 en quiebra Tras haber denunciado que la\u2026","rel":"","context":"En &quot;CINTILLO&quot;","block_context":{"text":"CINTILLO","link":"http:\/\/www.grieta.org.mx\/index.php\/category\/cintillo\/"},"img":{"alt_text":"","src":"https:\/\/i0.wp.com\/www.grieta.org.mx\/wp-content\/uploads\/2020\/10\/huelga.jpg?resize=350%2C200","width":350,"height":200,"srcset":"https:\/\/i0.wp.com\/www.grieta.org.mx\/wp-content\/uploads\/2020\/10\/huelga.jpg?resize=350%2C200 1x, https:\/\/i0.wp.com\/www.grieta.org.mx\/wp-content\/uploads\/2020\/10\/huelga.jpg?resize=525%2C300 1.5x, https:\/\/i0.wp.com\/www.grieta.org.mx\/wp-content\/uploads\/2020\/10\/huelga.jpg?resize=700%2C400 2x"},"classes":[]},{"id":32012,"url":"http:\/\/www.grieta.org.mx\/index.php\/2019\/04\/10\/en-rezago-4-mil-demandas-laborales-en-slp-styps-san-luis-potosi\/","url_meta":{"origin":55014,"position":1},"title":"En rezago 4 mil demandas laborales en SLP: STyPS (San Luis Potos\u00ed)","author":"grieta","date":"10 abril, 2019","format":false,"excerpt":"Berenice Guti\u00e9rrez \/ GlobalMedia La cantidad es mayor a las que se prev\u00e9n anualmente, adem\u00e1s en el marco de la reforma laboral el secretario del Trabajo Manuel Lozano consider\u00f3 que dos o m\u00e1s organizaciones sindicales en una misma compa\u00f1\u00eda no es pr\u00e1ctico San Luis Potos\u00ed, M\u00e9xico (10 abril 2019).- En\u2026","rel":"","context":"En &quot;CINTILLO&quot;","block_context":{"text":"CINTILLO","link":"http:\/\/www.grieta.org.mx\/index.php\/category\/cintillo\/"},"img":{"alt_text":"","src":"https:\/\/i0.wp.com\/www.grieta.org.mx\/wp-content\/uploads\/2019\/04\/En-rezago-4-mil-demandas-laborales-en-SLP-STyPS-slp-abr.jpg?resize=350%2C200","width":350,"height":200,"srcset":"https:\/\/i0.wp.com\/www.grieta.org.mx\/wp-content\/uploads\/2019\/04\/En-rezago-4-mil-demandas-laborales-en-SLP-STyPS-slp-abr.jpg?resize=350%2C200 1x, https:\/\/i0.wp.com\/www.grieta.org.mx\/wp-content\/uploads\/2019\/04\/En-rezago-4-mil-demandas-laborales-en-SLP-STyPS-slp-abr.jpg?resize=525%2C300 1.5x"},"classes":[]},{"id":33100,"url":"http:\/\/www.grieta.org.mx\/index.php\/2019\/05\/02\/trabajadores-del-parque-tangamanga-reclaman-salario-san-luis-potosi\/","url_meta":{"origin":55014,"position":2},"title":"Trabajadores del Parque Tangamanga reclaman salario (San Luis Potos\u00ed)","author":"grieta","date":"2 mayo, 2019","format":false,"excerpt":"Plano Informativo Hay una presunta retenci\u00f3n del salario correspondiente a la segunda quincena del mes de abril y por la falta de seguridad social. San Luis Potos\u00ed, SLP.- Trabajadores de los parques Tangamanga I y II, se manifestaron al exterior del Palacio del Gobierno del Estado, por la presunta retenci\u00f3n\u2026","rel":"","context":"En &quot;CINTILLO&quot;","block_context":{"text":"CINTILLO","link":"http:\/\/www.grieta.org.mx\/index.php\/category\/cintillo\/"},"img":{"alt_text":"","src":"https:\/\/i0.wp.com\/www.grieta.org.mx\/wp-content\/uploads\/2019\/05\/Trabajadores-del-Parque-Tangamanga-reclaman-salario-slp-may.jpg?resize=350%2C200","width":350,"height":200,"srcset":"https:\/\/i0.wp.com\/www.grieta.org.mx\/wp-content\/uploads\/2019\/05\/Trabajadores-del-Parque-Tangamanga-reclaman-salario-slp-may.jpg?resize=350%2C200 1x, https:\/\/i0.wp.com\/www.grieta.org.mx\/wp-content\/uploads\/2019\/05\/Trabajadores-del-Parque-Tangamanga-reclaman-salario-slp-may.jpg?resize=525%2C300 1.5x, https:\/\/i0.wp.com\/www.grieta.org.mx\/wp-content\/uploads\/2019\/05\/Trabajadores-del-Parque-Tangamanga-reclaman-salario-slp-may.jpg?resize=700%2C400 2x, https:\/\/i0.wp.com\/www.grieta.org.mx\/wp-content\/uploads\/2019\/05\/Trabajadores-del-Parque-Tangamanga-reclaman-salario-slp-may.jpg?resize=1050%2C600 3x"},"classes":[]},{"id":35782,"url":"http:\/\/www.grieta.org.mx\/index.php\/2019\/06\/27\/denuncian-trabajadores-municipales-por-desfalco-en-pago-de-prestamos-san-luis-potosi\/","url_meta":{"origin":55014,"position":3},"title":"Denuncian trabajadores municipales por desfalco en pago de pr\u00e9stamos (San Luis Potos\u00ed)","author":"grieta","date":"27 junio, 2019","format":false,"excerpt":"Roberto Mart\u00ednez \/ GlobalMedia A trav\u00e9s del ayuntamiento de la capital solicitaban descuentos en la n\u00f3mina para pagar pr\u00e9stamos en dos instituciones, pero a pesar de que se aplicaron, nunca se hicieron los pagos En rueda de prensa la s\u00edndica Municipal Alicia Nayeli V\u00e1zquez Mart\u00ednez inform\u00f3 que este jueves unos\u2026","rel":"","context":"En &quot;CINTILLO&quot;","block_context":{"text":"CINTILLO","link":"http:\/\/www.grieta.org.mx\/index.php\/category\/cintillo\/"},"img":{"alt_text":"","src":"https:\/\/i0.wp.com\/www.grieta.org.mx\/wp-content\/uploads\/2019\/07\/Denuncian-trabajadores-municipales-por-desfalco-en-pago-de-pr%C3%A9stamos-slp-jul.jpg?resize=350%2C200","width":350,"height":200,"srcset":"https:\/\/i0.wp.com\/www.grieta.org.mx\/wp-content\/uploads\/2019\/07\/Denuncian-trabajadores-municipales-por-desfalco-en-pago-de-pr%C3%A9stamos-slp-jul.jpg?resize=350%2C200 1x, https:\/\/i0.wp.com\/www.grieta.org.mx\/wp-content\/uploads\/2019\/07\/Denuncian-trabajadores-municipales-por-desfalco-en-pago-de-pr%C3%A9stamos-slp-jul.jpg?resize=525%2C300 1.5x"},"classes":[]},{"id":34333,"url":"http:\/\/www.grieta.org.mx\/index.php\/2019\/05\/24\/con-nuevo-organismo-de-agua-sindicato-perdera-prestaciones-san-luis-potosi\/","url_meta":{"origin":55014,"position":4},"title":"Con nuevo organismo de agua, sindicato perder\u00e1 prestaciones (San Luis Potos\u00ed)","author":"grieta","date":"24 mayo, 2019","format":false,"excerpt":"El Sol de San Luis Es importante que las autoridades analicen bien la declaratoria de quiebra de DAPA Si se crea nuevo organismo de agua, los sindicalizados perder\u00e1n todas las prestaciones que han logrado, por lo que es importante que las autoridades analicen bien la declaratoria de quiebra de DAPA,\u2026","rel":"","context":"En &quot;CINTILLO&quot;","block_context":{"text":"CINTILLO","link":"http:\/\/www.grieta.org.mx\/index.php\/category\/cintillo\/"},"img":{"alt_text":"","src":"https:\/\/i0.wp.com\/www.grieta.org.mx\/wp-content\/uploads\/2019\/06\/Con-nuevo-organismo-de-agua-sindicato-perder%C3%A1-prestaciones-slp-jun.jpg?resize=350%2C200","width":350,"height":200,"srcset":"https:\/\/i0.wp.com\/www.grieta.org.mx\/wp-content\/uploads\/2019\/06\/Con-nuevo-organismo-de-agua-sindicato-perder%C3%A1-prestaciones-slp-jun.jpg?resize=350%2C200 1x, https:\/\/i0.wp.com\/www.grieta.org.mx\/wp-content\/uploads\/2019\/06\/Con-nuevo-organismo-de-agua-sindicato-perder%C3%A1-prestaciones-slp-jun.jpg?resize=525%2C300 1.5x, https:\/\/i0.wp.com\/www.grieta.org.mx\/wp-content\/uploads\/2019\/06\/Con-nuevo-organismo-de-agua-sindicato-perder%C3%A1-prestaciones-slp-jun.jpg?resize=700%2C400 2x"},"classes":[]},{"id":31676,"url":"http:\/\/www.grieta.org.mx\/index.php\/2019\/04\/01\/auge-agricola-en-sl-aumenta-explotacion-de-jornaleros-san-luis-potosi\/","url_meta":{"origin":55014,"position":5},"title":"Auge agr\u00edcola en SL aumenta explotaci\u00f3n de jornaleros (San Luis Potos\u00ed)","author":"grieta","date":"1 abril, 2019","format":false,"excerpt":"Jaime Hern\u00e1ndez \/ Pulso OSC advierte que se mantienen las condiciones deplorables en las que laboran y viven San Luis Potos\u00ed tiene una poblaci\u00f3n flotante de 94 mil 826 jornaleros agr\u00edcolas migrantes, y ha aumentado en los \u00faltimos a\u00f1os debido al incremento de los cultivos agr\u00edcolas en la entidad. Sin\u2026","rel":"","context":"En &quot;CINTILLO&quot;","block_context":{"text":"CINTILLO","link":"http:\/\/www.grieta.org.mx\/index.php\/category\/cintillo\/"},"img":{"alt_text":"","src":"https:\/\/i0.wp.com\/www.grieta.org.mx\/wp-content\/uploads\/2018\/03\/14524434_1106112876131411_958039263622046936_o.jpg?resize=350%2C200","width":350,"height":200,"srcset":"https:\/\/i0.wp.com\/www.grieta.org.mx\/wp-content\/uploads\/2018\/03\/14524434_1106112876131411_958039263622046936_o.jpg?resize=350%2C200 1x, https:\/\/i0.wp.com\/www.grieta.org.mx\/wp-content\/uploads\/2018\/03\/14524434_1106112876131411_958039263622046936_o.jpg?resize=525%2C300 1.5x, https:\/\/i0.wp.com\/www.grieta.org.mx\/wp-content\/uploads\/2018\/03\/14524434_1106112876131411_958039263622046936_o.jpg?resize=700%2C400 2x"},"classes":[]}],"_links":{"self":[{"href":"http:\/\/www.grieta.org.mx\/index.php\/wp-json\/wp\/v2\/posts\/55014","targetHints":{"allow":["GET"]}}],"collection":[{"href":"http:\/\/www.grieta.org.mx\/index.php\/wp-json\/wp\/v2\/posts"}],"about":[{"href":"http:\/\/www.grieta.org.mx\/index.php\/wp-json\/wp\/v2\/types\/post"}],"author":[{"embeddable":true,"href":"http:\/\/www.grieta.org.mx\/index.php\/wp-json\/wp\/v2\/users\/2"}],"replies":[{"embeddable":true,"href":"http:\/\/www.grieta.org.mx\/index.php\/wp-json\/wp\/v2\/comments?post=55014"}],"version-history":[{"count":1,"href":"http:\/\/www.grieta.org.mx\/index.php\/wp-json\/wp\/v2\/posts\/55014\/revisions"}],"predecessor-version":[{"id":55016,"href":"http:\/\/www.grieta.org.mx\/index.php\/wp-json\/wp\/v2\/posts\/55014\/revisions\/55016"}],"wp:featuredmedia":[{"embeddable":true,"href":"http:\/\/www.grieta.org.mx\/index.php\/wp-json\/wp\/v2\/media\/55015"}],"wp:attachment":[{"href":"http:\/\/www.grieta.org.mx\/index.php\/wp-json\/wp\/v2\/media?parent=55014"}],"wp:term":[{"taxonomy":"category","embeddable":true,"href":"http:\/\/www.grieta.org.mx\/index.php\/wp-json\/wp\/v2\/categories?post=55014"},{"taxonomy":"post_tag","embeddable":true,"href":"http:\/\/www.grieta.org.mx\/index.php\/wp-json\/wp\/v2\/tags?post=55014"}],"curies":[{"name":"wp","href":"https:\/\/api.w.org\/{rel}","templated":true}]}}