{"id":54939,"date":"2020-11-11T11:41:55","date_gmt":"2020-11-11T17:41:55","guid":{"rendered":"http:\/\/www.grieta.org.mx\/?p=54939"},"modified":"2020-11-12T12:15:36","modified_gmt":"2020-11-12T18:15:36","slug":"mujeres-detenidas-en-protesta-en-cancun-denuncian-agresion-sexual-de-policias","status":"publish","type":"post","link":"http:\/\/www.grieta.org.mx\/index.php\/2020\/11\/11\/mujeres-detenidas-en-protesta-en-cancun-denuncian-agresion-sexual-de-policias\/","title":{"rendered":"Mujeres detenidas en protesta en Canc\u00fan denuncian agresi\u00f3n sexual de polic\u00edas"},"content":{"rendered":"<figure id=\"attachment_54940\" aria-describedby=\"caption-attachment-54940\" style=\"width: 800px\" class=\"wp-caption alignnone\"><img loading=\"lazy\" decoding=\"async\" data-attachment-id=\"54940\" data-permalink=\"http:\/\/www.grieta.org.mx\/index.php\/2020\/11\/11\/mujeres-detenidas-en-protesta-en-cancun-denuncian-agresion-sexual-de-policias\/familiares-amigos-y-mujeres-realizaron-una-protesta-en-el-palacio-municipal-de-cancun-para-protestar-por-el-feminicidio-de-bianca-alejandrina-cuando-los-manifestantes-empezaron-hacer-pintas-y-prende\/\" data-orig-file=\"http:\/\/www.grieta.org.mx\/wp-content\/uploads\/2020\/11\/policias-cancun-e1605203913663.jpeg\" data-orig-size=\"800,420\" data-comments-opened=\"0\" data-image-meta=\"{&quot;aperture&quot;:&quot;0&quot;,&quot;credit&quot;:&quot;Elizabeth Ruiz&quot;,&quot;camera&quot;:&quot;&quot;,&quot;caption&quot;:&quot;CANC\\u00daN, QUINTANA ROO, 09NOVIEMBRE2020.- Mujeres protestaron por el feminicidio de Bianca Alejandrina, las inconformes realizaron pintas en el edificio del gobierno local pero fueron agredidas por polic\\u00edas que salieron del lugar haciendo disparos al aire, se habla de una persona herida, varias de las manifestantes fueron detenidas.\\nFOTO: ELIZABETH RUIZ\/CUARTOSCURO.COM&quot;,&quot;created_timestamp&quot;:&quot;1604955732&quot;,&quot;copyright&quot;:&quot;Elizabeth Ruiz @Cuartoscuro&quot;,&quot;focal_length&quot;:&quot;0&quot;,&quot;iso&quot;:&quot;0&quot;,&quot;shutter_speed&quot;:&quot;0&quot;,&quot;title&quot;:&quot;Familiares, amigos y mujeres realizaron una protesta en el Palacio Municipal de Canc\\u00fan para protestar por el feminicidio de Bianca Alejandrina, cuando los manifestantes empezaron hacer pintas y prenden fuego a algunos papeles polic\\u00edas municipales salieron con las armas desenfundadas haciendo disparos al aire, lo que provoco al menos dos periodistas heridos que daban cobertura a los hechos.&quot;,&quot;orientation&quot;:&quot;1&quot;}\" data-image-title=\"Familiares, amigos y mujeres realizaron una protesta en el Palacio Municipal de Canc\u00fan para protestar por el feminicidio de Bianca Alejandrina, cuando los manifestantes empezaron hacer pintas y prenden fuego a algunos papeles polic\u00edas municipales salieron con las armas desenfundadas haciendo disparos al aire, lo que provoco al menos dos periodistas heridos que daban cobertura a los hechos.\" data-image-description=\"\" data-image-caption=\"&lt;p&gt;CANC\u00daN, QUINTANA ROO, 09NOVIEMBRE2020.- Mujeres protestaron por el feminicidio de Bianca Alejandrina, las inconformes realizaron pintas en el edificio del gobierno local pero fueron agredidas por polic\u00edas que salieron del lugar haciendo disparos al aire, se habla de una persona herida, varias de las manifestantes fueron detenidas.&lt;br \/&gt;\nFOTO: ELIZABETH RUIZ\/CUARTOSCURO.COM&lt;\/p&gt;\n\" data-medium-file=\"http:\/\/www.grieta.org.mx\/wp-content\/uploads\/2020\/11\/policias-cancun-300x158.jpeg\" data-large-file=\"http:\/\/www.grieta.org.mx\/wp-content\/uploads\/2020\/11\/policias-cancun-e1605203913663.jpeg\" src=\"http:\/\/www.grieta.org.mx\/wp-content\/uploads\/2020\/11\/policias-cancun-e1605203913663.jpeg\" alt=\"\" width=\"800\" height=\"420\" class=\"size-full wp-image-54940\" \/><figcaption id=\"caption-attachment-54940\" class=\"wp-caption-text\"><br \/>FOTO: ELIZABETH RUIZ\/CUARTOSCURO.COM<\/figcaption><\/figure>\n<p>Andrea Vega \/ Animal Pol\u00edtico<\/p>\n<blockquote><p>Personas que fueron detenidas aseguran que los integrantes del mando \u00fanico policial no s\u00f3lo dispararon sus armas, tambi\u00e9n los insultaron, golpearon y agredieron sexualmente a las mujeres.<\/p><\/blockquote>\n<p>El lunes 9 de noviembre fue la primera vez que Mar\u00eda Elena, de 27 a\u00f1os, acudi\u00f3 a una protesta. Tom\u00f3 la calle para alzar la voz en contra de la violencia feminicida en Canc\u00fan, Quintana Roo. Estaba gritando y cantado consignas afuera de la presidencia municipal cuando los polic\u00edas del bando \u00fanico empezaron a disparar. Mar\u00eda Elena corri\u00f3 para escapar de las balas. Acab\u00f3 golpeada, violentada sexualmente y detenida en la Fiscal\u00eda del estado. <\/p>\n<p>La joven dice que aunque s\u00ed hab\u00eda personas sacando su coraje rompiendo vidrios y cosas, ella, y muchos de los asistentes, se estaban manifestando de forma pac\u00edfica.<\/p>\n<p>Mar\u00eda Elena trabaja en el \u00e1rea de administraci\u00f3n del Colegio Kukulk\u00e1n, una escuela privada, pero de colegiaturas muy m\u00f3dicas, para cursar secundaria y bachillerato, en la que estudi\u00f3 Bianca Alejandrina Lorenzana Alvarado, \u201cAlexis\u201d, la joven de 20 a\u00f1os que desapareci\u00f3 en Canc\u00fan el pasado 7 de noviembre y cuyo cad\u00e1ver encontraron el lunes en la madrugada. <\/p>\n<p>Mar\u00eda Elena estaba en la manifestaci\u00f3n por ese feminicidio, para exigir justicia y un alto a la violencia contra las mujeres. Estaba gritando consignas, cantando y bailando, dice, cuando empezaron las detonaciones. <\/p>\n<p>\u201cYo no sab\u00eda ni qu\u00e9 hacer. Era mi primer marcha y, claro, tampoco es que uno deba tener un manual para saber qu\u00e9 hacer en caso de que la polic\u00eda tire balazos. Eso no es algo que se deba normalizar. Decid\u00ed correr en sentido contrario de donde ven\u00edan las balas. Pero cuando iba corriendo por la parte de atr\u00e1s del ayuntamiento, salieron m\u00e1s polic\u00edas. Casi choco con uno. \u00c9l no iba tirando al aire o al suelo, como yo cre\u00ed que estaban haciendo. Estaba tirando en recto\u201d, asegura Mar\u00eda Elena. <\/p>\n<p>Fue entonces cuando se dio cuenta de que si la polic\u00eda no estaba disparando hacia arriba o hacia el suelo, correr la volv\u00eda un blanco.<\/p>\n<p>\u201cAh\u00ed fue que decid\u00ed tirarme al piso. Estaba junto a una de las \u00faltimas jardineras que hay en la parte de atr\u00e1s del Ayuntamiento. Vi a otras chicas ah\u00ed. \u00c9ramos cinco. Lleg\u00f3 un grupo de cinco o seis polic\u00edas, altos, robustos y nos empezaron a golpear. A una mujer le dieron con un palo en la cabeza. Ella gritaba: soy periodista, soy periodista, no hice nada, estoy trabajando. A otra le dieron en la espalda. Nos dec\u00edan que si quer\u00edamos desmadre, lo \u00edbamos a tener\u201d. <\/p>\n<p>Mar\u00eda Elena cuenta que las jalonearon para llevarlas hacia adentro del Palacio Municipal. \u201cYo les dec\u00eda que no me jalaran, que estaba cooperando y no hab\u00eda hecho nada. Cada que dec\u00eda algo, me soltaban un golpe. Cuando \u00edbamos por la parte de atr\u00e1s del ayuntamiento, me empezaron a pegar en las costillas, me sacaron el aire. Medio pod\u00eda caminar. Un polic\u00eda me agarr\u00f3 del gl\u00fateo con su manaza, sus dedos llegaron hasta mi vagina, as\u00ed me quiso levantar. Me hice bolita y casi a rastras me metieron\u201d. <\/p>\n<p>Adentro del ayuntamiento siguieron para Mar\u00eda Elena los gritos y los golpes. Adentro, su compa\u00f1era en el \u00e1rea de administraci\u00f3n del Colegio Kukulk\u00e1n y tambi\u00e9n asistente a la manifestaci\u00f3n, Quetzalli, de 22 a\u00f1os, tambi\u00e9n sufri\u00f3 golpes, insultos y violencia sexual. <\/p>\n<p>\u201cMientras me golpeaban, los polic\u00edas dec\u00edan que conmigo se iban a desquitar de todo el desorden que hab\u00edamos hecho, que si quer\u00edamos desmadre, desmadre iba a tener, aunque yo no hab\u00eda hecho nada que no fuera gritar y cantar\u201d, dice Quetzalli.<\/p>\n<p>Ella fue a la primera \u201cdetenida\u201d a la que metieron a la presidencia municipal. \u201cEmpezaron a pegarme. Me le zaf\u00e9 a una de las mujeres polic\u00edas. No me dejaba esposar. Me golpearon en las costillas, en las piernas. Me revolv\u00eda. Me quer\u00edan tirar y yo luchaba para que no pudieran. Lograron hincarme. Me dieron de cachetadas. Quer\u00edan que les dijera qui\u00e9n hab\u00eda hecho los desmanes, con qui\u00e9n hab\u00eda llegado yo a la marcha. Les dije que no iba a contestar nada\u201d. <\/p>\n<p>Los polic\u00edas llevaron a Quetzalli junto con las otras chicas. \u201cMe levantaron y me llevaron donde estaban ellas. Me pusieron de cuclillas. Fue entonces cuando una de las mujeres polic\u00edas meti\u00f3 su mano por abajo de mi short, meti\u00f3 sus dedos en mi vagina y me levant\u00f3 as\u00ed. Grit\u00e9, grit\u00e9 lo que me estaba haciendo. Personal de derechos humanos lleg\u00f3 corriendo. Le pidieron su nombre a la polic\u00eda. Pero ella se neg\u00f3 a d\u00e1rselos y se fue\u201d. <\/p>\n<p>Los gritos de Quetzalli los escuch\u00f3 tambi\u00e9n Juli\u00e1n Ram\u00edrez, el director del Colegio Kukulk\u00e1n. \u00c9l tambi\u00e9n estaba en la manifestaci\u00f3n, a \u00e9l tambi\u00e9n lo golpearon, tanto que las dos j\u00f3venes aseguran que los polic\u00edas lo metieron chorreando sangre a la presidencia municipal. <\/p>\n<p>\u201cEscuch\u00e9 lo que gritaba Quetzalli. Quer\u00eda ayudarla, pero no pod\u00eda. Sent\u00ed mucha rabia, mucha impotencia\u201d. <\/p>\n<p>Juli\u00e1n fue uno de los asistentes a la manifestaci\u00f3n que difundi\u00f3 uno de los videos, que quedaron como testimonio de la actuaci\u00f3n de la polic\u00eda esa noche del lunes 9 de noviembre en Canc\u00fan. <\/p>\n<p>En el video se oye a Juli\u00e1n decir que es profesor y que los j\u00f3venes son sus estudiantes. \u201cTranquilo, tranquilos, yo vengo acompa\u00f1ando. Son mis alumnos. Hey, es mi alumno. No vengo encapuchado\u201d. <\/p>\n<p>Esa es la primera vez que se escucha que Juli\u00e1n corre. Pero regresa para seguir filmando. \u201c\u00bfEres consciente de que est\u00e1s tirando bala en una manifestaci\u00f3n pac\u00edfica? Yo vengo acompa\u00f1ando. Era mi alumna (dice en referencia a Alexis). Se pusieron a disparar en una manifestaci\u00f3n feminista y a toletear banda en una manifestaci\u00f3n pac\u00edfica. \u00bfPor qu\u00e9 salen armados a una manifestaci\u00f3n?\u201d. <\/p>\n<p>Despu\u00e9s de reclamar a los polic\u00edas sobre su actuaci\u00f3n, Juli\u00e1n se dirige a la Guardia Nacional, que en ese momento baja de sus veh\u00edculos e ingresa a la plaza de la presidencia municipal. Juli\u00e1n les dice que los polic\u00edas est\u00e1n tirando bala. El profesor se dirige de nuevo a reclamar a los del mando \u00fanico: \u201cmataron a mi alumna, desagraciados. No pueden contestar a balazos y a toletazos\u201d, es una de las \u00faltimas frases que se le oye decir antes de que el video se interrumpa. <\/p>\n<p>\u201cAh\u00ed fue que los polic\u00edas del mando \u00fanico me empezaron a pegar y me llevaron para adentro del ayuntamiento. Me hicieron una  rajada en la frente de uno de los muchos golpes que me dieron\u201d. <\/p>\n<p>A Juli\u00e1n, Mar\u00eda Elena, Quetzalli y otras cinco personas se las llevaron despu\u00e9s a la Fiscal\u00eda. Alrededor de las 9:30 de la noche los liberaron. De ah\u00ed se fueron a la Comisi\u00f3n Estatal de Derechos Humanos a levantar una queja y despu\u00e9s al Hospital General de Canc\u00fan a que suturaran a Juli\u00e1n y les tomaran radiograf\u00edas para saber si no ten\u00edan algo roto. <\/p>\n<p>\u201cNo tengo fracturas. Pero s\u00ed muchos golpes y la rabia de que nos violentaron sexualmente. A\u00fan as\u00ed no nos van a parar. Fue mi primer marcha y ahora marchar\u00e9 mucho m\u00e1s\u201d, dice Mar\u00eda Elena. <\/p>\n<p>Los tres ir\u00e1n este mi\u00e9rcoles 11 de noviembre, acompa\u00f1ados por personal de Derechos Humanos, a levantar su denuncia a la Fiscal\u00eda por los golpes, abusos y violencia sexual que sufrieron.<\/p>\n<p><a href=\"https:\/\/www.animalpolitico.com\/2020\/11\/mujeres-detenidas-cancun-agresiones-sexuales-policias\/\" rel=\"noopener noreferrer\" target=\"_blank\">https:\/\/www.animalpolitico.com\/2020\/11\/mujeres-detenidas-cancun-agresiones-sexuales-policias\/<\/a><\/p>\n","protected":false},"excerpt":{"rendered":"<p>Andrea Vega \/ Animal Pol\u00edtico Personas que fueron detenidas aseguran que los integrantes del mando \u00fanico policial no s\u00f3lo dispararon sus armas, tambi\u00e9n los insultaron, golpearon y agredieron sexualmente a &hellip; <a href=\"http:\/\/www.grieta.org.mx\/index.php\/2020\/11\/11\/mujeres-detenidas-en-protesta-en-cancun-denuncian-agresion-sexual-de-policias\/\" class=\"more-link\">Leer m\u00e1s<\/a><\/p>\n","protected":false},"author":2,"featured_media":54940,"comment_status":"closed","ping_status":"closed","sticky":false,"template":"","format":"standard","meta":{"ngg_post_thumbnail":0,"_jetpack_newsletter_access":"","_jetpack_dont_email_post_to_subs":false,"_jetpack_newsletter_tier_id":0,"_jetpack_memberships_contains_paywalled_content":false,"_jetpack_memberships_contains_paid_content":false,"footnotes":""},"categories":[2809,80,1340,3169,2,28,1372],"tags":[2204,2802,81,3637,1168],"class_list":["post-54939","post","type-post","status-publish","format-standard","has-post-thumbnail","hentry","category-abuso-policiaco-en-quintana-roo","category-cintillo","category-feminicidios-en-quintana-roo","category-lucha-de-las-mujeres-en-quintana-roo","category-noticias-nacionales","category-quintana-roo","category-violencia-contra-periodistas-en-quintana-roo","tag-abuso-de-fuerzas-represivas","tag-abuso-sexual-de-policias-contra-mujeres","tag-feminicidios","tag-represion-contra-feministas","tag-represion-contra-las-protestas","entry"],"jetpack_featured_media_url":"http:\/\/www.grieta.org.mx\/wp-content\/uploads\/2020\/11\/policias-cancun-e1605203913663.jpeg","jetpack_sharing_enabled":true,"jetpack_shortlink":"https:\/\/wp.me\/p7ZJR4-ei7","jetpack_likes_enabled":false,"jetpack-related-posts":[{"id":54944,"url":"http:\/\/www.grieta.org.mx\/index.php\/2020\/11\/10\/represion-policiaca-de-protesta-en-cancun-fue-planeada-red-feminista\/","url_meta":{"origin":54939,"position":0},"title":"Represi\u00f3n policiaca de protesta en Canc\u00fan fue planeada: Red Feminista","author":"grieta","date":"10 noviembre, 2020","format":false,"excerpt":"Foto Claroscuro Animal Pol\u00edtico Feministas exigieron al gobierno de Quintana Roo la destituci\u00f3n de Alberto Capella, as\u00ed como una disculpa p\u00fablica y la reparaci\u00f3n del da\u00f1o a todas las v\u00edctimas de la brutalidad policiaca. La Red Feminista Quintanarroense afirm\u00f3 que la dispersi\u00f3n con balazos de la protesta que se realiz\u00f3\u2026","rel":"","context":"En &quot;Abuso policiaco en Quintana Roo&quot;","block_context":{"text":"Abuso policiaco en Quintana Roo","link":"http:\/\/www.grieta.org.mx\/index.php\/category\/noticias-nacionales\/quintana-roo\/abuso-policiaco-en-quintana-roo\/"},"img":{"alt_text":"","src":"https:\/\/i0.wp.com\/www.grieta.org.mx\/wp-content\/uploads\/2020\/11\/policia_cancun_disparos_protesta-e1605206205211.jpeg?resize=350%2C200","width":350,"height":200,"srcset":"https:\/\/i0.wp.com\/www.grieta.org.mx\/wp-content\/uploads\/2020\/11\/policia_cancun_disparos_protesta-e1605206205211.jpeg?resize=350%2C200 1x, https:\/\/i0.wp.com\/www.grieta.org.mx\/wp-content\/uploads\/2020\/11\/policia_cancun_disparos_protesta-e1605206205211.jpeg?resize=525%2C300 1.5x, https:\/\/i0.wp.com\/www.grieta.org.mx\/wp-content\/uploads\/2020\/11\/policia_cancun_disparos_protesta-e1605206205211.jpeg?resize=700%2C400 2x"},"classes":[]},{"id":54901,"url":"http:\/\/www.grieta.org.mx\/index.php\/2020\/11\/10\/dispersan-entre-balazos-protesta-contra-feminicidio-en-q-roo\/","url_meta":{"origin":54939,"position":1},"title":"Dispersan entre balazos protesta contra feminicidio en Q.Roo","author":"grieta","date":"10 noviembre, 2020","format":false,"excerpt":"Adriana Varillas \/ El Universal Canc\u00fan.\u2014 Polic\u00edas municipales de Canc\u00fan dispararon al aire durante varios minutos para dispersar a un grupo de manifestantes, quienes protestaban a las afueras del Palacio de Gobierno en contra de la violencia de g\u00e9nero y para condenar el feminicidio de la joven Alexis, de 20\u2026","rel":"","context":"En &quot;Abuso policiaco en Quintana Roo&quot;","block_context":{"text":"Abuso policiaco en Quintana Roo","link":"http:\/\/www.grieta.org.mx\/index.php\/category\/noticias-nacionales\/quintana-roo\/abuso-policiaco-en-quintana-roo\/"},"img":{"alt_text":"","src":"https:\/\/i0.wp.com\/www.grieta.org.mx\/wp-content\/uploads\/2020\/11\/RepresionCancun.png?resize=350%2C200","width":350,"height":200,"srcset":"https:\/\/i0.wp.com\/www.grieta.org.mx\/wp-content\/uploads\/2020\/11\/RepresionCancun.png?resize=350%2C200 1x, https:\/\/i0.wp.com\/www.grieta.org.mx\/wp-content\/uploads\/2020\/11\/RepresionCancun.png?resize=525%2C300 1.5x"},"classes":[]},{"id":54904,"url":"http:\/\/www.grieta.org.mx\/index.php\/2020\/11\/10\/la-policia-de-cancun-disuelve-a-tiros-una-manifestacion-feminista\/","url_meta":{"origin":54939,"position":2},"title":"La polic\u00eda de Canc\u00fan disuelve a tiros una manifestaci\u00f3n feminista","author":"grieta","date":"10 noviembre, 2020","format":false,"excerpt":"Jacobo Garc\u00eda \/ El Pa\u00eds Los agentes irrumpen con las armas en la mano y gritos de \u201dahora si van a valer madres las pinches mujeres\". Dos periodistas son atendidos por heridas de bala Un grupo de unos 50 polic\u00edas municipales de Canc\u00fan disolvieron a tiros este lunes una manifestaci\u00f3n\u2026","rel":"","context":"En &quot;Abuso policiaco en Quintana Roo&quot;","block_context":{"text":"Abuso policiaco en Quintana Roo","link":"http:\/\/www.grieta.org.mx\/index.php\/category\/noticias-nacionales\/quintana-roo\/abuso-policiaco-en-quintana-roo\/"},"img":{"alt_text":"","src":"https:\/\/i0.wp.com\/www.grieta.org.mx\/wp-content\/uploads\/2018\/03\/14524434_1106112876131411_958039263622046936_o.jpg?resize=350%2C200","width":350,"height":200,"srcset":"https:\/\/i0.wp.com\/www.grieta.org.mx\/wp-content\/uploads\/2018\/03\/14524434_1106112876131411_958039263622046936_o.jpg?resize=350%2C200 1x, https:\/\/i0.wp.com\/www.grieta.org.mx\/wp-content\/uploads\/2018\/03\/14524434_1106112876131411_958039263622046936_o.jpg?resize=525%2C300 1.5x, https:\/\/i0.wp.com\/www.grieta.org.mx\/wp-content\/uploads\/2018\/03\/14524434_1106112876131411_958039263622046936_o.jpg?resize=700%2C400 2x"},"classes":[]},{"id":56198,"url":"http:\/\/www.grieta.org.mx\/index.php\/2021\/01\/09\/feministas-se-manifiestan-para-recordar-represion-policial-en-cancun\/","url_meta":{"origin":54939,"position":3},"title":"Feministas se manifiestan para recordar represi\u00f3n policial en Canc\u00fan","author":"grieta","date":"9 enero, 2021","format":false,"excerpt":"Alonso Cupul \/ MegaNews CANC\u00daN.- Nuevamente el Palacio Municipal de Benito Ju\u00e1rez y la Plaza de la Reforma, se convirtieron en el escenario de una manifestaci\u00f3n feminista para recordar la represi\u00f3n policial del pasado 9 de noviembre del 2020, cuando decenas de mujeres y hombres ped\u00edan justicia por los feminicidios.\u2026","rel":"","context":"En &quot;CINTILLO&quot;","block_context":{"text":"CINTILLO","link":"http:\/\/www.grieta.org.mx\/index.php\/category\/cintillo\/"},"img":{"alt_text":"","src":"https:\/\/i0.wp.com\/www.grieta.org.mx\/wp-content\/uploads\/2021\/01\/FeministasCancun.png?resize=350%2C200","width":350,"height":200,"srcset":"https:\/\/i0.wp.com\/www.grieta.org.mx\/wp-content\/uploads\/2021\/01\/FeministasCancun.png?resize=350%2C200 1x, https:\/\/i0.wp.com\/www.grieta.org.mx\/wp-content\/uploads\/2021\/01\/FeministasCancun.png?resize=525%2C300 1.5x, https:\/\/i0.wp.com\/www.grieta.org.mx\/wp-content\/uploads\/2021\/01\/FeministasCancun.png?resize=700%2C400 2x"},"classes":[]},{"id":64553,"url":"http:\/\/www.grieta.org.mx\/index.php\/2022\/07\/07\/denuncian-colectivos-feministas-cinco-anos-de-simulaciones-en-la-atencion-de-alerta-de-violencia-de-genero-contra-la-mujer-emitida-para-7-de-los-11-municipios-de-quintana-roo\/","url_meta":{"origin":54939,"position":4},"title":"Denuncian colectivos feministas cinco a\u00f1os de simulaciones en la atenci\u00f3n de Alerta de Violencia de G\u00e9nero contra la Mujer emitida para 7 de los 11 municipios de Quintana Roo","author":"grieta","date":"7 julio, 2022","format":false,"excerpt":"Rafael Brice\u00f1o \/ Noticaribe CHETUMAL, MX. \u2013 Al cumplirse este 7 de julio cinco a\u00f1os de la emisi\u00f3n de la alerta de Violencia de G\u00e9nero contra las Mujeres para siete de los 11 municipios de Quintana Roo, colectivos denunciaron que el contexto feminicida no ha disminuido y que al contrario\u2026","rel":"","context":"En &quot;CINTILLO&quot;","block_context":{"text":"CINTILLO","link":"http:\/\/www.grieta.org.mx\/index.php\/category\/cintillo\/"},"img":{"alt_text":"","src":"https:\/\/i0.wp.com\/www.grieta.org.mx\/wp-content\/uploads\/2022\/08\/Feminicidios-e1659649098230.png?resize=350%2C200","width":350,"height":200,"srcset":"https:\/\/i0.wp.com\/www.grieta.org.mx\/wp-content\/uploads\/2022\/08\/Feminicidios-e1659649098230.png?resize=350%2C200 1x, https:\/\/i0.wp.com\/www.grieta.org.mx\/wp-content\/uploads\/2022\/08\/Feminicidios-e1659649098230.png?resize=525%2C300 1.5x, https:\/\/i0.wp.com\/www.grieta.org.mx\/wp-content\/uploads\/2022\/08\/Feminicidios-e1659649098230.png?resize=700%2C400 2x"},"classes":[]},{"id":55158,"url":"http:\/\/www.grieta.org.mx\/index.php\/2020\/11\/14\/yucatecas-se-manifiestan-por-la-represion-policial-ocurrida-en-cancun\/","url_meta":{"origin":54939,"position":5},"title":"Yucatecas se manifiestan por la represi\u00f3n policial ocurrida en Canc\u00fan","author":"grieta","date":"14 noviembre, 2020","format":false,"excerpt":"Lilia Balam \/ Informe Fracto Entre consignas, expresaron su solidaridad con las v\u00edctimas de las agresiones policiales y con las familias de mujeres asesinadas en Quintana Roo. M\u00e9rida, Yucat\u00e1n, 14 de noviembre del 2020.- Al grito de \u201c\u00a1Quintana Roo feminicida!\u201d, yucatecas protestaron frente al Palacio de Gobierno por la represi\u00f3n\u2026","rel":"","context":"En &quot;CINTILLO&quot;","block_context":{"text":"CINTILLO","link":"http:\/\/www.grieta.org.mx\/index.php\/category\/cintillo\/"},"img":{"alt_text":"","src":"https:\/\/i0.wp.com\/www.grieta.org.mx\/wp-content\/uploads\/2020\/11\/77e7ceb5-efed-4def-bd71-e120f5d7449e-e1605541815638.jpg?resize=350%2C200","width":350,"height":200,"srcset":"https:\/\/i0.wp.com\/www.grieta.org.mx\/wp-content\/uploads\/2020\/11\/77e7ceb5-efed-4def-bd71-e120f5d7449e-e1605541815638.jpg?resize=350%2C200 1x, https:\/\/i0.wp.com\/www.grieta.org.mx\/wp-content\/uploads\/2020\/11\/77e7ceb5-efed-4def-bd71-e120f5d7449e-e1605541815638.jpg?resize=525%2C300 1.5x, https:\/\/i0.wp.com\/www.grieta.org.mx\/wp-content\/uploads\/2020\/11\/77e7ceb5-efed-4def-bd71-e120f5d7449e-e1605541815638.jpg?resize=700%2C400 2x"},"classes":[]}],"_links":{"self":[{"href":"http:\/\/www.grieta.org.mx\/index.php\/wp-json\/wp\/v2\/posts\/54939","targetHints":{"allow":["GET"]}}],"collection":[{"href":"http:\/\/www.grieta.org.mx\/index.php\/wp-json\/wp\/v2\/posts"}],"about":[{"href":"http:\/\/www.grieta.org.mx\/index.php\/wp-json\/wp\/v2\/types\/post"}],"author":[{"embeddable":true,"href":"http:\/\/www.grieta.org.mx\/index.php\/wp-json\/wp\/v2\/users\/2"}],"replies":[{"embeddable":true,"href":"http:\/\/www.grieta.org.mx\/index.php\/wp-json\/wp\/v2\/comments?post=54939"}],"version-history":[{"count":1,"href":"http:\/\/www.grieta.org.mx\/index.php\/wp-json\/wp\/v2\/posts\/54939\/revisions"}],"predecessor-version":[{"id":54943,"href":"http:\/\/www.grieta.org.mx\/index.php\/wp-json\/wp\/v2\/posts\/54939\/revisions\/54943"}],"wp:featuredmedia":[{"embeddable":true,"href":"http:\/\/www.grieta.org.mx\/index.php\/wp-json\/wp\/v2\/media\/54940"}],"wp:attachment":[{"href":"http:\/\/www.grieta.org.mx\/index.php\/wp-json\/wp\/v2\/media?parent=54939"}],"wp:term":[{"taxonomy":"category","embeddable":true,"href":"http:\/\/www.grieta.org.mx\/index.php\/wp-json\/wp\/v2\/categories?post=54939"},{"taxonomy":"post_tag","embeddable":true,"href":"http:\/\/www.grieta.org.mx\/index.php\/wp-json\/wp\/v2\/tags?post=54939"}],"curies":[{"name":"wp","href":"https:\/\/api.w.org\/{rel}","templated":true}]}}