{"id":54919,"date":"2020-11-10T08:45:55","date_gmt":"2020-11-10T14:45:55","guid":{"rendered":"http:\/\/www.grieta.org.mx\/?p=54919"},"modified":"2020-11-14T23:40:27","modified_gmt":"2020-11-15T05:40:27","slug":"los-zapatistas-denuncian-el-secuestro-de-un-base-de-apoyo-por-paramilitares-de-la-orcao","status":"publish","type":"post","link":"http:\/\/www.grieta.org.mx\/index.php\/2020\/11\/10\/los-zapatistas-denuncian-el-secuestro-de-un-base-de-apoyo-por-paramilitares-de-la-orcao\/","title":{"rendered":"LOS ZAPATISTAS DENUNCIAN EL SECUESTRO DE UN BASE DE APOYO POR PARAMILITARES DE LA ORCAO"},"content":{"rendered":"<p>&nbsp;<\/p>\n<p><strong><img loading=\"lazy\" decoding=\"async\" data-attachment-id=\"54921\" data-permalink=\"http:\/\/www.grieta.org.mx\/index.php\/2020\/11\/10\/los-zapatistas-denuncian-el-secuestro-de-un-base-de-apoyo-por-paramilitares-de-la-orcao\/com-2\/\" data-orig-file=\"http:\/\/www.grieta.org.mx\/wp-content\/uploads\/2020\/11\/Com.png\" data-orig-size=\"328,357\" data-comments-opened=\"0\" data-image-meta=\"{&quot;aperture&quot;:&quot;0&quot;,&quot;credit&quot;:&quot;&quot;,&quot;camera&quot;:&quot;&quot;,&quot;caption&quot;:&quot;&quot;,&quot;created_timestamp&quot;:&quot;0&quot;,&quot;copyright&quot;:&quot;&quot;,&quot;focal_length&quot;:&quot;0&quot;,&quot;iso&quot;:&quot;0&quot;,&quot;shutter_speed&quot;:&quot;0&quot;,&quot;title&quot;:&quot;&quot;,&quot;orientation&quot;:&quot;0&quot;}\" data-image-title=\"Com\" data-image-description=\"\" data-image-caption=\"\" data-medium-file=\"http:\/\/www.grieta.org.mx\/wp-content\/uploads\/2020\/11\/Com-276x300.png\" data-large-file=\"http:\/\/www.grieta.org.mx\/wp-content\/uploads\/2020\/11\/Com.png\" class=\"wp-image-54921 aligncenter\" src=\"http:\/\/www.grieta.org.mx\/wp-content\/uploads\/2020\/11\/Com-276x300.png\" alt=\"\" width=\"491\" height=\"534\" srcset=\"http:\/\/www.grieta.org.mx\/wp-content\/uploads\/2020\/11\/Com-276x300.png 276w, http:\/\/www.grieta.org.mx\/wp-content\/uploads\/2020\/11\/Com.png 328w\" sizes=\"auto, (max-width: 491px) 100vw, 491px\" \/><\/strong><\/p>\n<p>&nbsp;<\/p>\n<p><strong>DENUNCIA DE LA JUNTA DE BUEN GOBIERNO ZAPATISTA \u201cNUEVO AMANECER EN RESISTENCIA Y REBELD\u00cdA POR LA VIDA Y LA HUMANIDAD\u201d,<br \/>\nCaracol Patria Nueva, Chiapas Zapatista.<\/strong><\/p>\n<p>&nbsp;<\/p>\n<p>10 DE NOVIEMBRE DEL 2020.<\/p>\n<p>A LAS ORGANIZACIONES DEFENSORAS DE LOS DERECHOS HUMANOS:<br \/>\nA LA SEXTA NACIONAL E INTERNACIONAL:<br \/>\nA LAS REDES EN RESISTENCIA Y REBELD\u00cdA:<\/p>\n<p>EL D\u00cdA DE HOY LES COMUNICAMOS EL SECUESTRO Y TORTURA DE UN COMPA\u00d1ERO BASE DE APOYO ZAPATISTA DE LA COMUNIDAD DE SAN ISIDRO, ANEXO DE MOIS\u00c9S GANDHI, POR PARTE DE LA ORGANIZACI\u00d3N PARAMILITAR LLAMADA ORCAO, EL DIA 8 DE NOVIEMBRE DE ESTE 2020.<\/p>\n<p>DESDE HACE M\u00c1S DE UN A\u00d1O, LOS ORCAISTAS HAN ESTADO CAUSANDO DA\u00d1OS A NUESTRAS CASAS.\u00a0 DE ESTOS MALES QUE HACEN ESTOS PARAMILITARES, SON TESTIGOS DISTINTAS ORGANIZACIONES DEFENSORAS DE LOS DERECHOS HUMANOS TALES COMO EL FRAYBA, CORECO, SERAPAZ Y OTRAS.<\/p>\n<p>DE D\u00cdA Y DE NOCHE, ESTOS ORCAISTAS ATACAN CON DISPAROS DE ARMAS DE FUEGO EN CONTRA DE LA COMUNIDAD DE MOIS\u00c9S GANDHI, Y EL MAL GOBIERNO LO SABE Y NADA HACE PARA CONTROLAR A SUS MATONES.\u00a0 AL CONTRARIO, LOS PROTEGEN Y AYUDAN.<\/p>\n<p>TODAS ESTAS AGRESIONES LAS CONOCEN EN LOS TRES NIVELES DE LOS MALOS GOBIERNOS.\u00a0 LO SABEN SUS EMPLEADOS COMO JOSEFINA BRAVO Y RAM\u00d3N MART\u00cdNEZ, Y ESTOS MANDADEROS DE LOS MALOS GOBIERNOS LO CAMBIAN LA PALABRA Y DICEN QUE LOS ZAPATISTAS SOMOS LOS PROVOCADORES Y QUE POBRECITOS PARAMILITARES DE ORCAO.<\/p>\n<p>SE HA DICHO QUE INVESTIGUEN, PERO SE HACEN C\u00d3MPLICES PORQUE ESTE GOBIERNO ES IGUAL QUE LOS ANTERIORES.\u00a0 NADA CAMBIA EN LOS HECHOS Y PURO ROLLO DE CAMBIO PERO SON LOS MISMO ATAQUES.\u00a0 Y SON LAS MISMAS MENTIRAS DE ANTES DE ESTOS FUNCIONARIOS MENTIROSOS QUE S\u00d3LO EST\u00c1N SENTADOS EN SUS OFICINAS Y COBRANDO SU BUENA PAGA POR HACER NADA.<\/p>\n<p>LO \u00daLTIMO DE ESTA ALIANZA CRIMINAL ENTRE LOS PARAMILITARES DE ORCAO Y LOS GOBIERNOS FEDERAL DE L\u00d3PEZ OBRADOR, ESTATAL DE RUTILIO ESCAND\u00d3N Y LOS MUNICIPALES OFICIALES DE OCOSINGO Y ALTAMIRANO, ES LO QUE HICIERON ESTE D\u00cdA 8 DE NOVIEMBRE DEL 2020,<\/p>\n<p>A UNOS CUANTOS METROS DE DONDE ANTES QUEMARON Y SAQUEARON NUESTRA TIENDA COOPERATIVA EN CUXULJ\u00c1, COMO SE PUDO VER EN SU MOMENTO Y QUE HASTA LA FECHA EL MAL GOBIERNO NO HA HECHO NADA.<\/p>\n<p>ESTE 8 DE NOVIEMBRE DEL 2020, ALREDEDOR DE LAS 1530 HORAS, 20 PARAMILITARES DEL ORCAO, SECUESTRARON Y GOLPEARON A NUESTRO COMPA\u00d1ERO BASE DE APOYO\u00a0<em>FELIX L\u00d3PEZ HERN\u00c1NDEZ<\/em>.\u00a0 LOS ORCAISTAS SE LO LLEVARON CON RUMBO DESCONOCIDO Y LO MANTIENEN AMARRADO, ENCERRADO, SIN AGUA Y SIN ALIMENTOS.<\/p>\n<p>ESTO FUE DENUNCIADO ESE MISMO D\u00cdA Y EL MAL GOBIERNO, EN LUGAR DE RESOLVER ESTE CASO DE SECUESTRO, JUSTIFICA A LOS PARAMILITARES DE ORCAO DICIENDO LA MENTIRA DE QUE LOS ZAPATISTAS FUIMOS A PROVOCAR EN SU TRABAJADERO DE LOS ORCAOS.<\/p>\n<p>ESO ES FALSO COMPLETAMENTE.\u00a0 EL COMPA\u00d1ERO VEN\u00cdA DE REGRESO DE LA CABECERA MUNICIPAL OFICIAL DE OCOSINGO Y SE DIRIG\u00cdA A SU CASA CON SU FAMILIA.<\/p>\n<p>ENTRE LOS SECUESTRADORES ORCAISTAS FUERON IDENTIFICADOS LOS SIGUIENTES:\u00a0<strong>Andr\u00e9s Santis L\u00f3pez, Nicol\u00e1s Santis L\u00f3pez, Santiago S\u00e1nchez L\u00f3pez y Oscar Santis L\u00f3pez, son gente de la comunidad de San Antonio.<\/strong><\/p>\n<p>EN LUGAR DE REPARAR SU SECUESTRO, LOS ORCAISTAS DEMANDAN QUE YA NO HAYA INUNDACIONES POR LAS LLUVIAS QUE INUTILIZAN LAS TUBER\u00cdAS, Y QUE SE REINSTALE LA LUZ QUE ELLOS, LOS ORCAISTAS, CORTARON PARA PERJUDICAR A LA COMUNIDAD DE MOIS\u00c9S GANDHI Y PASARON A PERJUDICAR A OTRAS COMUNIDADES.<\/p>\n<p>NUESTRO COMPA\u00d1ERO FELIX NO HA MALTRATADO A NADIE, NO LE DEBE NADA A NADIE, NI EST\u00c1 ROBANDO O BALACEANDO A GENTE Y PUEBLOS.\u00a0 Y ACASO NUESTRO COMPA\u00d1ERO ES DIOS PARA QUE D\u00c9 LA ORDEN DE QUE DEJE DE LLOVER O PARA DARLES UN POCO DE ENTEDIMIENTO A LOS BABOSOS ORCAISTAS QUE CORTARON LA LUZ Y PASARON A PERJUDICAR A OTRAS COMUNIDADES QUE NO SON ZAPATISTAS NI ORCAISTAS, Y AHORA ESOS ORCAISTAS SE HACEN LAS V\u00cdCTIMAS PARA TAPAR SU DELITO.<\/p>\n<p>TENEMOS INFORMACI\u00d3N DE QUE LOS ORCAISTAS DE LA COMUNIDAD DE SAN ANTONIO, RECIBIERON UNA PAGA DE PROYECTO POR PARTE DEL MAL GOBIERNO QUE SE SUPONE ERA PARA CONSTRUCCI\u00d3N DE ESCUELA PRIMARIA, PERO LOS 300 MIL PESOS FUERON USADOS PARA COMPRAR ARMAS DE ALTO CALIBRE.\u00a0 \u00bfESO HACE EL MAL GOBIERNO DE LA 4T, QUE INFORMA QUE CONSTRUYE ESCUELAS PERO EN REALIDAD FINANCIA EL ARMAMENTO DE PARAMILITARES?\u00a0 \u00bfES AS\u00cd SU PLAN CONTRAINSURGENTE?<\/p>\n<p>POR \u00daLTIMO LE DECIMOS A DON L\u00d3PEZ, A DON ESCAND\u00d3N Y A SUS FUNCIONARIOS, QUE LOS HACEMOS RESPONSABLE DE LO QUE LES PUEDA PASAR A LOS HOMBRES, MUJERES, NI\u00d1OS Y ANCIANOS ZAPATISTAS DE LAS COMUNIDADES DE MOIS\u00c9S GANDHI.<\/p>\n<p>SU DOLOR, SU SANGRE, SUS SUFRIMIENTOS VAN EN SU CUENTA.\u00a0 Y TAMBI\u00c9N VA EN SU CUENTA LO QUE VAYA A PASAR.<\/p>\n<p>EL COMPA\u00d1ERO FELIX DEBE SER LIBERADO INMEDIATAMENTE, DEBEN SER DETENIDOS Y JUZGADOS LOS SECUESTRADORES ORCAISTAS, LA ORCAO DEBE REPONER LO QUE ROB\u00d3 Y DESTRUY\u00d3 EN NUESTRA TIENDA COOPERATIVA, LA ORCAO DEBE ENTENDER QUE QUIEN JUEGA CON FUEGO, TARDE O TEMPRANO SE QUEMA.\u00a0 Y LOS MALOS GOBIERNOS DEBEN DEJAR DE ESTAR JUGANDO A LA CONTRAINSURGENCIA, Y RECORDAR QUE TODO ACABA, AS\u00cd SEAN MUY HOCICONES Y MANDONES.\u00a0 SI NO, PUES PREG\u00daNTENLE AL TRUMP.<\/p>\n<p>POR LA JUNTA DE BUEN GOBIERNO \u201cNUEVO AMANECER EN RESISTENCIA Y REBELD\u00cdA POR LA VIDA Y LA HUMANIDAD\u201d<\/p>\n<p>Caracol\u00a0<em><strong>Floreciendo la semilla rebelde<\/strong><\/em>, Patria Nueva. Chiapas,<br \/>\nM\u00e9xico, 10 de Noviembre del 2020.<\/p>\n<blockquote class=\"wp-embedded-content\" data-secret=\"7xrDYnQRPg\"><p><a href=\"http:\/\/enlacezapatista.ezln.org.mx\/2020\/11\/10\/los-zapatistas-denuncian-el-secuestro-de-un-base-de-apoyo-por-paramilitares-de-la-orcao\/\">LOS ZAPATISTAS DENUNCIAN EL SECUESTRO DE UN BASE DE APOYO POR PARAMILITARES DE LA ORCAO<\/a><\/p><\/blockquote>\n<p><iframe loading=\"lazy\" class=\"wp-embedded-content\" sandbox=\"allow-scripts\" security=\"restricted\" style=\"position: absolute; clip: rect(1px, 1px, 1px, 1px);\" title=\"\u00abLOS ZAPATISTAS DENUNCIAN EL SECUESTRO DE UN BASE DE APOYO POR PARAMILITARES DE LA ORCAO\u00bb \u2014 Enlace Zapatista\" src=\"http:\/\/enlacezapatista.ezln.org.mx\/2020\/11\/10\/los-zapatistas-denuncian-el-secuestro-de-un-base-de-apoyo-por-paramilitares-de-la-orcao\/embed\/#?secret=7xrDYnQRPg\" data-secret=\"7xrDYnQRPg\" width=\"600\" height=\"338\" frameborder=\"0\" marginwidth=\"0\" marginheight=\"0\" scrolling=\"no\"><\/iframe><\/p>\n<p>&nbsp;<\/p>\n","protected":false},"excerpt":{"rendered":"<p>&nbsp; &nbsp; DENUNCIA DE LA JUNTA DE BUEN GOBIERNO ZAPATISTA \u201cNUEVO AMANECER EN RESISTENCIA Y REBELD\u00cdA POR LA VIDA Y LA HUMANIDAD\u201d, Caracol Patria Nueva, Chiapas Zapatista. &nbsp; 10 DE &hellip; <a href=\"http:\/\/www.grieta.org.mx\/index.php\/2020\/11\/10\/los-zapatistas-denuncian-el-secuestro-de-un-base-de-apoyo-por-paramilitares-de-la-orcao\/\" class=\"more-link\">Leer m\u00e1s<\/a><\/p>\n","protected":false},"author":2,"featured_media":54922,"comment_status":"closed","ping_status":"closed","sticky":false,"template":"","format":"standard","meta":{"ngg_post_thumbnail":0,"_jetpack_newsletter_access":"","_jetpack_dont_email_post_to_subs":false,"_jetpack_newsletter_tier_id":0,"_jetpack_memberships_contains_paywalled_content":false,"_jetpack_memberships_contains_paid_content":false,"footnotes":""},"categories":[80,75,907],"tags":[469,466],"class_list":["post-54919","post","type-post","status-publish","format-standard","has-post-thumbnail","hentry","category-cintillo","category-denuncias-jbg","category-ezln-2","tag-ataque-paramilitar","tag-ezln","entry"],"jetpack_featured_media_url":"http:\/\/www.grieta.org.mx\/wp-content\/uploads\/2020\/11\/Com-1.png","jetpack_sharing_enabled":true,"jetpack_shortlink":"https:\/\/wp.me\/p7ZJR4-ehN","jetpack_likes_enabled":false,"jetpack-related-posts":[{"id":55080,"url":"http:\/\/www.grieta.org.mx\/index.php\/2020\/11\/14\/accion-en-zacatecas-en-repudio-de-los-ataques-paramilitares-a-comunidades-zapatistas\/","url_meta":{"origin":54919,"position":0},"title":"Acci\u00f3n en Zacatecas en repudio de los ataques paramilitares a comunidades zapatistas","author":"grieta","date":"14 noviembre, 2020","format":false,"excerpt":"Colectivo Grieta Zacatecas, Zac. Mi\u00e9rcoles 11 de noviembre 2020. \u00a0En Zacatecas, colectivos salieron a las calles para movilizarse por la denuncia de la Junta de Buen Gobierno Zapatista \u201cNuevo Amanecer en resistencia y Rebeld\u00eda por la Vida y la Humanidad\u201d, Caracol Patria Nueva. Realizaron pegas de carteles y difusi\u00f3n del\u2026","rel":"","context":"En &quot;Alto a la Guerra contra los pueblos zapatistas&quot;","block_context":{"text":"Alto a la Guerra contra los pueblos zapatistas","link":"http:\/\/www.grieta.org.mx\/index.php\/category\/redes-de-resistencia-y-rebeldia\/contra-la-guerra-al-ezln\/"},"img":{"alt_text":"","src":"https:\/\/i0.wp.com\/www.grieta.org.mx\/wp-content\/uploads\/2020\/11\/photo_2020-11-13_23-57-49.png?resize=350%2C200","width":350,"height":200},"classes":[]},{"id":55202,"url":"http:\/\/www.grieta.org.mx\/index.php\/2020\/11\/16\/acciones-en-culiacan-los-mochis-y-escuinapa-sinaloa-en-repudio-a-los-ataques-paramilitares-en-contra-de-las-comunidades-zapatistas\/","url_meta":{"origin":54919,"position":1},"title":"Acciones en Culiac\u00e1n, Los Mochis y Escuinapa Sinaloa en repudio a los ataques paramilitares en contra de las comunidades zapatistas","author":"grieta","date":"16 noviembre, 2020","format":false,"excerpt":"Colectivo Grieta El pasado 10 de novimebre la JUNTA DE BUEN GOBIERNO ZAPATISTA \u201cNUEVO AMANECER EN RESISTENCIA Y REBELD\u00cdA POR LA VIDA Y LA HUMANIDAD\u201d dio a conocer una denuncia en la que se hac\u00edan publicos los ataques de la organizaci\u00f3n paramilitar ORCAO en contra de un compa\u00f1ero base de\u2026","rel":"","context":"En &quot;Alto a la Guerra contra los pueblos zapatistas&quot;","block_context":{"text":"Alto a la Guerra contra los pueblos zapatistas","link":"http:\/\/www.grieta.org.mx\/index.php\/category\/redes-de-resistencia-y-rebeldia\/contra-la-guerra-al-ezln\/"},"img":{"alt_text":"","src":"https:\/\/i0.wp.com\/www.grieta.org.mx\/wp-content\/uploads\/2020\/11\/photo_2020-11-16_23-02-53-1.jpg?resize=350%2C200","width":350,"height":200,"srcset":"https:\/\/i0.wp.com\/www.grieta.org.mx\/wp-content\/uploads\/2020\/11\/photo_2020-11-16_23-02-53-1.jpg?resize=350%2C200 1x, https:\/\/i0.wp.com\/www.grieta.org.mx\/wp-content\/uploads\/2020\/11\/photo_2020-11-16_23-02-53-1.jpg?resize=525%2C300 1.5x, https:\/\/i0.wp.com\/www.grieta.org.mx\/wp-content\/uploads\/2020\/11\/photo_2020-11-16_23-02-53-1.jpg?resize=700%2C400 2x, https:\/\/i0.wp.com\/www.grieta.org.mx\/wp-content\/uploads\/2020\/11\/photo_2020-11-16_23-02-53-1.jpg?resize=1050%2C600 3x"},"classes":[]},{"id":55126,"url":"http:\/\/www.grieta.org.mx\/index.php\/2020\/11\/15\/accion-en-la-laguna-en-repudio-a-las-agresiones-paramilitares-de-la-orcao-en-contra-de-comunidades-zapatistas\/","url_meta":{"origin":54919,"position":2},"title":"Acci\u00f3n en La Laguna en repudio a las agresiones paramilitares de la ORCAO en contra de comunidades zapatistas","author":"grieta","date":"15 noviembre, 2020","format":false,"excerpt":"\u00a0 Colectivo Grieta El jueves 12 de noviembre, la Red de Resistencia y Rebeld\u00eda Laguna organiz\u00f3 una pega de carteles exigiendo el alto a los ataques cometidos en d\u00edas pasados en contra de la comunidad zapatista Mois\u00e9s y Gandhi por parte de la organizaci\u00f3n paramilitar ORCAO en complicidad de los\u2026","rel":"","context":"En &quot;Alto a la Guerra contra los pueblos zapatistas&quot;","block_context":{"text":"Alto a la Guerra contra los pueblos zapatistas","link":"http:\/\/www.grieta.org.mx\/index.php\/category\/redes-de-resistencia-y-rebeldia\/contra-la-guerra-al-ezln\/"},"img":{"alt_text":"","src":"https:\/\/i0.wp.com\/www.grieta.org.mx\/wp-content\/uploads\/2020\/11\/photo_2020-11-14_23-44-20.jpg?resize=350%2C200","width":350,"height":200,"srcset":"https:\/\/i0.wp.com\/www.grieta.org.mx\/wp-content\/uploads\/2020\/11\/photo_2020-11-14_23-44-20.jpg?resize=350%2C200 1x, https:\/\/i0.wp.com\/www.grieta.org.mx\/wp-content\/uploads\/2020\/11\/photo_2020-11-14_23-44-20.jpg?resize=525%2C300 1.5x, https:\/\/i0.wp.com\/www.grieta.org.mx\/wp-content\/uploads\/2020\/11\/photo_2020-11-14_23-44-20.jpg?resize=700%2C400 2x"},"classes":[]},{"id":55120,"url":"http:\/\/www.grieta.org.mx\/index.php\/2020\/11\/14\/accion-en-san-luis-potosi-en-repudio-a-los-ataques-paramilitares-de-la-orcao-en-contra-de-comunidades-zapatistas\/","url_meta":{"origin":54919,"position":3},"title":"Acci\u00f3n en San Luis Potos\u00ed en repudio a los ataques paramilitares de la ORCAO en contra de comunidades zapatistas","author":"grieta","date":"14 noviembre, 2020","format":false,"excerpt":"Colectivo Grieta Colectivos de la Red de Resistencia y Rebeld\u00eda de San Luis Potos\u00ed, realizaron un tendedero de denuncias para manifestar el rechazo a los recientes ataques del grupo paramilitar ORCAO a las comunidades de zapatistas y bases de apoyo en el Municipio Aut\u00f3nomo en Rebeld\u00eda Mois\u00e9s Gandhi. La ORCAO\u2026","rel":"","context":"En &quot;Alto a la Guerra contra los pueblos zapatistas&quot;","block_context":{"text":"Alto a la Guerra contra los pueblos zapatistas","link":"http:\/\/www.grieta.org.mx\/index.php\/category\/redes-de-resistencia-y-rebeldia\/contra-la-guerra-al-ezln\/"},"img":{"alt_text":"","src":"https:\/\/i0.wp.com\/www.grieta.org.mx\/wp-content\/uploads\/2020\/11\/photo_2020-11-14_23-24-54.jpg?resize=350%2C200","width":350,"height":200,"srcset":"https:\/\/i0.wp.com\/www.grieta.org.mx\/wp-content\/uploads\/2020\/11\/photo_2020-11-14_23-24-54.jpg?resize=350%2C200 1x, https:\/\/i0.wp.com\/www.grieta.org.mx\/wp-content\/uploads\/2020\/11\/photo_2020-11-14_23-24-54.jpg?resize=525%2C300 1.5x"},"classes":[]},{"id":54969,"url":"http:\/\/www.grieta.org.mx\/index.php\/2020\/11\/12\/marchan-en-la-ciudad-de-mexico-para-protestar-contra-las-agresiones-paramilitares-y-la-guerra-del-mal-gobierno-contra-las-comunidades-zapatistas\/","url_meta":{"origin":54919,"position":4},"title":"Marchan en la Ciudad de M\u00e9xico para denunciar la guerra del mal gobierno y las agresiones paramilitares contra las comunidades zapatistas","author":"grieta","date":"12 noviembre, 2020","format":false,"excerpt":"Granaderos del gobierno local impiden al contingente el paso hacia el Palacio Nacional. Colectivo Grieta Ciudad de M\u00e9xico, 11 de noviembre.- Un d\u00eda despu\u00e9s de que los integrantes de la Junta de Buen Gobierno \"NUEVO AMANECER EN RESISTENCIA Y REBELD\u00cdA POR LA VIDA Y LA HUMANIDAD\" denunciaran el secuestro y\u2026","rel":"","context":"En &quot;Alto a la Guerra contra los pueblos zapatistas&quot;","block_context":{"text":"Alto a la Guerra contra los pueblos zapatistas","link":"http:\/\/www.grieta.org.mx\/index.php\/category\/redes-de-resistencia-y-rebeldia\/contra-la-guerra-al-ezln\/"},"img":{"alt_text":"","src":"https:\/\/i0.wp.com\/www.grieta.org.mx\/wp-content\/uploads\/2020\/11\/photo_2020-11-11_21-01-04.jpg?resize=350%2C200","width":350,"height":200,"srcset":"https:\/\/i0.wp.com\/www.grieta.org.mx\/wp-content\/uploads\/2020\/11\/photo_2020-11-11_21-01-04.jpg?resize=350%2C200 1x, https:\/\/i0.wp.com\/www.grieta.org.mx\/wp-content\/uploads\/2020\/11\/photo_2020-11-11_21-01-04.jpg?resize=525%2C300 1.5x, https:\/\/i0.wp.com\/www.grieta.org.mx\/wp-content\/uploads\/2020\/11\/photo_2020-11-11_21-01-04.jpg?resize=700%2C400 2x, https:\/\/i0.wp.com\/www.grieta.org.mx\/wp-content\/uploads\/2020\/11\/photo_2020-11-11_21-01-04.jpg?resize=1050%2C600 3x"},"classes":[]},{"id":55196,"url":"http:\/\/www.grieta.org.mx\/index.php\/2020\/11\/16\/accion-en-morelia-michoacan-en-repudio-a-los-ataques-paramilitares-en-contra-de-comunidades-zapatistas\/","url_meta":{"origin":54919,"position":5},"title":"Acci\u00f3n en Morelia, Michoac\u00e1n en repudio a los ataques paramilitares en contra de comunidades zapatistas","author":"grieta","date":"16 noviembre, 2020","format":false,"excerpt":"Colectivo Grieta Despu\u00e9s de que el d\u00eda mi\u00e9rcoles 11 de noviembre, se diera a conocer la denuncia de los ataques de la organizaci\u00f3n paramilitar ORCAO y la agresi\u00f3n y secuestro del compa\u00f1ero F\u00e9lix L\u00f3pez Hern\u00e1ndez, el viernes, 13 de noviembre, se realiz\u00f3 como actividad la pega de calcas en los\u2026","rel":"","context":"En &quot;Alto a la Guerra contra los pueblos zapatistas&quot;","block_context":{"text":"Alto a la Guerra contra los pueblos zapatistas","link":"http:\/\/www.grieta.org.mx\/index.php\/category\/redes-de-resistencia-y-rebeldia\/contra-la-guerra-al-ezln\/"},"img":{"alt_text":"","src":"https:\/\/i0.wp.com\/www.grieta.org.mx\/wp-content\/uploads\/2020\/11\/photo_2020-11-16_22-51-56-1.jpg?resize=350%2C200","width":350,"height":200},"classes":[]}],"_links":{"self":[{"href":"http:\/\/www.grieta.org.mx\/index.php\/wp-json\/wp\/v2\/posts\/54919","targetHints":{"allow":["GET"]}}],"collection":[{"href":"http:\/\/www.grieta.org.mx\/index.php\/wp-json\/wp\/v2\/posts"}],"about":[{"href":"http:\/\/www.grieta.org.mx\/index.php\/wp-json\/wp\/v2\/types\/post"}],"author":[{"embeddable":true,"href":"http:\/\/www.grieta.org.mx\/index.php\/wp-json\/wp\/v2\/users\/2"}],"replies":[{"embeddable":true,"href":"http:\/\/www.grieta.org.mx\/index.php\/wp-json\/wp\/v2\/comments?post=54919"}],"version-history":[{"count":1,"href":"http:\/\/www.grieta.org.mx\/index.php\/wp-json\/wp\/v2\/posts\/54919\/revisions"}],"predecessor-version":[{"id":54923,"href":"http:\/\/www.grieta.org.mx\/index.php\/wp-json\/wp\/v2\/posts\/54919\/revisions\/54923"}],"wp:featuredmedia":[{"embeddable":true,"href":"http:\/\/www.grieta.org.mx\/index.php\/wp-json\/wp\/v2\/media\/54922"}],"wp:attachment":[{"href":"http:\/\/www.grieta.org.mx\/index.php\/wp-json\/wp\/v2\/media?parent=54919"}],"wp:term":[{"taxonomy":"category","embeddable":true,"href":"http:\/\/www.grieta.org.mx\/index.php\/wp-json\/wp\/v2\/categories?post=54919"},{"taxonomy":"post_tag","embeddable":true,"href":"http:\/\/www.grieta.org.mx\/index.php\/wp-json\/wp\/v2\/tags?post=54919"}],"curies":[{"name":"wp","href":"https:\/\/api.w.org\/{rel}","templated":true}]}}