{"id":54861,"date":"2020-11-06T01:05:55","date_gmt":"2020-11-06T07:05:55","guid":{"rendered":"http:\/\/www.grieta.org.mx\/?p=54861"},"modified":"2020-11-09T01:22:22","modified_gmt":"2020-11-09T07:22:22","slug":"padres-de-victimas-de-la-guarderia-abc-saltaron-las-rejas-de-segob-tras-no-ser-atendidos-por-encinas-ciudad-de-mexico","status":"publish","type":"post","link":"http:\/\/www.grieta.org.mx\/index.php\/2020\/11\/06\/padres-de-victimas-de-la-guarderia-abc-saltaron-las-rejas-de-segob-tras-no-ser-atendidos-por-encinas-ciudad-de-mexico\/","title":{"rendered":"Padres de v\u00edctimas de la Guarder\u00eda ABC saltaron las rejas de SEGOB tras no ser atendidos por Encinas (Ciudad de M\u00e9xico)"},"content":{"rendered":"<p><img loading=\"lazy\" decoding=\"async\" data-attachment-id=\"54862\" data-permalink=\"http:\/\/www.grieta.org.mx\/index.php\/2020\/11\/06\/padres-de-victimas-de-la-guarderia-abc-saltaron-las-rejas-de-segob-tras-no-ser-atendidos-por-encinas-ciudad-de-mexico\/padres-de-victimas-de-la-guarderia-abc-saltaron-las-rejas-de-segob-tras-no-ser-atendidos-por-encinas-cdmx-nov\/\" data-orig-file=\"http:\/\/www.grieta.org.mx\/wp-content\/uploads\/2020\/11\/Padres-de-victimas-de-la-Guarderia-ABC-saltaron-las-rejas-de-SEGOB-tras-no-ser-atendidos-por-Encinas-cdmx-nov.jpg\" data-orig-size=\"768,432\" data-comments-opened=\"0\" data-image-meta=\"{&quot;aperture&quot;:&quot;0&quot;,&quot;credit&quot;:&quot;&quot;,&quot;camera&quot;:&quot;&quot;,&quot;caption&quot;:&quot;&quot;,&quot;created_timestamp&quot;:&quot;0&quot;,&quot;copyright&quot;:&quot;&quot;,&quot;focal_length&quot;:&quot;0&quot;,&quot;iso&quot;:&quot;0&quot;,&quot;shutter_speed&quot;:&quot;0&quot;,&quot;title&quot;:&quot;&quot;,&quot;orientation&quot;:&quot;0&quot;}\" data-image-title=\"Padres de v\u00edctimas de la Guarder\u00eda ABC saltaron las rejas de SEGOB tras no ser atendidos por Encinas cdmx nov\" data-image-description=\"\" data-image-caption=\"\" data-medium-file=\"http:\/\/www.grieta.org.mx\/wp-content\/uploads\/2020\/11\/Padres-de-victimas-de-la-Guarderia-ABC-saltaron-las-rejas-de-SEGOB-tras-no-ser-atendidos-por-Encinas-cdmx-nov-300x169.jpg\" data-large-file=\"http:\/\/www.grieta.org.mx\/wp-content\/uploads\/2020\/11\/Padres-de-victimas-de-la-Guarderia-ABC-saltaron-las-rejas-de-SEGOB-tras-no-ser-atendidos-por-Encinas-cdmx-nov.jpg\" class=\"alignnone  wp-image-54862\" src=\"http:\/\/www.grieta.org.mx\/wp-content\/uploads\/2020\/11\/Padres-de-victimas-de-la-Guarderia-ABC-saltaron-las-rejas-de-SEGOB-tras-no-ser-atendidos-por-Encinas-cdmx-nov.jpg\" alt=\"\" width=\"641\" height=\"361\" srcset=\"http:\/\/www.grieta.org.mx\/wp-content\/uploads\/2020\/11\/Padres-de-victimas-de-la-Guarderia-ABC-saltaron-las-rejas-de-SEGOB-tras-no-ser-atendidos-por-Encinas-cdmx-nov.jpg 768w, http:\/\/www.grieta.org.mx\/wp-content\/uploads\/2020\/11\/Padres-de-victimas-de-la-Guarderia-ABC-saltaron-las-rejas-de-SEGOB-tras-no-ser-atendidos-por-Encinas-cdmx-nov-300x169.jpg 300w\" sizes=\"auto, (max-width: 641px) 100vw, 641px\" \/><\/p>\n<h6>Padres de familia de v\u00edctimas de la Guarder\u00eda ABC se treparon las rejas de las oficinas de SEGOB luego de cinco d\u00edas de plant\u00f3n (Foto: Cuartoscuro)<\/h6>\n<p>Infobae<\/p>\n<blockquote><p>Se colaron y colocaron cruces con los nombres de sus hijos en la explanada conocida como \u201cLa Caballeriza\u201d<\/p><\/blockquote>\n<p class=\"font_tertiary paragraph\">Despu\u00e9s de cinco d\u00edas de protestas frente a la Secretar\u00eda de Gobernaci\u00f3n (<b>SEGOB<\/b>), <b>padres de v\u00edctimas del incendio de la Guarder\u00eda ABC escalaron las rejas de la dependencia luego de no ser atendidos por las autoridades<\/b>.<\/p>\n<p class=\"font_tertiary paragraph\">Las 27 familias que se encontraban en las inmediaciones de la SEGOB <b>se colaron por la entrada ubicada en la calle Abraham Gonz\u00e1lez. <\/b>Se quedaron en una de las \u00e1reas de estacionamiento de la secretar\u00eda. Asimismo, <b>colocaron cruces con los nombres de sus hijos en la explanada conocida como \u201cLa Caballeriza\u201d<\/b>.<\/p>\n<p class=\"font_tertiary paragraph\">Los padres y madres anunciaron m\u00e1s temprano que<b> si a las 15 horas con 10 minutos de este viernes <\/b>Alejandro Encinas &#8211; el subsecretario de Derechos Humanos- no se presentaba para atenderlos y escuchar sus exigencias, <b>entrar\u00edan a la fuerza al recinto federal<\/b>.<\/p>\n<p><img loading=\"lazy\" decoding=\"async\" data-attachment-id=\"54863\" data-permalink=\"http:\/\/www.grieta.org.mx\/index.php\/2020\/11\/06\/padres-de-victimas-de-la-guarderia-abc-saltaron-las-rejas-de-segob-tras-no-ser-atendidos-por-encinas-ciudad-de-mexico\/326g7vs5xrd2fn45xmrw7gsmpe\/\" data-orig-file=\"http:\/\/www.grieta.org.mx\/wp-content\/uploads\/2020\/11\/326G7VS5XRD2FN45XMRW7GSMPE.jpg\" data-orig-size=\"768,432\" data-comments-opened=\"0\" data-image-meta=\"{&quot;aperture&quot;:&quot;0&quot;,&quot;credit&quot;:&quot;&quot;,&quot;camera&quot;:&quot;&quot;,&quot;caption&quot;:&quot;&quot;,&quot;created_timestamp&quot;:&quot;0&quot;,&quot;copyright&quot;:&quot;&quot;,&quot;focal_length&quot;:&quot;0&quot;,&quot;iso&quot;:&quot;0&quot;,&quot;shutter_speed&quot;:&quot;0&quot;,&quot;title&quot;:&quot;&quot;,&quot;orientation&quot;:&quot;0&quot;}\" data-image-title=\"326G7VS5XRD2FN45XMRW7GSMPE\" data-image-description=\"\" data-image-caption=\"\" data-medium-file=\"http:\/\/www.grieta.org.mx\/wp-content\/uploads\/2020\/11\/326G7VS5XRD2FN45XMRW7GSMPE-300x169.jpg\" data-large-file=\"http:\/\/www.grieta.org.mx\/wp-content\/uploads\/2020\/11\/326G7VS5XRD2FN45XMRW7GSMPE.jpg\" class=\"alignnone  wp-image-54863\" src=\"http:\/\/www.grieta.org.mx\/wp-content\/uploads\/2020\/11\/326G7VS5XRD2FN45XMRW7GSMPE.jpg\" alt=\"\" width=\"646\" height=\"364\" srcset=\"http:\/\/www.grieta.org.mx\/wp-content\/uploads\/2020\/11\/326G7VS5XRD2FN45XMRW7GSMPE.jpg 768w, http:\/\/www.grieta.org.mx\/wp-content\/uploads\/2020\/11\/326G7VS5XRD2FN45XMRW7GSMPE-300x169.jpg 300w\" sizes=\"auto, (max-width: 646px) 100vw, 646px\" \/><\/p>\n<h6>Alejandro Encinas no se present\u00f3 con los familiares, por lo que decidieron entrar a la fuerza a las oficinas de Bucareli (Foto: Cuartoscuro)<\/h6>\n<p class=\"font_tertiary paragraph\">Al no haber respuesta, <b>imitaron la acci\u00f3n realizada por Silvia Castillo y Roberto Cuello<\/b>,<b>padres que esta ma\u00f1ana escalaron la reja de las oficinas de Bucareli<\/b> y se atrincheraron en un balc\u00f3n del primer piso para <b>reclamar justicia por los casos de sus hijos, por asesinato y violaci\u00f3n, acontecidos en San Luis Potos\u00ed<\/b>.<\/p>\n<div class=\"inline | ad-wrapper display_flex align_items_center width_full justify_center\">\n<div class=\"dfpAd   \n            display_inline_block ad_margin_wrapper text--center\"><\/p>\n<div id=\"america\/mexico\/nota\/inline\" class=\"america\/mexico\/nota\/inline arcad\"><\/div>\n<\/div>\n<\/div>\n<p class=\"font_tertiary paragraph\">El pasado martes 3 de noviembre, <b>Alejandro Encinas<\/b> public\u00f3 un comunicado donde<b>afirmaba que 27 familiares de v\u00edctimas de la Guarder\u00eda ABC fueron a las instalaciones de la SEGOB para solicitar el pago de las compensaciones econ\u00f3micas faltantes<\/b> por la Comisi\u00f3n Ejecutiva de Atenci\u00f3n a V\u00edctimas (CEAV).<\/p>\n<p class=\"font_tertiary paragraph\">De acuerdo con el funcionario, <b>fueron atendidos por personal de la Subsecretar\u00eda de Derechos Humanos, Poblaci\u00f3n y Migraci\u00f3n y de la CEAV<\/b>.<\/p>\n<div class=\"Ad_2 | ad-wrapper display_flex align_items_center width_full justify_center\">\n<div class=\"dfpAd  hidden-tablet hidden-desktop \n            display_inline_block ad_margin_wrapper ad_big_margin_bottom_wrapper text--center\"><\/p>\n<div id=\"america\/mexico\/nota\/Ad_2\" class=\"america\/mexico\/nota\/Ad_2 arcad\"><\/div>\n<\/div>\n<\/div>\n<p class=\"font_tertiary paragraph\">\u201cSe acord\u00f3 <b>revisar cada uno de sus expedientes,<\/b> as\u00ed como trazar una ruta de resoluci\u00f3n;<b>26 de estos n\u00facleos familiares recibieron ya del Estado mexicano una compensaci\u00f3n como parte de la reparaci\u00f3n integral.<\/b> Sin embargo, las sumas fueron litigadas, por lo que<b>se encuentran en espera de la sentencia definitiva del Poder Judicial<\/b> para que \u00e9stos sean pagados a la brevedad\u201d, se lee en el comunicado del 3 de noviembre.<\/p>\n<p><img loading=\"lazy\" decoding=\"async\" data-attachment-id=\"54864\" data-permalink=\"http:\/\/www.grieta.org.mx\/index.php\/2020\/11\/06\/padres-de-victimas-de-la-guarderia-abc-saltaron-las-rejas-de-segob-tras-no-ser-atendidos-por-encinas-ciudad-de-mexico\/tnr7mpom55g2jjg36tzvannmoy\/\" data-orig-file=\"http:\/\/www.grieta.org.mx\/wp-content\/uploads\/2020\/11\/TNR7MPOM55G2JJG36TZVANNMOY.jpg\" data-orig-size=\"768,432\" data-comments-opened=\"0\" data-image-meta=\"{&quot;aperture&quot;:&quot;0&quot;,&quot;credit&quot;:&quot;&quot;,&quot;camera&quot;:&quot;&quot;,&quot;caption&quot;:&quot;&quot;,&quot;created_timestamp&quot;:&quot;0&quot;,&quot;copyright&quot;:&quot;&quot;,&quot;focal_length&quot;:&quot;0&quot;,&quot;iso&quot;:&quot;0&quot;,&quot;shutter_speed&quot;:&quot;0&quot;,&quot;title&quot;:&quot;&quot;,&quot;orientation&quot;:&quot;0&quot;}\" data-image-title=\"TNR7MPOM55G2JJG36TZVANNMOY\" data-image-description=\"\" data-image-caption=\"\" data-medium-file=\"http:\/\/www.grieta.org.mx\/wp-content\/uploads\/2020\/11\/TNR7MPOM55G2JJG36TZVANNMOY-300x169.jpg\" data-large-file=\"http:\/\/www.grieta.org.mx\/wp-content\/uploads\/2020\/11\/TNR7MPOM55G2JJG36TZVANNMOY.jpg\" class=\"alignnone  wp-image-54864\" src=\"http:\/\/www.grieta.org.mx\/wp-content\/uploads\/2020\/11\/TNR7MPOM55G2JJG36TZVANNMOY.jpg\" alt=\"\" width=\"638\" height=\"359\" srcset=\"http:\/\/www.grieta.org.mx\/wp-content\/uploads\/2020\/11\/TNR7MPOM55G2JJG36TZVANNMOY.jpg 768w, http:\/\/www.grieta.org.mx\/wp-content\/uploads\/2020\/11\/TNR7MPOM55G2JJG36TZVANNMOY-300x169.jpg 300w\" sizes=\"auto, (max-width: 638px) 100vw, 638px\" \/><\/p>\n<h6>Padres de familias v\u00edctimas de la Guarder\u00eda ABC le exigieron a Andr\u00e9s Manuel L\u00f3pez Obrador cumplir con el decreto de pensi\u00f3n y atenci\u00f3n m\u00e9dica vitalicia a principios de octubre (Foto: Cuartoscuro)<\/h6>\n<p class=\"font_tertiary paragraph\">Posteriormente, el jueves 5 de noviembre, la <b>CEAV<\/b> emiti\u00f3 un comunicado. En \u00e9l, <b>reiter\u00f3 su apertura al di\u00e1logo y su compromiso para garantizar la reparaci\u00f3n integral de los familiares de la Guarder\u00eda ABC<\/b>.<\/p>\n<div class=\"Ad_3 | ad-wrapper display_flex align_items_center width_full justify_center\">\n<div class=\"dfpAd  hidden-tablet hidden-desktop \n            display_inline_block ad_margin_wrapper ad_big_margin_bottom_wrapper text--center\"><\/p>\n<div id=\"america\/mexico\/nota\/Ad_3\" class=\"america\/mexico\/nota\/Ad_3 arcad\"><\/div>\n<\/div>\n<\/div>\n<p class=\"font_tertiary paragraph\">En el cuerpo de texto, se inform\u00f3 que <b>a lo largo del tiempo, las familias han recibido ayuda, asistencia y reparaci\u00f3n por parte del Estado mexicano<\/b>. En este sentido, anunciaron que <b>han emitido 21 resoluciones para determinar el plan complementario de reparaci\u00f3n del da\u00f1o<\/b>, el cual incluye una compensaci\u00f3n econ\u00f3mica, <b>situaci\u00f3n impugnada por las familias por estar en desacuerdo<\/b>.<\/p>\n<p class=\"font_tertiary paragraph\">A principios de octubre de 2020, <b>padres de familias v\u00edctimas de la Guarder\u00eda ABC le exigieron a Andr\u00e9s Manuel L\u00f3pez Obrador cumplir con el decreto acordado<\/b>, donde se les asegura una pensi\u00f3n y atenci\u00f3n m\u00e9dica vitalicia.<\/p>\n<p class=\"font_tertiary paragraph\">Asimismo, durante la <b>manifestaci\u00f3n efectuada en el estadio H\u00e9ctor Espino<\/b>, en Hermosillo, Sonora, solicitaron que s<b>e hagan efectivos los 25 amparos ganados a la CEAV<\/b>.<\/p>\n<p><img loading=\"lazy\" decoding=\"async\" data-attachment-id=\"54865\" data-permalink=\"http:\/\/www.grieta.org.mx\/index.php\/2020\/11\/06\/padres-de-victimas-de-la-guarderia-abc-saltaron-las-rejas-de-segob-tras-no-ser-atendidos-por-encinas-ciudad-de-mexico\/qaa36wpvi5erlnxjq2vi2u5qvi\/\" data-orig-file=\"http:\/\/www.grieta.org.mx\/wp-content\/uploads\/2020\/11\/QAA36WPVI5ERLNXJQ2VI2U5QVI.jpg\" data-orig-size=\"768,432\" data-comments-opened=\"0\" data-image-meta=\"{&quot;aperture&quot;:&quot;0&quot;,&quot;credit&quot;:&quot;&quot;,&quot;camera&quot;:&quot;&quot;,&quot;caption&quot;:&quot;&quot;,&quot;created_timestamp&quot;:&quot;0&quot;,&quot;copyright&quot;:&quot;&quot;,&quot;focal_length&quot;:&quot;0&quot;,&quot;iso&quot;:&quot;0&quot;,&quot;shutter_speed&quot;:&quot;0&quot;,&quot;title&quot;:&quot;&quot;,&quot;orientation&quot;:&quot;0&quot;}\" data-image-title=\"QAA36WPVI5ERLNXJQ2VI2U5QVI\" data-image-description=\"\" data-image-caption=\"\" data-medium-file=\"http:\/\/www.grieta.org.mx\/wp-content\/uploads\/2020\/11\/QAA36WPVI5ERLNXJQ2VI2U5QVI-300x169.jpg\" data-large-file=\"http:\/\/www.grieta.org.mx\/wp-content\/uploads\/2020\/11\/QAA36WPVI5ERLNXJQ2VI2U5QVI.jpg\" class=\"alignnone  wp-image-54865\" src=\"http:\/\/www.grieta.org.mx\/wp-content\/uploads\/2020\/11\/QAA36WPVI5ERLNXJQ2VI2U5QVI.jpg\" alt=\"\" width=\"622\" height=\"350\" srcset=\"http:\/\/www.grieta.org.mx\/wp-content\/uploads\/2020\/11\/QAA36WPVI5ERLNXJQ2VI2U5QVI.jpg 768w, http:\/\/www.grieta.org.mx\/wp-content\/uploads\/2020\/11\/QAA36WPVI5ERLNXJQ2VI2U5QVI-300x169.jpg 300w\" sizes=\"auto, (max-width: 622px) 100vw, 622px\" \/><\/p>\n<h6>En el incendio de la Guarder\u00eda ABC, murieron 49 ni\u00f1os y 76 resultaron con heridas graves (Foto: Cuartoscuro)<\/h6>\n<p class=\"font_tertiary paragraph\">La<b> tragedia de la Guarder\u00eda ABC ocurri\u00f3 el 5 de octubre de 2009<\/b>, cuando se inici\u00f3 un incendio dentro de las instalaciones, en las que se encontraban decenas de beb\u00e9s y ni\u00f1os tomando la siesta.<\/p>\n<div class=\"Ad_5 | ad-wrapper display_flex align_items_center width_full justify_center\">\n<div class=\"dfpAd  hidden-tablet hidden-desktop \n            display_inline_block ad_margin_wrapper ad_big_margin_bottom_wrapper text--center\"><\/p>\n<div id=\"america\/mexico\/nota\/Ad_5\" class=\"america\/mexico\/nota\/Ad_5 arcad\"><\/div>\n<\/div>\n<\/div>\n<p class=\"font_tertiary paragraph\">El siniestro comenz\u00f3 en un dep\u00f3sito de llantas aleda\u00f1o y se extendi\u00f3 hasta el techo de l\u00e1minas de la guarder\u00eda. El lugar <b>no contaba con salidas de emergencia, sistema contra incendio ni extintores; adem\u00e1s, las alarmas de humo no funcionaban y el personal docente desconoc\u00eda los protocolos de acci\u00f3n<\/b>.<\/p>\n<p class=\"font_tertiary paragraph\">Para tratar de rescatar a los menos, una camioneta se impact\u00f3 repetidas ocasiones contra la pared del lugar para hacer una salida improvisada. Sin embargo, <b>49 ni\u00f1os murieron y 76 resultaron con heridas graves<\/b>.<\/p>\n<p><a href=\"https:\/\/www.infobae.com\/america\/mexico\/2020\/11\/07\/padres-de-victimas-de-la-guarderia-abc-saltaron-las-rejas-de-segob-tras-no-ser-atendidos-por-encinas\/\" target=\"_blank\" rel=\"noopener noreferrer\">https:\/\/www.infobae.com\/america\/mexico\/2020\/11\/07\/padres-de-victimas-de-la-guarderia-abc-saltaron-las-rejas-de-segob-tras-no-ser-atendidos-por-encinas\/<\/a><\/p>\n<p>&nbsp;<\/p>\n","protected":false},"excerpt":{"rendered":"<p>Padres de familia de v\u00edctimas de la Guarder\u00eda ABC se treparon las rejas de las oficinas de SEGOB luego de cinco d\u00edas de plant\u00f3n (Foto: Cuartoscuro) Infobae Se colaron y &hellip; <a href=\"http:\/\/www.grieta.org.mx\/index.php\/2020\/11\/06\/padres-de-victimas-de-la-guarderia-abc-saltaron-las-rejas-de-segob-tras-no-ser-atendidos-por-encinas-ciudad-de-mexico\/\" class=\"more-link\">Leer m\u00e1s<\/a><\/p>\n","protected":false},"author":2,"featured_media":54862,"comment_status":"closed","ping_status":"closed","sticky":false,"template":"","format":"standard","meta":{"ngg_post_thumbnail":0,"_jetpack_newsletter_access":"","_jetpack_dont_email_post_to_subs":false,"_jetpack_newsletter_tier_id":0,"_jetpack_memberships_contains_paywalled_content":false,"_jetpack_memberships_contains_paid_content":false,"footnotes":""},"categories":[80,14,1819,1827,2065,2,83],"tags":[491,2362],"class_list":["post-54861","post","type-post","status-publish","format-standard","has-post-thumbnail","hentry","category-cintillo","category-ciudad-de-mexico","category-la-ninez-bajo-la-tormenta-capitalista-en-la-ciudad-de-mexico","category-la-ninez-en-la-tormenta-capitalista","category-movilizaciones-y-protestas-de-habitantes-de-la-ciudad-de-mexico","category-noticias-nacionales","category-temas-nacionales","tag-guarderia-abc","tag-la-ninez-en-la-tormenta","entry"],"jetpack_featured_media_url":"http:\/\/www.grieta.org.mx\/wp-content\/uploads\/2020\/11\/Padres-de-victimas-de-la-Guarderia-ABC-saltaron-las-rejas-de-SEGOB-tras-no-ser-atendidos-por-Encinas-cdmx-nov.jpg","jetpack_sharing_enabled":true,"jetpack_shortlink":"https:\/\/wp.me\/p7ZJR4-egR","jetpack_likes_enabled":false,"jetpack-related-posts":[{"id":34989,"url":"http:\/\/www.grieta.org.mx\/index.php\/2019\/06\/17\/roban-zapatos-de-bronce-colocados-por-los-padres-de-la-guarderia-abc-en-el-antimonumento-ciudad-de-mexico\/","url_meta":{"origin":54861,"position":0},"title":"Roban zapatos de bronce colocados por los padres de la Guarder\u00eda ABC en el Antimonumento (Ciudad de M\u00e9xico)","author":"grieta","date":"17 junio, 2019","format":false,"excerpt":"Los zapatos de bronce hab\u00edan sido colocados por padres y familiares de los 49 menores fallecidos en el incendio de 2009, eran r\u00e9plicas de los que usaban las ni\u00f1as y ni\u00f1os el d\u00eda del percance. Redacci\u00f3n\/ ANIMAL POL\u00cdTICO Siete de los pares de zapatos de bronce colocados en el Antimonumento\u2026","rel":"","context":"En &quot;CINTILLO&quot;","block_context":{"text":"CINTILLO","link":"http:\/\/www.grieta.org.mx\/index.php\/category\/cintillo\/"},"img":{"alt_text":"","src":"https:\/\/i0.wp.com\/www.grieta.org.mx\/wp-content\/uploads\/2019\/06\/zapatitos-ABC.jpg?resize=350%2C200","width":350,"height":200,"srcset":"https:\/\/i0.wp.com\/www.grieta.org.mx\/wp-content\/uploads\/2019\/06\/zapatitos-ABC.jpg?resize=350%2C200 1x, https:\/\/i0.wp.com\/www.grieta.org.mx\/wp-content\/uploads\/2019\/06\/zapatitos-ABC.jpg?resize=525%2C300 1.5x"},"classes":[]},{"id":55275,"url":"http:\/\/www.grieta.org.mx\/index.php\/2020\/11\/16\/no-hacen-bien-su-trabajo-acusan-papas-de-guarderia-abc-sonora\/","url_meta":{"origin":54861,"position":1},"title":"&#8216;No hacen bien su trabajo&#8217;, acusan pap\u00e1s de Guarder\u00eda ABC (Sonora)","author":"grieta","date":"16 noviembre, 2020","format":false,"excerpt":"Alberto Maytorena |\u00a0El Sol de Hermosillo Foto: El Sol de Hermosillo El presidente Andr\u00e9s Manuel L\u00f3pez Obrador rechaza mantener di\u00e1logo con los padres de los ni\u00f1os ABC que esperan se cumplan las demandas de amparo ganadas ante la Suprema Corte de Justicia de la Naci\u00f3n (SCJN), indic\u00f3 Marisol Monta\u00f1o Estrada.\u2026","rel":"","context":"En &quot;CINTILLO&quot;","block_context":{"text":"CINTILLO","link":"http:\/\/www.grieta.org.mx\/index.php\/category\/cintillo\/"},"img":{"alt_text":"","src":"https:\/\/i0.wp.com\/www.grieta.org.mx\/wp-content\/uploads\/2020\/11\/Guarderia-ABC.jpeg?resize=350%2C200","width":350,"height":200,"srcset":"https:\/\/i0.wp.com\/www.grieta.org.mx\/wp-content\/uploads\/2020\/11\/Guarderia-ABC.jpeg?resize=350%2C200 1x, https:\/\/i0.wp.com\/www.grieta.org.mx\/wp-content\/uploads\/2020\/11\/Guarderia-ABC.jpeg?resize=525%2C300 1.5x, https:\/\/i0.wp.com\/www.grieta.org.mx\/wp-content\/uploads\/2020\/11\/Guarderia-ABC.jpeg?resize=700%2C400 2x"},"classes":[]},{"id":53637,"url":"http:\/\/www.grieta.org.mx\/index.php\/2020\/09\/20\/madre-de-nina-violada-se-amarra-en-las-rejas-de-segob-para-exigir-justicia\/","url_meta":{"origin":54861,"position":2},"title":"Madre de ni\u00f1a violada se amarra en las rejas de Segob para exigir justicia","author":"grieta","date":"20 septiembre, 2020","format":false,"excerpt":"Amarrada, Marcela Alem\u00e1n dijo que siente rabia y mucha indignaci\u00f3n por tener que \u201cvenir a suplicar justicia de esta manera\u201d. Foto: Twitter Proceso CIUDAD DE M\u00c9XICO (apro).- Por segunda ocasi\u00f3n, Marcela Alem\u00e1n, madre de la menor que fue v\u00edctima de abuso sexual en un colegio de San Luis Potos\u00ed, decidi\u00f3\u2026","rel":"","context":"En &quot;CINTILLO&quot;","block_context":{"text":"CINTILLO","link":"http:\/\/www.grieta.org.mx\/index.php\/category\/cintillo\/"},"img":{"alt_text":"","src":"https:\/\/i0.wp.com\/www.grieta.org.mx\/wp-content\/uploads\/2020\/09\/Madre-de-nina-violada-se-amarra-en-las-rejas-de-Segob-para-exigir-justicia-cdmx-sept.jpg?resize=350%2C200","width":350,"height":200,"srcset":"https:\/\/i0.wp.com\/www.grieta.org.mx\/wp-content\/uploads\/2020\/09\/Madre-de-nina-violada-se-amarra-en-las-rejas-de-Segob-para-exigir-justicia-cdmx-sept.jpg?resize=350%2C200 1x, https:\/\/i0.wp.com\/www.grieta.org.mx\/wp-content\/uploads\/2020\/09\/Madre-de-nina-violada-se-amarra-en-las-rejas-de-Segob-para-exigir-justicia-cdmx-sept.jpg?resize=525%2C300 1.5x, https:\/\/i0.wp.com\/www.grieta.org.mx\/wp-content\/uploads\/2020\/09\/Madre-de-nina-violada-se-amarra-en-las-rejas-de-Segob-para-exigir-justicia-cdmx-sept.jpg?resize=700%2C400 2x"},"classes":[]},{"id":13657,"url":"http:\/\/www.grieta.org.mx\/index.php\/2016\/06\/06\/conmemoracion-del-caso-guarderia-abc-en-la-ciudad-de-mexico\/","url_meta":{"origin":54861,"position":3},"title":"Conmemoraci\u00f3n del caso Guarder\u00eda ABC en la Ciudad de M\u00e9xico","author":"grieta","date":"6 junio, 2016","format":false,"excerpt":"06\/06\/16. 49+43, el abrazo entre Ayotzinapa y las familias de la Guarder\u00eda ABCM\u00e1s de 131 05\/06\/16. Realizan marcha para conmemorar 7 a\u00f1os del incendio en la Guarder\u00eda ABC (Ciudad de M\u00e9xico)Sopitas .com 05\/06\/15. Marchan en el DF por fallecidos en Guarder\u00eda ABCInformador","rel":"","context":"En &quot;Ciudad de M\u00e9xico&quot;","block_context":{"text":"Ciudad de M\u00e9xico","link":"http:\/\/www.grieta.org.mx\/index.php\/category\/noticias-nacionales\/ciudad-de-mexico\/"},"img":{"alt_text":"","src":"https:\/\/i0.wp.com\/www.grieta.org.mx\/wp-content\/uploads\/2018\/03\/14524434_1106112876131411_958039263622046936_o.jpg?resize=350%2C200","width":350,"height":200,"srcset":"https:\/\/i0.wp.com\/www.grieta.org.mx\/wp-content\/uploads\/2018\/03\/14524434_1106112876131411_958039263622046936_o.jpg?resize=350%2C200 1x, https:\/\/i0.wp.com\/www.grieta.org.mx\/wp-content\/uploads\/2018\/03\/14524434_1106112876131411_958039263622046936_o.jpg?resize=525%2C300 1.5x, https:\/\/i0.wp.com\/www.grieta.org.mx\/wp-content\/uploads\/2018\/03\/14524434_1106112876131411_958039263622046936_o.jpg?resize=700%2C400 2x"},"classes":[]},{"id":13777,"url":"http:\/\/www.grieta.org.mx\/index.php\/2016\/06\/05\/realizan-marcha-para-conmemorar-7-anos-del-incendio-en-la-guarderia-abc-ciudad-de-mexico\/","url_meta":{"origin":54861,"position":4},"title":"Realizan marcha para conmemorar 7 a\u00f1os del incendio en la Guarder\u00eda ABC (Ciudad de M\u00e9xico)","author":"grieta","date":"5 junio, 2016","format":false,"excerpt":"Este domingo, se cumplen siete a\u00f1os desde el terrible incendio en la Guarder\u00eda ABC en Hermosillo, Sonora, donde lamentablemente 49 ni\u00f1os perdieron la vida y 19 m\u00e1s resultaron heridos. Y para no olvidar y exigir justicia ante esta tragedia, padres de familia de los infantes as\u00ed como diversas organizaciones, convocaron\u2026","rel":"","context":"En &quot;cdmx&quot;","block_context":{"text":"cdmx","link":"http:\/\/www.grieta.org.mx\/index.php\/category\/cdmx\/"},"img":{"alt_text":"","src":"https:\/\/i0.wp.com\/www.grieta.org.mx\/wp-content\/uploads\/2018\/03\/14524434_1106112876131411_958039263622046936_o.jpg?resize=350%2C200","width":350,"height":200,"srcset":"https:\/\/i0.wp.com\/www.grieta.org.mx\/wp-content\/uploads\/2018\/03\/14524434_1106112876131411_958039263622046936_o.jpg?resize=350%2C200 1x, https:\/\/i0.wp.com\/www.grieta.org.mx\/wp-content\/uploads\/2018\/03\/14524434_1106112876131411_958039263622046936_o.jpg?resize=525%2C300 1.5x, https:\/\/i0.wp.com\/www.grieta.org.mx\/wp-content\/uploads\/2018\/03\/14524434_1106112876131411_958039263622046936_o.jpg?resize=700%2C400 2x"},"classes":[]},{"id":43667,"url":"http:\/\/www.grieta.org.mx\/index.php\/2020\/01\/28\/padres-de-ninos-con-cancer-exigiran-informacion-de-compra-de-medicamentos-ciudad-de-mexico\/","url_meta":{"origin":54861,"position":5},"title":"Padres de ni\u00f1os con c\u00e1ncer exigir\u00e1n informaci\u00f3n de compra de medicamentos (Ciudad de M\u00e9xico)","author":"grieta","date":"28 enero, 2020","format":false,"excerpt":"Padres de ni\u00f1os enfermos de c\u00e1ncer, anunciaron que presentar\u00e1 un pliego petitorio a la Secretar\u00eda de Gobernaci\u00f3n \/ Foto Especial Nora Bucio \/ MVS Noticias Los padres incluyeron en su pliego petitorio la solicitud de fechas exactas de llegada del medicamento y saber la calidad del mencionado. Padres de ni\u00f1os\u2026","rel":"","context":"En &quot;CINTILLO&quot;","block_context":{"text":"CINTILLO","link":"http:\/\/www.grieta.org.mx\/index.php\/category\/cintillo\/"},"img":{"alt_text":"","src":"https:\/\/i0.wp.com\/www.grieta.org.mx\/wp-content\/uploads\/2020\/01\/Padres-de-ni%C3%B1os-con-c%C3%A1ncer-exigir%C3%A1n-informaci%C3%B3n-de-compra-de-medicamentos-cdmx-ene.jpeg?resize=350%2C200","width":350,"height":200,"srcset":"https:\/\/i0.wp.com\/www.grieta.org.mx\/wp-content\/uploads\/2020\/01\/Padres-de-ni%C3%B1os-con-c%C3%A1ncer-exigir%C3%A1n-informaci%C3%B3n-de-compra-de-medicamentos-cdmx-ene.jpeg?resize=350%2C200 1x, https:\/\/i0.wp.com\/www.grieta.org.mx\/wp-content\/uploads\/2020\/01\/Padres-de-ni%C3%B1os-con-c%C3%A1ncer-exigir%C3%A1n-informaci%C3%B3n-de-compra-de-medicamentos-cdmx-ene.jpeg?resize=525%2C300 1.5x, https:\/\/i0.wp.com\/www.grieta.org.mx\/wp-content\/uploads\/2020\/01\/Padres-de-ni%C3%B1os-con-c%C3%A1ncer-exigir%C3%A1n-informaci%C3%B3n-de-compra-de-medicamentos-cdmx-ene.jpeg?resize=700%2C400 2x"},"classes":[]}],"_links":{"self":[{"href":"http:\/\/www.grieta.org.mx\/index.php\/wp-json\/wp\/v2\/posts\/54861","targetHints":{"allow":["GET"]}}],"collection":[{"href":"http:\/\/www.grieta.org.mx\/index.php\/wp-json\/wp\/v2\/posts"}],"about":[{"href":"http:\/\/www.grieta.org.mx\/index.php\/wp-json\/wp\/v2\/types\/post"}],"author":[{"embeddable":true,"href":"http:\/\/www.grieta.org.mx\/index.php\/wp-json\/wp\/v2\/users\/2"}],"replies":[{"embeddable":true,"href":"http:\/\/www.grieta.org.mx\/index.php\/wp-json\/wp\/v2\/comments?post=54861"}],"version-history":[{"count":1,"href":"http:\/\/www.grieta.org.mx\/index.php\/wp-json\/wp\/v2\/posts\/54861\/revisions"}],"predecessor-version":[{"id":54866,"href":"http:\/\/www.grieta.org.mx\/index.php\/wp-json\/wp\/v2\/posts\/54861\/revisions\/54866"}],"wp:featuredmedia":[{"embeddable":true,"href":"http:\/\/www.grieta.org.mx\/index.php\/wp-json\/wp\/v2\/media\/54862"}],"wp:attachment":[{"href":"http:\/\/www.grieta.org.mx\/index.php\/wp-json\/wp\/v2\/media?parent=54861"}],"wp:term":[{"taxonomy":"category","embeddable":true,"href":"http:\/\/www.grieta.org.mx\/index.php\/wp-json\/wp\/v2\/categories?post=54861"},{"taxonomy":"post_tag","embeddable":true,"href":"http:\/\/www.grieta.org.mx\/index.php\/wp-json\/wp\/v2\/tags?post=54861"}],"curies":[{"name":"wp","href":"https:\/\/api.w.org\/{rel}","templated":true}]}}