{"id":54842,"date":"2020-10-23T12:43:36","date_gmt":"2020-10-23T17:43:36","guid":{"rendered":"http:\/\/www.grieta.org.mx\/?p=54842"},"modified":"2020-11-08T12:53:28","modified_gmt":"2020-11-08T18:53:28","slug":"se-suman-comision-nacional-de-busqueda-y-onu-dh-a-brigadas-de-desaparecidos-en-aguascalientes","status":"publish","type":"post","link":"http:\/\/www.grieta.org.mx\/index.php\/2020\/10\/23\/se-suman-comision-nacional-de-busqueda-y-onu-dh-a-brigadas-de-desaparecidos-en-aguascalientes\/","title":{"rendered":"Se suman Comisi\u00f3n Nacional de B\u00fasqueda y ONU-DH a brigadas de desaparecidos en Aguascalientes"},"content":{"rendered":"<p>Alejandro Romo\/Newsweek Aguascalientes<br \/>\n23 octubre 2020<\/p>\n<p><img loading=\"lazy\" decoding=\"async\" data-attachment-id=\"54843\" data-permalink=\"http:\/\/www.grieta.org.mx\/index.php\/2020\/10\/23\/se-suman-comision-nacional-de-busqueda-y-onu-dh-a-brigadas-de-desaparecidos-en-aguascalientes\/onu\/\" data-orig-file=\"http:\/\/www.grieta.org.mx\/wp-content\/uploads\/2020\/11\/onu.jpg\" data-orig-size=\"750,450\" data-comments-opened=\"0\" data-image-meta=\"{&quot;aperture&quot;:&quot;0&quot;,&quot;credit&quot;:&quot;&quot;,&quot;camera&quot;:&quot;&quot;,&quot;caption&quot;:&quot;&quot;,&quot;created_timestamp&quot;:&quot;0&quot;,&quot;copyright&quot;:&quot;&quot;,&quot;focal_length&quot;:&quot;0&quot;,&quot;iso&quot;:&quot;0&quot;,&quot;shutter_speed&quot;:&quot;0&quot;,&quot;title&quot;:&quot;&quot;,&quot;orientation&quot;:&quot;0&quot;}\" data-image-title=\"onu\" data-image-description=\"\" data-image-caption=\"\" data-medium-file=\"http:\/\/www.grieta.org.mx\/wp-content\/uploads\/2020\/11\/onu-300x180.jpg\" data-large-file=\"http:\/\/www.grieta.org.mx\/wp-content\/uploads\/2020\/11\/onu.jpg\" src=\"http:\/\/www.grieta.org.mx\/wp-content\/uploads\/2020\/11\/onu.jpg\" alt=\"\" width=\"750\" height=\"450\" class=\"alignnone size-full wp-image-54843\" srcset=\"http:\/\/www.grieta.org.mx\/wp-content\/uploads\/2020\/11\/onu.jpg 750w, http:\/\/www.grieta.org.mx\/wp-content\/uploads\/2020\/11\/onu-300x180.jpg 300w\" sizes=\"auto, (max-width: 750px) 100vw, 750px\" \/><\/p>\n<p>Representantes de la Comisi\u00f3n Nacional de B\u00fasqueda de Personas Desaparecidas y la Oficina del Alto Comisionado de las Naciones Unidas para los Derechos Humanos (ONU-DH) se encuentran en Aguascalientes para acompa\u00f1ar las acciones de b\u00fasqueda que se encuentran realizando familiares y colectivos en dos predios del Complejo Tres Centurias, en donde se sospecha que pudieran encontrarse restos de personas desaparecidas en Aguascalientes y Jalisco entre los a\u00f1os 2010 y 2015.<\/p>\n<p>Los integrantes de los organismos nacionales e internacionales ya sostuvieron una reuni\u00f3n con los familiares de personas desaparecidas, en la que se pusieron a sus \u00f3rdenes para brindar acompa\u00f1amiento jur\u00eddico y t\u00e9cnico en las acciones de b\u00fasqueda, seg\u00fan inform\u00f3 la integrante y fundadora del Observatorio de Violencia Social y de G\u00e9nero (OVSG), Mariana \u00c1vila Montejano.<\/p>\n<p>\u201cDe entrada son observadores y observadora para pedir cuentas a las autoridades<\/p>\n<p>De igual forma, la activista indic\u00f3 que se solicit\u00f3 a la Fiscal\u00eda General del Estado (FGE) el plan de trabajo con las acciones que se llevar\u00e1n a cabo en los dos predios del complejo, especificando el equipo, el personal y las herramientas que participar\u00e1n en ellas, teniendo como plazo el pr\u00f3ximo lunes para la entrega de la informaci\u00f3n.<\/p>\n<p>\u201cLa Comisi\u00f3n Nacional de B\u00fasqueda ya solicit\u00f3 un plan de trabajo a la fiscal\u00eda y a la Comisi\u00f3n Estatal de B\u00fasqueda, que tendr\u00e1n que estar explicando los pasos que van a dar a las familias, ya el d\u00eda de ayer estuvieron en el lugar pero no se ha informado a las familias y eso es irregular y contrario a la ley de b\u00fasqueda a nivel federal y local\u201d, resalt\u00f3.<\/p>\n<p>Por su parte, la coordinadora del colectivo, Violeta Sab\u00e1s coment\u00f3 que a pesar de que las autoridades ministeriales dieron por concluidas las acciones de b\u00fasqueda en el pozo de 54 metros del vel\u00f3dromo Bicentenario, al mantenerse una alta concentraci\u00f3n de gases que imposibilitaron el descenso de los bomberos, se pedir\u00e1 que se reanuden los trabajos con la incorporaci\u00f3n de equipo especializado en miner\u00eda a fin de liberar los gases que se encuentran al interior.<\/p>\n<p>\u201cExiste la posibilidad de limpiar el espacio, sabemos que hay empresas mineras y del servicio de agua que excavan pozos muy profundos, tan s\u00f3lo las minas que son profund\u00edsimas con una alta concentraci\u00f3n de gases, y si esas empresas pueden funcionar, se pueden encontrar los mecanismos para que los bomberos puedan descender de forma segura\u201d.<\/p>\n<p>Al mismo tiempo, se buscar\u00e1n iniciar las acciones de b\u00fasqueda en el segundo predio, que corresponde a una vetusta nave del Complejo Tres Centurias, que actualmente es arrendada al Grupo Modelo ABInBev, y que se menciona como un lugar utilizado por la entonces Procuradur\u00eda General de Justicia del Estado (PGJE), encabezada por Felipe Mu\u00f1oz V\u00e1zquez, para torturar a personas detenidas para llevar a cabo la autoincriminaci\u00f3n en alg\u00fan delito.<\/p>\n<p>\u201cSi en el primer punto, en el pozo, en todo el tr\u00e1mite y se consigue el equipo y se tarda uno o dos meses, se puede iniciar la b\u00fasqueda en el segundo predio, lo que es necesario es la premura, es algo que las autoridades no entienden, que para los familiares un minuto es indispensable para la b\u00fasqueda y el rastreo, y ha habido veces que la fiscal\u00eda se ha tardado hasta 15 d\u00edas en salir con el equipo y las herramientas\u201d, destac\u00f3 la activista.<\/p>\n<p><img loading=\"lazy\" decoding=\"async\" data-attachment-id=\"54844\" data-permalink=\"http:\/\/www.grieta.org.mx\/index.php\/2020\/10\/23\/se-suman-comision-nacional-de-busqueda-y-onu-dh-a-brigadas-de-desaparecidos-en-aguascalientes\/onu-1\/\" data-orig-file=\"http:\/\/www.grieta.org.mx\/wp-content\/uploads\/2020\/11\/onu-1.jpeg\" data-orig-size=\"678,589\" data-comments-opened=\"0\" data-image-meta=\"{&quot;aperture&quot;:&quot;0&quot;,&quot;credit&quot;:&quot;&quot;,&quot;camera&quot;:&quot;&quot;,&quot;caption&quot;:&quot;&quot;,&quot;created_timestamp&quot;:&quot;0&quot;,&quot;copyright&quot;:&quot;&quot;,&quot;focal_length&quot;:&quot;0&quot;,&quot;iso&quot;:&quot;0&quot;,&quot;shutter_speed&quot;:&quot;0&quot;,&quot;title&quot;:&quot;&quot;,&quot;orientation&quot;:&quot;0&quot;}\" data-image-title=\"onu 1\" data-image-description=\"\" data-image-caption=\"\" data-medium-file=\"http:\/\/www.grieta.org.mx\/wp-content\/uploads\/2020\/11\/onu-1-300x261.jpeg\" data-large-file=\"http:\/\/www.grieta.org.mx\/wp-content\/uploads\/2020\/11\/onu-1.jpeg\" src=\"http:\/\/www.grieta.org.mx\/wp-content\/uploads\/2020\/11\/onu-1.jpeg\" alt=\"\" width=\"678\" height=\"589\" class=\"alignnone size-full wp-image-54844\" srcset=\"http:\/\/www.grieta.org.mx\/wp-content\/uploads\/2020\/11\/onu-1.jpeg 678w, http:\/\/www.grieta.org.mx\/wp-content\/uploads\/2020\/11\/onu-1-300x261.jpeg 300w, http:\/\/www.grieta.org.mx\/wp-content\/uploads\/2020\/11\/onu-1-576x500.jpeg 576w\" sizes=\"auto, (max-width: 678px) 100vw, 678px\" \/><\/p>\n<p>Denuncian hostigamiento institucional hacia familiares de personas desaparecidas<\/p>\n<p>Por otra parte, la coordinadora del OVSG, Violeta Sab\u00e1s, inform\u00f3 que en los pr\u00f3ximos d\u00edas se presentar\u00e1 una queja ante la Comisi\u00f3n de los Derechos Humanos del Estado (CDHEA) por los casos de hostigamiento institucional de los que han sido v\u00edctimas los familiares de personas desaparecidas de parte de la Fiscal\u00eda General del Estado y de las corporaciones polic\u00edacas, ya que en las \u00faltimas semanas se han llevado a cabo detenciones en las que se imputan presuntos delitos a algunos familiares, sin comprobarse ninguno de ellos.<\/p>\n<p>\u201cEn una investigaci\u00f3n previa a la que estamos haciendo en el Tres Centurias se detuvo al hermano de un joven desaparecido y desde entonces no ha cesado el hostigamiento de los polic\u00edas municipales y de la polic\u00eda ministerial, incluso le quisieron fincar la comisi\u00f3n de un delito, se lleg\u00f3 a la audiencia de vinculaci\u00f3n a proceso, pero el juez determin\u00f3 que no hab\u00eda ning\u00fan elemento de prueba para vincularlo, adem\u00e1s del caso del se\u00f1or Sergio que fue detenido por la Polic\u00eda Estatal por un tr\u00e1mite que tampoco se le pudo comprobar y lo dejan en el ministerio p\u00fablico cinco horas en detenci\u00f3n\u201d.<\/p>\n<p>De igual forma, acusaron de da\u00f1o moral a algunos comunicadores de una estaci\u00f3n radiof\u00f3nica local que minimizaron las acciones de b\u00fasqueda realizadas en el primer predio y cuestionaron el trabajo del Observatorio de Violencia Social y de G\u00e9nero.<\/p>\n<p>Ante ello, padres y hermanos de personas desaparecidas reconocieron la labor de acompa\u00f1amiento que ha tenido la organizaci\u00f3n en cada uno de los casos, que les ha permitido mantener la esperanza de encontrar la verdad y la justicia sobre lo que pas\u00f3 con sus seres queridos, como lo afirm\u00f3 el se\u00f1or Javier Espinosa, padre de Francisco Javier Espinosa Almanza, desaparecido desde el a\u00f1o 2007 en el caso \u201cMaverick\u201d.<\/p>\n<p>\u201cHe aprendido muchas cosas con ellos, cuando la principal atenci\u00f3n deber\u00eda ser de la autoridad responsable pero no ha sido as\u00ed, por eso han aparecido los grupos y colectivos de ayuda, porque son los \u00fanicos que han brindado la informaci\u00f3n que las autoridades no han hecho\u201d, afirm\u00f3.<\/p>\n<p>Aunado a esto, el padre de familia reconoci\u00f3 la importancia de las llamadas an\u00f3nimas que se han realizado a los colectivos, ya que han significado una gu\u00eda para buscar a sus seres queridos ante la falta de avances en las investigaciones de la Fiscal\u00eda General del Estado.<\/p>\n<p>En este sentido, se dijo dispuesto, en lo particular, a pagar hasta 100 mil pesos a las personas que brinden informaci\u00f3n veraz que permita dar con el paradero de su hijo, luego de 13 a\u00f1os de b\u00fasqueda incesante.<\/p>\n<p>\u201cHe comprobado que las llamadas an\u00f3nimas de verdad han ayudado a encontrar a personas desaparecidas, tristemente en fosas clandestinas, por eso se debe promover la cultura de la denuncia, por ejemplo, en mi caso estoy ofreciendo 100 mil pesos a las personas que aporten informaci\u00f3n sobre las personas desaparecidas en el caso Maverick, aunque sea de manera an\u00f3nima\u201d, concluy\u00f3.<\/p>\n<p><img loading=\"lazy\" decoding=\"async\" data-attachment-id=\"54845\" data-permalink=\"http:\/\/www.grieta.org.mx\/index.php\/2020\/10\/23\/se-suman-comision-nacional-de-busqueda-y-onu-dh-a-brigadas-de-desaparecidos-en-aguascalientes\/onu-2\/\" data-orig-file=\"http:\/\/www.grieta.org.mx\/wp-content\/uploads\/2020\/11\/onu-2.jpg\" data-orig-size=\"690,450\" data-comments-opened=\"0\" data-image-meta=\"{&quot;aperture&quot;:&quot;0&quot;,&quot;credit&quot;:&quot;&quot;,&quot;camera&quot;:&quot;&quot;,&quot;caption&quot;:&quot;&quot;,&quot;created_timestamp&quot;:&quot;0&quot;,&quot;copyright&quot;:&quot;&quot;,&quot;focal_length&quot;:&quot;0&quot;,&quot;iso&quot;:&quot;0&quot;,&quot;shutter_speed&quot;:&quot;0&quot;,&quot;title&quot;:&quot;&quot;,&quot;orientation&quot;:&quot;1&quot;}\" data-image-title=\"onu 2\" data-image-description=\"\" data-image-caption=\"\" data-medium-file=\"http:\/\/www.grieta.org.mx\/wp-content\/uploads\/2020\/11\/onu-2-300x196.jpg\" data-large-file=\"http:\/\/www.grieta.org.mx\/wp-content\/uploads\/2020\/11\/onu-2.jpg\" src=\"http:\/\/www.grieta.org.mx\/wp-content\/uploads\/2020\/11\/onu-2.jpg\" alt=\"\" width=\"690\" height=\"450\" class=\"alignnone size-full wp-image-54845\" srcset=\"http:\/\/www.grieta.org.mx\/wp-content\/uploads\/2020\/11\/onu-2.jpg 690w, http:\/\/www.grieta.org.mx\/wp-content\/uploads\/2020\/11\/onu-2-300x196.jpg 300w\" sizes=\"auto, (max-width: 690px) 100vw, 690px\" \/><\/p>\n<p><img loading=\"lazy\" decoding=\"async\" data-attachment-id=\"54846\" data-permalink=\"http:\/\/www.grieta.org.mx\/index.php\/2020\/10\/23\/se-suman-comision-nacional-de-busqueda-y-onu-dh-a-brigadas-de-desaparecidos-en-aguascalientes\/onu-3\/\" data-orig-file=\"http:\/\/www.grieta.org.mx\/wp-content\/uploads\/2020\/11\/onu-3.jpg\" data-orig-size=\"677,450\" data-comments-opened=\"0\" data-image-meta=\"{&quot;aperture&quot;:&quot;0&quot;,&quot;credit&quot;:&quot;&quot;,&quot;camera&quot;:&quot;&quot;,&quot;caption&quot;:&quot;&quot;,&quot;created_timestamp&quot;:&quot;0&quot;,&quot;copyright&quot;:&quot;&quot;,&quot;focal_length&quot;:&quot;0&quot;,&quot;iso&quot;:&quot;0&quot;,&quot;shutter_speed&quot;:&quot;0&quot;,&quot;title&quot;:&quot;&quot;,&quot;orientation&quot;:&quot;0&quot;}\" data-image-title=\"onu 3\" data-image-description=\"\" data-image-caption=\"\" data-medium-file=\"http:\/\/www.grieta.org.mx\/wp-content\/uploads\/2020\/11\/onu-3-300x199.jpg\" data-large-file=\"http:\/\/www.grieta.org.mx\/wp-content\/uploads\/2020\/11\/onu-3.jpg\" src=\"http:\/\/www.grieta.org.mx\/wp-content\/uploads\/2020\/11\/onu-3.jpg\" alt=\"\" width=\"677\" height=\"450\" class=\"alignnone size-full wp-image-54846\" srcset=\"http:\/\/www.grieta.org.mx\/wp-content\/uploads\/2020\/11\/onu-3.jpg 677w, http:\/\/www.grieta.org.mx\/wp-content\/uploads\/2020\/11\/onu-3-300x199.jpg 300w\" sizes=\"auto, (max-width: 677px) 100vw, 677px\" \/><\/p>\n<p><a href=\"https:\/\/newsweekespanol.com\/2020\/10\/se-suman-comision-nacional-de-busqueda-y-onu-dh-a-brigadas-de-desaparecidos-en-aguascalientes\/\" rel=\"noopener noreferrer\" target=\"_blank\">https:\/\/newsweekespanol.com\/2020\/10\/se-suman-comision-nacional-de-busqueda-y-onu-dh-a-brigadas-de-desaparecidos-en-aguascalientes\/<\/a><\/p>\n","protected":false},"excerpt":{"rendered":"<p>Alejandro Romo\/Newsweek Aguascalientes 23 octubre 2020 Representantes de la Comisi\u00f3n Nacional de B\u00fasqueda de Personas Desaparecidas y la Oficina del Alto Comisionado de las Naciones Unidas para los Derechos Humanos &hellip; <a href=\"http:\/\/www.grieta.org.mx\/index.php\/2020\/10\/23\/se-suman-comision-nacional-de-busqueda-y-onu-dh-a-brigadas-de-desaparecidos-en-aguascalientes\/\" class=\"more-link\">Leer m\u00e1s<\/a><\/p>\n","protected":false},"author":2,"featured_media":54843,"comment_status":"closed","ping_status":"closed","sticky":false,"template":"","format":"standard","meta":{"ngg_post_thumbnail":0,"_jetpack_newsletter_access":"","_jetpack_dont_email_post_to_subs":false,"_jetpack_newsletter_tier_id":0,"_jetpack_memberships_contains_paywalled_content":false,"_jetpack_memberships_contains_paid_content":false,"footnotes":""},"categories":[4,80,87,1189,2,83],"tags":[3725,3018,121,856,3152],"class_list":["post-54842","post","type-post","status-publish","format-standard","has-post-thumbnail","hentry","category-aguascalientes","category-cintillo","category-desaparecidos","category-desaparecidos-en-aguascalientes","category-noticias-nacionales","category-temas-nacionales","tag-colectivo-verdad-y-justicia","tag-colectivos-de-busqueda-de-desaparecidos","tag-desaparecidos","tag-fosas-clandestinas","tag-observatorio-de-violencia-social-y-genero","entry"],"jetpack_featured_media_url":"http:\/\/www.grieta.org.mx\/wp-content\/uploads\/2020\/11\/onu.jpg","jetpack_sharing_enabled":true,"jetpack_shortlink":"https:\/\/wp.me\/p7ZJR4-egy","jetpack_likes_enabled":false,"jetpack-related-posts":[{"id":41762,"url":"http:\/\/www.grieta.org.mx\/index.php\/2019\/11\/20\/reportan-110-personas-desaparecidas-en-aguascalientes\/","url_meta":{"origin":54842,"position":0},"title":"Reportan 110 personas desaparecidas en Aguascalientes","author":"grieta","date":"20 noviembre, 2019","format":false,"excerpt":"X\u00f3chitl \u00c1lvarez\/El Universal 20 noviembre 2019 Aguascalientes, Ags.- La Fiscal\u00eda General del Estado de Aguascalientes inform\u00f3 que tiene una lista con 110 personas desaparecidas, algunas de ellas desde hace una d\u00e9cada, por lo que consider\u00f3 necesaria una legislaci\u00f3n que contribuya a su b\u00fasqueda. El titular de la Fiscal\u00eda, Jes\u00fas Figueroa\u2026","rel":"","context":"En &quot;Aguascalientes&quot;","block_context":{"text":"Aguascalientes","link":"http:\/\/www.grieta.org.mx\/index.php\/category\/noticias-nacionales\/aguascalientes\/"},"img":{"alt_text":"","src":"https:\/\/i0.wp.com\/www.grieta.org.mx\/wp-content\/uploads\/2019\/12\/fiscal.png?resize=350%2C200","width":350,"height":200,"srcset":"https:\/\/i0.wp.com\/www.grieta.org.mx\/wp-content\/uploads\/2019\/12\/fiscal.png?resize=350%2C200 1x, https:\/\/i0.wp.com\/www.grieta.org.mx\/wp-content\/uploads\/2019\/12\/fiscal.png?resize=525%2C300 1.5x"},"classes":[]},{"id":30728,"url":"http:\/\/www.grieta.org.mx\/index.php\/2019\/03\/08\/familiares-de-desaparecidos-se-manifiestan-en-aguascalientes\/","url_meta":{"origin":54842,"position":1},"title":"Familiares de desaparecidos se manifiestan en Aguascalientes","author":"grieta","date":"8 marzo, 2019","format":false,"excerpt":"En el posicionamiento se exigi\u00f3 al gobierno federal la actualizaci\u00f3n de bases de datos estatal y nacional que contenga la informaci\u00f3n y fotograf\u00eda de personas desaparecidas Karla M\u00e9ndez\/Exc\u00e9lsior AGUASCALIENTES, Aguascalientes. Durante la visita del Presidente Andr\u00e9s Manuel L\u00f3pez Obrador, familiares de personas desaparecidas se manifestaron en el evento \"La idea\u2026","rel":"","context":"En &quot;Aguascalientes&quot;","block_context":{"text":"Aguascalientes","link":"http:\/\/www.grieta.org.mx\/index.php\/category\/noticias-nacionales\/aguascalientes\/"},"img":{"alt_text":"","src":"https:\/\/i0.wp.com\/www.grieta.org.mx\/wp-content\/uploads\/2019\/03\/2111539.jpg?resize=350%2C200","width":350,"height":200,"srcset":"https:\/\/i0.wp.com\/www.grieta.org.mx\/wp-content\/uploads\/2019\/03\/2111539.jpg?resize=350%2C200 1x, https:\/\/i0.wp.com\/www.grieta.org.mx\/wp-content\/uploads\/2019\/03\/2111539.jpg?resize=525%2C300 1.5x"},"classes":[]},{"id":65364,"url":"http:\/\/www.grieta.org.mx\/index.php\/2022\/09\/28\/denuncian-opacidad-sobre-desaparecidos-en-aguascalientes\/","url_meta":{"origin":54842,"position":2},"title":"Denuncian opacidad sobre desaparecidos en Aguascalientes","author":"grieta","date":"28 septiembre, 2022","format":false,"excerpt":"Claudia \u00c1vila\/El Sol del Centro 28 septiembre 2022 Fiscal\u00eda y Comisi\u00f3n Estatal de B\u00fasqueda no informan con exactitud cu\u00e1ntas personas no localizadas hay, se\u00f1ala el Observatorio de Violencia Social y de G\u00e9nero Aguascalientes es uno de los estados m\u00e1s opacos en cuanto a la b\u00fasqueda de personas desaparecidas, pues si\u2026","rel":"","context":"En &quot;Aguascalientes&quot;","block_context":{"text":"Aguascalientes","link":"http:\/\/www.grieta.org.mx\/index.php\/category\/noticias-nacionales\/aguascalientes\/"},"img":{"alt_text":"","src":"https:\/\/i0.wp.com\/www.grieta.org.mx\/wp-content\/uploads\/2022\/09\/Marcha-Desaparecidos.jpg?resize=350%2C200","width":350,"height":200,"srcset":"https:\/\/i0.wp.com\/www.grieta.org.mx\/wp-content\/uploads\/2022\/09\/Marcha-Desaparecidos.jpg?resize=350%2C200 1x, https:\/\/i0.wp.com\/www.grieta.org.mx\/wp-content\/uploads\/2022\/09\/Marcha-Desaparecidos.jpg?resize=525%2C300 1.5x, https:\/\/i0.wp.com\/www.grieta.org.mx\/wp-content\/uploads\/2022\/09\/Marcha-Desaparecidos.jpg?resize=700%2C400 2x"},"classes":[]},{"id":64964,"url":"http:\/\/www.grieta.org.mx\/index.php\/2022\/08\/24\/ineficaz-la-comision-de-busqueda-en-aguascalientes-colectivos\/","url_meta":{"origin":54842,"position":3},"title":"Ineficaz la Comisi\u00f3n de B\u00fasqueda en Aguascalientes: Colectivos","author":"grieta","date":"24 agosto, 2022","format":false,"excerpt":"Andrea Esparza\/El Sol del Centro 24 agosto 2022 Se\u00f1alan que ha sido nula la coordinaci\u00f3n del titular de dicho organismo con organizaciones civiles y familiares de personas desaparecidas Atropellada la creaci\u00f3n y operaci\u00f3n de la Comisi\u00f3n Estatal de B\u00fasqueda en Aguascalientes, y es que desde hace dos a\u00f1os de su\u2026","rel":"","context":"En &quot;Aguascalientes&quot;","block_context":{"text":"Aguascalientes","link":"http:\/\/www.grieta.org.mx\/index.php\/category\/noticias-nacionales\/aguascalientes\/"},"img":{"alt_text":"","src":"https:\/\/i0.wp.com\/www.grieta.org.mx\/wp-content\/uploads\/2022\/08\/Desaparecidos.jpg?resize=350%2C200","width":350,"height":200,"srcset":"https:\/\/i0.wp.com\/www.grieta.org.mx\/wp-content\/uploads\/2022\/08\/Desaparecidos.jpg?resize=350%2C200 1x, https:\/\/i0.wp.com\/www.grieta.org.mx\/wp-content\/uploads\/2022\/08\/Desaparecidos.jpg?resize=525%2C300 1.5x, https:\/\/i0.wp.com\/www.grieta.org.mx\/wp-content\/uploads\/2022\/08\/Desaparecidos.jpg?resize=700%2C400 2x"},"classes":[]},{"id":65077,"url":"http:\/\/www.grieta.org.mx\/index.php\/2022\/08\/31\/familiares-de-desaparecidos-se-manifiestan-en-aguascalientes-2\/","url_meta":{"origin":54842,"position":4},"title":"Familiares de desaparecidos se manifiestan en Aguascalientes","author":"grieta","date":"31 agosto, 2022","format":false,"excerpt":"Judith Gavl\u00e1n\/El Sol del centro 31 agosto 2022 Por el d\u00eda D\u00eda Internacional de las V\u00edctimas de Desapariciones Forzadas, algunos colectivos y familiares se re\u00fanen para conmemorar a los desaparecidos Familiares y colectivos de personas desaparecidas se manifestaron en Aguascalientes en la plaza principal, con motivo del D\u00eda Internacional de\u2026","rel":"","context":"En &quot;Aguascalientes&quot;","block_context":{"text":"Aguascalientes","link":"http:\/\/www.grieta.org.mx\/index.php\/category\/noticias-nacionales\/aguascalientes\/"},"img":{"alt_text":"","src":"https:\/\/i0.wp.com\/www.grieta.org.mx\/wp-content\/uploads\/2022\/09\/Manifestacion-PersonasDesaparecidas.jpg?resize=350%2C200","width":350,"height":200,"srcset":"https:\/\/i0.wp.com\/www.grieta.org.mx\/wp-content\/uploads\/2022\/09\/Manifestacion-PersonasDesaparecidas.jpg?resize=350%2C200 1x, https:\/\/i0.wp.com\/www.grieta.org.mx\/wp-content\/uploads\/2022\/09\/Manifestacion-PersonasDesaparecidas.jpg?resize=525%2C300 1.5x, https:\/\/i0.wp.com\/www.grieta.org.mx\/wp-content\/uploads\/2022\/09\/Manifestacion-PersonasDesaparecidas.jpg?resize=700%2C400 2x"},"classes":[]},{"id":54715,"url":"http:\/\/www.grieta.org.mx\/index.php\/2020\/08\/22\/caravana-de-familias-de-aguascalientes-no-fue-del-interes-de-la-comision-local-de-busqueda-de-personas\/","url_meta":{"origin":54842,"position":5},"title":"CARAVANA DE FAMILIAS DE AGUASCALIENTES NO FUE DEL INTER\u00c9S DE LA COMISI\u00d3N LOCAL DE B\u00daSQUEDA DE PERSONAS","author":"grieta","date":"22 agosto, 2020","format":false,"excerpt":"Claudia Rodr\u00edguez Loera\/La Jornada Aguascalientes 22 agosto 2020 Durante la caravana regional de b\u00fasqueda de personas, coordinada por el Observatorio de Violencia Social y de G\u00e9nero de Aguascalientes (OVSGA) en colaboraci\u00f3n con el Colectivo de Familias \u201cBuscando Personas, Verdad y Justicia\u201d, la reci\u00e9n instalada Comisi\u00f3n de B\u00fasqueda de Personas de\u2026","rel":"","context":"En &quot;Aguascalientes&quot;","block_context":{"text":"Aguascalientes","link":"http:\/\/www.grieta.org.mx\/index.php\/category\/noticias-nacionales\/aguascalientes\/"},"img":{"alt_text":"","src":"https:\/\/i0.wp.com\/www.grieta.org.mx\/wp-content\/uploads\/2020\/11\/caravana-desaparecidos.jpg?resize=350%2C200","width":350,"height":200},"classes":[]}],"_links":{"self":[{"href":"http:\/\/www.grieta.org.mx\/index.php\/wp-json\/wp\/v2\/posts\/54842","targetHints":{"allow":["GET"]}}],"collection":[{"href":"http:\/\/www.grieta.org.mx\/index.php\/wp-json\/wp\/v2\/posts"}],"about":[{"href":"http:\/\/www.grieta.org.mx\/index.php\/wp-json\/wp\/v2\/types\/post"}],"author":[{"embeddable":true,"href":"http:\/\/www.grieta.org.mx\/index.php\/wp-json\/wp\/v2\/users\/2"}],"replies":[{"embeddable":true,"href":"http:\/\/www.grieta.org.mx\/index.php\/wp-json\/wp\/v2\/comments?post=54842"}],"version-history":[{"count":1,"href":"http:\/\/www.grieta.org.mx\/index.php\/wp-json\/wp\/v2\/posts\/54842\/revisions"}],"predecessor-version":[{"id":54847,"href":"http:\/\/www.grieta.org.mx\/index.php\/wp-json\/wp\/v2\/posts\/54842\/revisions\/54847"}],"wp:featuredmedia":[{"embeddable":true,"href":"http:\/\/www.grieta.org.mx\/index.php\/wp-json\/wp\/v2\/media\/54843"}],"wp:attachment":[{"href":"http:\/\/www.grieta.org.mx\/index.php\/wp-json\/wp\/v2\/media?parent=54842"}],"wp:term":[{"taxonomy":"category","embeddable":true,"href":"http:\/\/www.grieta.org.mx\/index.php\/wp-json\/wp\/v2\/categories?post=54842"},{"taxonomy":"post_tag","embeddable":true,"href":"http:\/\/www.grieta.org.mx\/index.php\/wp-json\/wp\/v2\/tags?post=54842"}],"curies":[{"name":"wp","href":"https:\/\/api.w.org\/{rel}","templated":true}]}}