{"id":54839,"date":"2020-10-22T12:36:35","date_gmt":"2020-10-22T17:36:35","guid":{"rendered":"http:\/\/www.grieta.org.mx\/?p=54839"},"modified":"2020-11-08T12:40:55","modified_gmt":"2020-11-08T18:40:55","slug":"acusan-hostigamiento-de-autoridades-en-aguascalientes-en-casos-de-desaparecidos","status":"publish","type":"post","link":"http:\/\/www.grieta.org.mx\/index.php\/2020\/10\/22\/acusan-hostigamiento-de-autoridades-en-aguascalientes-en-casos-de-desaparecidos\/","title":{"rendered":"Acusan hostigamiento de autoridades en Aguascalientes en casos de desaparecidos"},"content":{"rendered":"<p>M\u00f3nica Cerb\u00f3n\/Proceso<br \/>\n22 octubre 2020<\/p>\n<p><img loading=\"lazy\" decoding=\"async\" data-attachment-id=\"54840\" data-permalink=\"http:\/\/www.grieta.org.mx\/index.php\/2020\/10\/22\/acusan-hostigamiento-de-autoridades-en-aguascalientes-en-casos-de-desaparecidos\/f800x450-123324_174770_5050\/\" data-orig-file=\"http:\/\/www.grieta.org.mx\/wp-content\/uploads\/2020\/11\/f800x450-123324_174770_5050.jpg\" data-orig-size=\"800,450\" data-comments-opened=\"0\" data-image-meta=\"{&quot;aperture&quot;:&quot;0&quot;,&quot;credit&quot;:&quot;&quot;,&quot;camera&quot;:&quot;&quot;,&quot;caption&quot;:&quot;&quot;,&quot;created_timestamp&quot;:&quot;0&quot;,&quot;copyright&quot;:&quot;&quot;,&quot;focal_length&quot;:&quot;0&quot;,&quot;iso&quot;:&quot;0&quot;,&quot;shutter_speed&quot;:&quot;0&quot;,&quot;title&quot;:&quot;&quot;,&quot;orientation&quot;:&quot;0&quot;}\" data-image-title=\"f800x450-123324_174770_5050\" data-image-description=\"\" data-image-caption=\"\" data-medium-file=\"http:\/\/www.grieta.org.mx\/wp-content\/uploads\/2020\/11\/f800x450-123324_174770_5050-300x169.jpg\" data-large-file=\"http:\/\/www.grieta.org.mx\/wp-content\/uploads\/2020\/11\/f800x450-123324_174770_5050.jpg\" src=\"http:\/\/www.grieta.org.mx\/wp-content\/uploads\/2020\/11\/f800x450-123324_174770_5050.jpg\" alt=\"\" width=\"800\" height=\"450\" class=\"alignnone size-full wp-image-54840\" srcset=\"http:\/\/www.grieta.org.mx\/wp-content\/uploads\/2020\/11\/f800x450-123324_174770_5050.jpg 800w, http:\/\/www.grieta.org.mx\/wp-content\/uploads\/2020\/11\/f800x450-123324_174770_5050-300x169.jpg 300w, http:\/\/www.grieta.org.mx\/wp-content\/uploads\/2020\/11\/f800x450-123324_174770_5050-768x432.jpg 768w\" sizes=\"auto, (max-width: 800px) 100vw, 800px\" \/><br \/>\nFosa. Familias de v\u00edctimas de desaparici\u00f3n piden revisar fosas clandestinas. Foto: Especial.<\/p>\n<p>AGUASCALIENTES, Ags. (apro).- Familiares de v\u00edctimas de desaparici\u00f3n y defensoras de derechos humanos denunciaron hostigamiento por parte de autoridades municipales y ministeriales como resultado de la exigencia para que busquen en dos presuntas fosas clandestinas a personas v\u00edctimas de desaparici\u00f3n forzada.<\/p>\n<p>En la \u00faltima semana, dos familiares de v\u00edctimas de desaparici\u00f3n han sido aprehendidos por polic\u00edas municipales y ministeriales sin que se les lograra fincar ning\u00fan delito. Integrantes del Observatorio de Violencia Social y de G\u00e9nero (OVSGA), que acompa\u00f1a a las v\u00edctimas, alertaron sobre posibles represalias y se\u00f1alaron como responsable a la fiscal\u00eda general.<\/p>\n<p>\u201cYo iba hacia mi casa y me detuvieron, ya hab\u00edan checado mi camioneta y la volvieron a revisar, dicen que supuestamente ten\u00eda reporte de robo, pero yo tengo todos los papeles. La camioneta est\u00e1 asegurada, me la regresan en diez d\u00edas. Estuve cuatro horas en el Ministerio P\u00fablico, solo quer\u00eda salir para estar en la b\u00fasqueda\u201d, cuenta Sergio de Lara, padre de Sergio de Lara Quezada, oriundo de Aguascalientes y desaparecido en el municipio de Villa Hidalgo, Jalisco, junto con Jairo Arellano y Jos\u00e9 Guadalupe Flores en 2011.<\/p>\n<p>Tras las detenciones, Jimena Su\u00e1rez y Dennise Gonz\u00e1lez, oficiales de derechos humanos en la ONU-DH, estuvieron en Aguascalientes y entrevistaron a los familiares de v\u00edctimas para seguir de cerca el caso. Por su parte, Enrique Camargo, representante de la Comisi\u00f3n Nacional de B\u00fasqueda acudi\u00f3 a las dos presuntas fosas clandestinas.<\/p>\n<p>La b\u00fasqueda deriva de informaci\u00f3n otorgada por fuentes an\u00f3nimas al OVSGA sobre la posible localizaci\u00f3n de personas desaparecidas de Aguascalientes y Jalisco durante el periodo 2005-2010.<\/p>\n<p>El primer punto es un pozo de 54 metros de profundidad al interior del vel\u00f3dromo del Instituto del Deporte del Estado de Aguascalientes (IDEA), en donde la b\u00fasqueda se suspendi\u00f3 debido a la alta concentraci\u00f3n de gases t\u00f3xicos y la poca posibilidad de que se encontrar\u00e1n restos de personas en el lugar.<\/p>\n<p>\u201cPor medio de una c\u00e1mara especializada pudimos realizar un rastreo del lecho superficial, encontrando mucha basura, pero no existe ning\u00fan indicio de restos \u00f3seos. Nos llam\u00f3 mucho la atenci\u00f3n una bolsa de color negro con dimensiones de un cuerpo, la retiramos y no logramos encontrar ning\u00fan indicio\u201d, explic\u00f3 Javier Ch\u00e1vez Aldana, perito especializado en fosas clandestinas.<\/p>\n<p>Por su parte Mariana \u00c1vila, integrante del OVSGA, aclar\u00f3 que se suspende la b\u00fasqueda, pero el proceso no ha concluido:<\/p>\n<p>\u201cSolamente se suspende, nosotras no vamos a estar de acuerdo en que se concluya la b\u00fasqueda sin que se pueda retirar todo lo que se encuentra al interior de ese pozo y sin tener la informaci\u00f3n de las bit\u00e1coras de c\u00f3mo fue utilizado este espacio en los \u00faltimos diez a\u00f1os, y el croquis superficial de si tiene alg\u00fan tipo de conductos o venas que lleven a otros espacios\u201d.<\/p>\n<p>El segundo punto se encuentra ubicado dentro del complejo ferrocarrilero Tres Centurias, donde v\u00edctimas de tortura a manos del exprocurador de Aguascalientes, Felipe Mu\u00f1oz, denunciaron haber sido golpeadas. El lugar se encuentra resguardado por las autoridades en espera de comenzar con la b\u00fasqueda.<\/p>\n<p><a href=\"https:\/\/www.proceso.com.mx\/nacional\/estados\/2020\/10\/22\/acusan-hostigamiento-de-autoridades-en-aguascalientes-en-casos-de-desaparecidos-251404.html\" rel=\"noopener noreferrer\" target=\"_blank\">https:\/\/www.proceso.com.mx\/nacional\/estados\/2020\/10\/22\/acusan-hostigamiento-de-autoridades-en-aguascalientes-en-casos-de-desaparecidos-251404.html<\/a><\/p>\n","protected":false},"excerpt":{"rendered":"<p>M\u00f3nica Cerb\u00f3n\/Proceso 22 octubre 2020 Fosa. Familias de v\u00edctimas de desaparici\u00f3n piden revisar fosas clandestinas. Foto: Especial. AGUASCALIENTES, Ags. (apro).- Familiares de v\u00edctimas de desaparici\u00f3n y defensoras de derechos humanos &hellip; <a href=\"http:\/\/www.grieta.org.mx\/index.php\/2020\/10\/22\/acusan-hostigamiento-de-autoridades-en-aguascalientes-en-casos-de-desaparecidos\/\" class=\"more-link\">Leer m\u00e1s<\/a><\/p>\n","protected":false},"author":2,"featured_media":54840,"comment_status":"closed","ping_status":"closed","sticky":false,"template":"","format":"standard","meta":{"ngg_post_thumbnail":0,"_jetpack_newsletter_access":"","_jetpack_dont_email_post_to_subs":false,"_jetpack_newsletter_tier_id":0,"_jetpack_memberships_contains_paywalled_content":false,"_jetpack_memberships_contains_paid_content":false,"footnotes":""},"categories":[4,80,87,1189,2,83],"tags":[3725,3018,121,856,3152],"class_list":["post-54839","post","type-post","status-publish","format-standard","has-post-thumbnail","hentry","category-aguascalientes","category-cintillo","category-desaparecidos","category-desaparecidos-en-aguascalientes","category-noticias-nacionales","category-temas-nacionales","tag-colectivo-verdad-y-justicia","tag-colectivos-de-busqueda-de-desaparecidos","tag-desaparecidos","tag-fosas-clandestinas","tag-observatorio-de-violencia-social-y-genero","entry"],"jetpack_featured_media_url":"http:\/\/www.grieta.org.mx\/wp-content\/uploads\/2020\/11\/f800x450-123324_174770_5050.jpg","jetpack_sharing_enabled":true,"jetpack_shortlink":"https:\/\/wp.me\/p7ZJR4-egv","jetpack_likes_enabled":false,"jetpack-related-posts":[{"id":12722,"url":"http:\/\/www.grieta.org.mx\/index.php\/2016\/05\/14\/autoridades-exhuman-cuerpos-de-fosas-clandestinas-de-chilapa\/","url_meta":{"origin":54839,"position":0},"title":"Autoridades exhuman cuerpos de fosas clandestinas de Chilapa","author":"grieta","date":"14 mayo, 2016","format":false,"excerpt":"Proceso Ezequiel Flores Contreras Tepehuixco, Chilapa (apro). Autoridades ministeriales exhumaron cuatro cuerpos de las fosas localizadas ayer por integrantes del Comit\u00e9 Siempre Vivos que buscan a familiares desaparecidos en Chilapa. Posterior a las diligencias realizadas por las autoridades, los exploradores civiles volvieron a recorrer la zona y encontraron fragmentos \u00f3seos,\u2026","rel":"","context":"En &quot;CINTILLO&quot;","block_context":{"text":"CINTILLO","link":"http:\/\/www.grieta.org.mx\/index.php\/category\/cintillo\/"},"img":{"alt_text":"","src":"https:\/\/i0.wp.com\/www.grieta.org.mx\/wp-content\/uploads\/2018\/03\/14524434_1106112876131411_958039263622046936_o.jpg?resize=350%2C200","width":350,"height":200,"srcset":"https:\/\/i0.wp.com\/www.grieta.org.mx\/wp-content\/uploads\/2018\/03\/14524434_1106112876131411_958039263622046936_o.jpg?resize=350%2C200 1x, https:\/\/i0.wp.com\/www.grieta.org.mx\/wp-content\/uploads\/2018\/03\/14524434_1106112876131411_958039263622046936_o.jpg?resize=525%2C300 1.5x, https:\/\/i0.wp.com\/www.grieta.org.mx\/wp-content\/uploads\/2018\/03\/14524434_1106112876131411_958039263622046936_o.jpg?resize=700%2C400 2x"},"classes":[]},{"id":65077,"url":"http:\/\/www.grieta.org.mx\/index.php\/2022\/08\/31\/familiares-de-desaparecidos-se-manifiestan-en-aguascalientes-2\/","url_meta":{"origin":54839,"position":1},"title":"Familiares de desaparecidos se manifiestan en Aguascalientes","author":"grieta","date":"31 agosto, 2022","format":false,"excerpt":"Judith Gavl\u00e1n\/El Sol del centro 31 agosto 2022 Por el d\u00eda D\u00eda Internacional de las V\u00edctimas de Desapariciones Forzadas, algunos colectivos y familiares se re\u00fanen para conmemorar a los desaparecidos Familiares y colectivos de personas desaparecidas se manifestaron en Aguascalientes en la plaza principal, con motivo del D\u00eda Internacional de\u2026","rel":"","context":"En &quot;Aguascalientes&quot;","block_context":{"text":"Aguascalientes","link":"http:\/\/www.grieta.org.mx\/index.php\/category\/noticias-nacionales\/aguascalientes\/"},"img":{"alt_text":"","src":"https:\/\/i0.wp.com\/www.grieta.org.mx\/wp-content\/uploads\/2022\/09\/Manifestacion-PersonasDesaparecidas.jpg?resize=350%2C200","width":350,"height":200,"srcset":"https:\/\/i0.wp.com\/www.grieta.org.mx\/wp-content\/uploads\/2022\/09\/Manifestacion-PersonasDesaparecidas.jpg?resize=350%2C200 1x, https:\/\/i0.wp.com\/www.grieta.org.mx\/wp-content\/uploads\/2022\/09\/Manifestacion-PersonasDesaparecidas.jpg?resize=525%2C300 1.5x, https:\/\/i0.wp.com\/www.grieta.org.mx\/wp-content\/uploads\/2022\/09\/Manifestacion-PersonasDesaparecidas.jpg?resize=700%2C400 2x"},"classes":[]},{"id":34620,"url":"http:\/\/www.grieta.org.mx\/index.php\/2019\/06\/10\/destaca-tamaulipas-por-fosas-clandestinas\/","url_meta":{"origin":54839,"position":2},"title":"\u201cDestaca\u201d Tamaulipas por fosas clandestinas.","author":"grieta","date":"10 junio, 2019","format":false,"excerpt":"Noticentro Tamaulipas encabeza un grupo de cinco Estados donde se ha localizado el mayor n\u00famero de fosas clandestinas en el pa\u00eds. De acuerdo con una investigaci\u00f3n realizada por la Comisi\u00f3n Mexicana de Defensa y Promoci\u00f3n de los Derechos Humanos, denominada, \u201cSituaci\u00f3n de las Fosas Clandestinas\u201d en M\u00e9xico, esas mismas cinco\u2026","rel":"","context":"En &quot;CINTILLO&quot;","block_context":{"text":"CINTILLO","link":"http:\/\/www.grieta.org.mx\/index.php\/category\/cintillo\/"},"img":{"alt_text":"","src":"https:\/\/i0.wp.com\/www.grieta.org.mx\/wp-content\/uploads\/2019\/06\/%E2%80%9CDestaca%E2%80%9D-Tamaulipas-por-fosas-clandestinas.-tama-jun.jpg?resize=350%2C200","width":350,"height":200,"srcset":"https:\/\/i0.wp.com\/www.grieta.org.mx\/wp-content\/uploads\/2019\/06\/%E2%80%9CDestaca%E2%80%9D-Tamaulipas-por-fosas-clandestinas.-tama-jun.jpg?resize=350%2C200 1x, https:\/\/i0.wp.com\/www.grieta.org.mx\/wp-content\/uploads\/2019\/06\/%E2%80%9CDestaca%E2%80%9D-Tamaulipas-por-fosas-clandestinas.-tama-jun.jpg?resize=525%2C300 1.5x"},"classes":[]},{"id":18009,"url":"http:\/\/www.grieta.org.mx\/index.php\/2015\/09\/30\/el-caso-ayotzinapa-llevo-al-hallazgo-de-104-cuerpos-de-desaparecidos-en-cerros-de-iguala\/","url_meta":{"origin":54839,"position":3},"title":"El caso Ayotzinapa llev\u00f3 al hallazgo de 104 cuerpos de desaparecidos en cerros de Iguala","author":"grieta","date":"30 septiembre, 2015","format":false,"excerpt":"*El 23 de noviembre de 2014, familiares de las otras v\u00edctimas de desaparici\u00f3n forzada, acompa\u00f1ados por la UPOEG y Ciencia Forense Ciudadana, salieron por primera vez a buscar fosas, y encontraron en su primer d\u00eda seis entierros clandestinos Alejandro Guerrero El Sur El ataque y desaparici\u00f3n de los 43 normalistas\u2026","rel":"","context":"En &quot;CINTILLO&quot;","block_context":{"text":"CINTILLO","link":"http:\/\/www.grieta.org.mx\/index.php\/category\/cintillo\/"},"img":{"alt_text":"","src":"https:\/\/i0.wp.com\/www.grieta.org.mx\/wp-content\/uploads\/2018\/03\/14524434_1106112876131411_958039263622046936_o.jpg?resize=350%2C200","width":350,"height":200,"srcset":"https:\/\/i0.wp.com\/www.grieta.org.mx\/wp-content\/uploads\/2018\/03\/14524434_1106112876131411_958039263622046936_o.jpg?resize=350%2C200 1x, https:\/\/i0.wp.com\/www.grieta.org.mx\/wp-content\/uploads\/2018\/03\/14524434_1106112876131411_958039263622046936_o.jpg?resize=525%2C300 1.5x, https:\/\/i0.wp.com\/www.grieta.org.mx\/wp-content\/uploads\/2018\/03\/14524434_1106112876131411_958039263622046936_o.jpg?resize=700%2C400 2x"},"classes":[]},{"id":8080,"url":"http:\/\/www.grieta.org.mx\/index.php\/2016\/07\/20\/desaparecidos-en-morelos\/","url_meta":{"origin":54839,"position":4},"title":"Desaparecidos en Morelos","author":"grieta","date":"20 julio, 2016","format":false,"excerpt":"20\/07\/16. Cuando el gobierno hace sus propias fosas clandestinas Lado B 15\/07\/16. 26 personas han desaparecido en menos de dos semanasLa Uni\u00f3n de Morelos 29\/05\/16. Fosas de Tetelcingo: Las historias de las v\u00edctimasProceso 10\/05\/16. Marchan madres de v\u00edctimas, en Cuernavaca; exigen justiciaLa uni\u00f3n de Morelos 12\/04\/16. Morelos, la ruta invisible\u2026","rel":"","context":"En &quot;Desaparecidos&quot;","block_context":{"text":"Desaparecidos","link":"http:\/\/www.grieta.org.mx\/index.php\/category\/temas-nacionales\/desaparecidos\/"},"img":{"alt_text":"","src":"https:\/\/i0.wp.com\/www.grieta.org.mx\/wp-content\/uploads\/2018\/03\/14524434_1106112876131411_958039263622046936_o.jpg?resize=350%2C200","width":350,"height":200,"srcset":"https:\/\/i0.wp.com\/www.grieta.org.mx\/wp-content\/uploads\/2018\/03\/14524434_1106112876131411_958039263622046936_o.jpg?resize=350%2C200 1x, https:\/\/i0.wp.com\/www.grieta.org.mx\/wp-content\/uploads\/2018\/03\/14524434_1106112876131411_958039263622046936_o.jpg?resize=525%2C300 1.5x, https:\/\/i0.wp.com\/www.grieta.org.mx\/wp-content\/uploads\/2018\/03\/14524434_1106112876131411_958039263622046936_o.jpg?resize=700%2C400 2x"},"classes":[]},{"id":64065,"url":"http:\/\/www.grieta.org.mx\/index.php\/2022\/04\/22\/suman-21-fosas-clandestinas-localizadas-en-jalisco-este-2022-jalisco\/","url_meta":{"origin":54839,"position":5},"title":"Suman 21 fosas clandestinas localizadas en Jalisco este 2022 (Jalisco)","author":"grieta","date":"22 abril, 2022","format":false,"excerpt":"Foto: Rom\u00e1n Ortega - El Occidental En lo que va del a\u00f1o colectivos que buscan a\u00a0personas desaparecidas\u00a0y la Fiscal\u00eda del Estado\u00a0han localizado\u00a021 fosas clandestinas, la mayor\u00eda de ellas en la\u00a0Zona Metropolitana de Guadalajara. Los puntos con mayor n\u00famero de v\u00edctimas se ubicaron en Chulavista, con 45 durante la primera jornada\u2026","rel":"","context":"En &quot;CINTILLO&quot;","block_context":{"text":"CINTILLO","link":"http:\/\/www.grieta.org.mx\/index.php\/category\/cintillo\/"},"img":{"alt_text":"","src":"https:\/\/i0.wp.com\/www.grieta.org.mx\/wp-content\/uploads\/2022\/04\/21-fosas-clandestinas-en-el-Estado.jpeg?resize=350%2C200","width":350,"height":200,"srcset":"https:\/\/i0.wp.com\/www.grieta.org.mx\/wp-content\/uploads\/2022\/04\/21-fosas-clandestinas-en-el-Estado.jpeg?resize=350%2C200 1x, https:\/\/i0.wp.com\/www.grieta.org.mx\/wp-content\/uploads\/2022\/04\/21-fosas-clandestinas-en-el-Estado.jpeg?resize=525%2C300 1.5x, https:\/\/i0.wp.com\/www.grieta.org.mx\/wp-content\/uploads\/2022\/04\/21-fosas-clandestinas-en-el-Estado.jpeg?resize=700%2C400 2x"},"classes":[]}],"_links":{"self":[{"href":"http:\/\/www.grieta.org.mx\/index.php\/wp-json\/wp\/v2\/posts\/54839","targetHints":{"allow":["GET"]}}],"collection":[{"href":"http:\/\/www.grieta.org.mx\/index.php\/wp-json\/wp\/v2\/posts"}],"about":[{"href":"http:\/\/www.grieta.org.mx\/index.php\/wp-json\/wp\/v2\/types\/post"}],"author":[{"embeddable":true,"href":"http:\/\/www.grieta.org.mx\/index.php\/wp-json\/wp\/v2\/users\/2"}],"replies":[{"embeddable":true,"href":"http:\/\/www.grieta.org.mx\/index.php\/wp-json\/wp\/v2\/comments?post=54839"}],"version-history":[{"count":1,"href":"http:\/\/www.grieta.org.mx\/index.php\/wp-json\/wp\/v2\/posts\/54839\/revisions"}],"predecessor-version":[{"id":54841,"href":"http:\/\/www.grieta.org.mx\/index.php\/wp-json\/wp\/v2\/posts\/54839\/revisions\/54841"}],"wp:featuredmedia":[{"embeddable":true,"href":"http:\/\/www.grieta.org.mx\/index.php\/wp-json\/wp\/v2\/media\/54840"}],"wp:attachment":[{"href":"http:\/\/www.grieta.org.mx\/index.php\/wp-json\/wp\/v2\/media?parent=54839"}],"wp:term":[{"taxonomy":"category","embeddable":true,"href":"http:\/\/www.grieta.org.mx\/index.php\/wp-json\/wp\/v2\/categories?post=54839"},{"taxonomy":"post_tag","embeddable":true,"href":"http:\/\/www.grieta.org.mx\/index.php\/wp-json\/wp\/v2\/tags?post=54839"}],"curies":[{"name":"wp","href":"https:\/\/api.w.org\/{rel}","templated":true}]}}