{"id":54834,"date":"2020-10-21T12:27:14","date_gmt":"2020-10-21T17:27:14","guid":{"rendered":"http:\/\/www.grieta.org.mx\/?p=54834"},"modified":"2020-11-08T12:33:55","modified_gmt":"2020-11-08T18:33:55","slug":"suspende-fiscalia-busqueda-de-desaparecidos-en-pozo-colectivos-piden-reanudar-aguascalientes","status":"publish","type":"post","link":"http:\/\/www.grieta.org.mx\/index.php\/2020\/10\/21\/suspende-fiscalia-busqueda-de-desaparecidos-en-pozo-colectivos-piden-reanudar-aguascalientes\/","title":{"rendered":"Suspende Fiscal\u00eda b\u00fasqueda de desaparecidos en pozo; colectivos piden reanudar (Aguascalientes)"},"content":{"rendered":"<p>Alejandro Romo\/Newsweek Aguascalientes<br \/>\n21 octubre 2020<\/p>\n<p><img loading=\"lazy\" decoding=\"async\" data-attachment-id=\"54835\" data-permalink=\"http:\/\/www.grieta.org.mx\/index.php\/2020\/10\/21\/suspende-fiscalia-busqueda-de-desaparecidos-en-pozo-colectivos-piden-reanudar-aguascalientes\/busqueda-1\/\" data-orig-file=\"http:\/\/www.grieta.org.mx\/wp-content\/uploads\/2020\/11\/busqueda-1.jpg\" data-orig-size=\"677,450\" data-comments-opened=\"0\" data-image-meta=\"{&quot;aperture&quot;:&quot;0&quot;,&quot;credit&quot;:&quot;&quot;,&quot;camera&quot;:&quot;&quot;,&quot;caption&quot;:&quot;&quot;,&quot;created_timestamp&quot;:&quot;0&quot;,&quot;copyright&quot;:&quot;&quot;,&quot;focal_length&quot;:&quot;0&quot;,&quot;iso&quot;:&quot;0&quot;,&quot;shutter_speed&quot;:&quot;0&quot;,&quot;title&quot;:&quot;&quot;,&quot;orientation&quot;:&quot;0&quot;}\" data-image-title=\"busqueda 1\" data-image-description=\"\" data-image-caption=\"\" data-medium-file=\"http:\/\/www.grieta.org.mx\/wp-content\/uploads\/2020\/11\/busqueda-1-300x199.jpg\" data-large-file=\"http:\/\/www.grieta.org.mx\/wp-content\/uploads\/2020\/11\/busqueda-1.jpg\" src=\"http:\/\/www.grieta.org.mx\/wp-content\/uploads\/2020\/11\/busqueda-1.jpg\" alt=\"\" width=\"677\" height=\"450\" class=\"alignnone size-full wp-image-54835\" srcset=\"http:\/\/www.grieta.org.mx\/wp-content\/uploads\/2020\/11\/busqueda-1.jpg 677w, http:\/\/www.grieta.org.mx\/wp-content\/uploads\/2020\/11\/busqueda-1-300x199.jpg 300w\" sizes=\"auto, (max-width: 677px) 100vw, 677px\" \/><\/p>\n<p>Despu\u00e9s de tres horas de evaluar las condiciones del pozo de m\u00e1s de 50 metros aleda\u00f1o al vel\u00f3dromo Bicentenario del Complejo Tres Centurias para realizar acciones de b\u00fasqueda de restos de personas desaparecidas, elementos de la Fiscal\u00eda General del Estado y de la Coordinaci\u00f3n Estatal de Protecci\u00f3n Civil y Bomberos determinaron suspender los trabajos, luego de que se detectaron altas cantidades de gases que podr\u00edan poner en riesgo la integridad de los rescatistas.<\/p>\n<p>Pasadas las 12:00 p.m., el agente del ministerio p\u00fablico de la Fiscal\u00eda Especializada en Desaparici\u00f3n y Localizaci\u00f3n de Personas, H\u00e9ctor Navarro, inform\u00f3 que luego de ingresar un explos\u00edmetro de la empresa Veolia Aguascalientes, se detectaron altas concentraciones de mon\u00f3xido de carbono y sulfuro de hidr\u00f3geno, a pesar de que el sitio estuvo ventil\u00e1ndose por m\u00e1s de 24 horas, por lo cual se corr\u00eda un riesgo importante para los elementos de bomberos, a pesar de que estos ya estaban preparados para iniciar el descenso con arneses y equipos de seguridad.<\/p>\n<p>\u201cA esa profundidad hay una gran cantidad de gases que hacen pr\u00e1cticamente imposible hacer el descenso por parte de Protecci\u00f3n Civil y Bomberos porque son gases demasiado t\u00f3xicos\u201d.<\/p>\n<p><img loading=\"lazy\" decoding=\"async\" data-attachment-id=\"54836\" data-permalink=\"http:\/\/www.grieta.org.mx\/index.php\/2020\/10\/21\/suspende-fiscalia-busqueda-de-desaparecidos-en-pozo-colectivos-piden-reanudar-aguascalientes\/busqueda-2\/\" data-orig-file=\"http:\/\/www.grieta.org.mx\/wp-content\/uploads\/2020\/11\/busqueda-2.jpg\" data-orig-size=\"761,450\" data-comments-opened=\"0\" data-image-meta=\"{&quot;aperture&quot;:&quot;0&quot;,&quot;credit&quot;:&quot;&quot;,&quot;camera&quot;:&quot;&quot;,&quot;caption&quot;:&quot;&quot;,&quot;created_timestamp&quot;:&quot;0&quot;,&quot;copyright&quot;:&quot;&quot;,&quot;focal_length&quot;:&quot;0&quot;,&quot;iso&quot;:&quot;0&quot;,&quot;shutter_speed&quot;:&quot;0&quot;,&quot;title&quot;:&quot;&quot;,&quot;orientation&quot;:&quot;0&quot;}\" data-image-title=\"busqueda 2\" data-image-description=\"\" data-image-caption=\"\" data-medium-file=\"http:\/\/www.grieta.org.mx\/wp-content\/uploads\/2020\/11\/busqueda-2-300x177.jpg\" data-large-file=\"http:\/\/www.grieta.org.mx\/wp-content\/uploads\/2020\/11\/busqueda-2.jpg\" src=\"http:\/\/www.grieta.org.mx\/wp-content\/uploads\/2020\/11\/busqueda-2.jpg\" alt=\"\" width=\"761\" height=\"450\" class=\"alignnone size-full wp-image-54836\" srcset=\"http:\/\/www.grieta.org.mx\/wp-content\/uploads\/2020\/11\/busqueda-2.jpg 761w, http:\/\/www.grieta.org.mx\/wp-content\/uploads\/2020\/11\/busqueda-2-300x177.jpg 300w\" sizes=\"auto, (max-width: 761px) 100vw, 761px\" \/><\/p>\n<p>Adem\u00e1s de dicho dispositivo, se descendi\u00f3 una c\u00e1mara especializada de visi\u00f3n de 360 grados al fondo del pozo, con el que se pudo observar en tiempo real lo que se encontraba al interior del lugar.<\/p>\n<p>De acuerdo al perito especializado en fosas clandestinas de la Fiscal\u00eda General del Estado, Francisco Ch\u00e1vez Aldana, al revisar las im\u00e1genes de la c\u00e1mara no se pudieron observar indicios de restos \u00f3seos, logrando ubicar s\u00f3lo basura y residuos s\u00f3lidos.<\/p>\n<p>\u201cPor medio de una c\u00e1mara especializada se realiz\u00f3 un rastreo, ubicando una gran cantidad de basura como vidrios, pl\u00e1sticos, metal, llantas, sin embargo no exist\u00eda ning\u00fan indicio que pudiera arrojar alg\u00fan indicio de alg\u00fan resto \u00f3seo; vimos una bolsa negra del tama\u00f1o de un cuerpo, de 1.70 metros por 85 cent\u00edmetros, procedimos a realizar el retiro de esa bolsa y ver el contenido, pero no logramos ubicar ning\u00fan indicio osteol\u00f3gico que nos d\u00e9 la pauta para la b\u00fasqueda de mayores indicios, hab\u00eda pr\u00e1cticamente material terroso, lodo y piedras\u201d.<\/p>\n<p>En la revisi\u00f3n s\u00f3lo se ubic\u00f3 una bolsa negra del tama\u00f1o de una persona, pero al revisarlo de forma superficial se observ\u00f3 que conten\u00eda tierra, por lo que se determin\u00f3 dar por suspendida la b\u00fasqueda en el sitio.<\/p>\n<p>\u201cPor el momento se suspende la b\u00fasqueda, sin embargo no va a concluir la carpeta de investigaci\u00f3n, simplemente se suspende la b\u00fasqueda porque no pueden descender compa\u00f1eros para realizar la b\u00fasqueda f\u00edsica\u201d.<\/p>\n<p><img loading=\"lazy\" decoding=\"async\" data-attachment-id=\"54837\" data-permalink=\"http:\/\/www.grieta.org.mx\/index.php\/2020\/10\/21\/suspende-fiscalia-busqueda-de-desaparecidos-en-pozo-colectivos-piden-reanudar-aguascalientes\/busqueda-3\/\" data-orig-file=\"http:\/\/www.grieta.org.mx\/wp-content\/uploads\/2020\/11\/busqueda-3.jpg\" data-orig-size=\"660,450\" data-comments-opened=\"0\" data-image-meta=\"{&quot;aperture&quot;:&quot;0&quot;,&quot;credit&quot;:&quot;&quot;,&quot;camera&quot;:&quot;&quot;,&quot;caption&quot;:&quot;&quot;,&quot;created_timestamp&quot;:&quot;0&quot;,&quot;copyright&quot;:&quot;&quot;,&quot;focal_length&quot;:&quot;0&quot;,&quot;iso&quot;:&quot;0&quot;,&quot;shutter_speed&quot;:&quot;0&quot;,&quot;title&quot;:&quot;&quot;,&quot;orientation&quot;:&quot;0&quot;}\" data-image-title=\"busqueda 3\" data-image-description=\"\" data-image-caption=\"\" data-medium-file=\"http:\/\/www.grieta.org.mx\/wp-content\/uploads\/2020\/11\/busqueda-3-300x205.jpg\" data-large-file=\"http:\/\/www.grieta.org.mx\/wp-content\/uploads\/2020\/11\/busqueda-3.jpg\" src=\"http:\/\/www.grieta.org.mx\/wp-content\/uploads\/2020\/11\/busqueda-3.jpg\" alt=\"\" width=\"660\" height=\"450\" class=\"alignnone size-full wp-image-54837\" srcset=\"http:\/\/www.grieta.org.mx\/wp-content\/uploads\/2020\/11\/busqueda-3.jpg 660w, http:\/\/www.grieta.org.mx\/wp-content\/uploads\/2020\/11\/busqueda-3-300x205.jpg 300w\" sizes=\"auto, (max-width: 660px) 100vw, 660px\" \/><\/p>\n<p>Colectivos y familiares se oponen a cancelaci\u00f3n de b\u00fasqueda en el pozo<\/p>\n<p>Tras ser informados de la resoluci\u00f3n, los familiares de personas desaparecidas y los integrantes del Colectivo \u201cBuscando personas, verdad y justicia\u201d y del Observatorio de Violencia Social y de G\u00e9nero (OVSG) se pronunciaron a favor de que las acciones de b\u00fasqueda en el pozo se puedan reanudar, una vez que el lugar sea ventilado y las condiciones sean \u00f3ptimas para realizar el descenso de los rescatistas.<\/p>\n<p>Sin embargo, mencionaron que no se les indic\u00f3 alguna fecha para reanudar la b\u00fasqueda en el sitio, se\u00f1al\u00f3 la integrante del observatorio, Mariana \u00c1vila Montejano.<\/p>\n<p>\u201cEstamos de acuerdo en que por hoy se suspendan las acciones pero que se encuentren las maneras para sacar lo que hay en el fondo de la noria, sin poner en riesgo a nadie, pero aclarar que s\u00f3lo se suspende, nosotras no vamos a permitir que se concluya la b\u00fasqueda sin retirar lo que se encuentre en la noria y sin las bit\u00e1coras de c\u00f3mo fue utilizado este espacio en los \u00faltimos 10 a\u00f1os y el croquis superficial de hasta donde se conduce o si tiene otro tipo de venas este lugar\u201d, resalt\u00f3.<\/p>\n<p>Posterior a la notificaci\u00f3n a los familiares, los bomberos comenzaron a despojarse de los arneses y los trajes de protecci\u00f3n para cambiarse, al tiempo que el resto de los elementos ministeriales y de seguridad comenzaban a alejarse del lugar.<\/p>\n<p>Finalmente, alrededor de la 1:00 p.m. el pozo fue cubierto nuevamente por la estructura de acero que hab\u00eda sido retirada para ventilar el sitio, quedando a\u00fan bajo cerco de seguridad y vigilancia polic\u00edaca.<\/p>\n<p>\u201cTenemos que checar cu\u00e1ndo se reanudar\u00e1 y eso nos lo va a decir el cuerpo de bomberos conforme a la informaci\u00f3n que les arroje el estudio de hoy, no vamos a dejar que no se les d\u00e9 la informaci\u00f3n a las familias, porque si aceptamos que se concluya la investigaci\u00f3n es negar el acceso a la verdad y la certidumbre, entonces no lo vamos a aceptar aunque la postura de las autoridades sea esa\u201d, concluy\u00f3 la activista.<\/p>\n<p><a href=\"https:\/\/newsweekespanol.com\/2020\/10\/suspende-fiscalia-busqueda-de-desaparecidos-en-pozo-colectivos-piden-reanudar\/\" rel=\"noopener noreferrer\" target=\"_blank\">https:\/\/newsweekespanol.com\/2020\/10\/suspende-fiscalia-busqueda-de-desaparecidos-en-pozo-colectivos-piden-reanudar\/<\/a><\/p>\n","protected":false},"excerpt":{"rendered":"<p>Alejandro Romo\/Newsweek Aguascalientes 21 octubre 2020 Despu\u00e9s de tres horas de evaluar las condiciones del pozo de m\u00e1s de 50 metros aleda\u00f1o al vel\u00f3dromo Bicentenario del Complejo Tres Centurias para &hellip; <a href=\"http:\/\/www.grieta.org.mx\/index.php\/2020\/10\/21\/suspende-fiscalia-busqueda-de-desaparecidos-en-pozo-colectivos-piden-reanudar-aguascalientes\/\" class=\"more-link\">Leer m\u00e1s<\/a><\/p>\n","protected":false},"author":2,"featured_media":54835,"comment_status":"closed","ping_status":"closed","sticky":false,"template":"","format":"standard","meta":{"ngg_post_thumbnail":0,"_jetpack_newsletter_access":"","_jetpack_dont_email_post_to_subs":false,"_jetpack_newsletter_tier_id":0,"_jetpack_memberships_contains_paywalled_content":false,"_jetpack_memberships_contains_paid_content":false,"footnotes":""},"categories":[4,80,87,1189,2,83],"tags":[3725,3018,121,856,3152],"class_list":["post-54834","post","type-post","status-publish","format-standard","has-post-thumbnail","hentry","category-aguascalientes","category-cintillo","category-desaparecidos","category-desaparecidos-en-aguascalientes","category-noticias-nacionales","category-temas-nacionales","tag-colectivo-verdad-y-justicia","tag-colectivos-de-busqueda-de-desaparecidos","tag-desaparecidos","tag-fosas-clandestinas","tag-observatorio-de-violencia-social-y-genero","entry"],"jetpack_featured_media_url":"http:\/\/www.grieta.org.mx\/wp-content\/uploads\/2020\/11\/busqueda-1.jpg","jetpack_sharing_enabled":true,"jetpack_shortlink":"https:\/\/wp.me\/p7ZJR4-egq","jetpack_likes_enabled":false,"jetpack-related-posts":[{"id":65364,"url":"http:\/\/www.grieta.org.mx\/index.php\/2022\/09\/28\/denuncian-opacidad-sobre-desaparecidos-en-aguascalientes\/","url_meta":{"origin":54834,"position":0},"title":"Denuncian opacidad sobre desaparecidos en Aguascalientes","author":"grieta","date":"28 septiembre, 2022","format":false,"excerpt":"Claudia \u00c1vila\/El Sol del Centro 28 septiembre 2022 Fiscal\u00eda y Comisi\u00f3n Estatal de B\u00fasqueda no informan con exactitud cu\u00e1ntas personas no localizadas hay, se\u00f1ala el Observatorio de Violencia Social y de G\u00e9nero Aguascalientes es uno de los estados m\u00e1s opacos en cuanto a la b\u00fasqueda de personas desaparecidas, pues si\u2026","rel":"","context":"En &quot;Aguascalientes&quot;","block_context":{"text":"Aguascalientes","link":"http:\/\/www.grieta.org.mx\/index.php\/category\/noticias-nacionales\/aguascalientes\/"},"img":{"alt_text":"","src":"https:\/\/i0.wp.com\/www.grieta.org.mx\/wp-content\/uploads\/2022\/09\/Marcha-Desaparecidos.jpg?resize=350%2C200","width":350,"height":200,"srcset":"https:\/\/i0.wp.com\/www.grieta.org.mx\/wp-content\/uploads\/2022\/09\/Marcha-Desaparecidos.jpg?resize=350%2C200 1x, https:\/\/i0.wp.com\/www.grieta.org.mx\/wp-content\/uploads\/2022\/09\/Marcha-Desaparecidos.jpg?resize=525%2C300 1.5x, https:\/\/i0.wp.com\/www.grieta.org.mx\/wp-content\/uploads\/2022\/09\/Marcha-Desaparecidos.jpg?resize=700%2C400 2x"},"classes":[]},{"id":54839,"url":"http:\/\/www.grieta.org.mx\/index.php\/2020\/10\/22\/acusan-hostigamiento-de-autoridades-en-aguascalientes-en-casos-de-desaparecidos\/","url_meta":{"origin":54834,"position":1},"title":"Acusan hostigamiento de autoridades en Aguascalientes en casos de desaparecidos","author":"grieta","date":"22 octubre, 2020","format":false,"excerpt":"M\u00f3nica Cerb\u00f3n\/Proceso 22 octubre 2020 Fosa. Familias de v\u00edctimas de desaparici\u00f3n piden revisar fosas clandestinas. Foto: Especial. AGUASCALIENTES, Ags. (apro).- Familiares de v\u00edctimas de desaparici\u00f3n y defensoras de derechos humanos denunciaron hostigamiento por parte de autoridades municipales y ministeriales como resultado de la exigencia para que busquen en dos presuntas\u2026","rel":"","context":"En &quot;Aguascalientes&quot;","block_context":{"text":"Aguascalientes","link":"http:\/\/www.grieta.org.mx\/index.php\/category\/noticias-nacionales\/aguascalientes\/"},"img":{"alt_text":"","src":"https:\/\/i0.wp.com\/www.grieta.org.mx\/wp-content\/uploads\/2020\/11\/f800x450-123324_174770_5050.jpg?resize=350%2C200","width":350,"height":200,"srcset":"https:\/\/i0.wp.com\/www.grieta.org.mx\/wp-content\/uploads\/2020\/11\/f800x450-123324_174770_5050.jpg?resize=350%2C200 1x, https:\/\/i0.wp.com\/www.grieta.org.mx\/wp-content\/uploads\/2020\/11\/f800x450-123324_174770_5050.jpg?resize=525%2C300 1.5x, https:\/\/i0.wp.com\/www.grieta.org.mx\/wp-content\/uploads\/2020\/11\/f800x450-123324_174770_5050.jpg?resize=700%2C400 2x"},"classes":[]},{"id":65077,"url":"http:\/\/www.grieta.org.mx\/index.php\/2022\/08\/31\/familiares-de-desaparecidos-se-manifiestan-en-aguascalientes-2\/","url_meta":{"origin":54834,"position":2},"title":"Familiares de desaparecidos se manifiestan en Aguascalientes","author":"grieta","date":"31 agosto, 2022","format":false,"excerpt":"Judith Gavl\u00e1n\/El Sol del centro 31 agosto 2022 Por el d\u00eda D\u00eda Internacional de las V\u00edctimas de Desapariciones Forzadas, algunos colectivos y familiares se re\u00fanen para conmemorar a los desaparecidos Familiares y colectivos de personas desaparecidas se manifestaron en Aguascalientes en la plaza principal, con motivo del D\u00eda Internacional de\u2026","rel":"","context":"En &quot;Aguascalientes&quot;","block_context":{"text":"Aguascalientes","link":"http:\/\/www.grieta.org.mx\/index.php\/category\/noticias-nacionales\/aguascalientes\/"},"img":{"alt_text":"","src":"https:\/\/i0.wp.com\/www.grieta.org.mx\/wp-content\/uploads\/2022\/09\/Manifestacion-PersonasDesaparecidas.jpg?resize=350%2C200","width":350,"height":200,"srcset":"https:\/\/i0.wp.com\/www.grieta.org.mx\/wp-content\/uploads\/2022\/09\/Manifestacion-PersonasDesaparecidas.jpg?resize=350%2C200 1x, https:\/\/i0.wp.com\/www.grieta.org.mx\/wp-content\/uploads\/2022\/09\/Manifestacion-PersonasDesaparecidas.jpg?resize=525%2C300 1.5x, https:\/\/i0.wp.com\/www.grieta.org.mx\/wp-content\/uploads\/2022\/09\/Manifestacion-PersonasDesaparecidas.jpg?resize=700%2C400 2x"},"classes":[]},{"id":54712,"url":"http:\/\/www.grieta.org.mx\/index.php\/2020\/08\/17\/inicia-caravana-de-familiares-de-desaparecidos-de-aguascalientes-en-puerto-vallarta\/","url_meta":{"origin":54834,"position":3},"title":"Inicia caravana de familiares de desaparecidos de Aguascalientes en Puerto Vallarta","author":"grieta","date":"17 agosto, 2020","format":false,"excerpt":"Alejandro Romo\/Newsweek Aguascalientes 17 agosto 2020 Este lunes comenz\u00f3 la caravana de b\u00fasqueda organizada por el Colectivo Buscando Personas, Verdad y Justicia y el Observatorio de Violencia Social y de G\u00e9nero (OVSG) y familiares de personas desaparecidas de Aguascalientes en municipios de Jalisco. La caravana inici\u00f3 en Puerto Vallarta, Jalisco,\u2026","rel":"","context":"En &quot;Aguascalientes&quot;","block_context":{"text":"Aguascalientes","link":"http:\/\/www.grieta.org.mx\/index.php\/category\/noticias-nacionales\/aguascalientes\/"},"img":{"alt_text":"","src":"https:\/\/i0.wp.com\/www.grieta.org.mx\/wp-content\/uploads\/2020\/11\/WhatsApp-Image-2020-08-17-at-1.48.32-PM.jpeg?resize=350%2C200","width":350,"height":200,"srcset":"https:\/\/i0.wp.com\/www.grieta.org.mx\/wp-content\/uploads\/2020\/11\/WhatsApp-Image-2020-08-17-at-1.48.32-PM.jpeg?resize=350%2C200 1x, https:\/\/i0.wp.com\/www.grieta.org.mx\/wp-content\/uploads\/2020\/11\/WhatsApp-Image-2020-08-17-at-1.48.32-PM.jpeg?resize=525%2C300 1.5x"},"classes":[]},{"id":58967,"url":"http:\/\/www.grieta.org.mx\/index.php\/2021\/04\/24\/familiares-de-desaparecidos-del-maverick-exigen-justicia-en-aguascalientes\/","url_meta":{"origin":54834,"position":4},"title":"Familiares de desaparecidos del \u2018Maverick\u2019 exigen justicia en Aguascalientes","author":"grieta","date":"24 abril, 2021","format":false,"excerpt":"Redacci\u00f3n\/El Clarinete 24 abril 2021 Aguascalientes, Ags.- Familiares de Javier Espino, desaparecido en el antro \u2018Maverick\u2019 en 2007, clausuraron de manera simb\u00f3lica las instalaciones de la Fiscal\u00eda de Estado de Aguascalientes por los nulos resultados en la investigaci\u00f3n. Francisco Espinoza padre de uno de los nueve desaparecidos, indic\u00f3 que son\u2026","rel":"","context":"En &quot;Aguascalientes&quot;","block_context":{"text":"Aguascalientes","link":"http:\/\/www.grieta.org.mx\/index.php\/category\/noticias-nacionales\/aguascalientes\/"},"img":{"alt_text":"","src":"https:\/\/i0.wp.com\/www.grieta.org.mx\/wp-content\/uploads\/2021\/04\/desaparecidos-familiares.jpg?resize=350%2C200","width":350,"height":200,"srcset":"https:\/\/i0.wp.com\/www.grieta.org.mx\/wp-content\/uploads\/2021\/04\/desaparecidos-familiares.jpg?resize=350%2C200 1x, https:\/\/i0.wp.com\/www.grieta.org.mx\/wp-content\/uploads\/2021\/04\/desaparecidos-familiares.jpg?resize=525%2C300 1.5x, https:\/\/i0.wp.com\/www.grieta.org.mx\/wp-content\/uploads\/2021\/04\/desaparecidos-familiares.jpg?resize=700%2C400 2x"},"classes":[]},{"id":65264,"url":"http:\/\/www.grieta.org.mx\/index.php\/2022\/09\/13\/a-los-desaparecidos-hay-que-buscarlos-siempre-aguascalientes\/","url_meta":{"origin":54834,"position":5},"title":"A los desaparecidos hay que buscarlos siempre (Aguascalientes)","author":"grieta","date":"13 septiembre, 2022","format":false,"excerpt":"Redacci\u00f3n\/El Heraldo Aguascalientes 13 septiembre 2022 Buscar\u00e1 el Observatorio de Violencia Social y de G\u00e9nero de Aguascalientes posicionar con la gobernadora electa Tere Jim\u00e9nez Esquivel los temas de prevenci\u00f3n a la violencia feminicida y el de la atenci\u00f3n prioritaria en la b\u00fasqueda y localizaci\u00f3n de personas, destac\u00f3 su coordinadora, Violeta\u2026","rel":"","context":"En &quot;Aguascalientes&quot;","block_context":{"text":"Aguascalientes","link":"http:\/\/www.grieta.org.mx\/index.php\/category\/noticias-nacionales\/aguascalientes\/"},"img":{"alt_text":"","src":"https:\/\/i0.wp.com\/www.grieta.org.mx\/wp-content\/uploads\/2022\/09\/manifestacion-familias-personas-desaparecidas-ASC_7854-696x464-1.jpg?resize=350%2C200","width":350,"height":200,"srcset":"https:\/\/i0.wp.com\/www.grieta.org.mx\/wp-content\/uploads\/2022\/09\/manifestacion-familias-personas-desaparecidas-ASC_7854-696x464-1.jpg?resize=350%2C200 1x, https:\/\/i0.wp.com\/www.grieta.org.mx\/wp-content\/uploads\/2022\/09\/manifestacion-familias-personas-desaparecidas-ASC_7854-696x464-1.jpg?resize=525%2C300 1.5x"},"classes":[]}],"_links":{"self":[{"href":"http:\/\/www.grieta.org.mx\/index.php\/wp-json\/wp\/v2\/posts\/54834","targetHints":{"allow":["GET"]}}],"collection":[{"href":"http:\/\/www.grieta.org.mx\/index.php\/wp-json\/wp\/v2\/posts"}],"about":[{"href":"http:\/\/www.grieta.org.mx\/index.php\/wp-json\/wp\/v2\/types\/post"}],"author":[{"embeddable":true,"href":"http:\/\/www.grieta.org.mx\/index.php\/wp-json\/wp\/v2\/users\/2"}],"replies":[{"embeddable":true,"href":"http:\/\/www.grieta.org.mx\/index.php\/wp-json\/wp\/v2\/comments?post=54834"}],"version-history":[{"count":1,"href":"http:\/\/www.grieta.org.mx\/index.php\/wp-json\/wp\/v2\/posts\/54834\/revisions"}],"predecessor-version":[{"id":54838,"href":"http:\/\/www.grieta.org.mx\/index.php\/wp-json\/wp\/v2\/posts\/54834\/revisions\/54838"}],"wp:featuredmedia":[{"embeddable":true,"href":"http:\/\/www.grieta.org.mx\/index.php\/wp-json\/wp\/v2\/media\/54835"}],"wp:attachment":[{"href":"http:\/\/www.grieta.org.mx\/index.php\/wp-json\/wp\/v2\/media?parent=54834"}],"wp:term":[{"taxonomy":"category","embeddable":true,"href":"http:\/\/www.grieta.org.mx\/index.php\/wp-json\/wp\/v2\/categories?post=54834"},{"taxonomy":"post_tag","embeddable":true,"href":"http:\/\/www.grieta.org.mx\/index.php\/wp-json\/wp\/v2\/tags?post=54834"}],"curies":[{"name":"wp","href":"https:\/\/api.w.org\/{rel}","templated":true}]}}