{"id":54822,"date":"2020-10-20T08:50:40","date_gmt":"2020-10-20T13:50:40","guid":{"rendered":"http:\/\/www.grieta.org.mx\/?p=54822"},"modified":"2020-11-08T12:08:22","modified_gmt":"2020-11-08T18:08:22","slug":"reanudaran-busqueda-de-personas-en-presunta-fosa-localizada-en-tres-centurias-aguascalientes","status":"publish","type":"post","link":"http:\/\/www.grieta.org.mx\/index.php\/2020\/10\/20\/reanudaran-busqueda-de-personas-en-presunta-fosa-localizada-en-tres-centurias-aguascalientes\/","title":{"rendered":"Reanudar\u00e1n b\u00fasqueda de personas en fosa localizada en Tres Centurias, Aguascalientes"},"content":{"rendered":"<p>Mariana Orozco\/Debate<br \/>\n20 octubre 2020<\/p>\n<blockquote><p>Mediante las redes sociales oficiales en Observatorio de Violencia Social y de G\u00e9nero de Aguascalientes, informar\u00f3n que las autoridades estatales reanudar\u00e1n la b\u00fasqueda de personas dentro de la presunta fosa clandestina ubicada en Tres Centurias en el estado hidroc\u00e1lido<\/p><\/blockquote>\n<p><img loading=\"lazy\" decoding=\"async\" data-attachment-id=\"54823\" data-permalink=\"http:\/\/www.grieta.org.mx\/index.php\/2020\/10\/20\/reanudaran-busqueda-de-personas-en-presunta-fosa-localizada-en-tres-centurias-aguascalientes\/fosa-ags\/\" data-orig-file=\"http:\/\/www.grieta.org.mx\/wp-content\/uploads\/2020\/11\/fosa-ags.png\" data-orig-size=\"954,521\" data-comments-opened=\"0\" data-image-meta=\"{&quot;aperture&quot;:&quot;0&quot;,&quot;credit&quot;:&quot;&quot;,&quot;camera&quot;:&quot;&quot;,&quot;caption&quot;:&quot;&quot;,&quot;created_timestamp&quot;:&quot;0&quot;,&quot;copyright&quot;:&quot;&quot;,&quot;focal_length&quot;:&quot;0&quot;,&quot;iso&quot;:&quot;0&quot;,&quot;shutter_speed&quot;:&quot;0&quot;,&quot;title&quot;:&quot;&quot;,&quot;orientation&quot;:&quot;0&quot;}\" data-image-title=\"fosa ags\" data-image-description=\"\" data-image-caption=\"\" data-medium-file=\"http:\/\/www.grieta.org.mx\/wp-content\/uploads\/2020\/11\/fosa-ags-300x164.png\" data-large-file=\"http:\/\/www.grieta.org.mx\/wp-content\/uploads\/2020\/11\/fosa-ags.png\" class=\"alignnone wp-image-54823\" src=\"http:\/\/www.grieta.org.mx\/wp-content\/uploads\/2020\/11\/fosa-ags.png\" alt=\"\" width=\"800\" height=\"437\" srcset=\"http:\/\/www.grieta.org.mx\/wp-content\/uploads\/2020\/11\/fosa-ags.png 954w, http:\/\/www.grieta.org.mx\/wp-content\/uploads\/2020\/11\/fosa-ags-300x164.png 300w, http:\/\/www.grieta.org.mx\/wp-content\/uploads\/2020\/11\/fosa-ags-768x419.png 768w, http:\/\/www.grieta.org.mx\/wp-content\/uploads\/2020\/11\/fosa-ags-916x500.png 916w\" sizes=\"auto, (max-width: 800px) 100vw, 800px\" \/><br \/>\nReanudar\u00e1n b\u00fasqueda de personas en fosa de Aguascalientes | OSVG<\/p>\n<p>Aguascalientes. &#8211; El pasado 17 de octubre de fue localiazada una fosa clandestina en la localidad de las Tres Centurias, en lo que se\u00f1alan es un predio del Gobierno de Aguascalientes, la cual presuntamente durante el sexenio pasado fue usada como una pensi\u00f3n de veh\u00edculos de la Fiscal\u00eda General del Estado (FGE).<\/p>\n<p>De acuerdo al Observatorio de Violencia Social y de G\u00e9nero de Aguascalientes, dentro del predio presuntamente podr\u00edan localizarse c\u00e1daveres, en lo que se\u00f1alan tiene las caracter\u00edsticas de ser una fosa clandestina, por lo que solicitan a las autoridades correspodientes para la extracci\u00f3n de los posibles cuerpos que se encuentran dentro del territorio.<\/p>\n<p>La sospecha de que en el lugar fueran localizadas dentro del sitio, viene luego de un se\u00f1alamiento presentado por familiares de personas desaparecidos, quienes se\u00f1alan que existe la posibilidad de que en el sitio del territorio pueden encontraste restos de personas en calidad de desaparecidas.<\/p>\n<p>Ante la probable existencia de cuerpos, los familiares interpusieron una denuncia ante la Fiscal\u00eda de Aguascalientes, con el objetivo de que se realicen las diligencias correspondientes para la localizaci\u00f3n y extracci\u00f3n de cuerpos del sitio, as\u00ed como en el caso de que se encuentren indicios puedan ser anexados a la carpeta de investigaci\u00f3n.<\/p>\n<p>De acuerdo a los medios locales, se\u00f1alan que en el predio donde se se\u00f1ala la existencia de los restos humanos; en el sitio se encuentran realizando obras el Gobierno del Estado por lo que ya se hiz\u00f3 la solicitud para que se detengan las obras mientras se realizan las investigaciones correspondientes.<\/p>\n<p>Asimismo, en otra investigaci\u00f3n que se realiz\u00f3 en d\u00edas pasados en donde se hac\u00eda la b\u00fasqueda en otro municipio de Aguascalientes, en la intenci\u00f3n de localizar a un joven que se encuentra desaparecido desde diciembre del 2016, en el cual se encontraron restos \u00f3seos que se encuentran en investigaci\u00f3n pericial para determinar si corresponden a la persona que buscan.<\/p>\n<p>Reanudaran la b\u00fasqueda<br \/>\nLuego de que reportaran a trav\u00e9s de las redes sociales oficiales del Observatorio de Violencia Social y de G\u00e9nero (OVSG) de Aguascalientes, que las autoridades trataban de sacar a los familiares del sitio conocido como el complejo ferrocarrilero Tres Centurias, en donde se inciaron labores de b\u00fasqueda el d\u00eda 17 de octubre, y se reiniciar\u00e1n el mi\u00e9rcoles 21 para realizar los trabajos de localizaci\u00f3n.<\/p>\n<p>&#8220;Por indicaciones de Protecci\u00f3n Civil, Cuerpo de Bomberos y Fiscal\u00eda, y para proteger la seguridad de las todas las personas involucradas en la b\u00fasqueda, las labores se reanudar\u00e1n el pr\u00f3ximo mi\u00e9rcoles. Les mantendremos al tanto de la informaci\u00f3n. Gracias a todas las personas quienes est\u00e1n al pendiente de la seguridad de todas y a los medios de comunicaci\u00f3n por su presencia&#8221; lo cual fue publicado en redes sociales del OVSG.<\/p>\n<p><iframe loading=\"lazy\" style=\"border: none; overflow: hidden;\" src=\"https:\/\/www.facebook.com\/plugins\/video.php?href=https%3A%2F%2Fwww.facebook.com%2Fovsg.ags%2Fvideos%2F723931688198374%2F&amp;show_text=0&amp;width=560\" width=\"560\" height=\"315\" frameborder=\"0\" scrolling=\"no\" allowfullscreen=\"allowfullscreen\"><\/iframe><\/p>\n<p>La labores fueron suspendidas por recomendaci\u00f3n de las autoridades y los familiares de las personas desaparecidas se\u00f1alaron que se reiniciar\u00edan a partir del mi\u00e9rcoles con el objetivo de realizar el hallazgo de restos de las personas reportadas como desaparecidas.<\/p>\n<p>&#8220;Debido a la pasividad de la autoridad y con previo aviso a la fiscal\u00eda, el Observatorio decidi\u00f3 por cuenta propia hacer la intervenci\u00f3n directa este s\u00e1bado pasado comenzando por llamar al 911. Casi de forma inmediata llegaron al vel\u00f3dromo varias patrullas de la Polic\u00eda Municipal y Estatal, m\u00e1s tarde acudi\u00f3 personal de la Polic\u00eda Ministerial y la Guardia Nacional&#8221;, comparti\u00f3 el Observatorio a trav\u00e9s de sus redes sociales.<\/p>\n<p>El OVSG se\u00f1alaron que durante el inicio de las labores los familiares fueron agredidos por las autoridades del estado de Aguascalientes, mientras trataban de realizar los trabajos de b\u00fasqueda en el predio.<\/p>\n<p>Independiente de esta intervenci\u00f3n, el observatorio en conjunto con el Colectivo de Personas Desaparecidas estaba realizando b\u00fasquedas de personas desaparecidas de manera bimestral, aunque durante la pandemia hab\u00edan cesado un poco, pero la intenci\u00f3n es retomarlas.<\/p>\n<p><a href=\"https:\/\/www.debate.com.mx\/estados\/Reanudaran-busqueda-de-personas-en-fosa-clandestina-localizada-en-Tres-Centurias-Aguascalientes-20201020-0120.html\" rel=\"noopener noreferrer\" target=\"_blank\">https:\/\/www.debate.com.mx\/estados\/Reanudaran-busqueda-de-personas-en-fosa-clandestina-localizada-en-Tres-Centurias-Aguascalientes-20201020-0120.html<\/a><\/p>\n","protected":false},"excerpt":{"rendered":"<p>Mariana Orozco\/Debate 20 octubre 2020 Mediante las redes sociales oficiales en Observatorio de Violencia Social y de G\u00e9nero de Aguascalientes, informar\u00f3n que las autoridades estatales reanudar\u00e1n la b\u00fasqueda de personas &hellip; <a href=\"http:\/\/www.grieta.org.mx\/index.php\/2020\/10\/20\/reanudaran-busqueda-de-personas-en-presunta-fosa-localizada-en-tres-centurias-aguascalientes\/\" class=\"more-link\">Leer m\u00e1s<\/a><\/p>\n","protected":false},"author":2,"featured_media":54823,"comment_status":"closed","ping_status":"closed","sticky":false,"template":"","format":"standard","meta":{"ngg_post_thumbnail":0,"_jetpack_newsletter_access":"","_jetpack_dont_email_post_to_subs":false,"_jetpack_newsletter_tier_id":0,"_jetpack_memberships_contains_paywalled_content":false,"_jetpack_memberships_contains_paid_content":false,"footnotes":""},"categories":[4,80,87,1189,2,83],"tags":[3725,3018,121,3152],"class_list":["post-54822","post","type-post","status-publish","format-standard","has-post-thumbnail","hentry","category-aguascalientes","category-cintillo","category-desaparecidos","category-desaparecidos-en-aguascalientes","category-noticias-nacionales","category-temas-nacionales","tag-colectivo-verdad-y-justicia","tag-colectivos-de-busqueda-de-desaparecidos","tag-desaparecidos","tag-observatorio-de-violencia-social-y-genero","entry"],"jetpack_featured_media_url":"http:\/\/www.grieta.org.mx\/wp-content\/uploads\/2020\/11\/fosa-ags.png","jetpack_sharing_enabled":true,"jetpack_shortlink":"https:\/\/wp.me\/p7ZJR4-ege","jetpack_likes_enabled":false,"jetpack-related-posts":[{"id":54839,"url":"http:\/\/www.grieta.org.mx\/index.php\/2020\/10\/22\/acusan-hostigamiento-de-autoridades-en-aguascalientes-en-casos-de-desaparecidos\/","url_meta":{"origin":54822,"position":0},"title":"Acusan hostigamiento de autoridades en Aguascalientes en casos de desaparecidos","author":"grieta","date":"22 octubre, 2020","format":false,"excerpt":"M\u00f3nica Cerb\u00f3n\/Proceso 22 octubre 2020 Fosa. Familias de v\u00edctimas de desaparici\u00f3n piden revisar fosas clandestinas. Foto: Especial. AGUASCALIENTES, Ags. (apro).- Familiares de v\u00edctimas de desaparici\u00f3n y defensoras de derechos humanos denunciaron hostigamiento por parte de autoridades municipales y ministeriales como resultado de la exigencia para que busquen en dos presuntas\u2026","rel":"","context":"En &quot;Aguascalientes&quot;","block_context":{"text":"Aguascalientes","link":"http:\/\/www.grieta.org.mx\/index.php\/category\/noticias-nacionales\/aguascalientes\/"},"img":{"alt_text":"","src":"https:\/\/i0.wp.com\/www.grieta.org.mx\/wp-content\/uploads\/2020\/11\/f800x450-123324_174770_5050.jpg?resize=350%2C200","width":350,"height":200,"srcset":"https:\/\/i0.wp.com\/www.grieta.org.mx\/wp-content\/uploads\/2020\/11\/f800x450-123324_174770_5050.jpg?resize=350%2C200 1x, https:\/\/i0.wp.com\/www.grieta.org.mx\/wp-content\/uploads\/2020\/11\/f800x450-123324_174770_5050.jpg?resize=525%2C300 1.5x, https:\/\/i0.wp.com\/www.grieta.org.mx\/wp-content\/uploads\/2020\/11\/f800x450-123324_174770_5050.jpg?resize=700%2C400 2x"},"classes":[]},{"id":65364,"url":"http:\/\/www.grieta.org.mx\/index.php\/2022\/09\/28\/denuncian-opacidad-sobre-desaparecidos-en-aguascalientes\/","url_meta":{"origin":54822,"position":1},"title":"Denuncian opacidad sobre desaparecidos en Aguascalientes","author":"grieta","date":"28 septiembre, 2022","format":false,"excerpt":"Claudia \u00c1vila\/El Sol del Centro 28 septiembre 2022 Fiscal\u00eda y Comisi\u00f3n Estatal de B\u00fasqueda no informan con exactitud cu\u00e1ntas personas no localizadas hay, se\u00f1ala el Observatorio de Violencia Social y de G\u00e9nero Aguascalientes es uno de los estados m\u00e1s opacos en cuanto a la b\u00fasqueda de personas desaparecidas, pues si\u2026","rel":"","context":"En &quot;Aguascalientes&quot;","block_context":{"text":"Aguascalientes","link":"http:\/\/www.grieta.org.mx\/index.php\/category\/noticias-nacionales\/aguascalientes\/"},"img":{"alt_text":"","src":"https:\/\/i0.wp.com\/www.grieta.org.mx\/wp-content\/uploads\/2022\/09\/Marcha-Desaparecidos.jpg?resize=350%2C200","width":350,"height":200,"srcset":"https:\/\/i0.wp.com\/www.grieta.org.mx\/wp-content\/uploads\/2022\/09\/Marcha-Desaparecidos.jpg?resize=350%2C200 1x, https:\/\/i0.wp.com\/www.grieta.org.mx\/wp-content\/uploads\/2022\/09\/Marcha-Desaparecidos.jpg?resize=525%2C300 1.5x, https:\/\/i0.wp.com\/www.grieta.org.mx\/wp-content\/uploads\/2022\/09\/Marcha-Desaparecidos.jpg?resize=700%2C400 2x"},"classes":[]},{"id":54842,"url":"http:\/\/www.grieta.org.mx\/index.php\/2020\/10\/23\/se-suman-comision-nacional-de-busqueda-y-onu-dh-a-brigadas-de-desaparecidos-en-aguascalientes\/","url_meta":{"origin":54822,"position":2},"title":"Se suman Comisi\u00f3n Nacional de B\u00fasqueda y ONU-DH a brigadas de desaparecidos en Aguascalientes","author":"grieta","date":"23 octubre, 2020","format":false,"excerpt":"Alejandro Romo\/Newsweek Aguascalientes 23 octubre 2020 Representantes de la Comisi\u00f3n Nacional de B\u00fasqueda de Personas Desaparecidas y la Oficina del Alto Comisionado de las Naciones Unidas para los Derechos Humanos (ONU-DH) se encuentran en Aguascalientes para acompa\u00f1ar las acciones de b\u00fasqueda que se encuentran realizando familiares y colectivos en dos\u2026","rel":"","context":"En &quot;Aguascalientes&quot;","block_context":{"text":"Aguascalientes","link":"http:\/\/www.grieta.org.mx\/index.php\/category\/noticias-nacionales\/aguascalientes\/"},"img":{"alt_text":"","src":"https:\/\/i0.wp.com\/www.grieta.org.mx\/wp-content\/uploads\/2020\/11\/onu.jpg?resize=350%2C200","width":350,"height":200,"srcset":"https:\/\/i0.wp.com\/www.grieta.org.mx\/wp-content\/uploads\/2020\/11\/onu.jpg?resize=350%2C200 1x, https:\/\/i0.wp.com\/www.grieta.org.mx\/wp-content\/uploads\/2020\/11\/onu.jpg?resize=525%2C300 1.5x, https:\/\/i0.wp.com\/www.grieta.org.mx\/wp-content\/uploads\/2020\/11\/onu.jpg?resize=700%2C400 2x"},"classes":[]},{"id":54712,"url":"http:\/\/www.grieta.org.mx\/index.php\/2020\/08\/17\/inicia-caravana-de-familiares-de-desaparecidos-de-aguascalientes-en-puerto-vallarta\/","url_meta":{"origin":54822,"position":3},"title":"Inicia caravana de familiares de desaparecidos de Aguascalientes en Puerto Vallarta","author":"grieta","date":"17 agosto, 2020","format":false,"excerpt":"Alejandro Romo\/Newsweek Aguascalientes 17 agosto 2020 Este lunes comenz\u00f3 la caravana de b\u00fasqueda organizada por el Colectivo Buscando Personas, Verdad y Justicia y el Observatorio de Violencia Social y de G\u00e9nero (OVSG) y familiares de personas desaparecidas de Aguascalientes en municipios de Jalisco. La caravana inici\u00f3 en Puerto Vallarta, Jalisco,\u2026","rel":"","context":"En &quot;Aguascalientes&quot;","block_context":{"text":"Aguascalientes","link":"http:\/\/www.grieta.org.mx\/index.php\/category\/noticias-nacionales\/aguascalientes\/"},"img":{"alt_text":"","src":"https:\/\/i0.wp.com\/www.grieta.org.mx\/wp-content\/uploads\/2020\/11\/WhatsApp-Image-2020-08-17-at-1.48.32-PM.jpeg?resize=350%2C200","width":350,"height":200,"srcset":"https:\/\/i0.wp.com\/www.grieta.org.mx\/wp-content\/uploads\/2020\/11\/WhatsApp-Image-2020-08-17-at-1.48.32-PM.jpeg?resize=350%2C200 1x, https:\/\/i0.wp.com\/www.grieta.org.mx\/wp-content\/uploads\/2020\/11\/WhatsApp-Image-2020-08-17-at-1.48.32-PM.jpeg?resize=525%2C300 1.5x"},"classes":[]},{"id":54828,"url":"http:\/\/www.grieta.org.mx\/index.php\/2020\/10\/19\/inicia-busqueda-de-personas-desaparecidas-pero-se-pospone-por-falta-de-equipo-aguascalientes\/","url_meta":{"origin":54822,"position":4},"title":"Inicia b\u00fasqueda de personas desaparecidas, pero se pospone por falta de equipo (Aguascalientes)","author":"grieta","date":"19 octubre, 2020","format":false,"excerpt":"Alejandro Romo\/Newsweek Aguascalientes 19 octubre 2020 Desde el mediod\u00eda de este lunes iniciaron las acciones de b\u00fasqueda de personas desaparecidas en las inmediaciones del vel\u00f3dromo de Aguascalientes en el Complejo Tres Centurias, de donde familiares y activistas recibieron informaci\u00f3n y posibles indicios de que podr\u00edan haber restos de personas que\u2026","rel":"","context":"En &quot;Aguascalientes&quot;","block_context":{"text":"Aguascalientes","link":"http:\/\/www.grieta.org.mx\/index.php\/category\/noticias-nacionales\/aguascalientes\/"},"img":{"alt_text":"","src":"https:\/\/i0.wp.com\/www.grieta.org.mx\/wp-content\/uploads\/2020\/11\/44a6b073-7d76-4a3e-b67c-9dadd52f001f-1-750x450-1.jpg?resize=350%2C200","width":350,"height":200,"srcset":"https:\/\/i0.wp.com\/www.grieta.org.mx\/wp-content\/uploads\/2020\/11\/44a6b073-7d76-4a3e-b67c-9dadd52f001f-1-750x450-1.jpg?resize=350%2C200 1x, https:\/\/i0.wp.com\/www.grieta.org.mx\/wp-content\/uploads\/2020\/11\/44a6b073-7d76-4a3e-b67c-9dadd52f001f-1-750x450-1.jpg?resize=525%2C300 1.5x, https:\/\/i0.wp.com\/www.grieta.org.mx\/wp-content\/uploads\/2020\/11\/44a6b073-7d76-4a3e-b67c-9dadd52f001f-1-750x450-1.jpg?resize=700%2C400 2x"},"classes":[]},{"id":54715,"url":"http:\/\/www.grieta.org.mx\/index.php\/2020\/08\/22\/caravana-de-familias-de-aguascalientes-no-fue-del-interes-de-la-comision-local-de-busqueda-de-personas\/","url_meta":{"origin":54822,"position":5},"title":"CARAVANA DE FAMILIAS DE AGUASCALIENTES NO FUE DEL INTER\u00c9S DE LA COMISI\u00d3N LOCAL DE B\u00daSQUEDA DE PERSONAS","author":"grieta","date":"22 agosto, 2020","format":false,"excerpt":"Claudia Rodr\u00edguez Loera\/La Jornada Aguascalientes 22 agosto 2020 Durante la caravana regional de b\u00fasqueda de personas, coordinada por el Observatorio de Violencia Social y de G\u00e9nero de Aguascalientes (OVSGA) en colaboraci\u00f3n con el Colectivo de Familias \u201cBuscando Personas, Verdad y Justicia\u201d, la reci\u00e9n instalada Comisi\u00f3n de B\u00fasqueda de Personas de\u2026","rel":"","context":"En &quot;Aguascalientes&quot;","block_context":{"text":"Aguascalientes","link":"http:\/\/www.grieta.org.mx\/index.php\/category\/noticias-nacionales\/aguascalientes\/"},"img":{"alt_text":"","src":"https:\/\/i0.wp.com\/www.grieta.org.mx\/wp-content\/uploads\/2020\/11\/caravana-desaparecidos.jpg?resize=350%2C200","width":350,"height":200},"classes":[]}],"_links":{"self":[{"href":"http:\/\/www.grieta.org.mx\/index.php\/wp-json\/wp\/v2\/posts\/54822","targetHints":{"allow":["GET"]}}],"collection":[{"href":"http:\/\/www.grieta.org.mx\/index.php\/wp-json\/wp\/v2\/posts"}],"about":[{"href":"http:\/\/www.grieta.org.mx\/index.php\/wp-json\/wp\/v2\/types\/post"}],"author":[{"embeddable":true,"href":"http:\/\/www.grieta.org.mx\/index.php\/wp-json\/wp\/v2\/users\/2"}],"replies":[{"embeddable":true,"href":"http:\/\/www.grieta.org.mx\/index.php\/wp-json\/wp\/v2\/comments?post=54822"}],"version-history":[{"count":1,"href":"http:\/\/www.grieta.org.mx\/index.php\/wp-json\/wp\/v2\/posts\/54822\/revisions"}],"predecessor-version":[{"id":54827,"href":"http:\/\/www.grieta.org.mx\/index.php\/wp-json\/wp\/v2\/posts\/54822\/revisions\/54827"}],"wp:featuredmedia":[{"embeddable":true,"href":"http:\/\/www.grieta.org.mx\/index.php\/wp-json\/wp\/v2\/media\/54823"}],"wp:attachment":[{"href":"http:\/\/www.grieta.org.mx\/index.php\/wp-json\/wp\/v2\/media?parent=54822"}],"wp:term":[{"taxonomy":"category","embeddable":true,"href":"http:\/\/www.grieta.org.mx\/index.php\/wp-json\/wp\/v2\/categories?post=54822"},{"taxonomy":"post_tag","embeddable":true,"href":"http:\/\/www.grieta.org.mx\/index.php\/wp-json\/wp\/v2\/tags?post=54822"}],"curies":[{"name":"wp","href":"https:\/\/api.w.org\/{rel}","templated":true}]}}