{"id":54815,"date":"2020-10-17T23:17:11","date_gmt":"2020-10-18T04:17:11","guid":{"rendered":"http:\/\/www.grieta.org.mx\/?p=54815"},"modified":"2020-11-07T23:34:24","modified_gmt":"2020-11-08T05:34:24","slug":"bloqueo-institucional-impide-busqueda-de-personas-desaparecidas-en-velodromo-de-aguascalientes","status":"publish","type":"post","link":"http:\/\/www.grieta.org.mx\/index.php\/2020\/10\/17\/bloqueo-institucional-impide-busqueda-de-personas-desaparecidas-en-velodromo-de-aguascalientes\/","title":{"rendered":"Bloqueo institucional impide b\u00fasqueda de personas desaparecidas en vel\u00f3dromo de Aguascalientes"},"content":{"rendered":"<p>Alejandro Romo\/Newsweek Aguascalientes<br \/>\n17 octubre 2020<\/p>\n<p><img loading=\"lazy\" decoding=\"async\" data-attachment-id=\"54816\" data-permalink=\"http:\/\/www.grieta.org.mx\/index.php\/2020\/10\/17\/bloqueo-institucional-impide-busqueda-de-personas-desaparecidas-en-velodromo-de-aguascalientes\/velodromo-1\/\" data-orig-file=\"http:\/\/www.grieta.org.mx\/wp-content\/uploads\/2020\/11\/velodromo-1.jpg\" data-orig-size=\"750,530\" data-comments-opened=\"0\" data-image-meta=\"{&quot;aperture&quot;:&quot;0&quot;,&quot;credit&quot;:&quot;&quot;,&quot;camera&quot;:&quot;&quot;,&quot;caption&quot;:&quot;&quot;,&quot;created_timestamp&quot;:&quot;0&quot;,&quot;copyright&quot;:&quot;&quot;,&quot;focal_length&quot;:&quot;0&quot;,&quot;iso&quot;:&quot;0&quot;,&quot;shutter_speed&quot;:&quot;0&quot;,&quot;title&quot;:&quot;&quot;,&quot;orientation&quot;:&quot;0&quot;}\" data-image-title=\"velodromo 1\" data-image-description=\"\" data-image-caption=\"\" data-medium-file=\"http:\/\/www.grieta.org.mx\/wp-content\/uploads\/2020\/11\/velodromo-1-300x212.jpg\" data-large-file=\"http:\/\/www.grieta.org.mx\/wp-content\/uploads\/2020\/11\/velodromo-1.jpg\" class=\"alignnone size-full wp-image-54816\" src=\"http:\/\/www.grieta.org.mx\/wp-content\/uploads\/2020\/11\/velodromo-1.jpg\" alt=\"\" width=\"750\" height=\"530\" srcset=\"http:\/\/www.grieta.org.mx\/wp-content\/uploads\/2020\/11\/velodromo-1.jpg 750w, http:\/\/www.grieta.org.mx\/wp-content\/uploads\/2020\/11\/velodromo-1-300x212.jpg 300w, http:\/\/www.grieta.org.mx\/wp-content\/uploads\/2020\/11\/velodromo-1-708x500.jpg 708w\" sizes=\"auto, (max-width: 750px) 100vw, 750px\" \/><\/p>\n<p>La ma\u00f1ana de este s\u00e1bado, integrantes del Colectivo \u201cBuscando personas, verdad y justicia\u201d y del Observatorio de Violencia Social y de G\u00e9nero (OVSG) acudieron a las instalaciones del vel\u00f3dromo del Complejo Tres Centurias de Aguascalientes para llevar a cabo una brigada de b\u00fasqueda de sus seres queridos que se encuentran en calidad de desaparecidos desde hace m\u00e1s de cinco a\u00f1os.<\/p>\n<p>Lo anterior, luego de que hace varios d\u00edas los familiares recibieron informaci\u00f3n, fotograf\u00edas y m\u00e1s indicios de que en una zona del complejo deportivo \u2013que en la anterior administraci\u00f3n estatal fungi\u00f3 como pensi\u00f3n para los veh\u00edculos de la Fiscal\u00eda General del Estado- podr\u00eda haber restos de personas desaparecidas de Aguascalientes y Jalisco en el periodo de 2010 y 2015.<\/p>\n<p>Con la esperanza de encontrar indicios sobre sus seres queridos, los familiares y activistas rodearon un pozo soldado en su parte superior de l\u00e1minas de acero oxidado, pero que por unas rendijas se pudo ingresar una cuerda, calculando la profundidad en m\u00e1s de 50 metros.<\/p>\n<p>Por lo anterior, se inform\u00f3 al servicio de emergencias 911 para que al lugar pudieran acudir los bomberos y elementos de Protecci\u00f3n Civil, con maquinaria y equipo especializado para poder retirar la superficie de acero y descender hasta el fondo del pozo.<\/p>\n<p><img loading=\"lazy\" decoding=\"async\" data-attachment-id=\"54817\" data-permalink=\"http:\/\/www.grieta.org.mx\/index.php\/2020\/10\/17\/bloqueo-institucional-impide-busqueda-de-personas-desaparecidas-en-velodromo-de-aguascalientes\/velodromo-2\/\" data-orig-file=\"http:\/\/www.grieta.org.mx\/wp-content\/uploads\/2020\/11\/velodromo-2.jpg\" data-orig-size=\"1024,576\" data-comments-opened=\"0\" data-image-meta=\"{&quot;aperture&quot;:&quot;0&quot;,&quot;credit&quot;:&quot;&quot;,&quot;camera&quot;:&quot;&quot;,&quot;caption&quot;:&quot;&quot;,&quot;created_timestamp&quot;:&quot;0&quot;,&quot;copyright&quot;:&quot;&quot;,&quot;focal_length&quot;:&quot;0&quot;,&quot;iso&quot;:&quot;0&quot;,&quot;shutter_speed&quot;:&quot;0&quot;,&quot;title&quot;:&quot;&quot;,&quot;orientation&quot;:&quot;0&quot;}\" data-image-title=\"velodromo 2\" data-image-description=\"\" data-image-caption=\"\" data-medium-file=\"http:\/\/www.grieta.org.mx\/wp-content\/uploads\/2020\/11\/velodromo-2-300x169.jpg\" data-large-file=\"http:\/\/www.grieta.org.mx\/wp-content\/uploads\/2020\/11\/velodromo-2.jpg\" class=\"alignnone wp-image-54817\" src=\"http:\/\/www.grieta.org.mx\/wp-content\/uploads\/2020\/11\/velodromo-2.jpg\" alt=\"\" width=\"800\" height=\"450\" srcset=\"http:\/\/www.grieta.org.mx\/wp-content\/uploads\/2020\/11\/velodromo-2.jpg 1024w, http:\/\/www.grieta.org.mx\/wp-content\/uploads\/2020\/11\/velodromo-2-300x169.jpg 300w, http:\/\/www.grieta.org.mx\/wp-content\/uploads\/2020\/11\/velodromo-2-768x432.jpg 768w, http:\/\/www.grieta.org.mx\/wp-content\/uploads\/2020\/11\/velodromo-2-889x500.jpg 889w\" sizes=\"auto, (max-width: 800px) 100vw, 800px\" \/><\/p>\n<p>Minutos despu\u00e9s comenzaron a llegar al lugar elementos de la Polic\u00eda Municipal, de la Polic\u00eda Estatal e incluso varias unidades de la Guardia Nacional, qui\u00e9nes acordonaron el lugar para preparar la zona que se iba a intervenir.<\/p>\n<p>Pronto, los minutos se volvieron horas y no llegaban al lugar los bomberos ni los elementos con la maquinaria necesaria para iniciar los trabajos de b\u00fasqueda.<\/p>\n<p>\u00danicamente arribaron al lugar agentes del ministerio p\u00fablico de la Fiscal\u00eda General del Estado, qui\u00e9nes comenzaron a realizar observaciones con linternas Spotlight de alto alcance, para luego tomar fotograf\u00edas y alejarse del lugar sin dar informaci\u00f3n a los familiares y activistas sobre lo que hab\u00edan observado.<\/p>\n<p>Pasado el mediod\u00eda, el comportamiento de los elementos polic\u00edacos, que en un inicio hab\u00eda sido de acompa\u00f1amiento y empat\u00eda, se modific\u00f3 al extender el cord\u00f3n de seguridad hasta el acceso al estacionamiento, alejando as\u00ed a los medios de comunicaci\u00f3n a m\u00e1s de 50 metros de distancia del lugar donde se realizar\u00eda la b\u00fasqueda, advirtiendo que en caso de no acatar la medida no se iniciar\u00edan las labores, a pesar de que hasta ese momento tampoco hab\u00edan llegado los bomberos con el equipo de rescate.<\/p>\n<p><img loading=\"lazy\" decoding=\"async\" data-attachment-id=\"54818\" data-permalink=\"http:\/\/www.grieta.org.mx\/index.php\/2020\/10\/17\/bloqueo-institucional-impide-busqueda-de-personas-desaparecidas-en-velodromo-de-aguascalientes\/velodromo-3\/\" data-orig-file=\"http:\/\/www.grieta.org.mx\/wp-content\/uploads\/2020\/11\/velodromo-3.jpg\" data-orig-size=\"1024,576\" data-comments-opened=\"0\" data-image-meta=\"{&quot;aperture&quot;:&quot;0&quot;,&quot;credit&quot;:&quot;&quot;,&quot;camera&quot;:&quot;&quot;,&quot;caption&quot;:&quot;&quot;,&quot;created_timestamp&quot;:&quot;0&quot;,&quot;copyright&quot;:&quot;&quot;,&quot;focal_length&quot;:&quot;0&quot;,&quot;iso&quot;:&quot;0&quot;,&quot;shutter_speed&quot;:&quot;0&quot;,&quot;title&quot;:&quot;&quot;,&quot;orientation&quot;:&quot;0&quot;}\" data-image-title=\"velodromo 3\" data-image-description=\"\" data-image-caption=\"\" data-medium-file=\"http:\/\/www.grieta.org.mx\/wp-content\/uploads\/2020\/11\/velodromo-3-300x169.jpg\" data-large-file=\"http:\/\/www.grieta.org.mx\/wp-content\/uploads\/2020\/11\/velodromo-3.jpg\" class=\"alignnone wp-image-54818\" src=\"http:\/\/www.grieta.org.mx\/wp-content\/uploads\/2020\/11\/velodromo-3.jpg\" alt=\"\" width=\"800\" height=\"450\" srcset=\"http:\/\/www.grieta.org.mx\/wp-content\/uploads\/2020\/11\/velodromo-3.jpg 1024w, http:\/\/www.grieta.org.mx\/wp-content\/uploads\/2020\/11\/velodromo-3-300x169.jpg 300w, http:\/\/www.grieta.org.mx\/wp-content\/uploads\/2020\/11\/velodromo-3-768x432.jpg 768w, http:\/\/www.grieta.org.mx\/wp-content\/uploads\/2020\/11\/velodromo-3-889x500.jpg 889w\" sizes=\"auto, (max-width: 800px) 100vw, 800px\" \/><\/p>\n<p>Tras tras tensas discusiones, jaloneos y empujones entre los polic\u00edas municipales y los medios de comunicaci\u00f3n, se desaloj\u00f3 la zona, dejando al interior \u00fanicamente a los familiares de las personas desaparecidas.<\/p>\n<p>En ese instante se present\u00f3 en el lugar un particular de nombre Salvador L\u00f3pez, quien dijo ser el director administrativo del Vel\u00f3dromo Aguascalientes, quien orden\u00f3 que las corporaciones polic\u00edacas se fueran del lugar, ya que se trataba de una \u201cpropiedad privada\u201d a la que no ten\u00edan acceso para ingresar y realizar los trabajos de b\u00fasqueda.<\/p>\n<p>Lo anterior, a pesar de que el vel\u00f3dromo es una infraestructura p\u00fablica, dependiente del Instituto del Deporte del Estado de Aguascalientes (IDEA), y de que durante la semana se inform\u00f3 al secretario general de gobierno del Estado, Juan Manuel Flores Femat, y a la Fiscal\u00eda General del Estado sobre la realizaci\u00f3n de los trabajos de b\u00fasqueda en la zona.<\/p>\n<p>Al tiempo que desalojaban a los medios de comunicaci\u00f3n, el presunto funcionario p\u00fablico afirm\u00f3 a los familiares que si decid\u00edan quedarse ya no se les dejar\u00eda salir, por lo cual tuvieron que suspender la brigada de b\u00fasqueda que se ten\u00eda proyectada para este d\u00eda.<\/p>\n<p><img loading=\"lazy\" decoding=\"async\" data-attachment-id=\"54819\" data-permalink=\"http:\/\/www.grieta.org.mx\/index.php\/2020\/10\/17\/bloqueo-institucional-impide-busqueda-de-personas-desaparecidas-en-velodromo-de-aguascalientes\/velodromo-4\/\" data-orig-file=\"http:\/\/www.grieta.org.mx\/wp-content\/uploads\/2020\/11\/velodromo-4.jpg\" data-orig-size=\"1024,576\" data-comments-opened=\"0\" data-image-meta=\"{&quot;aperture&quot;:&quot;0&quot;,&quot;credit&quot;:&quot;&quot;,&quot;camera&quot;:&quot;&quot;,&quot;caption&quot;:&quot;&quot;,&quot;created_timestamp&quot;:&quot;0&quot;,&quot;copyright&quot;:&quot;&quot;,&quot;focal_length&quot;:&quot;0&quot;,&quot;iso&quot;:&quot;0&quot;,&quot;shutter_speed&quot;:&quot;0&quot;,&quot;title&quot;:&quot;&quot;,&quot;orientation&quot;:&quot;0&quot;}\" data-image-title=\"velodromo 4\" data-image-description=\"\" data-image-caption=\"\" data-medium-file=\"http:\/\/www.grieta.org.mx\/wp-content\/uploads\/2020\/11\/velodromo-4-300x169.jpg\" data-large-file=\"http:\/\/www.grieta.org.mx\/wp-content\/uploads\/2020\/11\/velodromo-4.jpg\" class=\"alignnone wp-image-54819\" src=\"http:\/\/www.grieta.org.mx\/wp-content\/uploads\/2020\/11\/velodromo-4.jpg\" alt=\"\" width=\"800\" height=\"450\" srcset=\"http:\/\/www.grieta.org.mx\/wp-content\/uploads\/2020\/11\/velodromo-4.jpg 1024w, http:\/\/www.grieta.org.mx\/wp-content\/uploads\/2020\/11\/velodromo-4-300x169.jpg 300w, http:\/\/www.grieta.org.mx\/wp-content\/uploads\/2020\/11\/velodromo-4-768x432.jpg 768w, http:\/\/www.grieta.org.mx\/wp-content\/uploads\/2020\/11\/velodromo-4-889x500.jpg 889w\" sizes=\"auto, (max-width: 800px) 100vw, 800px\" \/><\/p>\n<p>Por lo anterior, la coordinadora del Observatorio de Violencia Social y de G\u00e9nero (OVSG), Violeta Sab\u00e1s D\u00edaz de Le\u00f3n, inform\u00f3 que se presentar\u00e1 una queja ante la Comisi\u00f3n de los Derechos Humanos del Estado (CDHEA) por las vulneraciones que se tuvieron por parte de las instituciones polic\u00edacas y de procuraci\u00f3n de justicia para permitirles realizar las acciones de b\u00fasqueda.<\/p>\n<p>Asimismo, la integrante del observatorio, Mariana \u00c1vila Montejano, advirti\u00f3 sobre el riesgo que existe de que los presuntos indicios del lugar puedan ser manipulados por terceras personas, ya que se retir\u00f3 el cord\u00f3n de seguridad que hab\u00edan establecido los elementos polic\u00edacos para proteger el pozo que se iba a intervenir.<\/p>\n<p>\u201cLa autoridad quiere trabajar de manera ilegal, o no sabemos lo que est\u00e9 ocultando, porque se retiraron y no van a continuar labores hasta que nosotros nos retiremos, entonces al no haber condiciones para nosotros nos vamos a retirar en este momento y vamos a exigir la b\u00fasqueda e investigaci\u00f3n en este espacio\u201d, concluy\u00f3.<\/p>\n<p>Hasta el t\u00e9rmino de esta redacci\u00f3n, ni la Fiscal\u00eda General del Estado ni el Gobierno Estatal se han pronunciado al respecto.<\/p>\n<p><img loading=\"lazy\" decoding=\"async\" data-attachment-id=\"54820\" data-permalink=\"http:\/\/www.grieta.org.mx\/index.php\/2020\/10\/17\/bloqueo-institucional-impide-busqueda-de-personas-desaparecidas-en-velodromo-de-aguascalientes\/velodrmo-5\/\" data-orig-file=\"http:\/\/www.grieta.org.mx\/wp-content\/uploads\/2020\/11\/velodrmo-5.jpg\" data-orig-size=\"1024,576\" data-comments-opened=\"0\" data-image-meta=\"{&quot;aperture&quot;:&quot;0&quot;,&quot;credit&quot;:&quot;&quot;,&quot;camera&quot;:&quot;&quot;,&quot;caption&quot;:&quot;&quot;,&quot;created_timestamp&quot;:&quot;0&quot;,&quot;copyright&quot;:&quot;&quot;,&quot;focal_length&quot;:&quot;0&quot;,&quot;iso&quot;:&quot;0&quot;,&quot;shutter_speed&quot;:&quot;0&quot;,&quot;title&quot;:&quot;&quot;,&quot;orientation&quot;:&quot;0&quot;}\" data-image-title=\"velodrmo 5\" data-image-description=\"\" data-image-caption=\"\" data-medium-file=\"http:\/\/www.grieta.org.mx\/wp-content\/uploads\/2020\/11\/velodrmo-5-300x169.jpg\" data-large-file=\"http:\/\/www.grieta.org.mx\/wp-content\/uploads\/2020\/11\/velodrmo-5.jpg\" class=\"alignnone wp-image-54820\" src=\"http:\/\/www.grieta.org.mx\/wp-content\/uploads\/2020\/11\/velodrmo-5.jpg\" alt=\"\" width=\"800\" height=\"450\" srcset=\"http:\/\/www.grieta.org.mx\/wp-content\/uploads\/2020\/11\/velodrmo-5.jpg 1024w, http:\/\/www.grieta.org.mx\/wp-content\/uploads\/2020\/11\/velodrmo-5-300x169.jpg 300w, http:\/\/www.grieta.org.mx\/wp-content\/uploads\/2020\/11\/velodrmo-5-768x432.jpg 768w, http:\/\/www.grieta.org.mx\/wp-content\/uploads\/2020\/11\/velodrmo-5-889x500.jpg 889w\" sizes=\"auto, (max-width: 800px) 100vw, 800px\" \/><\/p>\n","protected":false},"excerpt":{"rendered":"<p>Alejandro Romo\/Newsweek Aguascalientes 17 octubre 2020 La ma\u00f1ana de este s\u00e1bado, integrantes del Colectivo \u201cBuscando personas, verdad y justicia\u201d y del Observatorio de Violencia Social y de G\u00e9nero (OVSG) acudieron &hellip; <a href=\"http:\/\/www.grieta.org.mx\/index.php\/2020\/10\/17\/bloqueo-institucional-impide-busqueda-de-personas-desaparecidas-en-velodromo-de-aguascalientes\/\" class=\"more-link\">Leer m\u00e1s<\/a><\/p>\n","protected":false},"author":2,"featured_media":54819,"comment_status":"closed","ping_status":"closed","sticky":false,"template":"","format":"standard","meta":{"ngg_post_thumbnail":0,"_jetpack_newsletter_access":"","_jetpack_dont_email_post_to_subs":false,"_jetpack_newsletter_tier_id":0,"_jetpack_memberships_contains_paywalled_content":false,"_jetpack_memberships_contains_paid_content":false,"footnotes":""},"categories":[4,80,87,1189,2,83],"tags":[3725,3018,121],"class_list":["post-54815","post","type-post","status-publish","format-standard","has-post-thumbnail","hentry","category-aguascalientes","category-cintillo","category-desaparecidos","category-desaparecidos-en-aguascalientes","category-noticias-nacionales","category-temas-nacionales","tag-colectivo-verdad-y-justicia","tag-colectivos-de-busqueda-de-desaparecidos","tag-desaparecidos","entry"],"jetpack_featured_media_url":"http:\/\/www.grieta.org.mx\/wp-content\/uploads\/2020\/11\/velodromo-4.jpg","jetpack_sharing_enabled":true,"jetpack_shortlink":"https:\/\/wp.me\/p7ZJR4-eg7","jetpack_likes_enabled":false,"jetpack-related-posts":[{"id":54709,"url":"http:\/\/www.grieta.org.mx\/index.php\/2020\/08\/07\/colectivo-verdad-y-justicia-organiza-caravana-a-jalisco-aguascalientes\/","url_meta":{"origin":54815,"position":0},"title":"COLECTIVO VERDAD Y JUSTICIA ORGANIZA CARAVANA A JALISCO (Aguascalientes)","author":"grieta","date":"7 agosto, 2020","format":false,"excerpt":"Claudia Rodr\u00edguez Loera\/La Jornada Aguascalientes 7 agosto 2020 Familiares de desaparecidos exigir\u00e1n a autoridades jaliscienses reactiven investigaciones Son casos de 6 desaparecidos de Aguascalientes en Jalisco, y 3 m\u00e1s en comunidades l\u00edmite Con caravana, Colectivo Verdad y Justicia de Aguascalientes exigir\u00e1n se reactiven investigaciones en Jalisco relacionadas con personas desaparecidas\u2026","rel":"","context":"En &quot;Aguascalientes&quot;","block_context":{"text":"Aguascalientes","link":"http:\/\/www.grieta.org.mx\/index.php\/category\/noticias-nacionales\/aguascalientes\/"},"img":{"alt_text":"","src":"https:\/\/i0.wp.com\/www.grieta.org.mx\/wp-content\/uploads\/2020\/11\/verdad-y-justicia.jpg?resize=350%2C200","width":350,"height":200},"classes":[]},{"id":54715,"url":"http:\/\/www.grieta.org.mx\/index.php\/2020\/08\/22\/caravana-de-familias-de-aguascalientes-no-fue-del-interes-de-la-comision-local-de-busqueda-de-personas\/","url_meta":{"origin":54815,"position":1},"title":"CARAVANA DE FAMILIAS DE AGUASCALIENTES NO FUE DEL INTER\u00c9S DE LA COMISI\u00d3N LOCAL DE B\u00daSQUEDA DE PERSONAS","author":"grieta","date":"22 agosto, 2020","format":false,"excerpt":"Claudia Rodr\u00edguez Loera\/La Jornada Aguascalientes 22 agosto 2020 Durante la caravana regional de b\u00fasqueda de personas, coordinada por el Observatorio de Violencia Social y de G\u00e9nero de Aguascalientes (OVSGA) en colaboraci\u00f3n con el Colectivo de Familias \u201cBuscando Personas, Verdad y Justicia\u201d, la reci\u00e9n instalada Comisi\u00f3n de B\u00fasqueda de Personas de\u2026","rel":"","context":"En &quot;Aguascalientes&quot;","block_context":{"text":"Aguascalientes","link":"http:\/\/www.grieta.org.mx\/index.php\/category\/noticias-nacionales\/aguascalientes\/"},"img":{"alt_text":"","src":"https:\/\/i0.wp.com\/www.grieta.org.mx\/wp-content\/uploads\/2020\/11\/caravana-desaparecidos.jpg?resize=350%2C200","width":350,"height":200},"classes":[]},{"id":34140,"url":"http:\/\/www.grieta.org.mx\/index.php\/2019\/05\/30\/familias-de-desaparecidos-marchan-en-aguascalientes-para-exigir-avances-en-investigaciones\/","url_meta":{"origin":54815,"position":2},"title":"Familias de desaparecidos marchan en Aguascalientes para exigir avances en investigaciones","author":"grieta","date":"30 mayo, 2019","format":false,"excerpt":"Redacci\u00f3n\/Proceso. AGUASCALIENTES, Ags., (apro).- Familias de personas desaparecidas o asesinadas, integrantes del Colectivo Buscando Personas Verdad y Justicia, marcharon este jueves desde la Fiscal\u00eda de Aguascalientes hasta el palacio de gobierno para exigir avances y resultados en las investigaciones. Violeta Sab\u00e1s explic\u00f3 que, seg\u00fan la \u00faltima actualizaci\u00f3n del Registro Nacional\u2026","rel":"","context":"En &quot;Aguascalientes&quot;","block_context":{"text":"Aguascalientes","link":"http:\/\/www.grieta.org.mx\/index.php\/category\/noticias-nacionales\/aguascalientes\/"},"img":{"alt_text":"","src":"https:\/\/i0.wp.com\/www.grieta.org.mx\/wp-content\/uploads\/2019\/06\/a2.jpg?resize=350%2C200","width":350,"height":200,"srcset":"https:\/\/i0.wp.com\/www.grieta.org.mx\/wp-content\/uploads\/2019\/06\/a2.jpg?resize=350%2C200 1x, https:\/\/i0.wp.com\/www.grieta.org.mx\/wp-content\/uploads\/2019\/06\/a2.jpg?resize=525%2C300 1.5x, https:\/\/i0.wp.com\/www.grieta.org.mx\/wp-content\/uploads\/2019\/06\/a2.jpg?resize=700%2C400 2x, https:\/\/i0.wp.com\/www.grieta.org.mx\/wp-content\/uploads\/2019\/06\/a2.jpg?resize=1050%2C600 3x"},"classes":[]},{"id":54839,"url":"http:\/\/www.grieta.org.mx\/index.php\/2020\/10\/22\/acusan-hostigamiento-de-autoridades-en-aguascalientes-en-casos-de-desaparecidos\/","url_meta":{"origin":54815,"position":3},"title":"Acusan hostigamiento de autoridades en Aguascalientes en casos de desaparecidos","author":"grieta","date":"22 octubre, 2020","format":false,"excerpt":"M\u00f3nica Cerb\u00f3n\/Proceso 22 octubre 2020 Fosa. Familias de v\u00edctimas de desaparici\u00f3n piden revisar fosas clandestinas. Foto: Especial. AGUASCALIENTES, Ags. (apro).- Familiares de v\u00edctimas de desaparici\u00f3n y defensoras de derechos humanos denunciaron hostigamiento por parte de autoridades municipales y ministeriales como resultado de la exigencia para que busquen en dos presuntas\u2026","rel":"","context":"En &quot;Aguascalientes&quot;","block_context":{"text":"Aguascalientes","link":"http:\/\/www.grieta.org.mx\/index.php\/category\/noticias-nacionales\/aguascalientes\/"},"img":{"alt_text":"","src":"https:\/\/i0.wp.com\/www.grieta.org.mx\/wp-content\/uploads\/2020\/11\/f800x450-123324_174770_5050.jpg?resize=350%2C200","width":350,"height":200,"srcset":"https:\/\/i0.wp.com\/www.grieta.org.mx\/wp-content\/uploads\/2020\/11\/f800x450-123324_174770_5050.jpg?resize=350%2C200 1x, https:\/\/i0.wp.com\/www.grieta.org.mx\/wp-content\/uploads\/2020\/11\/f800x450-123324_174770_5050.jpg?resize=525%2C300 1.5x, https:\/\/i0.wp.com\/www.grieta.org.mx\/wp-content\/uploads\/2020\/11\/f800x450-123324_174770_5050.jpg?resize=700%2C400 2x"},"classes":[]},{"id":54712,"url":"http:\/\/www.grieta.org.mx\/index.php\/2020\/08\/17\/inicia-caravana-de-familiares-de-desaparecidos-de-aguascalientes-en-puerto-vallarta\/","url_meta":{"origin":54815,"position":4},"title":"Inicia caravana de familiares de desaparecidos de Aguascalientes en Puerto Vallarta","author":"grieta","date":"17 agosto, 2020","format":false,"excerpt":"Alejandro Romo\/Newsweek Aguascalientes 17 agosto 2020 Este lunes comenz\u00f3 la caravana de b\u00fasqueda organizada por el Colectivo Buscando Personas, Verdad y Justicia y el Observatorio de Violencia Social y de G\u00e9nero (OVSG) y familiares de personas desaparecidas de Aguascalientes en municipios de Jalisco. La caravana inici\u00f3 en Puerto Vallarta, Jalisco,\u2026","rel":"","context":"En &quot;Aguascalientes&quot;","block_context":{"text":"Aguascalientes","link":"http:\/\/www.grieta.org.mx\/index.php\/category\/noticias-nacionales\/aguascalientes\/"},"img":{"alt_text":"","src":"https:\/\/i0.wp.com\/www.grieta.org.mx\/wp-content\/uploads\/2020\/11\/WhatsApp-Image-2020-08-17-at-1.48.32-PM.jpeg?resize=350%2C200","width":350,"height":200,"srcset":"https:\/\/i0.wp.com\/www.grieta.org.mx\/wp-content\/uploads\/2020\/11\/WhatsApp-Image-2020-08-17-at-1.48.32-PM.jpeg?resize=350%2C200 1x, https:\/\/i0.wp.com\/www.grieta.org.mx\/wp-content\/uploads\/2020\/11\/WhatsApp-Image-2020-08-17-at-1.48.32-PM.jpeg?resize=525%2C300 1.5x"},"classes":[]},{"id":54822,"url":"http:\/\/www.grieta.org.mx\/index.php\/2020\/10\/20\/reanudaran-busqueda-de-personas-en-presunta-fosa-localizada-en-tres-centurias-aguascalientes\/","url_meta":{"origin":54815,"position":5},"title":"Reanudar\u00e1n b\u00fasqueda de personas en fosa localizada en Tres Centurias, Aguascalientes","author":"grieta","date":"20 octubre, 2020","format":false,"excerpt":"Mariana Orozco\/Debate 20 octubre 2020 Mediante las redes sociales oficiales en Observatorio de Violencia Social y de G\u00e9nero de Aguascalientes, informar\u00f3n que las autoridades estatales reanudar\u00e1n la b\u00fasqueda de personas dentro de la presunta fosa clandestina ubicada en Tres Centurias en el estado hidroc\u00e1lido Reanudar\u00e1n b\u00fasqueda de personas en fosa\u2026","rel":"","context":"En &quot;Aguascalientes&quot;","block_context":{"text":"Aguascalientes","link":"http:\/\/www.grieta.org.mx\/index.php\/category\/noticias-nacionales\/aguascalientes\/"},"img":{"alt_text":"","src":"https:\/\/i0.wp.com\/www.grieta.org.mx\/wp-content\/uploads\/2020\/11\/fosa-ags.png?resize=350%2C200","width":350,"height":200,"srcset":"https:\/\/i0.wp.com\/www.grieta.org.mx\/wp-content\/uploads\/2020\/11\/fosa-ags.png?resize=350%2C200 1x, https:\/\/i0.wp.com\/www.grieta.org.mx\/wp-content\/uploads\/2020\/11\/fosa-ags.png?resize=525%2C300 1.5x, https:\/\/i0.wp.com\/www.grieta.org.mx\/wp-content\/uploads\/2020\/11\/fosa-ags.png?resize=700%2C400 2x"},"classes":[]}],"_links":{"self":[{"href":"http:\/\/www.grieta.org.mx\/index.php\/wp-json\/wp\/v2\/posts\/54815","targetHints":{"allow":["GET"]}}],"collection":[{"href":"http:\/\/www.grieta.org.mx\/index.php\/wp-json\/wp\/v2\/posts"}],"about":[{"href":"http:\/\/www.grieta.org.mx\/index.php\/wp-json\/wp\/v2\/types\/post"}],"author":[{"embeddable":true,"href":"http:\/\/www.grieta.org.mx\/index.php\/wp-json\/wp\/v2\/users\/2"}],"replies":[{"embeddable":true,"href":"http:\/\/www.grieta.org.mx\/index.php\/wp-json\/wp\/v2\/comments?post=54815"}],"version-history":[{"count":1,"href":"http:\/\/www.grieta.org.mx\/index.php\/wp-json\/wp\/v2\/posts\/54815\/revisions"}],"predecessor-version":[{"id":54821,"href":"http:\/\/www.grieta.org.mx\/index.php\/wp-json\/wp\/v2\/posts\/54815\/revisions\/54821"}],"wp:featuredmedia":[{"embeddable":true,"href":"http:\/\/www.grieta.org.mx\/index.php\/wp-json\/wp\/v2\/media\/54819"}],"wp:attachment":[{"href":"http:\/\/www.grieta.org.mx\/index.php\/wp-json\/wp\/v2\/media?parent=54815"}],"wp:term":[{"taxonomy":"category","embeddable":true,"href":"http:\/\/www.grieta.org.mx\/index.php\/wp-json\/wp\/v2\/categories?post=54815"},{"taxonomy":"post_tag","embeddable":true,"href":"http:\/\/www.grieta.org.mx\/index.php\/wp-json\/wp\/v2\/tags?post=54815"}],"curies":[{"name":"wp","href":"https:\/\/api.w.org\/{rel}","templated":true}]}}