{"id":54810,"date":"2020-10-13T23:05:36","date_gmt":"2020-10-14T04:05:36","guid":{"rendered":"http:\/\/www.grieta.org.mx\/?p=54810"},"modified":"2020-11-07T23:14:24","modified_gmt":"2020-11-08T05:14:24","slug":"comunidad-de-aguascalientes-exige-servicio-de-agua-llevan-dos-meses-sin-el-vital-liquido","status":"publish","type":"post","link":"http:\/\/www.grieta.org.mx\/index.php\/2020\/10\/13\/comunidad-de-aguascalientes-exige-servicio-de-agua-llevan-dos-meses-sin-el-vital-liquido\/","title":{"rendered":"COMUNIDAD DE AGUASCALIENTES EXIGE SERVICIO DE AGUA, LLEVAN DOS MESES SIN EL VITAL L\u00cdQUIDO"},"content":{"rendered":"<p>Adrian Javier Flores Nieves\/La Jornada Aguascalientes<br \/>\n13 octubre 2020<\/p>\n<p><img loading=\"lazy\" decoding=\"async\" data-attachment-id=\"54812\" data-permalink=\"http:\/\/www.grieta.org.mx\/index.php\/2020\/10\/13\/comunidad-de-aguascalientes-exige-servicio-de-agua-llevan-dos-meses-sin-el-vital-liquido\/falta-de-agua-3\/\" data-orig-file=\"http:\/\/www.grieta.org.mx\/wp-content\/uploads\/2020\/10\/falta-de-agua.jpg\" data-orig-size=\"275,183\" data-comments-opened=\"0\" data-image-meta=\"{&quot;aperture&quot;:&quot;0&quot;,&quot;credit&quot;:&quot;&quot;,&quot;camera&quot;:&quot;&quot;,&quot;caption&quot;:&quot;&quot;,&quot;created_timestamp&quot;:&quot;0&quot;,&quot;copyright&quot;:&quot;&quot;,&quot;focal_length&quot;:&quot;0&quot;,&quot;iso&quot;:&quot;0&quot;,&quot;shutter_speed&quot;:&quot;0&quot;,&quot;title&quot;:&quot;&quot;,&quot;orientation&quot;:&quot;0&quot;}\" data-image-title=\"falta de agua\" data-image-description=\"\" data-image-caption=\"\" data-medium-file=\"http:\/\/www.grieta.org.mx\/wp-content\/uploads\/2020\/10\/falta-de-agua.jpg\" data-large-file=\"http:\/\/www.grieta.org.mx\/wp-content\/uploads\/2020\/10\/falta-de-agua.jpg\" src=\"http:\/\/www.grieta.org.mx\/wp-content\/uploads\/2020\/10\/falta-de-agua.jpg\" alt=\"\" width=\"275\" height=\"183\" class=\"alignnone size-full wp-image-54812\" \/><\/p>\n<p>Cerca de media centena de habitantes de la comunidad El Cari\u00f1an, en Aguascalientes, se manifestaron este 12 de octubre frente a las oficinas del Instituto del Agua del Estado (Inagua), exigiendo que se les provea adecuadamente del recurso vital, ya que llevan dos meses sin una distribuci\u00f3n eficiente porque el pozo que suministraba se encuentra descompuesto, aunado a eso, se les dio una multa de la que no ten\u00edan conocimiento.<\/p>\n<p>Lorenzo Rivera fue uno de los manifestantes que fungi\u00f3 como vocero para externar que el servicio que debe de darles el Inagua, no se les ha provisto eficientemente \u201ca \u00faltimas fechas se nos inform\u00f3 que el pozo est\u00e1 descompuesto y por lo tanto no estamos recibiendo el servicio, aunque de manera gratuita y a trav\u00e9s de pipas, se nos lleva el agua\u201d, pero eso \u201cno es suficiente\u201d. Los tandeos terminan siendo insuficientes pero las necesidades del d\u00eda a d\u00eda imperan una respuesta inmediata de las autoridades. Son cerca de 400 los habitantes afectados.<\/p>\n<p>Mientras la manifestaci\u00f3n ocurr\u00eda, algunas personas estaban dentro de las oficinas con el director jur\u00eddico del Inagua, C\u00e9sar Landeros L\u00f3pez, quien en el di\u00e1logo les asegur\u00f3 que en un intervalo no mayor a dos semanas el servicio se restablecer\u00eda correctamente. A los medios de comunicaci\u00f3n no se les permiti\u00f3 el acceso: \u201cno hay nada que no est\u00e9 bien\u201d, se dijo en la entrada cerrada para la prensa.<\/p>\n<p>Cerca de 100 familias que viven en la comunidad ubicada en la zona aleda\u00f1a al Tercer Anillo Poniente son las que se quedaron sin agua, no obstante, el Inagua les inform\u00f3 de manera sorpresiva que ten\u00edan una deuda de m\u00e1s de un mill\u00f3n 500 mil pesos que termina siendo dif\u00edcil de subsanar.<\/p>\n<p>C\u00e9sar Landeros declar\u00f3 a los medios de comunicaci\u00f3n que buscar\u00e1n la manera de cancelar los adeudos provocados por el desentendido en el suministro de agua, sin embargo, \u201ceso no es sencillo, porque podemos incurrir en una responsabilidad\u201d.<\/p>\n<p>\u201cEn estos d\u00edas se descompuso el pozo; hay que repararlo y, adem\u00e1s, regularizar la situaci\u00f3n\u201d. Prosigui\u00f3: \u201clo que haremos en los pr\u00f3ximos dos d\u00edas con la firma de un contrato y al mismo tiempo cancelar cualquier adeudo para que todo se desarrolle de manera normal\u201d, abund\u00f3 el funcionario de la dependencia estatal.<\/p>\n<p>Los inconformes dieron a conocer que ya antes el director del Inagua hab\u00eda prometido visitar El Cari\u00f1\u00e1n para conocer la problem\u00e1tica que se vive ah\u00ed, pues existen muchas personas de la tercera edad o que est\u00e1n enfermas y que no pueden trabajar, a las que se les dificulta realizar los pagos. La visita nunca se lleg\u00f3 a consumar. Aunque se les dijo que la multa asciende al mill\u00f3n y medio mencionado, agregaron, no se les ha planteado alg\u00fan convenio. Tampoco han tenido en su poder un documento que avale la supuesta multa que se les est\u00e1 imponiendo.<\/p>\n<p><a href=\"https:\/\/www.lja.mx\/2020\/10\/comunidad-de-aguascalientes-exige-servicio-de-agua-llevan-dos-meses-sin-el-vital-liquido\/\" rel=\"noopener noreferrer\" target=\"_blank\">https:\/\/www.lja.mx\/2020\/10\/comunidad-de-aguascalientes-exige-servicio-de-agua-llevan-dos-meses-sin-el-vital-liquido\/<\/a><\/p>\n","protected":false},"excerpt":{"rendered":"<p>Adrian Javier Flores Nieves\/La Jornada Aguascalientes 13 octubre 2020 Cerca de media centena de habitantes de la comunidad El Cari\u00f1an, en Aguascalientes, se manifestaron este 12 de octubre frente a &hellip; <a href=\"http:\/\/www.grieta.org.mx\/index.php\/2020\/10\/13\/comunidad-de-aguascalientes-exige-servicio-de-agua-llevan-dos-meses-sin-el-vital-liquido\/\" class=\"more-link\">Leer m\u00e1s<\/a><\/p>\n","protected":false},"author":2,"featured_media":54812,"comment_status":"closed","ping_status":"closed","sticky":false,"template":"","format":"standard","meta":{"ngg_post_thumbnail":0,"_jetpack_newsletter_access":"","_jetpack_dont_email_post_to_subs":false,"_jetpack_newsletter_tier_id":0,"_jetpack_memberships_contains_paywalled_content":false,"_jetpack_memberships_contains_paid_content":false,"footnotes":""},"categories":[4,80,3090,2],"tags":[1638],"class_list":["post-54810","post","type-post","status-publish","format-standard","has-post-thumbnail","hentry","category-aguascalientes","category-cintillo","category-crisis-del-agua-en-aguascalientes","category-noticias-nacionales","tag-prostestas-por-falta-de-agua","entry"],"jetpack_featured_media_url":"http:\/\/www.grieta.org.mx\/wp-content\/uploads\/2020\/10\/falta-de-agua.jpg","jetpack_sharing_enabled":true,"jetpack_shortlink":"https:\/\/wp.me\/p7ZJR4-eg2","jetpack_likes_enabled":false,"jetpack-related-posts":[{"id":49053,"url":"http:\/\/www.grieta.org.mx\/index.php\/2020\/04\/24\/quieren-apoyos-por-covid-19-en-aguascalientes-se-manifiestan-musicos-gente-sin-agua-y-trabajadoras-sexuales\/","url_meta":{"origin":54810,"position":0},"title":"Quieren apoyos por COVID-19: En Aguascalientes se manifiestan m\u00fasicos, gente sin agua y trabajadoras sexuales","author":"grieta","date":"24 abril, 2020","format":false,"excerpt":"Francisco Corona Trejo\/La Jornada Aguascalientes 24\/04\/2020 Tan s\u00f3lo va la mitad del viernes 24 de abril, d\u00eda que tradicionalmente ser\u00eda de fiesta por su naturaleza previa a los festejos de San Marcos en plena verbena abrile\u00f1a de Aguascalientes, y ya hubo tres manifestaciones diferentes en el centro de Aguascalientes debido\u2026","rel":"","context":"En &quot;Aguascalientes&quot;","block_context":{"text":"Aguascalientes","link":"http:\/\/www.grieta.org.mx\/index.php\/category\/noticias-nacionales\/aguascalientes\/"},"img":{"alt_text":"","src":"https:\/\/i0.wp.com\/www.grieta.org.mx\/wp-content\/uploads\/2020\/05\/photo5557507267084003254.jpg?resize=350%2C200","width":350,"height":200,"srcset":"https:\/\/i0.wp.com\/www.grieta.org.mx\/wp-content\/uploads\/2020\/05\/photo5557507267084003254.jpg?resize=350%2C200 1x, https:\/\/i0.wp.com\/www.grieta.org.mx\/wp-content\/uploads\/2020\/05\/photo5557507267084003254.jpg?resize=525%2C300 1.5x, https:\/\/i0.wp.com\/www.grieta.org.mx\/wp-content\/uploads\/2020\/05\/photo5557507267084003254.jpg?resize=700%2C400 2x"},"classes":[]},{"id":51502,"url":"http:\/\/www.grieta.org.mx\/index.php\/2020\/07\/01\/nuevamente-protestan-vecinos-por-falta-de-agua-en-aguascalientes\/","url_meta":{"origin":54810,"position":1},"title":"NUEVAMENTE PROTESTAN VECINOS POR FALTA DE AGUA EN AGUASCALIENTES","author":"grieta","date":"1 julio, 2020","format":false,"excerpt":"Gabriel Soriano\/La Jornada Aguascalientes 1 julio 2020 \u201cEl pueblo ya se cans\u00f3 de promesas, es necesario que sepamos cu\u00e1l ser\u00e1 el destino del servicio del agua\u201d Acusan de cobros excesivos, cobros a pesar de no contar con el servicio, desabastos frecuentes y tandeos Una vez m\u00e1s, vecinos se manifiestan frente\u2026","rel":"","context":"En &quot;Aguascalientes&quot;","block_context":{"text":"Aguascalientes","link":"http:\/\/www.grieta.org.mx\/index.php\/category\/noticias-nacionales\/aguascalientes\/"},"img":{"alt_text":"","src":"https:\/\/i0.wp.com\/www.grieta.org.mx\/wp-content\/uploads\/2020\/07\/protesta-agua.jpg?resize=350%2C200","width":350,"height":200},"classes":[]},{"id":49043,"url":"http:\/\/www.grieta.org.mx\/index.php\/2016\/02\/13\/la-privatizacion-del-agua-el-caso-del-municipio-de-aguascalientes\/","url_meta":{"origin":54810,"position":2},"title":"La privatizaci\u00f3n del Agua, el caso del municipio de Aguascalientes","author":"grieta","date":"13 febrero, 2016","format":false,"excerpt":"EL CHICOTE En la actualidad mucho se ha dicho sobre que los servicios p\u00fablicos (agua, luz, servicio de recolecci\u00f3n de basura, etc.) privatizados son m\u00e1s \u201ceficaces\u201d y \u201ceficientes\u201d que s\u00ed los mantuviera el gobierno, ya que es \u201cineficiente\u201d. En ese sentido Pe\u00f1a Nieto y el Congreso de la Uni\u00f3n han\u2026","rel":"","context":"En &quot;Aguascalientes&quot;","block_context":{"text":"Aguascalientes","link":"http:\/\/www.grieta.org.mx\/index.php\/category\/noticias-nacionales\/aguascalientes\/"},"img":{"alt_text":"","src":"https:\/\/i0.wp.com\/www.grieta.org.mx\/wp-content\/uploads\/2020\/05\/privatizcic3b3n-del-agua.jpg?resize=350%2C200","width":350,"height":200,"srcset":"https:\/\/i0.wp.com\/www.grieta.org.mx\/wp-content\/uploads\/2020\/05\/privatizcic3b3n-del-agua.jpg?resize=350%2C200 1x, https:\/\/i0.wp.com\/www.grieta.org.mx\/wp-content\/uploads\/2020\/05\/privatizcic3b3n-del-agua.jpg?resize=525%2C300 1.5x"},"classes":[]},{"id":6109,"url":"http:\/\/www.grieta.org.mx\/index.php\/2015\/07\/14\/aguascalientes-multan-a-mina-por-contaminante\/","url_meta":{"origin":54810,"position":3},"title":"Aguascalientes: multan a mina por contaminante","author":"grieta","date":"14 julio, 2015","format":false,"excerpt":"C. Ba\u00f1uelos y R. Villalpando, Aguascalientes\/CONFLICTOSMINEROS.NET La mina Real de \u00c1ngeles, ubicada en el municipio de Asientos, al norte de Aguascalientes, que pertenece al Grupo Frisco, propiedad del empresario Carlos Slim Hel\u00fa, ser\u00e1 multada con 3 millones de pesos por la contaminaci\u00f3n que genera debido a la acumulaci\u00f3n de residuos\u2026","rel":"","context":"En &quot;Aguascalientes&quot;","block_context":{"text":"Aguascalientes","link":"http:\/\/www.grieta.org.mx\/index.php\/category\/noticias-nacionales\/aguascalientes\/"},"img":{"alt_text":"","src":"https:\/\/i0.wp.com\/www.grieta.org.mx\/wp-content\/uploads\/2018\/03\/14524434_1106112876131411_958039263622046936_o.jpg?resize=350%2C200","width":350,"height":200,"srcset":"https:\/\/i0.wp.com\/www.grieta.org.mx\/wp-content\/uploads\/2018\/03\/14524434_1106112876131411_958039263622046936_o.jpg?resize=350%2C200 1x, https:\/\/i0.wp.com\/www.grieta.org.mx\/wp-content\/uploads\/2018\/03\/14524434_1106112876131411_958039263622046936_o.jpg?resize=525%2C300 1.5x, https:\/\/i0.wp.com\/www.grieta.org.mx\/wp-content\/uploads\/2018\/03\/14524434_1106112876131411_958039263622046936_o.jpg?resize=700%2C400 2x"},"classes":[]},{"id":44382,"url":"http:\/\/www.grieta.org.mx\/index.php\/2020\/02\/02\/se-agrava-sobreexplotacion-de-mantos-acuiferos-en-aguascalientes\/","url_meta":{"origin":54810,"position":4},"title":"Se agrava sobreexplotaci\u00f3n de mantos acu\u00edferos en Aguascalientes","author":"grieta","date":"2 febrero, 2020","format":false,"excerpt":"Redacci\u00f3n\/El Clarinete 2 febrero 2020 Aguascalientes, Ags.-Los cinco acu\u00edferos con los que cuenta nuestro estado se encuentran totalmente sobreexplotados, a tal grado que se estima que anualmente su abatimiento es de hasta un metro, inform\u00f3 con preocupaci\u00f3n el Secretario de Sustentabilidad, Medio Ambiente y Agua (SSMA), Julio C\u00e9sar Medina .-\u00bfQu\u00e9\u2026","rel":"","context":"En &quot;Aguascalientes&quot;","block_context":{"text":"Aguascalientes","link":"http:\/\/www.grieta.org.mx\/index.php\/category\/noticias-nacionales\/aguascalientes\/"},"img":{"alt_text":"","src":"https:\/\/i0.wp.com\/www.grieta.org.mx\/wp-content\/uploads\/2020\/02\/sin-agua-800x500-2-800x500.jpg?resize=350%2C200","width":350,"height":200,"srcset":"https:\/\/i0.wp.com\/www.grieta.org.mx\/wp-content\/uploads\/2020\/02\/sin-agua-800x500-2-800x500.jpg?resize=350%2C200 1x, https:\/\/i0.wp.com\/www.grieta.org.mx\/wp-content\/uploads\/2020\/02\/sin-agua-800x500-2-800x500.jpg?resize=525%2C300 1.5x, https:\/\/i0.wp.com\/www.grieta.org.mx\/wp-content\/uploads\/2020\/02\/sin-agua-800x500-2-800x500.jpg?resize=700%2C400 2x"},"classes":[]},{"id":70194,"url":"http:\/\/www.grieta.org.mx\/index.php\/2024\/10\/20\/madres-buscadoras-y-victimas-de-tortura-se-reunen-en-aguascalientes\/","url_meta":{"origin":54810,"position":5},"title":"Madres buscadoras y v\u00edctimas de tortura se re\u00fanen en Aguascalientes","author":"grieta","date":"20 octubre, 2024","format":false,"excerpt":"Dulce Rodr\u00edguez\/Newsweek Espa\u00f1ol 15 octubre 2024 El III Encuentro de Mujeres Buscadoras, Familiares de V\u00edctimas y Sobrevivientes de Tortura o Violencia Sexual comenz\u00f3 el 11 de octubre de 2024 en Aguascalientes. Este evento re\u00fane a 65 mujeres buscadoras, activistas y defensoras de derechos humanos de diferentes estados de M\u00e9xico, como\u2026","rel":"","context":"En &quot;Aguascalientes&quot;","block_context":{"text":"Aguascalientes","link":"http:\/\/www.grieta.org.mx\/index.php\/category\/noticias-nacionales\/aguascalientes\/"},"img":{"alt_text":"","src":"https:\/\/i0.wp.com\/www.grieta.org.mx\/wp-content\/uploads\/2024\/10\/WhatsApp-Image-2024-10-11-at-2.15.05-PM-1140x570-1.jpeg?resize=350%2C200","width":350,"height":200,"srcset":"https:\/\/i0.wp.com\/www.grieta.org.mx\/wp-content\/uploads\/2024\/10\/WhatsApp-Image-2024-10-11-at-2.15.05-PM-1140x570-1.jpeg?resize=350%2C200 1x, https:\/\/i0.wp.com\/www.grieta.org.mx\/wp-content\/uploads\/2024\/10\/WhatsApp-Image-2024-10-11-at-2.15.05-PM-1140x570-1.jpeg?resize=525%2C300 1.5x, https:\/\/i0.wp.com\/www.grieta.org.mx\/wp-content\/uploads\/2024\/10\/WhatsApp-Image-2024-10-11-at-2.15.05-PM-1140x570-1.jpeg?resize=700%2C400 2x, https:\/\/i0.wp.com\/www.grieta.org.mx\/wp-content\/uploads\/2024\/10\/WhatsApp-Image-2024-10-11-at-2.15.05-PM-1140x570-1.jpeg?resize=1050%2C600 3x"},"classes":[]}],"_links":{"self":[{"href":"http:\/\/www.grieta.org.mx\/index.php\/wp-json\/wp\/v2\/posts\/54810","targetHints":{"allow":["GET"]}}],"collection":[{"href":"http:\/\/www.grieta.org.mx\/index.php\/wp-json\/wp\/v2\/posts"}],"about":[{"href":"http:\/\/www.grieta.org.mx\/index.php\/wp-json\/wp\/v2\/types\/post"}],"author":[{"embeddable":true,"href":"http:\/\/www.grieta.org.mx\/index.php\/wp-json\/wp\/v2\/users\/2"}],"replies":[{"embeddable":true,"href":"http:\/\/www.grieta.org.mx\/index.php\/wp-json\/wp\/v2\/comments?post=54810"}],"version-history":[{"count":1,"href":"http:\/\/www.grieta.org.mx\/index.php\/wp-json\/wp\/v2\/posts\/54810\/revisions"}],"predecessor-version":[{"id":54813,"href":"http:\/\/www.grieta.org.mx\/index.php\/wp-json\/wp\/v2\/posts\/54810\/revisions\/54813"}],"wp:featuredmedia":[{"embeddable":true,"href":"http:\/\/www.grieta.org.mx\/index.php\/wp-json\/wp\/v2\/media\/54812"}],"wp:attachment":[{"href":"http:\/\/www.grieta.org.mx\/index.php\/wp-json\/wp\/v2\/media?parent=54810"}],"wp:term":[{"taxonomy":"category","embeddable":true,"href":"http:\/\/www.grieta.org.mx\/index.php\/wp-json\/wp\/v2\/categories?post=54810"},{"taxonomy":"post_tag","embeddable":true,"href":"http:\/\/www.grieta.org.mx\/index.php\/wp-json\/wp\/v2\/tags?post=54810"}],"curies":[{"name":"wp","href":"https:\/\/api.w.org\/{rel}","templated":true}]}}