{"id":54765,"date":"2020-11-03T11:47:56","date_gmt":"2020-11-03T17:47:56","guid":{"rendered":"http:\/\/www.grieta.org.mx\/?p=54765"},"modified":"2020-11-07T11:55:40","modified_gmt":"2020-11-07T17:55:40","slug":"feminicidio-incremento-100-en-colima","status":"publish","type":"post","link":"http:\/\/www.grieta.org.mx\/index.php\/2020\/11\/03\/feminicidio-incremento-100-en-colima\/","title":{"rendered":"Feminicidio increment\u00f3 100% en Colima"},"content":{"rendered":"<p><img loading=\"lazy\" decoding=\"async\" data-attachment-id=\"54766\" data-permalink=\"http:\/\/www.grieta.org.mx\/index.php\/2020\/11\/03\/feminicidio-incremento-100-en-colima\/image-48\/\" data-orig-file=\"http:\/\/www.grieta.org.mx\/wp-content\/uploads\/2020\/11\/image-48.png\" data-orig-size=\"388,452\" data-comments-opened=\"0\" data-image-meta=\"{&quot;aperture&quot;:&quot;0&quot;,&quot;credit&quot;:&quot;&quot;,&quot;camera&quot;:&quot;&quot;,&quot;caption&quot;:&quot;&quot;,&quot;created_timestamp&quot;:&quot;0&quot;,&quot;copyright&quot;:&quot;&quot;,&quot;focal_length&quot;:&quot;0&quot;,&quot;iso&quot;:&quot;0&quot;,&quot;shutter_speed&quot;:&quot;0&quot;,&quot;title&quot;:&quot;&quot;,&quot;orientation&quot;:&quot;0&quot;}\" data-image-title=\"image-48\" data-image-description=\"\" data-image-caption=\"\" data-medium-file=\"http:\/\/www.grieta.org.mx\/wp-content\/uploads\/2020\/11\/image-48-258x300.png\" data-large-file=\"http:\/\/www.grieta.org.mx\/wp-content\/uploads\/2020\/11\/image-48.png\" class=\" wp-image-54766 aligncenter\" src=\"http:\/\/www.grieta.org.mx\/wp-content\/uploads\/2020\/11\/image-48.png\" alt=\"\" width=\"752\" height=\"875\" srcset=\"http:\/\/www.grieta.org.mx\/wp-content\/uploads\/2020\/11\/image-48.png 388w, http:\/\/www.grieta.org.mx\/wp-content\/uploads\/2020\/11\/image-48-258x300.png 258w\" sizes=\"auto, (max-width: 752px) 100vw, 752px\" \/><\/p>\n<p>Imagen: Diario Avanzada<\/p>\n<p>Heidi de Le\u00f3n Guti\u00e9rrez \/ Diario Avanzada<\/p>\n<p>Colima, M\u00e9xico, Avanzada (03\/11\/2020).- Durante los primeros nueve meses de este a\u00f1o, el feminicidio en la entidad aument\u00f3 en un 100 por ciento, en comparaci\u00f3n con el mismo periodo, pero de 2019.<\/p>\n<p>Adem\u00e1s, la entidad tiene la tasa m\u00e1s alta de feminicidios en el pa\u00eds, por cada 100 mil mujeres, a pesar de que la Fiscal\u00eda General del Estado no ha clasificado como homicidio por raz\u00f3n de g\u00e9nero todos los asesinatos de mujeres.<\/p>\n<p>Los datos del secretariado Ejecutivo del Sistema Nacional de Seguridad P\u00fablica (SESNSP) y la organizaci\u00f3n \u00bfC\u00f3mo Vamos? Colima, exponen que entre enero y septiembre, la Fiscal\u00eda estatal clasific\u00f3 14 asesinatos de mujeres como feminicidios: 8 de ellas fueron atacadas con arma de fuego; 3 con arma blanca y otras 3, con otro elemento que no se especific\u00f3 en el reporte.<\/p>\n<p>Los datos muestran que las cifras de este a\u00f1o, duplican lo registrado de enero a septiembre de 2019 donde se contabilizaron s\u00f3lo 6 feminicidios.<\/p>\n<p>Desde hace meses, activistas sociales denunciaron el aumento de las agresiones en contra de las mujeres en la entidad e hicieron un llamado al gobernador para garantizar una vida libre de violencia.<\/p>\n<p>La semana pasada, la integrante del colectivo: Las Rosas Rojas, Rosa Evelia Villarruel lament\u00f3 que el problema de las mujeres est\u00e9 invisibilizado para el gobernador, \u201cporque de comprenderlo, ordenar\u00eda resultados para frenar esta violencia y no lo hace\u201d.<\/p>\n<p>Entre los asesinatos de mujeres clasificados como feminicidios se encuentra el de una madre y su hija, \u00e9sta ultima de once a\u00f1os de edad, que fueron asesinadas a golpes, al interior de su domicilio en la calle Zaragoza en el municipio de Colima, el pasado 28 de mayo.<\/p>\n<p><a href=\"https:\/\/www.diarioavanzada.com.mx\/?p=17123\">https:\/\/www.diarioavanzada.com.mx\/?p=17123<\/a><\/p>\n","protected":false},"excerpt":{"rendered":"<p>Imagen: Diario Avanzada Heidi de Le\u00f3n Guti\u00e9rrez \/ Diario Avanzada Colima, M\u00e9xico, Avanzada (03\/11\/2020).- Durante los primeros nueve meses de este a\u00f1o, el feminicidio en la entidad aument\u00f3 en un &hellip; <a href=\"http:\/\/www.grieta.org.mx\/index.php\/2020\/11\/03\/feminicidio-incremento-100-en-colima\/\" class=\"more-link\">Leer m\u00e1s<\/a><\/p>\n","protected":false},"author":2,"featured_media":54766,"comment_status":"closed","ping_status":"closed","sticky":false,"template":"","format":"standard","meta":{"ngg_post_thumbnail":0,"_jetpack_newsletter_access":"","_jetpack_dont_email_post_to_subs":false,"_jetpack_newsletter_tier_id":0,"_jetpack_memberships_contains_paywalled_content":false,"_jetpack_memberships_contains_paid_content":false,"footnotes":""},"categories":[80,13,84,1016,1017,2,83],"tags":[2959,81],"class_list":{"0":"post-54765","1":"post","2":"type-post","3":"status-publish","4":"format-standard","5":"has-post-thumbnail","6":"hentry","7":"category-cintillo","8":"category-colima","9":"category-feminicidios","10":"category-feminicidios-en-colima","12":"category-noticias-nacionales","13":"category-temas-nacionales","14":"tag-estadisticas-de-feminicidio","15":"tag-feminicidios","16":"entry"},"jetpack_featured_media_url":"http:\/\/www.grieta.org.mx\/wp-content\/uploads\/2020\/11\/image-48.png","jetpack_sharing_enabled":true,"jetpack_shortlink":"https:\/\/wp.me\/p7ZJR4-efj","jetpack_likes_enabled":false,"jetpack-related-posts":[{"id":47258,"url":"http:\/\/www.grieta.org.mx\/index.php\/2020\/04\/06\/asesinan-a-18-mujeres-en-colima-solo-tres-se-clasificaron-como-feminicidio\/","url_meta":{"origin":54765,"position":0},"title":"Asesinan a 18 mujeres en Colima, s\u00f3lo tres se clasificaron como feminicidio","author":"grieta","date":"6 abril, 2020","format":false,"excerpt":"Imagen: Diario Avanzada Heidi de Le\u00f3n Gutierrez \/ Diario Avanzada Colima, M\u00e9xico, Avanzada (06\/04\/2020).- En el primer bimestre de este a\u00f1o en Colima asesinaron a 18 mujeres, pero s\u00f3lo tres casos fueron clasificados como feminicidios por la Fiscal\u00eda General del Estado. El pasado 23 de enero, la organizaci\u00f3n civil Causa\u2026","rel":"","context":"En &quot;CINTILLO&quot;","block_context":{"text":"CINTILLO","link":"http:\/\/www.grieta.org.mx\/index.php\/category\/cintillo\/"},"img":{"alt_text":"","src":"https:\/\/i0.wp.com\/www.grieta.org.mx\/wp-content\/uploads\/2020\/04\/Feminicidio.jpg?resize=350%2C200","width":350,"height":200,"srcset":"https:\/\/i0.wp.com\/www.grieta.org.mx\/wp-content\/uploads\/2020\/04\/Feminicidio.jpg?resize=350%2C200 1x, https:\/\/i0.wp.com\/www.grieta.org.mx\/wp-content\/uploads\/2020\/04\/Feminicidio.jpg?resize=525%2C300 1.5x, https:\/\/i0.wp.com\/www.grieta.org.mx\/wp-content\/uploads\/2020\/04\/Feminicidio.jpg?resize=700%2C400 2x, https:\/\/i0.wp.com\/www.grieta.org.mx\/wp-content\/uploads\/2020\/04\/Feminicidio.jpg?resize=1050%2C600 3x, https:\/\/i0.wp.com\/www.grieta.org.mx\/wp-content\/uploads\/2020\/04\/Feminicidio.jpg?resize=1400%2C800 4x"},"classes":[]},{"id":66216,"url":"http:\/\/www.grieta.org.mx\/index.php\/2023\/02\/01\/incrementaron-350-los-feminicidios-en-el-primer-ano-de-vizcaino-colima\/","url_meta":{"origin":54765,"position":1},"title":"Incrementaron 350 % los feminicidios en el primer a\u00f1o de Vizca\u00edno (Colima)","author":"grieta","date":"1 febrero, 2023","format":false,"excerpt":"Imagen: Diario Avanzada Heidi de Le\u00f3n Guti\u00e9rrez \/ Diario Avanzada Colima, M\u00e9xico, Avanzada (01\/02\/2023).- El primer a\u00f1o de gobierno de la mandataria estatal, Indira Vizca\u00edno Silva cerr\u00f3 con 350 por ciento m\u00e1s de v\u00edctimas de feminicidio y homicidio doloso de mujeres en comparaci\u00f3n con 2021. Los porcentajes anteriores muestran que\u2026","rel":"","context":"En &quot;CINTILLO&quot;","block_context":{"text":"CINTILLO","link":"http:\/\/www.grieta.org.mx\/index.php\/category\/cintillo\/"},"img":{"alt_text":"","src":"https:\/\/i0.wp.com\/www.grieta.org.mx\/wp-content\/uploads\/2023\/02\/Indira-Feminista.jpeg?resize=350%2C200","width":350,"height":200,"srcset":"https:\/\/i0.wp.com\/www.grieta.org.mx\/wp-content\/uploads\/2023\/02\/Indira-Feminista.jpeg?resize=350%2C200 1x, https:\/\/i0.wp.com\/www.grieta.org.mx\/wp-content\/uploads\/2023\/02\/Indira-Feminista.jpeg?resize=525%2C300 1.5x"},"classes":[]},{"id":55725,"url":"http:\/\/www.grieta.org.mx\/index.php\/2020\/12\/08\/impunes-80-por-ciento-de-los-feminicidios-que-se-cometieron-en-colima-en-los-ultimos-5-anos\/","url_meta":{"origin":54765,"position":2},"title":"Impunes, 80 por ciento de los feminicidios que se cometieron en Colima en los \u00faltimos 5 a\u00f1os","author":"grieta","date":"8 diciembre, 2020","format":false,"excerpt":"Foto: Diario Avanzada Heidi de Le\u00f3n Guti\u00e9rrez \/ Diario Avanzada Colima, M\u00e9xico, Avanzada (08\/12\/2020).- La organizaci\u00f3n \u201cImpunidad Cero\u201d revel\u00f3 que en Colima permanecen sin castigo el 80 por ciento de los feminicidios que se cometieron durante el 2019. Tambi\u00e9n advirti\u00f3 que existen entidades del pa\u00eds donde habr\u00eda un subregistro en\u2026","rel":"","context":"En &quot;CINTILLO&quot;","block_context":{"text":"CINTILLO","link":"http:\/\/www.grieta.org.mx\/index.php\/category\/cintillo\/"},"img":{"alt_text":"","src":"https:\/\/i0.wp.com\/www.grieta.org.mx\/wp-content\/uploads\/2020\/12\/01-27-feminicidios.png?resize=350%2C200","width":350,"height":200,"srcset":"https:\/\/i0.wp.com\/www.grieta.org.mx\/wp-content\/uploads\/2020\/12\/01-27-feminicidios.png?resize=350%2C200 1x, https:\/\/i0.wp.com\/www.grieta.org.mx\/wp-content\/uploads\/2020\/12\/01-27-feminicidios.png?resize=525%2C300 1.5x, https:\/\/i0.wp.com\/www.grieta.org.mx\/wp-content\/uploads\/2020\/12\/01-27-feminicidios.png?resize=700%2C400 2x"},"classes":[]},{"id":63729,"url":"http:\/\/www.grieta.org.mx\/index.php\/2022\/03\/19\/asesinaron-a-481-mujeres-en-colima-en-nueve-anos\/","url_meta":{"origin":54765,"position":3},"title":"Asesinaron a 481 mujeres en Colima en nueve a\u00f1os","author":"grieta","date":"19 marzo, 2022","format":false,"excerpt":"Foto: Diario Avanzada Redacci\u00f3n \/ Diario Avanzada Colima, M\u00e9xico, Avanzada (19\/03\/2022).- En nueve a\u00f1os fueron asesinadas 481 mujeres en el estado de Colima, de acuerdo con datos del Instituto Nacional de Estad\u00edstica y Geograf\u00eda (Inegi) y del Secretariado Ejecutivo del Sistema Nacional de Seguridad P\u00fablica. El a\u00f1o m\u00e1s letal fue\u2026","rel":"","context":"En &quot;CINTILLO&quot;","block_context":{"text":"CINTILLO","link":"http:\/\/www.grieta.org.mx\/index.php\/category\/cintillo\/"},"img":{"alt_text":"","src":"https:\/\/i0.wp.com\/www.grieta.org.mx\/wp-content\/uploads\/2022\/03\/image-135.png?resize=350%2C200","width":350,"height":200,"srcset":"https:\/\/i0.wp.com\/www.grieta.org.mx\/wp-content\/uploads\/2022\/03\/image-135.png?resize=350%2C200 1x, https:\/\/i0.wp.com\/www.grieta.org.mx\/wp-content\/uploads\/2022\/03\/image-135.png?resize=525%2C300 1.5x"},"classes":[]},{"id":65521,"url":"http:\/\/www.grieta.org.mx\/index.php\/2022\/10\/13\/despues-de-70-asesinatos-de-mujeres-fiscalia-crea-unidad-para-perseguir-y-sancionar-a-feminicidas-colima\/","url_meta":{"origin":54765,"position":4},"title":"Despu\u00e9s de 70 asesinatos de mujeres, Fiscal\u00eda crea unidad para perseguir y sancionar a feminicidas (Colima)","author":"grieta","date":"13 octubre, 2022","format":false,"excerpt":"Imagen: Diario Avanzada Heidi de Le\u00f3n Guti\u00e9rrez \/ Diario Avanzada Colima, M\u00e9xico, Avanzada (15\/10\/2022).- Despu\u00e9s de 70 asesinatos de mujeres en lo que va del a\u00f1o, entre ellas ni\u00f1as de entre 12 y 15 a\u00f1os de edad, la Fiscal\u00eda General del Estado instaur\u00f3 la Unidad Especializada para la investigaci\u00f3n y\u2026","rel":"","context":"En &quot;CINTILLO&quot;","block_context":{"text":"CINTILLO","link":"http:\/\/www.grieta.org.mx\/index.php\/category\/cintillo\/"},"img":{"alt_text":"","src":"https:\/\/i0.wp.com\/www.grieta.org.mx\/wp-content\/uploads\/2022\/10\/01-27-feminicidios.png?resize=350%2C200","width":350,"height":200,"srcset":"https:\/\/i0.wp.com\/www.grieta.org.mx\/wp-content\/uploads\/2022\/10\/01-27-feminicidios.png?resize=350%2C200 1x, https:\/\/i0.wp.com\/www.grieta.org.mx\/wp-content\/uploads\/2022\/10\/01-27-feminicidios.png?resize=525%2C300 1.5x, https:\/\/i0.wp.com\/www.grieta.org.mx\/wp-content\/uploads\/2022\/10\/01-27-feminicidios.png?resize=700%2C400 2x"},"classes":[]},{"id":65977,"url":"http:\/\/www.grieta.org.mx\/index.php\/2022\/12\/22\/asesinaron-a-102-mujeres-en-colima-fiscalia-solo-tipifico-17-como-feminicidios\/","url_meta":{"origin":54765,"position":5},"title":"Asesinaron a 102 mujeres en Colima, Fiscal\u00eda solo tipific\u00f3 17 como feminicidios","author":"grieta","date":"22 diciembre, 2022","format":false,"excerpt":"Imagen: Cuartoscuro Heidi de Le\u00f3n Guti\u00e9rrez \/ Diario Avanzada Colima, M\u00e9xico, Avanzada (22\/12\/2022).- De los 102 asesinatos cometidos hasta el 15 de diciembre de este a\u00f1o, la Fiscal\u00eda General del Estado s\u00f3lo tipific\u00f3 17 como feminicidios y el resto aparecen como homicidios dolosos de mujeres. As\u00ed se advierte en las\u2026","rel":"","context":"En &quot;CINTILLO&quot;","block_context":{"text":"CINTILLO","link":"http:\/\/www.grieta.org.mx\/index.php\/category\/cintillo\/"},"img":{"alt_text":"","src":"https:\/\/i0.wp.com\/www.grieta.org.mx\/wp-content\/uploads\/2022\/12\/femcruz.jpeg?resize=350%2C200","width":350,"height":200,"srcset":"https:\/\/i0.wp.com\/www.grieta.org.mx\/wp-content\/uploads\/2022\/12\/femcruz.jpeg?resize=350%2C200 1x, https:\/\/i0.wp.com\/www.grieta.org.mx\/wp-content\/uploads\/2022\/12\/femcruz.jpeg?resize=525%2C300 1.5x, https:\/\/i0.wp.com\/www.grieta.org.mx\/wp-content\/uploads\/2022\/12\/femcruz.jpeg?resize=700%2C400 2x"},"classes":[]}],"_links":{"self":[{"href":"http:\/\/www.grieta.org.mx\/index.php\/wp-json\/wp\/v2\/posts\/54765","targetHints":{"allow":["GET"]}}],"collection":[{"href":"http:\/\/www.grieta.org.mx\/index.php\/wp-json\/wp\/v2\/posts"}],"about":[{"href":"http:\/\/www.grieta.org.mx\/index.php\/wp-json\/wp\/v2\/types\/post"}],"author":[{"embeddable":true,"href":"http:\/\/www.grieta.org.mx\/index.php\/wp-json\/wp\/v2\/users\/2"}],"replies":[{"embeddable":true,"href":"http:\/\/www.grieta.org.mx\/index.php\/wp-json\/wp\/v2\/comments?post=54765"}],"version-history":[{"count":1,"href":"http:\/\/www.grieta.org.mx\/index.php\/wp-json\/wp\/v2\/posts\/54765\/revisions"}],"predecessor-version":[{"id":54768,"href":"http:\/\/www.grieta.org.mx\/index.php\/wp-json\/wp\/v2\/posts\/54765\/revisions\/54768"}],"wp:featuredmedia":[{"embeddable":true,"href":"http:\/\/www.grieta.org.mx\/index.php\/wp-json\/wp\/v2\/media\/54766"}],"wp:attachment":[{"href":"http:\/\/www.grieta.org.mx\/index.php\/wp-json\/wp\/v2\/media?parent=54765"}],"wp:term":[{"taxonomy":"category","embeddable":true,"href":"http:\/\/www.grieta.org.mx\/index.php\/wp-json\/wp\/v2\/categories?post=54765"},{"taxonomy":"post_tag","embeddable":true,"href":"http:\/\/www.grieta.org.mx\/index.php\/wp-json\/wp\/v2\/tags?post=54765"}],"curies":[{"name":"wp","href":"https:\/\/api.w.org\/{rel}","templated":true}]}}