{"id":54762,"date":"2020-11-03T11:31:27","date_gmt":"2020-11-03T17:31:27","guid":{"rendered":"http:\/\/www.grieta.org.mx\/?p=54762"},"modified":"2020-11-07T11:44:16","modified_gmt":"2020-11-07T17:44:16","slug":"catrinas-marchan-contra-los-feminicidios-en-colima","status":"publish","type":"post","link":"http:\/\/www.grieta.org.mx\/index.php\/2020\/11\/03\/catrinas-marchan-contra-los-feminicidios-en-colima\/","title":{"rendered":"Catrinas marchan contra los feminicidios en Colima"},"content":{"rendered":"<p><img loading=\"lazy\" decoding=\"async\" data-attachment-id=\"54763\" data-permalink=\"http:\/\/www.grieta.org.mx\/index.php\/2020\/11\/03\/catrinas-marchan-contra-los-feminicidios-en-colima\/mg_3108\/\" data-orig-file=\"http:\/\/www.grieta.org.mx\/wp-content\/uploads\/2020\/11\/MG_3108.jpg\" data-orig-size=\"1300,867\" data-comments-opened=\"0\" data-image-meta=\"{&quot;aperture&quot;:&quot;0&quot;,&quot;credit&quot;:&quot;&quot;,&quot;camera&quot;:&quot;&quot;,&quot;caption&quot;:&quot;&quot;,&quot;created_timestamp&quot;:&quot;1604348830&quot;,&quot;copyright&quot;:&quot;&quot;,&quot;focal_length&quot;:&quot;0&quot;,&quot;iso&quot;:&quot;0&quot;,&quot;shutter_speed&quot;:&quot;0&quot;,&quot;title&quot;:&quot;&quot;,&quot;orientation&quot;:&quot;1&quot;}\" data-image-title=\"MG_3108\" data-image-description=\"\" data-image-caption=\"\" data-medium-file=\"http:\/\/www.grieta.org.mx\/wp-content\/uploads\/2020\/11\/MG_3108-300x200.jpg\" data-large-file=\"http:\/\/www.grieta.org.mx\/wp-content\/uploads\/2020\/11\/MG_3108-1024x683.jpg\" class=\"wp-image-54763 aligncenter\" src=\"http:\/\/www.grieta.org.mx\/wp-content\/uploads\/2020\/11\/MG_3108.jpg\" alt=\"\" width=\"799\" height=\"532\" srcset=\"http:\/\/www.grieta.org.mx\/wp-content\/uploads\/2020\/11\/MG_3108.jpg 1300w, http:\/\/www.grieta.org.mx\/wp-content\/uploads\/2020\/11\/MG_3108-300x200.jpg 300w, http:\/\/www.grieta.org.mx\/wp-content\/uploads\/2020\/11\/MG_3108-1024x683.jpg 1024w, http:\/\/www.grieta.org.mx\/wp-content\/uploads\/2020\/11\/MG_3108-768x512.jpg 768w, http:\/\/www.grieta.org.mx\/wp-content\/uploads\/2020\/11\/MG_3108-750x500.jpg 750w\" sizes=\"auto, (max-width: 799px) 100vw, 799px\" \/><\/p>\n<p>Foto: Moserrat C\u00e1rdenas<\/p>\n<p><strong><em>Con el objetivo de visibilizar la violencia contra las mujeres en Colima, mujeres feministas caracterizadas de catrinas, realizaron una marcha por las principales calles de esta ciudad para denunciar y exigir justicia para todas las mujeres asesinada.\u00a0<\/em><\/strong><\/p>\n<p>Redacci\u00f3n \/ Somos El Medio<\/p>\n<p>Vestidas de catrinas, con flores y veladoras, las mujeres recorrieron las principales avenidas de la capital gritando consignas contra la violencia.<\/p>\n<p>La marcha lleg\u00f3 al Jard\u00edn Libertad, donde recordaron los nombres y rostros de las que han perecido ante la violencia machista. Adem\u00e1s, denunciaron la poca voluntad del gobierno estatal por acabar y castigar la violencia contra las mujeres y encontrar a las desaparecidas.<\/p>\n<p>Fotogaler\u00eda en:<\/p>\n<p><a href=\"https:\/\/www.somoselmedio.com\/2020\/11\/03\/catrinas-marcha-contra-los-feminicidios-en-colima\/\">https:\/\/www.somoselmedio.com\/2020\/11\/03\/catrinas-marcha-contra-los-feminicidios-en-colima\/<\/a><\/p>\n","protected":false},"excerpt":{"rendered":"<p>Foto: Moserrat C\u00e1rdenas Con el objetivo de visibilizar la violencia contra las mujeres en Colima, mujeres feministas caracterizadas de catrinas, realizaron una marcha por las principales calles de esta ciudad &hellip; <a href=\"http:\/\/www.grieta.org.mx\/index.php\/2020\/11\/03\/catrinas-marchan-contra-los-feminicidios-en-colima\/\" class=\"more-link\">Leer m\u00e1s<\/a><\/p>\n","protected":false},"author":2,"featured_media":54763,"comment_status":"closed","ping_status":"closed","sticky":false,"template":"","format":"standard","meta":{"ngg_post_thumbnail":0,"_jetpack_newsletter_access":"","_jetpack_dont_email_post_to_subs":false,"_jetpack_newsletter_tier_id":0,"_jetpack_memberships_contains_paywalled_content":false,"_jetpack_memberships_contains_paid_content":false,"footnotes":""},"categories":[80,13,84,1016,1017,2,83],"tags":[3042,81,1428],"class_list":{"0":"post-54762","1":"post","2":"type-post","3":"status-publish","4":"format-standard","5":"has-post-thumbnail","6":"hentry","7":"category-cintillo","8":"category-colima","9":"category-feminicidios","10":"category-feminicidios-en-colima","12":"category-noticias-nacionales","13":"category-temas-nacionales","14":"tag-colectivos-feministas","15":"tag-feminicidios","16":"tag-protestas-contra-el-feminicidio","17":"entry"},"jetpack_featured_media_url":"http:\/\/www.grieta.org.mx\/wp-content\/uploads\/2020\/11\/MG_3108.jpg","jetpack_sharing_enabled":true,"jetpack_shortlink":"https:\/\/wp.me\/p7ZJR4-efg","jetpack_likes_enabled":false,"jetpack-related-posts":[{"id":64095,"url":"http:\/\/www.grieta.org.mx\/index.php\/2022\/04\/27\/exigen-con-marcha-un-alto-a-los-feminicidios-y-desapariciones-de-mujeres-colima\/","url_meta":{"origin":54762,"position":0},"title":"Exigen con marcha un alto a los feminicidios y desapariciones de mujeres (Colima)","author":"grieta","date":"27 abril, 2022","format":false,"excerpt":"Foto: El Comentario Redacci\u00f3n \/ El Comentario Un nutrido grupo de\u00a0mujeres vestidas de negro\u00a0march\u00f3 desde la\u00a0Piedra Lisa\u00a0hasta el\u00a0jard\u00edn Libertad, en el centro de la\u00a0capital colimense, para exigir un alto a los\u00a0feminicidios\u00a0en la entidad. Al grito de \u201c\u00a1Se\u00f1or, se\u00f1ora, no sea indiferente, se mata a las mujeres en la cara de\u2026","rel":"","context":"En &quot;CINTILLO&quot;","block_context":{"text":"CINTILLO","link":"http:\/\/www.grieta.org.mx\/index.php\/category\/cintillo\/"},"img":{"alt_text":"","src":"https:\/\/i0.wp.com\/www.grieta.org.mx\/wp-content\/uploads\/2022\/05\/d27ad9eb9d9b5b4b0c12fb37b3801617.jpg?resize=350%2C200","width":350,"height":200,"srcset":"https:\/\/i0.wp.com\/www.grieta.org.mx\/wp-content\/uploads\/2022\/05\/d27ad9eb9d9b5b4b0c12fb37b3801617.jpg?resize=350%2C200 1x, https:\/\/i0.wp.com\/www.grieta.org.mx\/wp-content\/uploads\/2022\/05\/d27ad9eb9d9b5b4b0c12fb37b3801617.jpg?resize=525%2C300 1.5x, https:\/\/i0.wp.com\/www.grieta.org.mx\/wp-content\/uploads\/2022\/05\/d27ad9eb9d9b5b4b0c12fb37b3801617.jpg?resize=700%2C400 2x"},"classes":[]},{"id":66455,"url":"http:\/\/www.grieta.org.mx\/index.php\/2023\/03\/09\/exigen-en-tecoman-el-esclarecimiento-de-los-crimenes-cometidos-contra-las-mujeres-colima\/","url_meta":{"origin":54762,"position":1},"title":"Exigen en Tecom\u00e1n el esclarecimiento de los cr\u00edmenes cometidos contra las mujeres (Colima)","author":"grieta","date":"9 marzo, 2023","format":false,"excerpt":"Imagen: El Comentario Yensuni L\u00f3pez Aldape \/ El Comentario Un grupo de m\u00e1s de un centenar de\u00a0j\u00f3venes feministas\u00a0marcharon esta tarde (8), en el marco del D\u00eda Internacional de la Mujer, partiendo del parque Insurgentes hasta llegar al jard\u00edn principal de Tecom\u00e1n, donde reclamaron a las autoridades de los 3 \u00f3rdenes\u2026","rel":"","context":"En &quot;CINTILLO&quot;","block_context":{"text":"CINTILLO","link":"http:\/\/www.grieta.org.mx\/index.php\/category\/cintillo\/"},"img":{"alt_text":"","src":"https:\/\/i0.wp.com\/www.grieta.org.mx\/wp-content\/uploads\/2023\/03\/Tecoman-5.jpeg?resize=350%2C200","width":350,"height":200,"srcset":"https:\/\/i0.wp.com\/www.grieta.org.mx\/wp-content\/uploads\/2023\/03\/Tecoman-5.jpeg?resize=350%2C200 1x, https:\/\/i0.wp.com\/www.grieta.org.mx\/wp-content\/uploads\/2023\/03\/Tecoman-5.jpeg?resize=525%2C300 1.5x, https:\/\/i0.wp.com\/www.grieta.org.mx\/wp-content\/uploads\/2023\/03\/Tecoman-5.jpeg?resize=700%2C400 2x"},"classes":[]},{"id":10998,"url":"http:\/\/www.grieta.org.mx\/index.php\/2016\/04\/24\/movilizacion-contra-la-violencia-hacia-las-mujeres-en-colima\/","url_meta":{"origin":54762,"position":2},"title":"Movilizaci\u00f3n contra la violencia hacia las mujeres en Colima","author":"grieta","date":"24 abril, 2016","format":false,"excerpt":"24\/04\/16. \u201cVivas nos queremos\u201d, mujeres de Colima se suman a marcha nacionalAF Medios","rel":"","context":"En &quot;Colima&quot;","block_context":{"text":"Colima","link":"http:\/\/www.grieta.org.mx\/index.php\/category\/noticias-nacionales\/colima\/"},"img":{"alt_text":"","src":"https:\/\/i0.wp.com\/www.grieta.org.mx\/wp-content\/uploads\/2018\/03\/14524434_1106112876131411_958039263622046936_o.jpg?resize=350%2C200","width":350,"height":200,"srcset":"https:\/\/i0.wp.com\/www.grieta.org.mx\/wp-content\/uploads\/2018\/03\/14524434_1106112876131411_958039263622046936_o.jpg?resize=350%2C200 1x, https:\/\/i0.wp.com\/www.grieta.org.mx\/wp-content\/uploads\/2018\/03\/14524434_1106112876131411_958039263622046936_o.jpg?resize=525%2C300 1.5x, https:\/\/i0.wp.com\/www.grieta.org.mx\/wp-content\/uploads\/2018\/03\/14524434_1106112876131411_958039263622046936_o.jpg?resize=700%2C400 2x"},"classes":[]},{"id":55487,"url":"http:\/\/www.grieta.org.mx\/index.php\/2020\/11\/26\/la-primera-marcha-feminista-en-manzanillo-colima\/","url_meta":{"origin":54762,"position":3},"title":"La primera marcha feminista en Manzanillo (Colima)","author":"grieta","date":"26 noviembre, 2020","format":false,"excerpt":"Foto: Kaomi Gutierrez - Perimetral La marcha de este 25 de noviembre en el puerto de Manzanillo funciona como un punto de encuentro que activa la organizaci\u00f3n feminista en un lugar que este 2020 lleva ya 41 feminicidios Kaomi Gutierrez - Perimetral \/ Pie de P\u00e1gina vez que protestaron mujeres\u2026","rel":"","context":"En &quot;CINTILLO&quot;","block_context":{"text":"CINTILLO","link":"http:\/\/www.grieta.org.mx\/index.php\/category\/cintillo\/"},"img":{"alt_text":"","src":"https:\/\/i0.wp.com\/www.grieta.org.mx\/wp-content\/uploads\/2020\/11\/perimetral_kaomigutierrez01.jpg?resize=350%2C200","width":350,"height":200,"srcset":"https:\/\/i0.wp.com\/www.grieta.org.mx\/wp-content\/uploads\/2020\/11\/perimetral_kaomigutierrez01.jpg?resize=350%2C200 1x, https:\/\/i0.wp.com\/www.grieta.org.mx\/wp-content\/uploads\/2020\/11\/perimetral_kaomigutierrez01.jpg?resize=525%2C300 1.5x, https:\/\/i0.wp.com\/www.grieta.org.mx\/wp-content\/uploads\/2020\/11\/perimetral_kaomigutierrez01.jpg?resize=700%2C400 2x, https:\/\/i0.wp.com\/www.grieta.org.mx\/wp-content\/uploads\/2020\/11\/perimetral_kaomigutierrez01.jpg?resize=1050%2C600 3x"},"classes":[]},{"id":71698,"url":"http:\/\/www.grieta.org.mx\/index.php\/2025\/05\/05\/colima-el-estado-mas-violento-contra-las-mujeres-en-el-primer-trimestre-de-2025\/","url_meta":{"origin":54762,"position":4},"title":"Colima, el estado m\u00e1s violento contra las mujeres en el primer trimestre de 2025","author":"grieta","date":"5 mayo, 2025","format":false,"excerpt":"Imagen: fachada del Palacio de Gobierno de Colima tras la manifestaci\u00f3n feminista del 8 de marzo. Heidi de Le\u00f3n Guti\u00e9rrez \/ Diario Avanzada Colima, M\u00e9xico, Avanzada (05\/05\/2025).- Colima se posicion\u00f3 como la entidad m\u00e1s violenta del pa\u00eds para las mujeres durante el primer trimestre de 2025, al registrar la tasa\u2026","rel":"","context":"En &quot;CINTILLO&quot;","block_context":{"text":"CINTILLO","link":"http:\/\/www.grieta.org.mx\/index.php\/category\/cintillo\/"},"img":{"alt_text":"","src":"https:\/\/i0.wp.com\/www.grieta.org.mx\/wp-content\/uploads\/2025\/05\/fe1d61f4-13ba-43ec-9610-eb877e3b17a4-1.jpg?resize=350%2C200","width":350,"height":200,"srcset":"https:\/\/i0.wp.com\/www.grieta.org.mx\/wp-content\/uploads\/2025\/05\/fe1d61f4-13ba-43ec-9610-eb877e3b17a4-1.jpg?resize=350%2C200 1x, https:\/\/i0.wp.com\/www.grieta.org.mx\/wp-content\/uploads\/2025\/05\/fe1d61f4-13ba-43ec-9610-eb877e3b17a4-1.jpg?resize=525%2C300 1.5x, https:\/\/i0.wp.com\/www.grieta.org.mx\/wp-content\/uploads\/2025\/05\/fe1d61f4-13ba-43ec-9610-eb877e3b17a4-1.jpg?resize=700%2C400 2x, https:\/\/i0.wp.com\/www.grieta.org.mx\/wp-content\/uploads\/2025\/05\/fe1d61f4-13ba-43ec-9610-eb877e3b17a4-1.jpg?resize=1050%2C600 3x, https:\/\/i0.wp.com\/www.grieta.org.mx\/wp-content\/uploads\/2025\/05\/fe1d61f4-13ba-43ec-9610-eb877e3b17a4-1.jpg?resize=1400%2C800 4x"},"classes":[]},{"id":68593,"url":"http:\/\/www.grieta.org.mx\/index.php\/2024\/03\/09\/reprime-gobierno-de-colima-marcha-del-8m\/","url_meta":{"origin":54762,"position":5},"title":"Reprime Gobierno de Colima marcha del 8M","author":"grieta","date":"9 marzo, 2024","format":false,"excerpt":"Imagen: Diario Avanzada Somoselmedio \/ @Somoselmedio Colima, Colima, 9 de marzo 2024.-\u00a0El llamado de al menos tres mil mujeres en Colima para cesar la violencia en su contra fue interrumpido por el gas lacrim\u00f3geno que el gobierno estatal lanz\u00f3 a las manifestantes desde el interior de Palacio de Gobierno generando\u2026","rel":"","context":"En &quot;CINTILLO&quot;","block_context":{"text":"CINTILLO","link":"http:\/\/www.grieta.org.mx\/index.php\/category\/cintillo\/"},"img":{"alt_text":"","src":"https:\/\/i0.wp.com\/www.grieta.org.mx\/wp-content\/uploads\/2024\/03\/aa-12.jpg?resize=350%2C200","width":350,"height":200,"srcset":"https:\/\/i0.wp.com\/www.grieta.org.mx\/wp-content\/uploads\/2024\/03\/aa-12.jpg?resize=350%2C200 1x, https:\/\/i0.wp.com\/www.grieta.org.mx\/wp-content\/uploads\/2024\/03\/aa-12.jpg?resize=525%2C300 1.5x, https:\/\/i0.wp.com\/www.grieta.org.mx\/wp-content\/uploads\/2024\/03\/aa-12.jpg?resize=700%2C400 2x, https:\/\/i0.wp.com\/www.grieta.org.mx\/wp-content\/uploads\/2024\/03\/aa-12.jpg?resize=1050%2C600 3x"},"classes":[]}],"_links":{"self":[{"href":"http:\/\/www.grieta.org.mx\/index.php\/wp-json\/wp\/v2\/posts\/54762","targetHints":{"allow":["GET"]}}],"collection":[{"href":"http:\/\/www.grieta.org.mx\/index.php\/wp-json\/wp\/v2\/posts"}],"about":[{"href":"http:\/\/www.grieta.org.mx\/index.php\/wp-json\/wp\/v2\/types\/post"}],"author":[{"embeddable":true,"href":"http:\/\/www.grieta.org.mx\/index.php\/wp-json\/wp\/v2\/users\/2"}],"replies":[{"embeddable":true,"href":"http:\/\/www.grieta.org.mx\/index.php\/wp-json\/wp\/v2\/comments?post=54762"}],"version-history":[{"count":1,"href":"http:\/\/www.grieta.org.mx\/index.php\/wp-json\/wp\/v2\/posts\/54762\/revisions"}],"predecessor-version":[{"id":54764,"href":"http:\/\/www.grieta.org.mx\/index.php\/wp-json\/wp\/v2\/posts\/54762\/revisions\/54764"}],"wp:featuredmedia":[{"embeddable":true,"href":"http:\/\/www.grieta.org.mx\/index.php\/wp-json\/wp\/v2\/media\/54763"}],"wp:attachment":[{"href":"http:\/\/www.grieta.org.mx\/index.php\/wp-json\/wp\/v2\/media?parent=54762"}],"wp:term":[{"taxonomy":"category","embeddable":true,"href":"http:\/\/www.grieta.org.mx\/index.php\/wp-json\/wp\/v2\/categories?post=54762"},{"taxonomy":"post_tag","embeddable":true,"href":"http:\/\/www.grieta.org.mx\/index.php\/wp-json\/wp\/v2\/tags?post=54762"}],"curies":[{"name":"wp","href":"https:\/\/api.w.org\/{rel}","templated":true}]}}