{"id":54756,"date":"2020-09-11T09:01:18","date_gmt":"2020-09-11T14:01:18","guid":{"rendered":"http:\/\/www.grieta.org.mx\/?p=54756"},"modified":"2020-11-07T09:10:31","modified_gmt":"2020-11-07T15:10:31","slug":"se-manifiestan-familiares-de-desaparecidos-por-falta-de-seguimiento-a-investigaciones-aguascalientes","status":"publish","type":"post","link":"http:\/\/www.grieta.org.mx\/index.php\/2020\/09\/11\/se-manifiestan-familiares-de-desaparecidos-por-falta-de-seguimiento-a-investigaciones-aguascalientes\/","title":{"rendered":"Se manifiestan familiares de desaparecidos por falta de seguimiento a investigaciones (Aguascalientes)"},"content":{"rendered":"<p>Alejandro Romo\/Newsweek Aguascalientes<br \/>\n11 septiembre 2020<\/p>\n<p><img loading=\"lazy\" decoding=\"async\" data-attachment-id=\"54757\" data-permalink=\"http:\/\/www.grieta.org.mx\/index.php\/2020\/09\/11\/se-manifiestan-familiares-de-desaparecidos-por-falta-de-seguimiento-a-investigaciones-aguascalientes\/bdb55f17-5b1d-4b1c-9206-803c2b888f58-750x450\/\" data-orig-file=\"http:\/\/www.grieta.org.mx\/wp-content\/uploads\/2020\/11\/bdb55f17-5b1d-4b1c-9206-803c2b888f58-750x450-1.jpg\" data-orig-size=\"750,450\" data-comments-opened=\"0\" data-image-meta=\"{&quot;aperture&quot;:&quot;0&quot;,&quot;credit&quot;:&quot;&quot;,&quot;camera&quot;:&quot;&quot;,&quot;caption&quot;:&quot;&quot;,&quot;created_timestamp&quot;:&quot;0&quot;,&quot;copyright&quot;:&quot;&quot;,&quot;focal_length&quot;:&quot;0&quot;,&quot;iso&quot;:&quot;0&quot;,&quot;shutter_speed&quot;:&quot;0&quot;,&quot;title&quot;:&quot;&quot;,&quot;orientation&quot;:&quot;0&quot;}\" data-image-title=\"bdb55f17-5b1d-4b1c-9206-803c2b888f58-750&amp;#215;450\" data-image-description=\"\" data-image-caption=\"\" data-medium-file=\"http:\/\/www.grieta.org.mx\/wp-content\/uploads\/2020\/11\/bdb55f17-5b1d-4b1c-9206-803c2b888f58-750x450-1-300x180.jpg\" data-large-file=\"http:\/\/www.grieta.org.mx\/wp-content\/uploads\/2020\/11\/bdb55f17-5b1d-4b1c-9206-803c2b888f58-750x450-1.jpg\" src=\"http:\/\/www.grieta.org.mx\/wp-content\/uploads\/2020\/11\/bdb55f17-5b1d-4b1c-9206-803c2b888f58-750x450-1.jpg\" alt=\"\" width=\"750\" height=\"450\" class=\"alignnone size-full wp-image-54757\" srcset=\"http:\/\/www.grieta.org.mx\/wp-content\/uploads\/2020\/11\/bdb55f17-5b1d-4b1c-9206-803c2b888f58-750x450-1.jpg 750w, http:\/\/www.grieta.org.mx\/wp-content\/uploads\/2020\/11\/bdb55f17-5b1d-4b1c-9206-803c2b888f58-750x450-1-300x180.jpg 300w\" sizes=\"auto, (max-width: 750px) 100vw, 750px\" \/><\/p>\n<p>Familiares de personas desaparecidas se manifestaron esta ma\u00f1ana en las instalaciones de la Fiscal\u00eda General del Estado para exigir que se d\u00e9 seguimiento a las investigaciones de sus seres queridos, luego de que han dejado de reunirse y de recibir informaci\u00f3n por parte de las autoridades. <\/p>\n<p>Entre los manifestantes se encontraban familiares de j\u00f3venes del Caso Maverick, ocurrido en abril de 2007, cuando sujetos armados privaron de la libertad a ocho personas al exterior del antro del mismo nombre, incluidos trabajadores y alba\u00f1iles que en ese momento realizaban trabajos de construcci\u00f3n. <\/p>\n<p>Javier Espinosa, padre de Francisco Javier Espinosa uno de los j\u00f3venes desaparecidos, lament\u00f3 las recientes declaraciones del fiscal general del estado, Jes\u00fas Figueroa Ortega, en donde asegur\u00f3 que en ese caso no ha habido avances y que pr\u00e1cticamente se encuentra detenida la investigaci\u00f3n. <\/p>\n<p>\u201cYo al se\u00f1or le reclamo su falta de sensibilidad, su falta de compromiso y falta de \u00e9tica profesional al haber hecho estas declaraciones, poni\u00e9ndonos en un estado de indefensi\u00f3n y de justicia, en todo caso que \u00e9l se vaya a descansar y que le lleguen las noticias para que resuelvan los casos, yo al se\u00f1or le exijo que haga una disculpa p\u00fablica por las personas desaparecidas del Maverick y del resto de desaparecidos\u201d. <\/p>\n<p>Ante ello, exigi\u00f3 que si el actual titular de la Fiscal\u00eda Estatal no puede realizar las investigaciones para dar con el paradero de las personas desaparecidas o de los responsables, renuncie a su cargo. <\/p>\n<p>\u201cQue se comprometa a hacer un plan objetivo y estrat\u00e9gico, que presente resultados y que no le empiece a echar la pelotita a otras instituciones que no tienen esas atribuciones, y que si no puede, que renuncie\u201d. <\/p>\n<p>El Observatorio de Violencia Social y de G\u00e9nero (OVSG) y el Colectivo \u201cBuscando Personas, Verdad y Justicia\u201d tambi\u00e9n acompa\u00f1aron a los familiares en la manifestaci\u00f3n. La coordinadora del OVSG, Violeta Sab\u00e1s, reconoci\u00f3 que desde inicios de a\u00f1o se perdi\u00f3 la comunicaci\u00f3n con la Fiscal\u00eda General del Estado, en donde se les dejaron de proporcionar los avances de las investigaciones. <\/p>\n<p>\u201cEn los \u00faltimos meses hemos encontrado las puertas cerradas de la fiscal\u00eda, ayer en una declaraci\u00f3n el fiscal coment\u00f3 que no lo hab\u00edamos buscado, lo cual no es verdad, tenemos oficios, mensajes y hasta correos que hemos dirigido a su particular, en donde solicitamos una reuni\u00f3n\u201d, coment\u00f3. <\/p>\n<p>La activista lament\u00f3 la poca atenci\u00f3n que se le ha dado al tema de las personas desaparecidas, pues a pesar de que en las propias existen indicios de algunas l\u00edneas de investigaci\u00f3n, el trabajo de la fiscal\u00eda se ha reducido a lo m\u00ednimo en las acciones de b\u00fasqueda. <\/p>\n<p>\u201cNo hay ning\u00fan avance, incluso el mismo fiscal lo reconoce, que no hay avance en estos procesos y nos preocupa mucho estos comentarios porque incluso \u00e9l se\u00f1ala que est\u00e1n esperando una noticia para reactivar el caso, pero la fiscal\u00eda no tiene que esperar una noticia sino la obligatoriedad de investigar para identificar a las personas que est\u00e1n desaparecidas o con los responsables de los casos de feminicidio y homicidio\u201d. <\/p>\n<p><img loading=\"lazy\" decoding=\"async\" data-attachment-id=\"54758\" data-permalink=\"http:\/\/www.grieta.org.mx\/index.php\/2020\/09\/11\/se-manifiestan-familiares-de-desaparecidos-por-falta-de-seguimiento-a-investigaciones-aguascalientes\/464f2627-401e-4002-8483-236c64b21f4c\/\" data-orig-file=\"http:\/\/www.grieta.org.mx\/wp-content\/uploads\/2020\/11\/464f2627-401e-4002-8483-236c64b21f4c.jpg\" data-orig-size=\"800,450\" data-comments-opened=\"0\" data-image-meta=\"{&quot;aperture&quot;:&quot;0&quot;,&quot;credit&quot;:&quot;&quot;,&quot;camera&quot;:&quot;&quot;,&quot;caption&quot;:&quot;&quot;,&quot;created_timestamp&quot;:&quot;0&quot;,&quot;copyright&quot;:&quot;&quot;,&quot;focal_length&quot;:&quot;0&quot;,&quot;iso&quot;:&quot;0&quot;,&quot;shutter_speed&quot;:&quot;0&quot;,&quot;title&quot;:&quot;&quot;,&quot;orientation&quot;:&quot;1&quot;}\" data-image-title=\"464f2627-401e-4002-8483-236c64b21f4c\" data-image-description=\"\" data-image-caption=\"\" data-medium-file=\"http:\/\/www.grieta.org.mx\/wp-content\/uploads\/2020\/11\/464f2627-401e-4002-8483-236c64b21f4c-300x169.jpg\" data-large-file=\"http:\/\/www.grieta.org.mx\/wp-content\/uploads\/2020\/11\/464f2627-401e-4002-8483-236c64b21f4c.jpg\" src=\"http:\/\/www.grieta.org.mx\/wp-content\/uploads\/2020\/11\/464f2627-401e-4002-8483-236c64b21f4c.jpg\" alt=\"\" width=\"800\" height=\"450\" class=\"alignnone size-full wp-image-54758\" srcset=\"http:\/\/www.grieta.org.mx\/wp-content\/uploads\/2020\/11\/464f2627-401e-4002-8483-236c64b21f4c.jpg 800w, http:\/\/www.grieta.org.mx\/wp-content\/uploads\/2020\/11\/464f2627-401e-4002-8483-236c64b21f4c-300x169.jpg 300w, http:\/\/www.grieta.org.mx\/wp-content\/uploads\/2020\/11\/464f2627-401e-4002-8483-236c64b21f4c-768x432.jpg 768w\" sizes=\"auto, (max-width: 800px) 100vw, 800px\" \/><\/p>\n<p>Incluso, coment\u00f3 que en algunos casos, las carpetas de investigaci\u00f3n incluyen los nombres de los presuntos responsables de las desapariciones, pero a pesar de ello no se ha profundizado en la impartici\u00f3n de la justicia.<\/p>\n<p>\u201cEn todas las carpetas hay algunas l\u00edneas de investigaci\u00f3n de las personas que testificaron, que pudiera llevar con los responsables, incluso en muchas carpetas de investigaci\u00f3n est\u00e1n hasta los nombres de los probables responsables, pero a pesar de esta informaci\u00f3n la fiscal\u00eda no ha podido generar una l\u00ednea que redit\u00fae en el acceso a la justicia de las familias\u201d, agreg\u00f3. <\/p>\n<p>Finalmente, Violeta Sab\u00e1s cuestion\u00f3 la diferencia de los datos de las carpetas abiertas de personas desaparecidas, ya que mientras el fiscal indic\u00f3 que existen alrededor de 80 investigaciones en proceso, el registro nacional de personas desaparecidas se\u00f1ala que hay m\u00e1s de 250 personas sin ser localizadas en Aguascalientes. <\/p>\n<p>\u201cAdem\u00e1s nos llama la atenci\u00f3n que en el Sistema Nacional de B\u00fasqueda de Personas exista un registro de 254 carpetas y en la declaraci\u00f3n del fiscal diga que son 78, por eso es tambi\u00e9n muy grave que ni siquiera en los datos no se sepa la informaci\u00f3n de las personas que estamos buscando\u201d, concluy\u00f3. <\/p>\n<p>Cabe destacar que despu\u00e9s de colocar cartulinas al exterior de las instalaciones y de lanzar consignas, finalmente fueron recibidos por parte de las autoridades de la Fiscal\u00eda General del Estado para escuchar sus demandas y establecer acciones de continuidad para la b\u00fasqueda de sus seres queridos.  <\/p>\n<p><img loading=\"lazy\" decoding=\"async\" data-attachment-id=\"54759\" data-permalink=\"http:\/\/www.grieta.org.mx\/index.php\/2020\/09\/11\/se-manifiestan-familiares-de-desaparecidos-por-falta-de-seguimiento-a-investigaciones-aguascalientes\/34d6edaf-679a-4d8f-ae24-2b6fe171db0c\/\" data-orig-file=\"http:\/\/www.grieta.org.mx\/wp-content\/uploads\/2020\/11\/34d6edaf-679a-4d8f-ae24-2b6fe171db0c.jpg\" data-orig-size=\"730,450\" data-comments-opened=\"0\" data-image-meta=\"{&quot;aperture&quot;:&quot;0&quot;,&quot;credit&quot;:&quot;&quot;,&quot;camera&quot;:&quot;&quot;,&quot;caption&quot;:&quot;&quot;,&quot;created_timestamp&quot;:&quot;0&quot;,&quot;copyright&quot;:&quot;&quot;,&quot;focal_length&quot;:&quot;0&quot;,&quot;iso&quot;:&quot;0&quot;,&quot;shutter_speed&quot;:&quot;0&quot;,&quot;title&quot;:&quot;&quot;,&quot;orientation&quot;:&quot;1&quot;}\" data-image-title=\"34d6edaf-679a-4d8f-ae24-2b6fe171db0c\" data-image-description=\"\" data-image-caption=\"\" data-medium-file=\"http:\/\/www.grieta.org.mx\/wp-content\/uploads\/2020\/11\/34d6edaf-679a-4d8f-ae24-2b6fe171db0c-300x185.jpg\" data-large-file=\"http:\/\/www.grieta.org.mx\/wp-content\/uploads\/2020\/11\/34d6edaf-679a-4d8f-ae24-2b6fe171db0c.jpg\" src=\"http:\/\/www.grieta.org.mx\/wp-content\/uploads\/2020\/11\/34d6edaf-679a-4d8f-ae24-2b6fe171db0c.jpg\" alt=\"\" width=\"730\" height=\"450\" class=\"alignnone size-full wp-image-54759\" srcset=\"http:\/\/www.grieta.org.mx\/wp-content\/uploads\/2020\/11\/34d6edaf-679a-4d8f-ae24-2b6fe171db0c.jpg 730w, http:\/\/www.grieta.org.mx\/wp-content\/uploads\/2020\/11\/34d6edaf-679a-4d8f-ae24-2b6fe171db0c-300x185.jpg 300w\" sizes=\"auto, (max-width: 730px) 100vw, 730px\" \/><\/p>\n<blockquote class=\"wp-embedded-content\" data-secret=\"h82mrnIDj7\"><p><a href=\"https:\/\/newsweekespanol.com\/2020\/09\/se-manifiestan-familiares-de-desaparecidos-por-falta-de-seguimiento-a-investigaciones\/\">Se manifiestan familiares de desaparecidos por falta de seguimiento a investigaciones<\/a><\/p><\/blockquote>\n<p><iframe loading=\"lazy\" class=\"wp-embedded-content\" sandbox=\"allow-scripts\" security=\"restricted\" style=\"position: absolute; clip: rect(1px, 1px, 1px, 1px);\" title=\"&#8220;Se manifiestan familiares de desaparecidos por falta de seguimiento a investigaciones&#8221; &#8212; Newsweek M\u00e9xico\" src=\"https:\/\/newsweekespanol.com\/2020\/09\/se-manifiestan-familiares-de-desaparecidos-por-falta-de-seguimiento-a-investigaciones\/embed\/#?secret=h82mrnIDj7\" data-secret=\"h82mrnIDj7\" width=\"600\" height=\"338\" frameborder=\"0\" marginwidth=\"0\" marginheight=\"0\" scrolling=\"no\"><\/iframe><\/p>\n","protected":false},"excerpt":{"rendered":"<p>Alejandro Romo\/Newsweek Aguascalientes 11 septiembre 2020 Familiares de personas desaparecidas se manifestaron esta ma\u00f1ana en las instalaciones de la Fiscal\u00eda General del Estado para exigir que se d\u00e9 seguimiento a &hellip; <a href=\"http:\/\/www.grieta.org.mx\/index.php\/2020\/09\/11\/se-manifiestan-familiares-de-desaparecidos-por-falta-de-seguimiento-a-investigaciones-aguascalientes\/\" class=\"more-link\">Leer m\u00e1s<\/a><\/p>\n","protected":false},"author":2,"featured_media":54757,"comment_status":"closed","ping_status":"closed","sticky":false,"template":"","format":"standard","meta":{"ngg_post_thumbnail":0,"_jetpack_newsletter_access":"","_jetpack_dont_email_post_to_subs":false,"_jetpack_newsletter_tier_id":0,"_jetpack_memberships_contains_paywalled_content":false,"_jetpack_memberships_contains_paid_content":false,"footnotes":""},"categories":[4,80,87,1189,2,83],"tags":[3725,3018,121,3152],"class_list":["post-54756","post","type-post","status-publish","format-standard","has-post-thumbnail","hentry","category-aguascalientes","category-cintillo","category-desaparecidos","category-desaparecidos-en-aguascalientes","category-noticias-nacionales","category-temas-nacionales","tag-colectivo-verdad-y-justicia","tag-colectivos-de-busqueda-de-desaparecidos","tag-desaparecidos","tag-observatorio-de-violencia-social-y-genero","entry"],"jetpack_featured_media_url":"http:\/\/www.grieta.org.mx\/wp-content\/uploads\/2020\/11\/bdb55f17-5b1d-4b1c-9206-803c2b888f58-750x450-1.jpg","jetpack_sharing_enabled":true,"jetpack_shortlink":"https:\/\/wp.me\/p7ZJR4-efa","jetpack_likes_enabled":false,"jetpack-related-posts":[{"id":34140,"url":"http:\/\/www.grieta.org.mx\/index.php\/2019\/05\/30\/familias-de-desaparecidos-marchan-en-aguascalientes-para-exigir-avances-en-investigaciones\/","url_meta":{"origin":54756,"position":0},"title":"Familias de desaparecidos marchan en Aguascalientes para exigir avances en investigaciones","author":"grieta","date":"30 mayo, 2019","format":false,"excerpt":"Redacci\u00f3n\/Proceso. AGUASCALIENTES, Ags., (apro).- Familias de personas desaparecidas o asesinadas, integrantes del Colectivo Buscando Personas Verdad y Justicia, marcharon este jueves desde la Fiscal\u00eda de Aguascalientes hasta el palacio de gobierno para exigir avances y resultados en las investigaciones. Violeta Sab\u00e1s explic\u00f3 que, seg\u00fan la \u00faltima actualizaci\u00f3n del Registro Nacional\u2026","rel":"","context":"En &quot;Aguascalientes&quot;","block_context":{"text":"Aguascalientes","link":"http:\/\/www.grieta.org.mx\/index.php\/category\/noticias-nacionales\/aguascalientes\/"},"img":{"alt_text":"","src":"https:\/\/i0.wp.com\/www.grieta.org.mx\/wp-content\/uploads\/2019\/06\/a2.jpg?resize=350%2C200","width":350,"height":200,"srcset":"https:\/\/i0.wp.com\/www.grieta.org.mx\/wp-content\/uploads\/2019\/06\/a2.jpg?resize=350%2C200 1x, https:\/\/i0.wp.com\/www.grieta.org.mx\/wp-content\/uploads\/2019\/06\/a2.jpg?resize=525%2C300 1.5x, https:\/\/i0.wp.com\/www.grieta.org.mx\/wp-content\/uploads\/2019\/06\/a2.jpg?resize=700%2C400 2x, https:\/\/i0.wp.com\/www.grieta.org.mx\/wp-content\/uploads\/2019\/06\/a2.jpg?resize=1050%2C600 3x"},"classes":[]},{"id":58967,"url":"http:\/\/www.grieta.org.mx\/index.php\/2021\/04\/24\/familiares-de-desaparecidos-del-maverick-exigen-justicia-en-aguascalientes\/","url_meta":{"origin":54756,"position":1},"title":"Familiares de desaparecidos del \u2018Maverick\u2019 exigen justicia en Aguascalientes","author":"grieta","date":"24 abril, 2021","format":false,"excerpt":"Redacci\u00f3n\/El Clarinete 24 abril 2021 Aguascalientes, Ags.- Familiares de Javier Espino, desaparecido en el antro \u2018Maverick\u2019 en 2007, clausuraron de manera simb\u00f3lica las instalaciones de la Fiscal\u00eda de Estado de Aguascalientes por los nulos resultados en la investigaci\u00f3n. Francisco Espinoza padre de uno de los nueve desaparecidos, indic\u00f3 que son\u2026","rel":"","context":"En &quot;Aguascalientes&quot;","block_context":{"text":"Aguascalientes","link":"http:\/\/www.grieta.org.mx\/index.php\/category\/noticias-nacionales\/aguascalientes\/"},"img":{"alt_text":"","src":"https:\/\/i0.wp.com\/www.grieta.org.mx\/wp-content\/uploads\/2021\/04\/desaparecidos-familiares.jpg?resize=350%2C200","width":350,"height":200,"srcset":"https:\/\/i0.wp.com\/www.grieta.org.mx\/wp-content\/uploads\/2021\/04\/desaparecidos-familiares.jpg?resize=350%2C200 1x, https:\/\/i0.wp.com\/www.grieta.org.mx\/wp-content\/uploads\/2021\/04\/desaparecidos-familiares.jpg?resize=525%2C300 1.5x, https:\/\/i0.wp.com\/www.grieta.org.mx\/wp-content\/uploads\/2021\/04\/desaparecidos-familiares.jpg?resize=700%2C400 2x"},"classes":[]},{"id":5664,"url":"http:\/\/www.grieta.org.mx\/index.php\/2016\/09\/01\/desaparecidos-en-aguascalientes\/","url_meta":{"origin":54756,"position":2},"title":"Desaparecidos en Aguascalientes","author":"grieta","date":"1 septiembre, 2016","format":false,"excerpt":"01\/09\/16. Fiscal\u00eda contin\u00faa sin publicar el protocolo sobre personas desaparecidas La Jornada Aguascalientes 09\/07\/16. Sin ser localizados, 22 aguascalentenses que desaparecieron este a\u00f1o La Jornada Aguascalientes 12\/01\/16. Ocupa Aguascalientes lugar 19 en desaparecidos en el \u00e1mbito nacional La Jornada Aguascalientes 11\/01\/16. 283 personas est\u00e1n desaparecidas en Aguascalientes La Jornada Aguascalientes\u2026","rel":"","context":"En &quot;Aguascalientes&quot;","block_context":{"text":"Aguascalientes","link":"http:\/\/www.grieta.org.mx\/index.php\/category\/noticias-nacionales\/aguascalientes\/"},"img":{"alt_text":"","src":"https:\/\/i0.wp.com\/www.grieta.org.mx\/wp-content\/uploads\/2018\/03\/14524434_1106112876131411_958039263622046936_o.jpg?resize=350%2C200","width":350,"height":200,"srcset":"https:\/\/i0.wp.com\/www.grieta.org.mx\/wp-content\/uploads\/2018\/03\/14524434_1106112876131411_958039263622046936_o.jpg?resize=350%2C200 1x, https:\/\/i0.wp.com\/www.grieta.org.mx\/wp-content\/uploads\/2018\/03\/14524434_1106112876131411_958039263622046936_o.jpg?resize=525%2C300 1.5x, https:\/\/i0.wp.com\/www.grieta.org.mx\/wp-content\/uploads\/2018\/03\/14524434_1106112876131411_958039263622046936_o.jpg?resize=700%2C400 2x"},"classes":[]},{"id":54709,"url":"http:\/\/www.grieta.org.mx\/index.php\/2020\/08\/07\/colectivo-verdad-y-justicia-organiza-caravana-a-jalisco-aguascalientes\/","url_meta":{"origin":54756,"position":3},"title":"COLECTIVO VERDAD Y JUSTICIA ORGANIZA CARAVANA A JALISCO (Aguascalientes)","author":"grieta","date":"7 agosto, 2020","format":false,"excerpt":"Claudia Rodr\u00edguez Loera\/La Jornada Aguascalientes 7 agosto 2020 Familiares de desaparecidos exigir\u00e1n a autoridades jaliscienses reactiven investigaciones Son casos de 6 desaparecidos de Aguascalientes en Jalisco, y 3 m\u00e1s en comunidades l\u00edmite Con caravana, Colectivo Verdad y Justicia de Aguascalientes exigir\u00e1n se reactiven investigaciones en Jalisco relacionadas con personas desaparecidas\u2026","rel":"","context":"En &quot;Aguascalientes&quot;","block_context":{"text":"Aguascalientes","link":"http:\/\/www.grieta.org.mx\/index.php\/category\/noticias-nacionales\/aguascalientes\/"},"img":{"alt_text":"","src":"https:\/\/i0.wp.com\/www.grieta.org.mx\/wp-content\/uploads\/2020\/11\/verdad-y-justicia.jpg?resize=350%2C200","width":350,"height":200},"classes":[]},{"id":30728,"url":"http:\/\/www.grieta.org.mx\/index.php\/2019\/03\/08\/familiares-de-desaparecidos-se-manifiestan-en-aguascalientes\/","url_meta":{"origin":54756,"position":4},"title":"Familiares de desaparecidos se manifiestan en Aguascalientes","author":"grieta","date":"8 marzo, 2019","format":false,"excerpt":"En el posicionamiento se exigi\u00f3 al gobierno federal la actualizaci\u00f3n de bases de datos estatal y nacional que contenga la informaci\u00f3n y fotograf\u00eda de personas desaparecidas Karla M\u00e9ndez\/Exc\u00e9lsior AGUASCALIENTES, Aguascalientes. Durante la visita del Presidente Andr\u00e9s Manuel L\u00f3pez Obrador, familiares de personas desaparecidas se manifestaron en el evento \"La idea\u2026","rel":"","context":"En &quot;Aguascalientes&quot;","block_context":{"text":"Aguascalientes","link":"http:\/\/www.grieta.org.mx\/index.php\/category\/noticias-nacionales\/aguascalientes\/"},"img":{"alt_text":"","src":"https:\/\/i0.wp.com\/www.grieta.org.mx\/wp-content\/uploads\/2019\/03\/2111539.jpg?resize=350%2C200","width":350,"height":200,"srcset":"https:\/\/i0.wp.com\/www.grieta.org.mx\/wp-content\/uploads\/2019\/03\/2111539.jpg?resize=350%2C200 1x, https:\/\/i0.wp.com\/www.grieta.org.mx\/wp-content\/uploads\/2019\/03\/2111539.jpg?resize=525%2C300 1.5x"},"classes":[]},{"id":54712,"url":"http:\/\/www.grieta.org.mx\/index.php\/2020\/08\/17\/inicia-caravana-de-familiares-de-desaparecidos-de-aguascalientes-en-puerto-vallarta\/","url_meta":{"origin":54756,"position":5},"title":"Inicia caravana de familiares de desaparecidos de Aguascalientes en Puerto Vallarta","author":"grieta","date":"17 agosto, 2020","format":false,"excerpt":"Alejandro Romo\/Newsweek Aguascalientes 17 agosto 2020 Este lunes comenz\u00f3 la caravana de b\u00fasqueda organizada por el Colectivo Buscando Personas, Verdad y Justicia y el Observatorio de Violencia Social y de G\u00e9nero (OVSG) y familiares de personas desaparecidas de Aguascalientes en municipios de Jalisco. La caravana inici\u00f3 en Puerto Vallarta, Jalisco,\u2026","rel":"","context":"En &quot;Aguascalientes&quot;","block_context":{"text":"Aguascalientes","link":"http:\/\/www.grieta.org.mx\/index.php\/category\/noticias-nacionales\/aguascalientes\/"},"img":{"alt_text":"","src":"https:\/\/i0.wp.com\/www.grieta.org.mx\/wp-content\/uploads\/2020\/11\/WhatsApp-Image-2020-08-17-at-1.48.32-PM.jpeg?resize=350%2C200","width":350,"height":200,"srcset":"https:\/\/i0.wp.com\/www.grieta.org.mx\/wp-content\/uploads\/2020\/11\/WhatsApp-Image-2020-08-17-at-1.48.32-PM.jpeg?resize=350%2C200 1x, https:\/\/i0.wp.com\/www.grieta.org.mx\/wp-content\/uploads\/2020\/11\/WhatsApp-Image-2020-08-17-at-1.48.32-PM.jpeg?resize=525%2C300 1.5x"},"classes":[]}],"_links":{"self":[{"href":"http:\/\/www.grieta.org.mx\/index.php\/wp-json\/wp\/v2\/posts\/54756","targetHints":{"allow":["GET"]}}],"collection":[{"href":"http:\/\/www.grieta.org.mx\/index.php\/wp-json\/wp\/v2\/posts"}],"about":[{"href":"http:\/\/www.grieta.org.mx\/index.php\/wp-json\/wp\/v2\/types\/post"}],"author":[{"embeddable":true,"href":"http:\/\/www.grieta.org.mx\/index.php\/wp-json\/wp\/v2\/users\/2"}],"replies":[{"embeddable":true,"href":"http:\/\/www.grieta.org.mx\/index.php\/wp-json\/wp\/v2\/comments?post=54756"}],"version-history":[{"count":1,"href":"http:\/\/www.grieta.org.mx\/index.php\/wp-json\/wp\/v2\/posts\/54756\/revisions"}],"predecessor-version":[{"id":54760,"href":"http:\/\/www.grieta.org.mx\/index.php\/wp-json\/wp\/v2\/posts\/54756\/revisions\/54760"}],"wp:featuredmedia":[{"embeddable":true,"href":"http:\/\/www.grieta.org.mx\/index.php\/wp-json\/wp\/v2\/media\/54757"}],"wp:attachment":[{"href":"http:\/\/www.grieta.org.mx\/index.php\/wp-json\/wp\/v2\/media?parent=54756"}],"wp:term":[{"taxonomy":"category","embeddable":true,"href":"http:\/\/www.grieta.org.mx\/index.php\/wp-json\/wp\/v2\/categories?post=54756"},{"taxonomy":"post_tag","embeddable":true,"href":"http:\/\/www.grieta.org.mx\/index.php\/wp-json\/wp\/v2\/tags?post=54756"}],"curies":[{"name":"wp","href":"https:\/\/api.w.org\/{rel}","templated":true}]}}