{"id":54750,"date":"2020-08-25T08:38:38","date_gmt":"2020-08-25T13:38:38","guid":{"rendered":"http:\/\/www.grieta.org.mx\/?p=54750"},"modified":"2020-11-07T08:49:28","modified_gmt":"2020-11-07T14:49:28","slug":"disparo-reactivacion-economica-643-contagios-de-covid-19-en-aguascalientes","status":"publish","type":"post","link":"http:\/\/www.grieta.org.mx\/index.php\/2020\/08\/25\/disparo-reactivacion-economica-643-contagios-de-covid-19-en-aguascalientes\/","title":{"rendered":"Dispar\u00f3 reactivaci\u00f3n econ\u00f3mica 643% contagios de Covid-19 en Aguascalientes"},"content":{"rendered":"<p>Alejandro Romo\/Newsweek Aguascalientes<br \/>\n25 agosto 2020<\/p>\n<p><img loading=\"lazy\" decoding=\"async\" data-attachment-id=\"54751\" data-permalink=\"http:\/\/www.grieta.org.mx\/index.php\/2020\/08\/25\/disparo-reactivacion-economica-643-contagios-de-covid-19-en-aguascalientes\/39812151484_7fccb5b6b1_c\/\" data-orig-file=\"http:\/\/www.grieta.org.mx\/wp-content\/uploads\/2020\/11\/39812151484_7fccb5b6b1_c.jpg\" data-orig-size=\"674,450\" data-comments-opened=\"0\" data-image-meta=\"{&quot;aperture&quot;:&quot;0&quot;,&quot;credit&quot;:&quot;&quot;,&quot;camera&quot;:&quot;&quot;,&quot;caption&quot;:&quot;&quot;,&quot;created_timestamp&quot;:&quot;0&quot;,&quot;copyright&quot;:&quot;&quot;,&quot;focal_length&quot;:&quot;0&quot;,&quot;iso&quot;:&quot;0&quot;,&quot;shutter_speed&quot;:&quot;0&quot;,&quot;title&quot;:&quot;&quot;,&quot;orientation&quot;:&quot;1&quot;}\" data-image-title=\"39812151484_7fccb5b6b1_c\" data-image-description=\"\" data-image-caption=\"\" data-medium-file=\"http:\/\/www.grieta.org.mx\/wp-content\/uploads\/2020\/11\/39812151484_7fccb5b6b1_c-300x200.jpg\" data-large-file=\"http:\/\/www.grieta.org.mx\/wp-content\/uploads\/2020\/11\/39812151484_7fccb5b6b1_c.jpg\" src=\"http:\/\/www.grieta.org.mx\/wp-content\/uploads\/2020\/11\/39812151484_7fccb5b6b1_c.jpg\" alt=\"\" width=\"674\" height=\"450\" class=\"alignnone size-full wp-image-54751\" srcset=\"http:\/\/www.grieta.org.mx\/wp-content\/uploads\/2020\/11\/39812151484_7fccb5b6b1_c.jpg 674w, http:\/\/www.grieta.org.mx\/wp-content\/uploads\/2020\/11\/39812151484_7fccb5b6b1_c-300x200.jpg 300w\" sizes=\"auto, (max-width: 674px) 100vw, 674px\" \/><\/p>\n<p>Aguascalientes inici\u00f3 el proceso de desconfinamiento y de reapertura gradual de la econom\u00eda una semana antes de que concluyera la Jornada Nacional de Sana Distancia, es decir el 25 de mayo.<\/p>\n<p>Desde entonces, pr\u00e1cticamente todos los sectores econ\u00f3micos, productivos y sociales han retomado sus actividades bajo ciertos protocolos sanitarios, pero a pesar de ello se han registrado incrementos exponenciales en el n\u00famero de contagios, ocupaci\u00f3n hospitalaria y defunciones atribuidas al Covid-19.<\/p>\n<p>El d\u00eda de hoy, a tres meses de haberse iniciado el proceso de reapertura en Aguascalientes, las cifras de la pandemia no son halagadoras, ya que se han rebasado las 400 defunciones y se aproximan los 7 mil contagios.<\/p>\n<p>Para el 25 de mayo la Secretar\u00eda de Salud Estatal reportaba 907 casos confirmados, 20 casos sospechosos y 403 pacientes recuperados. En ese momento las defunciones sumaban 28.<\/p>\n<p>La ocupaci\u00f3n hospitalaria era \u00ednfima, con s\u00f3lo 39 pacientes con s\u00edntomas graves o muy graves del Covid-19, lo que represent\u00f3 una ocupaci\u00f3n del 13% en camas generales y del 18% en camas de terapia intensiva.<\/p>\n<p>Tres meses despu\u00e9s el panorama es muy distinto. La entidad acumula 6 mil 748 contagios de Covid-19, 194 casos sospechosos y 5 mil 227 pacientes recuperados. Al d\u00eda de hoy se contabilizan 413 defunciones.<\/p>\n<p>En relaci\u00f3n a pacientes hospitalizados, por primera vez se rebas\u00f3 la cifra de 200, luego de que el \u00faltimo reporte t\u00e9cnico indicara 205 pacientes con s\u00edntomas graves o muy graves.<\/p>\n<p>Lo anterior ha llevado a que Aguascalientes ocupe el tercer lugar nacional en mayor ocupaci\u00f3n de camas de terapia intensiva, con un porcentaje del 52%, s\u00f3lo debajo de Colima (62%) y Nuevo Le\u00f3n (58%).<\/p>\n<p>A continuaci\u00f3n se presenta la variaci\u00f3n que ha tenido la pandemia del Covid-19 a tres meses de la reactivaci\u00f3n econ\u00f3mica y social del estado:<\/p>\n<p>                     25- mayo   25- agosto   Incremento porcentual<br \/>\nContagios              907        6,748            643.9%<br \/>\nDefunciones             28          413            1,375%<br \/>\nHospitalizados          39          205            425.6%<br \/>\nPacientes recuperados  403        5,227            1,197%<\/p>\n<p><a href=\"https:\/\/newsweekespanol.com\/2020\/08\/disparo-reactivacion-economica-643-contagios-de-covid-19-en-aguascalientes\/\" rel=\"noopener noreferrer\" target=\"_blank\">https:\/\/newsweekespanol.com\/2020\/08\/disparo-reactivacion-economica-643-contagios-de-covid-19-en-aguascalientes\/<\/a><\/p>\n","protected":false},"excerpt":{"rendered":"<p>Alejandro Romo\/Newsweek Aguascalientes 25 agosto 2020 Aguascalientes inici\u00f3 el proceso de desconfinamiento y de reapertura gradual de la econom\u00eda una semana antes de que concluyera la Jornada Nacional de Sana &hellip; <a href=\"http:\/\/www.grieta.org.mx\/index.php\/2020\/08\/25\/disparo-reactivacion-economica-643-contagios-de-covid-19-en-aguascalientes\/\" class=\"more-link\">Leer m\u00e1s<\/a><\/p>\n","protected":false},"author":2,"featured_media":54751,"comment_status":"closed","ping_status":"closed","sticky":false,"template":"","format":"standard","meta":{"ngg_post_thumbnail":0,"_jetpack_newsletter_access":"","_jetpack_dont_email_post_to_subs":false,"_jetpack_newsletter_tier_id":0,"_jetpack_memberships_contains_paywalled_content":false,"_jetpack_memberships_contains_paid_content":false,"footnotes":""},"categories":[4,80,3290,2],"tags":[3734,3241],"class_list":["post-54750","post","type-post","status-publish","format-standard","has-post-thumbnail","hentry","category-aguascalientes","category-cintillo","category-covid-19-en-aguascalientes","category-noticias-nacionales","tag-aumento-de-covid-19-por-reactivacion-economica","tag-covid-19","entry"],"jetpack_featured_media_url":"http:\/\/www.grieta.org.mx\/wp-content\/uploads\/2020\/11\/39812151484_7fccb5b6b1_c.jpg","jetpack_sharing_enabled":true,"jetpack_shortlink":"https:\/\/wp.me\/p7ZJR4-ef4","jetpack_likes_enabled":false,"jetpack-related-posts":[{"id":49403,"url":"http:\/\/www.grieta.org.mx\/index.php\/2020\/04\/27\/personal-medico-representa-45-de-los-casos-de-covid-19-de-aguascalientes\/","url_meta":{"origin":54750,"position":0},"title":"Personal m\u00e9dico representa 45% de los casos de COVID-19 de Aguascalientes","author":"grieta","date":"27 abril, 2020","format":false,"excerpt":"Jennifer Gonz\u00e1lez\/Expansi\u00f3n Pol\u00edtica 28 abril 2020 De los 188 contagios que hay en la entidad, 85 corresponden a integrantes del personal m\u00e9dico, de enfermer\u00eda o de otras \u00e1reas del sector salud Foto: Cuartoscuro AGUASCALIENTES, Aguascalientes.\u2014 M\u00e9dicos, personal de enfermer\u00eda y trabajadores del \u00e1rea param\u00e9dica representan m\u00e1s de 45% de los\u2026","rel":"","context":"En &quot;Aguascalientes&quot;","block_context":{"text":"Aguascalientes","link":"http:\/\/www.grieta.org.mx\/index.php\/category\/noticias-nacionales\/aguascalientes\/"},"img":{"alt_text":"","src":"https:\/\/i0.wp.com\/www.grieta.org.mx\/wp-content\/uploads\/2020\/05\/descarga.jpg?resize=350%2C200","width":350,"height":200,"srcset":"https:\/\/i0.wp.com\/www.grieta.org.mx\/wp-content\/uploads\/2020\/05\/descarga.jpg?resize=350%2C200 1x, https:\/\/i0.wp.com\/www.grieta.org.mx\/wp-content\/uploads\/2020\/05\/descarga.jpg?resize=525%2C300 1.5x, https:\/\/i0.wp.com\/www.grieta.org.mx\/wp-content\/uploads\/2020\/05\/descarga.jpg?resize=700%2C400 2x, https:\/\/i0.wp.com\/www.grieta.org.mx\/wp-content\/uploads\/2020\/05\/descarga.jpg?resize=1050%2C600 3x, https:\/\/i0.wp.com\/www.grieta.org.mx\/wp-content\/uploads\/2020\/05\/descarga.jpg?resize=1400%2C800 4x"},"classes":[]},{"id":54851,"url":"http:\/\/www.grieta.org.mx\/index.php\/2020\/11\/06\/nivel-alto-de-ocupacion-hospitaliaria-en-aguascalientes-por-covid-19\/","url_meta":{"origin":54750,"position":1},"title":"Nivel alto de ocupaci\u00f3n hospitaliaria en Aguascalientes por COVID-19","author":"grieta","date":"6 noviembre, 2020","format":false,"excerpt":"Adrian Javier Flores Nieves\/La Jornada Aguascalientes 6 noviembre 2020 Luego de reconocer que la ocupaci\u00f3n en los hospitales estatales y federales de Aguascalientes ya se encuentra en un nivel alto, el secretario de Salud, Miguel \u00c1ngel Piza Jim\u00e9nez, admiti\u00f3 que, como lo han consignado a lo largo de la pandemia\u2026","rel":"","context":"En &quot;Aguascalientes&quot;","block_context":{"text":"Aguascalientes","link":"http:\/\/www.grieta.org.mx\/index.php\/category\/noticias-nacionales\/aguascalientes\/"},"img":{"alt_text":"","src":"https:\/\/i0.wp.com\/www.grieta.org.mx\/wp-content\/uploads\/2020\/11\/covid.jpg?resize=350%2C200","width":350,"height":200},"classes":[]},{"id":50700,"url":"http:\/\/www.grieta.org.mx\/index.php\/2020\/06\/08\/ha-resultado-dificil-la-nueva-normalidad-para-los-taxistas-de-aguascalientes\/","url_meta":{"origin":54750,"position":2},"title":"HA RESULTADO DIF\u00cdCIL LA NUEVA NORMALIDAD PARA LOS TAXISTAS DE AGUASCALIENTES","author":"grieta","date":"8 junio, 2020","format":false,"excerpt":"Adrian Javier Flores Nieves\/La Jornada Aguascalientes 8 junio 2020 Con jornadas laborales largas, liquidaci\u00f3n y gastos de gasolina, lo que terminan ganando los choferes sigue siendo insuficiente Algunos patrones bajaron la liquidaci\u00f3n a la mitad, sin embargo, todav\u00eda hay choferes que terminaban llev\u00e1ndose al d\u00eda menos que el salario m\u00ednimo\u2026","rel":"","context":"En &quot;Aguascalientes&quot;","block_context":{"text":"Aguascalientes","link":"http:\/\/www.grieta.org.mx\/index.php\/category\/noticias-nacionales\/aguascalientes\/"},"img":{"alt_text":"","src":"https:\/\/i0.wp.com\/www.grieta.org.mx\/wp-content\/uploads\/2020\/06\/49637489496_7fcb456a7f_b.jpg?resize=350%2C200","width":350,"height":200,"srcset":"https:\/\/i0.wp.com\/www.grieta.org.mx\/wp-content\/uploads\/2020\/06\/49637489496_7fcb456a7f_b.jpg?resize=350%2C200 1x, https:\/\/i0.wp.com\/www.grieta.org.mx\/wp-content\/uploads\/2020\/06\/49637489496_7fcb456a7f_b.jpg?resize=525%2C300 1.5x"},"classes":[]},{"id":54753,"url":"http:\/\/www.grieta.org.mx\/index.php\/2020\/09\/07\/12-trabajadores-de-la-salud-han-muerto-por-covid-19-en-aguascalientes-pero-existe-un-subregistro\/","url_meta":{"origin":54750,"position":3},"title":"12 TRABAJADORES DE LA SALUD HAN MUERTO POR COVID-19 EN AGUASCALIENTES, PERO EXISTE UN SUBREGISTRO","author":"grieta","date":"7 septiembre, 2020","format":false,"excerpt":"Adrian Javier Flores Nieves\/La Jornada Aguascalientes 7 septiembre 2020 No se ha logrado recopilar toda la informaci\u00f3n de las p\u00e9rdidas en el gremio de salud aguascalentense, s\u00f3lo del IMSS y del Issste No tenemos la indisposici\u00f3n, estamos dispuestos, no vamos a dar un paso atr\u00e1s, pero no tenemos tanto personal\u2026","rel":"","context":"En &quot;Aguascalientes&quot;","block_context":{"text":"Aguascalientes","link":"http:\/\/www.grieta.org.mx\/index.php\/category\/noticias-nacionales\/aguascalientes\/"},"img":{"alt_text":"","src":"https:\/\/i0.wp.com\/www.grieta.org.mx\/wp-content\/uploads\/2020\/11\/medicos-covid.jpg?resize=350%2C200","width":350,"height":200},"classes":[]},{"id":46565,"url":"http:\/\/www.grieta.org.mx\/index.php\/2020\/03\/20\/trabajadores-del-sector-comercio-y-restaurantero-recibiran-mayor-impacto-por-covid-19-en-aguascalientes\/","url_meta":{"origin":54750,"position":4},"title":"TRABAJADORES DEL SECTOR COMERCIO Y RESTAURANTERO RECIBIR\u00c1N MAYOR IMPACTO POR COVID-19 EN AGUASCALIENTES","author":"grieta","date":"20 marzo, 2020","format":false,"excerpt":"Claudia Loera Rodr\u00edguez\/La Jornada Aguascalientes 20 marzo 2020 Cierre de restaurantes y bares afectar\u00e1 en mayor medida a mujeres 24 mil 700 unidades econ\u00f3micas se ver\u00e1n perjudicadas por cierre de locales Jael S\u00e1nchez P\u00e9rez, presidente del Colegio de Economistas de Aguascalientes, la medida de cerrar bares y restaurantes en la\u2026","rel":"","context":"En &quot;Aguascalientes&quot;","block_context":{"text":"Aguascalientes","link":"http:\/\/www.grieta.org.mx\/index.php\/category\/noticias-nacionales\/aguascalientes\/"},"img":{"alt_text":"","src":"https:\/\/i0.wp.com\/www.grieta.org.mx\/wp-content\/uploads\/2020\/03\/49678149911_da6a3514cc_c-1.jpg?resize=350%2C200","width":350,"height":200,"srcset":"https:\/\/i0.wp.com\/www.grieta.org.mx\/wp-content\/uploads\/2020\/03\/49678149911_da6a3514cc_c-1.jpg?resize=350%2C200 1x, https:\/\/i0.wp.com\/www.grieta.org.mx\/wp-content\/uploads\/2020\/03\/49678149911_da6a3514cc_c-1.jpg?resize=525%2C300 1.5x, https:\/\/i0.wp.com\/www.grieta.org.mx\/wp-content\/uploads\/2020\/03\/49678149911_da6a3514cc_c-1.jpg?resize=700%2C400 2x"},"classes":[]},{"id":51585,"url":"http:\/\/www.grieta.org.mx\/index.php\/2020\/07\/05\/cierran-elektra-de-aguascalientes-por-brote-de-covid-19-entre-el-personal\/","url_meta":{"origin":54750,"position":5},"title":"Fallece trabajadora en Aguascalientes por brote de Covid-19 en Elektra","author":"grieta","date":"5 julio, 2020","format":false,"excerpt":"Redacci\u00f3n\/La Verdad 5 julio 2020 Uno de los empleados de Elektra de Aguascalientes falleci\u00f3 a causa del Covid-19; se detect\u00f3 un brote en el personal. Cierran Elektra de Aguascalientes por brote de Covid-19 entre el personal Una sucursal de Elektra de Aguascalientes cerr\u00f3 sus puertas temporalmente luego que se detect\u00f3\u2026","rel":"","context":"En &quot;Aguascalientes&quot;","block_context":{"text":"Aguascalientes","link":"http:\/\/www.grieta.org.mx\/index.php\/category\/noticias-nacionales\/aguascalientes\/"},"img":{"alt_text":"","src":"https:\/\/i0.wp.com\/www.grieta.org.mx\/wp-content\/uploads\/2020\/07\/elektra_aguascalientes.jpg_793492074.jpg?resize=350%2C200","width":350,"height":200,"srcset":"https:\/\/i0.wp.com\/www.grieta.org.mx\/wp-content\/uploads\/2020\/07\/elektra_aguascalientes.jpg_793492074.jpg?resize=350%2C200 1x, https:\/\/i0.wp.com\/www.grieta.org.mx\/wp-content\/uploads\/2020\/07\/elektra_aguascalientes.jpg_793492074.jpg?resize=525%2C300 1.5x, https:\/\/i0.wp.com\/www.grieta.org.mx\/wp-content\/uploads\/2020\/07\/elektra_aguascalientes.jpg_793492074.jpg?resize=700%2C400 2x"},"classes":[]}],"_links":{"self":[{"href":"http:\/\/www.grieta.org.mx\/index.php\/wp-json\/wp\/v2\/posts\/54750","targetHints":{"allow":["GET"]}}],"collection":[{"href":"http:\/\/www.grieta.org.mx\/index.php\/wp-json\/wp\/v2\/posts"}],"about":[{"href":"http:\/\/www.grieta.org.mx\/index.php\/wp-json\/wp\/v2\/types\/post"}],"author":[{"embeddable":true,"href":"http:\/\/www.grieta.org.mx\/index.php\/wp-json\/wp\/v2\/users\/2"}],"replies":[{"embeddable":true,"href":"http:\/\/www.grieta.org.mx\/index.php\/wp-json\/wp\/v2\/comments?post=54750"}],"version-history":[{"count":1,"href":"http:\/\/www.grieta.org.mx\/index.php\/wp-json\/wp\/v2\/posts\/54750\/revisions"}],"predecessor-version":[{"id":54752,"href":"http:\/\/www.grieta.org.mx\/index.php\/wp-json\/wp\/v2\/posts\/54750\/revisions\/54752"}],"wp:featuredmedia":[{"embeddable":true,"href":"http:\/\/www.grieta.org.mx\/index.php\/wp-json\/wp\/v2\/media\/54751"}],"wp:attachment":[{"href":"http:\/\/www.grieta.org.mx\/index.php\/wp-json\/wp\/v2\/media?parent=54750"}],"wp:term":[{"taxonomy":"category","embeddable":true,"href":"http:\/\/www.grieta.org.mx\/index.php\/wp-json\/wp\/v2\/categories?post=54750"},{"taxonomy":"post_tag","embeddable":true,"href":"http:\/\/www.grieta.org.mx\/index.php\/wp-json\/wp\/v2\/tags?post=54750"}],"curies":[{"name":"wp","href":"https:\/\/api.w.org\/{rel}","templated":true}]}}