{"id":54709,"date":"2020-08-07T08:13:26","date_gmt":"2020-08-07T13:13:26","guid":{"rendered":"http:\/\/www.grieta.org.mx\/?p=54709"},"modified":"2020-11-06T08:24:42","modified_gmt":"2020-11-06T14:24:42","slug":"colectivo-verdad-y-justicia-organiza-caravana-a-jalisco-aguascalientes","status":"publish","type":"post","link":"http:\/\/www.grieta.org.mx\/index.php\/2020\/08\/07\/colectivo-verdad-y-justicia-organiza-caravana-a-jalisco-aguascalientes\/","title":{"rendered":"COLECTIVO VERDAD Y JUSTICIA ORGANIZA CARAVANA A JALISCO (Aguascalientes)"},"content":{"rendered":"<p>Claudia Rodr\u00edguez Loera\/La Jornada Aguascalientes<br \/>\n7 agosto 2020<\/p>\n<p><img loading=\"lazy\" decoding=\"async\" data-attachment-id=\"54710\" data-permalink=\"http:\/\/www.grieta.org.mx\/index.php\/2020\/08\/07\/colectivo-verdad-y-justicia-organiza-caravana-a-jalisco-aguascalientes\/verdad-y-justicia\/\" data-orig-file=\"http:\/\/www.grieta.org.mx\/wp-content\/uploads\/2020\/11\/verdad-y-justicia.jpg\" data-orig-size=\"275,183\" data-comments-opened=\"0\" data-image-meta=\"{&quot;aperture&quot;:&quot;0&quot;,&quot;credit&quot;:&quot;&quot;,&quot;camera&quot;:&quot;&quot;,&quot;caption&quot;:&quot;&quot;,&quot;created_timestamp&quot;:&quot;0&quot;,&quot;copyright&quot;:&quot;&quot;,&quot;focal_length&quot;:&quot;0&quot;,&quot;iso&quot;:&quot;0&quot;,&quot;shutter_speed&quot;:&quot;0&quot;,&quot;title&quot;:&quot;&quot;,&quot;orientation&quot;:&quot;0&quot;}\" data-image-title=\"verdad y justicia\" data-image-description=\"\" data-image-caption=\"\" data-medium-file=\"http:\/\/www.grieta.org.mx\/wp-content\/uploads\/2020\/11\/verdad-y-justicia.jpg\" data-large-file=\"http:\/\/www.grieta.org.mx\/wp-content\/uploads\/2020\/11\/verdad-y-justicia.jpg\" src=\"http:\/\/www.grieta.org.mx\/wp-content\/uploads\/2020\/11\/verdad-y-justicia.jpg\" alt=\"\" width=\"275\" height=\"183\" class=\"alignnone size-full wp-image-54710\" \/><\/p>\n<blockquote><p>Familiares de desaparecidos exigir\u00e1n a autoridades jaliscienses reactiven investigaciones<br \/>\nSon casos de 6 desaparecidos de Aguascalientes en Jalisco, y 3 m\u00e1s en comunidades l\u00edmite<\/p><\/blockquote>\n<p>Con caravana, Colectivo Verdad y Justicia de Aguascalientes exigir\u00e1n se reactiven investigaciones en Jalisco relacionadas con personas desaparecidas de esta entidad, inform\u00f3 Violeta Sab\u00e1s, coordinadora del Observatorio de Violencia Social y de G\u00e9nero de Aguascalientes (OVSGA).<\/p>\n<p>La activista comparti\u00f3 que el objetivo general de la Caravana es visibilizar las desapariciones de aguascalentenses en territorio jalisciense, al ser una problem\u00e1tica regional que incluye a los estados de Zacatecas, San Luis Potos\u00ed, Guanajuato, Jalisco y Aguascalientes. En esta ocasi\u00f3n se tratan de casos de personas de Aguascalientes que desaparecen en las comunidades l\u00edmite entre Aguascalientes y Jalisco.<\/p>\n<p>Explic\u00f3 que tanto el Observatorio como el Colectivo generaron este primer ejercicio porque las investigaciones de las personas que desaparecen en el estado de Jalisco est\u00e1n pr\u00e1cticamente sin moverse, \u201cno hay incluso durante meses comunicaci\u00f3n con las familias por lo mismo de que no son personas vecinas, pero sus familiares desaparecen en Jalisco\u201d.<\/p>\n<p>La Caravana, integrada de un contingente muy reducido con motivo de la pandemia, se realiza con el apoyo de la Comisi\u00f3n de Derechos Humanos del Estado de Aguascalientes en la vinculaci\u00f3n con las autoridades jaliscienses; el Observatorio est\u00e1 acompa\u00f1ando y apoyando al Colectivo con el objetivo de recorrer el estado de Jalisco con las instituciones impartidoras de Justicia y exigir se ponga atenci\u00f3n en esas investigaciones pendientes relacionadas con desaparecidos de esta entidad.<\/p>\n<p>\u201cEl objetivo general de la caravana, primero, es visibilizar las desapariciones que existen en Aguascalientes, en este caso tenemos carpetas de investigaci\u00f3n de personas de aguascalentenses que desaparecen en el estado de Jalisco, entonces en estos procesos para las familias es doblemente dif\u00edcil porque \u00e9l levantan la carpeta de investigaci\u00f3n en Aguascalientes, pero se tienen que trasladar tambi\u00e9n a Jalisco para levantar otra carpeta entonces a ellos les genera much\u00edsimo desgaste emocional e incluso mucha falta de informaci\u00f3n sobre c\u00f3mo se est\u00e1n llevando los procesos, entonces con este tipo de caravanas lo que se busca es facilitar la vinculaci\u00f3n\u201d, extern\u00f3 Violeta Sab\u00e1s.<\/p>\n<p>Detall\u00f3 que con este viaje habr\u00e1n de revisar el estado en el que se encuentran todas las carpetas de investigaci\u00f3n de 6 personas de Aguascalientes que desaparecieron en Jalisco y tres m\u00e1s de desaparecidos en comunidades l\u00edmite entre esta entidad y Jalisco.<\/p>\n<p><a href=\"https:\/\/www.lja.mx\/2020\/08\/colectivo-verdad-y-justicia-organiza-caravana-a-jalisco\/\" rel=\"noopener noreferrer\" target=\"_blank\">https:\/\/www.lja.mx\/2020\/08\/colectivo-verdad-y-justicia-organiza-caravana-a-jalisco\/<\/a><\/p>\n","protected":false},"excerpt":{"rendered":"<p>Claudia Rodr\u00edguez Loera\/La Jornada Aguascalientes 7 agosto 2020 Familiares de desaparecidos exigir\u00e1n a autoridades jaliscienses reactiven investigaciones Son casos de 6 desaparecidos de Aguascalientes en Jalisco, y 3 m\u00e1s en &hellip; <a href=\"http:\/\/www.grieta.org.mx\/index.php\/2020\/08\/07\/colectivo-verdad-y-justicia-organiza-caravana-a-jalisco-aguascalientes\/\" class=\"more-link\">Leer m\u00e1s<\/a><\/p>\n","protected":false},"author":2,"featured_media":54710,"comment_status":"closed","ping_status":"closed","sticky":false,"template":"","format":"standard","meta":{"ngg_post_thumbnail":0,"_jetpack_newsletter_access":"","_jetpack_dont_email_post_to_subs":false,"_jetpack_newsletter_tier_id":0,"_jetpack_memberships_contains_paywalled_content":false,"_jetpack_memberships_contains_paid_content":false,"footnotes":""},"categories":[4,80,87,1189,2,83],"tags":[3725,3018,121,3152],"class_list":["post-54709","post","type-post","status-publish","format-standard","has-post-thumbnail","hentry","category-aguascalientes","category-cintillo","category-desaparecidos","category-desaparecidos-en-aguascalientes","category-noticias-nacionales","category-temas-nacionales","tag-colectivo-verdad-y-justicia","tag-colectivos-de-busqueda-de-desaparecidos","tag-desaparecidos","tag-observatorio-de-violencia-social-y-genero","entry"],"jetpack_featured_media_url":"http:\/\/www.grieta.org.mx\/wp-content\/uploads\/2020\/11\/verdad-y-justicia.jpg","jetpack_sharing_enabled":true,"jetpack_shortlink":"https:\/\/wp.me\/p7ZJR4-eep","jetpack_likes_enabled":false,"jetpack-related-posts":[{"id":54712,"url":"http:\/\/www.grieta.org.mx\/index.php\/2020\/08\/17\/inicia-caravana-de-familiares-de-desaparecidos-de-aguascalientes-en-puerto-vallarta\/","url_meta":{"origin":54709,"position":0},"title":"Inicia caravana de familiares de desaparecidos de Aguascalientes en Puerto Vallarta","author":"grieta","date":"17 agosto, 2020","format":false,"excerpt":"Alejandro Romo\/Newsweek Aguascalientes 17 agosto 2020 Este lunes comenz\u00f3 la caravana de b\u00fasqueda organizada por el Colectivo Buscando Personas, Verdad y Justicia y el Observatorio de Violencia Social y de G\u00e9nero (OVSG) y familiares de personas desaparecidas de Aguascalientes en municipios de Jalisco. La caravana inici\u00f3 en Puerto Vallarta, Jalisco,\u2026","rel":"","context":"En &quot;Aguascalientes&quot;","block_context":{"text":"Aguascalientes","link":"http:\/\/www.grieta.org.mx\/index.php\/category\/noticias-nacionales\/aguascalientes\/"},"img":{"alt_text":"","src":"https:\/\/i0.wp.com\/www.grieta.org.mx\/wp-content\/uploads\/2020\/11\/WhatsApp-Image-2020-08-17-at-1.48.32-PM.jpeg?resize=350%2C200","width":350,"height":200,"srcset":"https:\/\/i0.wp.com\/www.grieta.org.mx\/wp-content\/uploads\/2020\/11\/WhatsApp-Image-2020-08-17-at-1.48.32-PM.jpeg?resize=350%2C200 1x, https:\/\/i0.wp.com\/www.grieta.org.mx\/wp-content\/uploads\/2020\/11\/WhatsApp-Image-2020-08-17-at-1.48.32-PM.jpeg?resize=525%2C300 1.5x"},"classes":[]},{"id":54715,"url":"http:\/\/www.grieta.org.mx\/index.php\/2020\/08\/22\/caravana-de-familias-de-aguascalientes-no-fue-del-interes-de-la-comision-local-de-busqueda-de-personas\/","url_meta":{"origin":54709,"position":1},"title":"CARAVANA DE FAMILIAS DE AGUASCALIENTES NO FUE DEL INTER\u00c9S DE LA COMISI\u00d3N LOCAL DE B\u00daSQUEDA DE PERSONAS","author":"grieta","date":"22 agosto, 2020","format":false,"excerpt":"Claudia Rodr\u00edguez Loera\/La Jornada Aguascalientes 22 agosto 2020 Durante la caravana regional de b\u00fasqueda de personas, coordinada por el Observatorio de Violencia Social y de G\u00e9nero de Aguascalientes (OVSGA) en colaboraci\u00f3n con el Colectivo de Familias \u201cBuscando Personas, Verdad y Justicia\u201d, la reci\u00e9n instalada Comisi\u00f3n de B\u00fasqueda de Personas de\u2026","rel":"","context":"En &quot;Aguascalientes&quot;","block_context":{"text":"Aguascalientes","link":"http:\/\/www.grieta.org.mx\/index.php\/category\/noticias-nacionales\/aguascalientes\/"},"img":{"alt_text":"","src":"https:\/\/i0.wp.com\/www.grieta.org.mx\/wp-content\/uploads\/2020\/11\/caravana-desaparecidos.jpg?resize=350%2C200","width":350,"height":200},"classes":[]},{"id":53238,"url":"http:\/\/www.grieta.org.mx\/index.php\/2020\/09\/07\/madres-y-padres-de-jovenes-de-aguascalientes-desaparecidos-en-jalisco-senalan-las-trabas-con-las-que-se-han-topado-durante-su-busqueda\/","url_meta":{"origin":54709,"position":2},"title":"Madres y padres de j\u00f3venes de Aguascalientes desaparecidos en Jalisco se\u00f1alan las trabas con las que se han topado durante su b\u00fasqueda","author":"grieta","date":"7 septiembre, 2020","format":false,"excerpt":"Foto: Vallarta Independiente Redacci\u00f3n \/ Vallarta Independiente Cuando inici\u00f3 su b\u00fasqueda, Mar\u00eda de Jes\u00fas de Le\u00f3n subi\u00f3 a la camioneta con su bolsa de mano, una frazada y una hielera peque\u00f1a en forma de lata de cerveza. Empac\u00f3 lo estrictamente necesario: algo de ropa, art\u00edculos de higiene y las dosis\u2026","rel":"","context":"En &quot;Aguascalientes&quot;","block_context":{"text":"Aguascalientes","link":"http:\/\/www.grieta.org.mx\/index.php\/category\/noticias-nacionales\/aguascalientes\/"},"img":{"alt_text":"","src":"https:\/\/i0.wp.com\/www.grieta.org.mx\/wp-content\/uploads\/2020\/09\/desaparecidos-700x400-1.jpg?resize=350%2C200","width":350,"height":200,"srcset":"https:\/\/i0.wp.com\/www.grieta.org.mx\/wp-content\/uploads\/2020\/09\/desaparecidos-700x400-1.jpg?resize=350%2C200 1x, https:\/\/i0.wp.com\/www.grieta.org.mx\/wp-content\/uploads\/2020\/09\/desaparecidos-700x400-1.jpg?resize=525%2C300 1.5x, https:\/\/i0.wp.com\/www.grieta.org.mx\/wp-content\/uploads\/2020\/09\/desaparecidos-700x400-1.jpg?resize=700%2C400 2x"},"classes":[]},{"id":34140,"url":"http:\/\/www.grieta.org.mx\/index.php\/2019\/05\/30\/familias-de-desaparecidos-marchan-en-aguascalientes-para-exigir-avances-en-investigaciones\/","url_meta":{"origin":54709,"position":3},"title":"Familias de desaparecidos marchan en Aguascalientes para exigir avances en investigaciones","author":"grieta","date":"30 mayo, 2019","format":false,"excerpt":"Redacci\u00f3n\/Proceso. AGUASCALIENTES, Ags., (apro).- Familias de personas desaparecidas o asesinadas, integrantes del Colectivo Buscando Personas Verdad y Justicia, marcharon este jueves desde la Fiscal\u00eda de Aguascalientes hasta el palacio de gobierno para exigir avances y resultados en las investigaciones. Violeta Sab\u00e1s explic\u00f3 que, seg\u00fan la \u00faltima actualizaci\u00f3n del Registro Nacional\u2026","rel":"","context":"En &quot;Aguascalientes&quot;","block_context":{"text":"Aguascalientes","link":"http:\/\/www.grieta.org.mx\/index.php\/category\/noticias-nacionales\/aguascalientes\/"},"img":{"alt_text":"","src":"https:\/\/i0.wp.com\/www.grieta.org.mx\/wp-content\/uploads\/2019\/06\/a2.jpg?resize=350%2C200","width":350,"height":200,"srcset":"https:\/\/i0.wp.com\/www.grieta.org.mx\/wp-content\/uploads\/2019\/06\/a2.jpg?resize=350%2C200 1x, https:\/\/i0.wp.com\/www.grieta.org.mx\/wp-content\/uploads\/2019\/06\/a2.jpg?resize=525%2C300 1.5x, https:\/\/i0.wp.com\/www.grieta.org.mx\/wp-content\/uploads\/2019\/06\/a2.jpg?resize=700%2C400 2x, https:\/\/i0.wp.com\/www.grieta.org.mx\/wp-content\/uploads\/2019\/06\/a2.jpg?resize=1050%2C600 3x"},"classes":[]},{"id":64417,"url":"http:\/\/www.grieta.org.mx\/index.php\/2022\/06\/02\/no-tenemos-miedo-estamos-buscando-a-nuestros-familiares-no-vamos-a-parar-aguascalientes-jalisco-zacatecas\/","url_meta":{"origin":54709,"position":4},"title":"\u00abNo tenemos miedo, estamos buscando a nuestros familiares, no vamos a parar\u00bb (Aguascalientes, Jalisco, Zacatecas)","author":"grieta","date":"2 junio, 2022","format":false,"excerpt":"Imagen:\u00a0 Perimetral \u00abNo tenemos miedo, estamos buscando a nuestros familiares, no vamos a parar\u00bb Georgina Martinez Macias - Florencia Escobedo \/ Perimetral Familias de Zacatecas, Jalisco y Aguascalientes marcharon este\u00a0 31 de mayo\u00a0 para exigir memoria verdad y justicia por sus familiares v\u00edctimas de desaparici\u00f3n forzada. Dentro del contingente particip\u00f3\u2026","rel":"","context":"En &quot;Aguascalientes&quot;","block_context":{"text":"Aguascalientes","link":"http:\/\/www.grieta.org.mx\/index.php\/category\/noticias-nacionales\/aguascalientes\/"},"img":{"alt_text":"","src":"https:\/\/i0.wp.com\/www.grieta.org.mx\/wp-content\/uploads\/2022\/06\/portada1.webp?resize=350%2C200","width":350,"height":200},"classes":[]},{"id":43905,"url":"http:\/\/www.grieta.org.mx\/index.php\/2020\/02\/01\/hubo-3-denuncias-diarias-de-desaparicion-en-aguascalientes-el-ano-pasado\/","url_meta":{"origin":54709,"position":5},"title":"Hubo 3 denuncias diarias de desaparici\u00f3n en Aguascalientes el a\u00f1o pasado","author":"grieta","date":"1 febrero, 2020","format":false,"excerpt":"Redacci\u00f3n\/El Heraldo Aguascalientes 1 febrero 2020 Cerca de 800 denuncias de personas desaparecidas se registraron el a\u00f1o pasado en Aguascalientes, de las cuales una gran mayor\u00eda fueron resueltas, sin embargo otros expedientes siguen rezagados en las investigaciones, as\u00ed lo se\u00f1al\u00f3 la coordinadora del Observatorio de Violencia Social y de G\u00e9nero,\u2026","rel":"","context":"En &quot;Aguascalientes&quot;","block_context":{"text":"Aguascalientes","link":"http:\/\/www.grieta.org.mx\/index.php\/category\/noticias-nacionales\/aguascalientes\/"},"img":{"alt_text":"","src":"https:\/\/i0.wp.com\/www.grieta.org.mx\/wp-content\/uploads\/2020\/02\/colectivo-desaparecidos.png?resize=350%2C200","width":350,"height":200,"srcset":"https:\/\/i0.wp.com\/www.grieta.org.mx\/wp-content\/uploads\/2020\/02\/colectivo-desaparecidos.png?resize=350%2C200 1x, https:\/\/i0.wp.com\/www.grieta.org.mx\/wp-content\/uploads\/2020\/02\/colectivo-desaparecidos.png?resize=525%2C300 1.5x"},"classes":[]}],"_links":{"self":[{"href":"http:\/\/www.grieta.org.mx\/index.php\/wp-json\/wp\/v2\/posts\/54709","targetHints":{"allow":["GET"]}}],"collection":[{"href":"http:\/\/www.grieta.org.mx\/index.php\/wp-json\/wp\/v2\/posts"}],"about":[{"href":"http:\/\/www.grieta.org.mx\/index.php\/wp-json\/wp\/v2\/types\/post"}],"author":[{"embeddable":true,"href":"http:\/\/www.grieta.org.mx\/index.php\/wp-json\/wp\/v2\/users\/2"}],"replies":[{"embeddable":true,"href":"http:\/\/www.grieta.org.mx\/index.php\/wp-json\/wp\/v2\/comments?post=54709"}],"version-history":[{"count":1,"href":"http:\/\/www.grieta.org.mx\/index.php\/wp-json\/wp\/v2\/posts\/54709\/revisions"}],"predecessor-version":[{"id":54711,"href":"http:\/\/www.grieta.org.mx\/index.php\/wp-json\/wp\/v2\/posts\/54709\/revisions\/54711"}],"wp:featuredmedia":[{"embeddable":true,"href":"http:\/\/www.grieta.org.mx\/index.php\/wp-json\/wp\/v2\/media\/54710"}],"wp:attachment":[{"href":"http:\/\/www.grieta.org.mx\/index.php\/wp-json\/wp\/v2\/media?parent=54709"}],"wp:term":[{"taxonomy":"category","embeddable":true,"href":"http:\/\/www.grieta.org.mx\/index.php\/wp-json\/wp\/v2\/categories?post=54709"},{"taxonomy":"post_tag","embeddable":true,"href":"http:\/\/www.grieta.org.mx\/index.php\/wp-json\/wp\/v2\/tags?post=54709"}],"curies":[{"name":"wp","href":"https:\/\/api.w.org\/{rel}","templated":true}]}}