{"id":5469,"date":"2015-06-07T04:02:32","date_gmt":"2015-06-07T04:02:32","guid":{"rendered":"http:\/\/50.22.11.12\/~grietaor\/?p=5469"},"modified":"2016-03-27T04:05:23","modified_gmt":"2016-03-27T04:05:23","slug":"en-oaxaca-32-casillas-quemadas-bloqueos-y-protestas-magisteriales","status":"publish","type":"post","link":"http:\/\/www.grieta.org.mx\/index.php\/2015\/06\/07\/en-oaxaca-32-casillas-quemadas-bloqueos-y-protestas-magisteriales\/","title":{"rendered":"En Oaxaca 32 casillas quemadas, bloqueos y protestas magisteriales"},"content":{"rendered":"<p>Pedro Mat\u00edas, Oaxaca.<\/p>\n<p>OAXACA, Oax. (proceso.com.mx).- Conforme avanza la jornada electoral en la entidad, las acciones magisteriales se incrementan.<\/p>\n<p>En Juchit\u00e1n fueron quemadas ocho urnas electorales, otras cuatro en Miahuatl\u00e1n y dos en Chahuites, con lo que suman 32 casillas incineradas como parte del boicot que realiza la Secci\u00f3n 22 del Sindicato Nacional de Trabajadores de la Educaci\u00f3n (SNTE-CNTE).<\/p>\n<p>En el distrito de Teotitl\u00e1n de Flores Mag\u00f3n, los maestros realizan alrededor de 15 bloqueos en las carreteras 135 y 182 para impedir que avancen los cuerpos de seguridad federales, mientras que en Santa Cruz Acatepec establecieron barricadas con \u00e1rboles y quemaron llantas.<\/p>\n<p>Anoche los maestros, al desalojar el consejo distrital del INE, establecieron una barricada con un cami\u00f3n de la l\u00ednea Autobuses Unidos al que le prendieron fuego.<\/p>\n<p>Se inform\u00f3 que en Huautla de Jim\u00e9nez no se permite el ingreso de los federales y al momento no se han instalado las casillas electorales.<\/p>\n<p>Mientras que en el municipio de Miahuatl\u00e1n de Porfirio D\u00edaz fueron quemadas cuatro urnas, unas frente al Palacio Municipal y otras en el crucero de esa poblaci\u00f3n de la Sierra Sur.<\/p>\n<p>Mientras que los cuerpos de emergencia reportan que en Nochixtl\u00e1n, Huajuapan y Tuxtepec, los maestros realizan marchas simult\u00e1neas como acord\u00f3 su asamblea estatal.<\/p>\n<p><a href=\"http:\/\/www.proceso.com.mx\/406749\" target=\"_blank\">www.proceso.com.mx\/406749<\/a><\/p>\n","protected":false},"excerpt":{"rendered":"<p>Pedro Mat\u00edas, Oaxaca. OAXACA, Oax. (proceso.com.mx).- Conforme avanza la jornada electoral en la entidad, las acciones magisteriales se incrementan. En Juchit\u00e1n fueron quemadas ocho urnas electorales, otras cuatro en Miahuatl\u00e1n &hellip; <a href=\"http:\/\/www.grieta.org.mx\/index.php\/2015\/06\/07\/en-oaxaca-32-casillas-quemadas-bloqueos-y-protestas-magisteriales\/\" class=\"more-link\">Leer m\u00e1s<\/a><\/p>\n","protected":false},"author":2,"featured_media":21928,"comment_status":"closed","ping_status":"open","sticky":false,"template":"","format":"standard","meta":{"ngg_post_thumbnail":0,"_jetpack_newsletter_access":"","_jetpack_dont_email_post_to_subs":false,"_jetpack_newsletter_tier_id":0,"_jetpack_memberships_contains_paywalled_content":false,"_jetpack_memberships_contains_paid_content":false,"footnotes":""},"categories":[80],"tags":[401,133,93,180],"class_list":["post-5469","post","type-post","status-publish","format-standard","has-post-thumbnail","hentry","category-cintillo","tag-elecciones-2015","tag-maestros","tag-oaxaca","tag-protesta","entry"],"jetpack_featured_media_url":"http:\/\/www.grieta.org.mx\/wp-content\/uploads\/2018\/03\/14524434_1106112876131411_958039263622046936_o.jpg","jetpack_sharing_enabled":true,"jetpack_shortlink":"https:\/\/wp.me\/p7ZJR4-1qd","jetpack_likes_enabled":false,"jetpack-related-posts":[{"id":5463,"url":"http:\/\/www.grieta.org.mx\/index.php\/2015\/06\/16\/movilizaciones-por-elecciones-2015-en-oaxaca\/","url_meta":{"origin":5469,"position":0},"title":"Movilizaciones por elecciones 2015 en Oaxaca","author":"grieta","date":"16 junio, 2015","format":false,"excerpt":"16\/06\/15. Marcha la CNTE en Oaxaca y ciudad de M\u00e9xico, ma\u00f1ana regresan a las aulasVoces Oaxaca 15\/06\/15. Gobierno retiene pago a maestros de Oaxaca, asegura la Secci\u00f3n 22 P\u00e1gina 3 07\/06\/15. Gendarmer\u00eda y Ej\u00e9rcito detiene a 88 integrantes de la S-22 y FPR por quema de urnas en Oaxaca Oaxaca\u2026","rel":"","context":"En &quot;NOTICIAS NACIONALES&quot;","block_context":{"text":"NOTICIAS NACIONALES","link":"http:\/\/www.grieta.org.mx\/index.php\/category\/noticias-nacionales\/"},"img":{"alt_text":"","src":"https:\/\/i0.wp.com\/www.grieta.org.mx\/wp-content\/uploads\/2018\/03\/14524434_1106112876131411_958039263622046936_o.jpg?resize=350%2C200","width":350,"height":200,"srcset":"https:\/\/i0.wp.com\/www.grieta.org.mx\/wp-content\/uploads\/2018\/03\/14524434_1106112876131411_958039263622046936_o.jpg?resize=350%2C200 1x, https:\/\/i0.wp.com\/www.grieta.org.mx\/wp-content\/uploads\/2018\/03\/14524434_1106112876131411_958039263622046936_o.jpg?resize=525%2C300 1.5x, https:\/\/i0.wp.com\/www.grieta.org.mx\/wp-content\/uploads\/2018\/03\/14524434_1106112876131411_958039263622046936_o.jpg?resize=700%2C400 2x"},"classes":[]},{"id":15178,"url":"http:\/\/www.grieta.org.mx\/index.php\/2016\/06\/20\/participan-80-docentes-de-puebla-en-bloqueos-magisteriales-en-oaxaca\/","url_meta":{"origin":5469,"position":1},"title":"Participan 80 docentes de Puebla en bloqueos magisteriales en Oaxaca","author":"grieta","date":"20 junio, 2016","format":false,"excerpt":"Por Miguel Ambrosio Acatl\u00e1n de Osorio, Pue.- Aproximadamente 80 maestros de la Mixteca de Puebla acudieron al bloqueo en Oaxaca de integrantes del Sindicato Nacional de Trabajadores de la Educaci\u00f3n (SNTE) en Oaxaca, ya que laboran en el estado vecino y por ello decidieron sumarse a las acciones de protesta.\u2026","rel":"","context":"En &quot;CINTILLO&quot;","block_context":{"text":"CINTILLO","link":"http:\/\/www.grieta.org.mx\/index.php\/category\/cintillo\/"},"img":{"alt_text":"","src":"https:\/\/i0.wp.com\/www.grieta.org.mx\/wp-content\/uploads\/2016\/06\/img-20160620-wa0004.jpg?resize=350%2C200","width":350,"height":200,"srcset":"https:\/\/i0.wp.com\/www.grieta.org.mx\/wp-content\/uploads\/2016\/06\/img-20160620-wa0004.jpg?resize=350%2C200 1x, https:\/\/i0.wp.com\/www.grieta.org.mx\/wp-content\/uploads\/2016\/06\/img-20160620-wa0004.jpg?resize=525%2C300 1.5x"},"classes":[]},{"id":14786,"url":"http:\/\/www.grieta.org.mx\/index.php\/2016\/06\/23\/se-solidariza-cnte-hidalgo-con-maestros-de-oaxaca\/","url_meta":{"origin":5469,"position":2},"title":"Se solidariza CNTE-Hidalgo con maestros de Oaxaca","author":"grieta","date":"23 junio, 2016","format":false,"excerpt":"Ver\u00f3nica Monroy Profesores de diversas instituciones miembros de la Coordinadora Nacional de Trabajadores de la Educaci\u00f3n (CNTE), con marchas y colocaci\u00f3n de lonas en espacios p\u00fablicos y en los propios planteles han expresado su solidaridad con sus hom\u00f3logos de Oaxaca, adem\u00e1s han repudiado los hechos violentos que se registraron el\u2026","rel":"","context":"En &quot;CINTILLO&quot;","block_context":{"text":"CINTILLO","link":"http:\/\/www.grieta.org.mx\/index.php\/category\/cintillo\/"},"img":{"alt_text":"","src":"https:\/\/i0.wp.com\/www.grieta.org.mx\/wp-content\/uploads\/2018\/03\/14524434_1106112876131411_958039263622046936_o.jpg?resize=350%2C200","width":350,"height":200,"srcset":"https:\/\/i0.wp.com\/www.grieta.org.mx\/wp-content\/uploads\/2018\/03\/14524434_1106112876131411_958039263622046936_o.jpg?resize=350%2C200 1x, https:\/\/i0.wp.com\/www.grieta.org.mx\/wp-content\/uploads\/2018\/03\/14524434_1106112876131411_958039263622046936_o.jpg?resize=525%2C300 1.5x, https:\/\/i0.wp.com\/www.grieta.org.mx\/wp-content\/uploads\/2018\/03\/14524434_1106112876131411_958039263622046936_o.jpg?resize=700%2C400 2x"},"classes":[]},{"id":18696,"url":"http:\/\/www.grieta.org.mx\/index.php\/2016\/08\/01\/maestros-realizan-3-bloqueos-en-oaxaca-toman-accesos-a-guelaguetza\/","url_meta":{"origin":5469,"position":3},"title":"Maestros realizan 3 bloqueos en Oaxaca; toman accesos a Guelaguetza","author":"grieta","date":"1 agosto, 2016","format":false,"excerpt":"Redacci\u00f3n Reporte Indigo Varios grupos de integrantes de la Secci\u00f3n 22 de la Coordinadora Nacional de los Trabajadores de la Educaci\u00f3n (CNTE), tomaron varias vialidades de la ciudad de Oaxaca. Los profesores mantienen tomados los 3 accesos principales al Cerro del Fort\u00edn, en tanto polic\u00edas estatales vigilan los cercos portando\u2026","rel":"","context":"En &quot;CINTILLO&quot;","block_context":{"text":"CINTILLO","link":"http:\/\/www.grieta.org.mx\/index.php\/category\/cintillo\/"},"img":{"alt_text":"","src":"https:\/\/i0.wp.com\/www.grieta.org.mx\/wp-content\/uploads\/2018\/03\/14524434_1106112876131411_958039263622046936_o.jpg?resize=350%2C200","width":350,"height":200,"srcset":"https:\/\/i0.wp.com\/www.grieta.org.mx\/wp-content\/uploads\/2018\/03\/14524434_1106112876131411_958039263622046936_o.jpg?resize=350%2C200 1x, https:\/\/i0.wp.com\/www.grieta.org.mx\/wp-content\/uploads\/2018\/03\/14524434_1106112876131411_958039263622046936_o.jpg?resize=525%2C300 1.5x, https:\/\/i0.wp.com\/www.grieta.org.mx\/wp-content\/uploads\/2018\/03\/14524434_1106112876131411_958039263622046936_o.jpg?resize=700%2C400 2x"},"classes":[]},{"id":21079,"url":"http:\/\/www.grieta.org.mx\/index.php\/2016\/08\/31\/bloquean-normalistas-transito-en-3-puntos-cercanos-al-ieepo-oaxaca\/","url_meta":{"origin":5469,"position":4},"title":"Bloquean normalistas tr\u00e1nsito en 3 puntos cercanos al IEEPO  (Oaxaca)","author":"grieta","date":"31 agosto, 2016","format":false,"excerpt":"Quadrat\u00edn. Ernesto Rojas, Oaxaca.- Normalistas que apoyan las protestas magisteriales contra la reforma educativa realizaron este mi\u00e9rcoles tres bloqueos totales de veh\u00edculos en las cercan\u00edas al Instituto Estatal de Educaci\u00f3n P\u00fablica de Oaxaca (IEEPO). Los normalistas mantuvieron en la ma\u00f1ana el acordonamiento a los accesos del IEEPO, y alrededor del\u2026","rel":"","context":"En &quot;CINTILLO&quot;","block_context":{"text":"CINTILLO","link":"http:\/\/www.grieta.org.mx\/index.php\/category\/cintillo\/"},"img":{"alt_text":"","src":"https:\/\/i0.wp.com\/www.grieta.org.mx\/wp-content\/uploads\/2018\/03\/14524434_1106112876131411_958039263622046936_o.jpg?resize=350%2C200","width":350,"height":200,"srcset":"https:\/\/i0.wp.com\/www.grieta.org.mx\/wp-content\/uploads\/2018\/03\/14524434_1106112876131411_958039263622046936_o.jpg?resize=350%2C200 1x, https:\/\/i0.wp.com\/www.grieta.org.mx\/wp-content\/uploads\/2018\/03\/14524434_1106112876131411_958039263622046936_o.jpg?resize=525%2C300 1.5x, https:\/\/i0.wp.com\/www.grieta.org.mx\/wp-content\/uploads\/2018\/03\/14524434_1106112876131411_958039263622046936_o.jpg?resize=700%2C400 2x"},"classes":[]},{"id":18498,"url":"http:\/\/www.grieta.org.mx\/index.php\/2016\/07\/23\/maestros-de-aguascalientes-llevan-viveres-a-cnte-michoacan\/","url_meta":{"origin":5469,"position":5},"title":"Maestros de Aguascalientes llevan v\u00edveres a CNTE-Michoac\u00e1n","author":"grieta","date":"23 julio, 2016","format":false,"excerpt":"Carlos Arrieta, \u00d3scar Guti\u00e9rrez e Ismael Garc\u00eda Corresponsales Una delegaci\u00f3n del magisterio disidente de Aguascalientes arrib\u00f3 este viernes a Michoac\u00e1n, para apoyar en las protestas y con v\u00edveres a la Secci\u00f3n 18 de la Coordinadora Nacional de Trabajadores de la Educaci\u00f3n (CNTE). Ernesto Ram\u00edrez Carrillo, vocero de las bases magisteriales\u2026","rel":"","context":"En &quot;CINTILLO&quot;","block_context":{"text":"CINTILLO","link":"http:\/\/www.grieta.org.mx\/index.php\/category\/cintillo\/"},"img":{"alt_text":"","src":"https:\/\/i0.wp.com\/www.grieta.org.mx\/wp-content\/uploads\/2018\/03\/14524434_1106112876131411_958039263622046936_o.jpg?resize=350%2C200","width":350,"height":200,"srcset":"https:\/\/i0.wp.com\/www.grieta.org.mx\/wp-content\/uploads\/2018\/03\/14524434_1106112876131411_958039263622046936_o.jpg?resize=350%2C200 1x, https:\/\/i0.wp.com\/www.grieta.org.mx\/wp-content\/uploads\/2018\/03\/14524434_1106112876131411_958039263622046936_o.jpg?resize=525%2C300 1.5x, https:\/\/i0.wp.com\/www.grieta.org.mx\/wp-content\/uploads\/2018\/03\/14524434_1106112876131411_958039263622046936_o.jpg?resize=700%2C400 2x"},"classes":[]}],"_links":{"self":[{"href":"http:\/\/www.grieta.org.mx\/index.php\/wp-json\/wp\/v2\/posts\/5469","targetHints":{"allow":["GET"]}}],"collection":[{"href":"http:\/\/www.grieta.org.mx\/index.php\/wp-json\/wp\/v2\/posts"}],"about":[{"href":"http:\/\/www.grieta.org.mx\/index.php\/wp-json\/wp\/v2\/types\/post"}],"author":[{"embeddable":true,"href":"http:\/\/www.grieta.org.mx\/index.php\/wp-json\/wp\/v2\/users\/2"}],"replies":[{"embeddable":true,"href":"http:\/\/www.grieta.org.mx\/index.php\/wp-json\/wp\/v2\/comments?post=5469"}],"version-history":[{"count":1,"href":"http:\/\/www.grieta.org.mx\/index.php\/wp-json\/wp\/v2\/posts\/5469\/revisions"}],"predecessor-version":[{"id":5470,"href":"http:\/\/www.grieta.org.mx\/index.php\/wp-json\/wp\/v2\/posts\/5469\/revisions\/5470"}],"wp:featuredmedia":[{"embeddable":true,"href":"http:\/\/www.grieta.org.mx\/index.php\/wp-json\/wp\/v2\/media\/21928"}],"wp:attachment":[{"href":"http:\/\/www.grieta.org.mx\/index.php\/wp-json\/wp\/v2\/media?parent=5469"}],"wp:term":[{"taxonomy":"category","embeddable":true,"href":"http:\/\/www.grieta.org.mx\/index.php\/wp-json\/wp\/v2\/categories?post=5469"},{"taxonomy":"post_tag","embeddable":true,"href":"http:\/\/www.grieta.org.mx\/index.php\/wp-json\/wp\/v2\/tags?post=5469"}],"curies":[{"name":"wp","href":"https:\/\/api.w.org\/{rel}","templated":true}]}}