{"id":54558,"date":"2020-10-20T20:31:29","date_gmt":"2020-10-21T01:31:29","guid":{"rendered":"http:\/\/www.grieta.org.mx\/?p=54558"},"modified":"2020-10-27T20:35:07","modified_gmt":"2020-10-28T02:35:07","slug":"exigen-solucion-a-relleno-sanitario-de-cicacalco-zacatecas","status":"publish","type":"post","link":"http:\/\/www.grieta.org.mx\/index.php\/2020\/10\/20\/exigen-solucion-a-relleno-sanitario-de-cicacalco-zacatecas\/","title":{"rendered":"Exigen soluci\u00f3n a relleno sanitario de Cicacalco (Zacatecas)"},"content":{"rendered":"<figure id=\"attachment_54559\" aria-describedby=\"caption-attachment-54559\" style=\"width: 800px\" class=\"wp-caption alignnone\"><img loading=\"lazy\" decoding=\"async\" data-attachment-id=\"54559\" data-permalink=\"http:\/\/www.grieta.org.mx\/index.php\/2020\/10\/20\/exigen-solucion-a-relleno-sanitario-de-cicacalco-zacatecas\/tlaltenango-3-1200x630\/\" data-orig-file=\"http:\/\/www.grieta.org.mx\/wp-content\/uploads\/2020\/10\/tlaltenango-3-1200x630-1.jpeg\" data-orig-size=\"1200,630\" data-comments-opened=\"0\" data-image-meta=\"{&quot;aperture&quot;:&quot;0&quot;,&quot;credit&quot;:&quot;&quot;,&quot;camera&quot;:&quot;&quot;,&quot;caption&quot;:&quot;&quot;,&quot;created_timestamp&quot;:&quot;0&quot;,&quot;copyright&quot;:&quot;&quot;,&quot;focal_length&quot;:&quot;0&quot;,&quot;iso&quot;:&quot;0&quot;,&quot;shutter_speed&quot;:&quot;0&quot;,&quot;title&quot;:&quot;&quot;,&quot;orientation&quot;:&quot;0&quot;}\" data-image-title=\"tlaltenango-3-1200&amp;#215;630\" data-image-description=\"\" data-image-caption=\"&lt;p&gt;Foto: Tomada de NTR Zacatecas&lt;\/p&gt;\n\" data-medium-file=\"http:\/\/www.grieta.org.mx\/wp-content\/uploads\/2020\/10\/tlaltenango-3-1200x630-1-300x158.jpeg\" data-large-file=\"http:\/\/www.grieta.org.mx\/wp-content\/uploads\/2020\/10\/tlaltenango-3-1200x630-1-1024x538.jpeg\" class=\"wp-image-54559\" src=\"http:\/\/www.grieta.org.mx\/wp-content\/uploads\/2020\/10\/tlaltenango-3-1200x630-1.jpeg\" alt=\"\" width=\"800\" height=\"420\" srcset=\"http:\/\/www.grieta.org.mx\/wp-content\/uploads\/2020\/10\/tlaltenango-3-1200x630-1.jpeg 1200w, http:\/\/www.grieta.org.mx\/wp-content\/uploads\/2020\/10\/tlaltenango-3-1200x630-1-300x158.jpeg 300w, http:\/\/www.grieta.org.mx\/wp-content\/uploads\/2020\/10\/tlaltenango-3-1200x630-1-1024x538.jpeg 1024w, http:\/\/www.grieta.org.mx\/wp-content\/uploads\/2020\/10\/tlaltenango-3-1200x630-1-768x403.jpeg 768w, http:\/\/www.grieta.org.mx\/wp-content\/uploads\/2020\/10\/tlaltenango-3-1200x630-1-952x500.jpeg 952w\" sizes=\"auto, (max-width: 800px) 100vw, 800px\" \/><figcaption id=\"caption-attachment-54559\" class=\"wp-caption-text\">Foto: Tomada de NTR Zacatecas<\/figcaption><\/figure>\n<p>ALBERTO MORONES \/ NTRZACATECAS.COM, 20 de octubre de 2020<\/p>\n<p>ZACATECAS. Habitantes de la comunidad Cicacalco de Tlaltenango se manifestaron en la explanada del Congreso del Estado para pedir atenci\u00f3n de los diputados en el tema del basurero que se construy\u00f3 y del cual quieren que suspenda su actividad, por temor a problemas de salud.<\/p>\n<p>Rigoberto Mart\u00ednez, habitante afectado, detall\u00f3 que ya son cuatro semanas que mantienen tomado el basurero municipal, tras no llegar a un acuerdo con el presidente, Miguel Varela Pinedo.<\/p>\n<p>Aseguran que el basurero \u201cno cumple con los requisitos\u201d pues no tiene un buen manejo de los residuos, adem\u00e1s que provoca malos olores, c\u00famulo de mosquitos y contaminaci\u00f3n del aire y agua, \u201ces un foco de infecci\u00f3n\u201d.<\/p>\n<p>El secretario general de la LXIII (63) Legislatura, Le Roy Barrag\u00e1n Ocampo, pidi\u00f3 a los manifestantes que se trasladaran a la Secretar\u00eda de Agua y Medio Ambiente (Sama) para ser atendidos por el titular, Luis Fernando Maldonado Moreno; sin embargo, los afectados aseguraron que no se retirar\u00e1n hasta tener acercamiento con los diputados.<\/p>\n<p><a href=\"http:\/\/ntrzacatecas.com\/2020\/10\/20\/cicacalco\/\">http:\/\/ntrzacatecas.com\/2020\/10\/20\/cicacalco\/<\/a><\/p>\n","protected":false},"excerpt":{"rendered":"<p>ALBERTO MORONES \/ NTRZACATECAS.COM, 20 de octubre de 2020 ZACATECAS. Habitantes de la comunidad Cicacalco de Tlaltenango se manifestaron en la explanada del Congreso del Estado para pedir atenci\u00f3n de &hellip; <a href=\"http:\/\/www.grieta.org.mx\/index.php\/2020\/10\/20\/exigen-solucion-a-relleno-sanitario-de-cicacalco-zacatecas\/\" class=\"more-link\">Leer m\u00e1s<\/a><\/p>\n","protected":false},"author":2,"featured_media":54559,"comment_status":"closed","ping_status":"closed","sticky":false,"template":"","format":"standard","meta":{"ngg_post_thumbnail":0,"_jetpack_newsletter_access":"","_jetpack_dont_email_post_to_subs":false,"_jetpack_newsletter_tier_id":0,"_jetpack_memberships_contains_paywalled_content":false,"_jetpack_memberships_contains_paid_content":false,"footnotes":""},"categories":[80,3617,76],"tags":[287,2111,91],"class_list":["post-54558","post","type-post","status-publish","format-standard","has-post-thumbnail","hentry","category-cintillo","category-contaminacion-ambiental-en-zacatecas","category-zacatecas","tag-basurero-toxico","tag-contaminacion","tag-contaminacion-ambiental","entry"],"jetpack_featured_media_url":"http:\/\/www.grieta.org.mx\/wp-content\/uploads\/2020\/10\/tlaltenango-3-1200x630-1.jpeg","jetpack_sharing_enabled":true,"jetpack_shortlink":"https:\/\/wp.me\/p7ZJR4-ebY","jetpack_likes_enabled":false,"jetpack-related-posts":[{"id":693,"url":"http:\/\/www.grieta.org.mx\/index.php\/2015\/11\/16\/entrega-epn-a-empresario-minero-bosque-semidesertico-unico-en-el-mundo-para-convertirlo-en-basurero-toxico\/","url_meta":{"origin":54558,"position":0},"title":"Entrega EPN a empresario minero bosque semides\u00e9rtico \u00fanico en el mundo, para convertirlo en basurero t\u00f3xico","author":"grieta","date":"16 noviembre, 2015","format":false,"excerpt":"Revoluci\u00f3nTresPuntoCero Redacci\u00f3n Revoluci\u00f3n Un grupo de expertos en impactos ambientales de la Miner\u00eda afirmaron que est\u00e1 en riesgo el bosque semides\u00e9rtico \u00fanico en el mundo situado entre el estado de San Luis Potos\u00ed y Zacatecas por permiso irregular otorgado por el gobierno federal, encabezado por Enrique Pe\u00f1a Nieto al empresario\u2026","rel":"","context":"En &quot;CINTILLO&quot;","block_context":{"text":"CINTILLO","link":"http:\/\/www.grieta.org.mx\/index.php\/category\/cintillo\/"},"img":{"alt_text":"","src":"https:\/\/i0.wp.com\/www.grieta.org.mx\/wp-content\/uploads\/2018\/03\/14524434_1106112876131411_958039263622046936_o.jpg?resize=350%2C200","width":350,"height":200,"srcset":"https:\/\/i0.wp.com\/www.grieta.org.mx\/wp-content\/uploads\/2018\/03\/14524434_1106112876131411_958039263622046936_o.jpg?resize=350%2C200 1x, https:\/\/i0.wp.com\/www.grieta.org.mx\/wp-content\/uploads\/2018\/03\/14524434_1106112876131411_958039263622046936_o.jpg?resize=525%2C300 1.5x, https:\/\/i0.wp.com\/www.grieta.org.mx\/wp-content\/uploads\/2018\/03\/14524434_1106112876131411_958039263622046936_o.jpg?resize=700%2C400 2x"},"classes":[]},{"id":682,"url":"http:\/\/www.grieta.org.mx\/index.php\/2016\/02\/05\/abogados-de-empresa-que-pretende-basurero-industrial-proponen-a-opositor-a-irse-del-pais\/","url_meta":{"origin":54558,"position":1},"title":"Abogados de empresa que pretende basurero industrial proponen a opositor a irse del pa\u00eds","author":"grieta","date":"5 febrero, 2016","format":false,"excerpt":"Por: Redacci\u00f3n Revoluci\u00f3n \/ 5 febrero, 2016 Abogados del empresario potosino Jos\u00e9 Cerrillo Chowell, que pretende impulsar un basurero industrial en Zacatecas, propusieron a los opositores con sobornos irse del pa\u00eds, as\u00ed lo denunci\u00f3 Mario V\u00e1zquez, l\u00edder campesino. El inconforme se\u00f1al\u00f3 que los han intentado sobornar para continuar con el\u2026","rel":"","context":"En &quot;CINTILLO&quot;","block_context":{"text":"CINTILLO","link":"http:\/\/www.grieta.org.mx\/index.php\/category\/cintillo\/"},"img":{"alt_text":"","src":"https:\/\/i0.wp.com\/www.grieta.org.mx\/wp-content\/uploads\/2018\/03\/14524434_1106112876131411_958039263622046936_o.jpg?resize=350%2C200","width":350,"height":200,"srcset":"https:\/\/i0.wp.com\/www.grieta.org.mx\/wp-content\/uploads\/2018\/03\/14524434_1106112876131411_958039263622046936_o.jpg?resize=350%2C200 1x, https:\/\/i0.wp.com\/www.grieta.org.mx\/wp-content\/uploads\/2018\/03\/14524434_1106112876131411_958039263622046936_o.jpg?resize=525%2C300 1.5x, https:\/\/i0.wp.com\/www.grieta.org.mx\/wp-content\/uploads\/2018\/03\/14524434_1106112876131411_958039263622046936_o.jpg?resize=700%2C400 2x"},"classes":[]},{"id":25287,"url":"http:\/\/www.grieta.org.mx\/index.php\/2018\/07\/11\/suspenden-construccion-de-basurero-toxico-slp-y-zacatecas\/","url_meta":{"origin":54558,"position":2},"title":"Suspenden construcci\u00f3n de basurero t\u00f3xico (SLP y Zacatecas)","author":"grieta","date":"11 julio, 2018","format":false,"excerpt":"redacci\u00f3n\/El Sol de Zacatecas Un amparo definitivo dio marcha atr\u00e1s a un basurero de desechos industriales que se ubicar\u00eda en la zona lim\u00edtrofe de Zacatecas y San Luis Potos\u00ed Zacatecas, Zac.- En un rancho ubicado en el semidesierto que comparten los municipios de Santo Domingo, San Luis Potos\u00ed y Villa\u2026","rel":"","context":"En &quot;NOTICIAS NACIONALES&quot;","block_context":{"text":"NOTICIAS NACIONALES","link":"http:\/\/www.grieta.org.mx\/index.php\/category\/noticias-nacionales\/"},"img":{"alt_text":"","src":"https:\/\/i0.wp.com\/www.grieta.org.mx\/wp-content\/uploads\/2018\/08\/local2018071102.jpg?resize=350%2C200","width":350,"height":200,"srcset":"https:\/\/i0.wp.com\/www.grieta.org.mx\/wp-content\/uploads\/2018\/08\/local2018071102.jpg?resize=350%2C200 1x, https:\/\/i0.wp.com\/www.grieta.org.mx\/wp-content\/uploads\/2018\/08\/local2018071102.jpg?resize=525%2C300 1.5x, https:\/\/i0.wp.com\/www.grieta.org.mx\/wp-content\/uploads\/2018\/08\/local2018071102.jpg?resize=700%2C400 2x"},"classes":[]},{"id":65431,"url":"http:\/\/www.grieta.org.mx\/index.php\/2022\/09\/02\/incumple-ayuntamiento-de-tlaltenango-cierre-de-relleno-sanitario-zacatecas\/","url_meta":{"origin":54558,"position":3},"title":"Incumple ayuntamiento de Tlaltenango cierre de relleno sanitario (Zacatecas)","author":"grieta","date":"2 septiembre, 2022","format":false,"excerpt":"Pese a firmar un acuerdo con los pobladores de Tlaltenango, Zacatecas, para cerrar el relleno sanitario por incumplir las medidas ambientales, el cabildo municipal no se desisti\u00f3 de un amparo contra Profepa que impide terminar con el basurero Texto: Kau Sirenio Fotos: Rema Pie de p\u00e1gina, 02 de septiembre de\u2026","rel":"","context":"En &quot;CINTILLO&quot;","block_context":{"text":"CINTILLO","link":"http:\/\/www.grieta.org.mx\/index.php\/category\/cintillo\/"},"img":{"alt_text":"","src":"https:\/\/i0.wp.com\/www.grieta.org.mx\/wp-content\/uploads\/2022\/10\/Relleno_Cicacalco_Rema.jpg?resize=350%2C200","width":350,"height":200,"srcset":"https:\/\/i0.wp.com\/www.grieta.org.mx\/wp-content\/uploads\/2022\/10\/Relleno_Cicacalco_Rema.jpg?resize=350%2C200 1x, https:\/\/i0.wp.com\/www.grieta.org.mx\/wp-content\/uploads\/2022\/10\/Relleno_Cicacalco_Rema.jpg?resize=525%2C300 1.5x, https:\/\/i0.wp.com\/www.grieta.org.mx\/wp-content\/uploads\/2022\/10\/Relleno_Cicacalco_Rema.jpg?resize=700%2C400 2x"},"classes":[]},{"id":690,"url":"http:\/\/www.grieta.org.mx\/index.php\/2015\/12\/17\/crece-el-repudio-a-basurero-de-desechos-toxicos-en-slp-y-zacatecas\/","url_meta":{"origin":54558,"position":4},"title":"Crece el repudio a basurero de desechos t\u00f3xicos en SLP y Zacatecas","author":"grieta","date":"17 diciembre, 2015","format":false,"excerpt":"La Jornada San Luis Alfredo Valadez Rodr\u00edguez 17\/12\/2015 Organizaciones sociales y pol\u00edticas se sumaron ayer a la lucha que hace tres meses emprendieron los habitantes de m\u00e1s de 20 comunidades rurales en los l\u00edmites entre San Luis Potos\u00ed y Zacatecas contra el basurero de desechos industriales y mineros t\u00f3xicos que\u2026","rel":"","context":"En &quot;CINTILLO&quot;","block_context":{"text":"CINTILLO","link":"http:\/\/www.grieta.org.mx\/index.php\/category\/cintillo\/"},"img":{"alt_text":"","src":"https:\/\/i0.wp.com\/www.grieta.org.mx\/wp-content\/uploads\/2015\/12\/p9.jpg?resize=350%2C200","width":350,"height":200},"classes":[]},{"id":698,"url":"http:\/\/www.grieta.org.mx\/index.php\/2015\/10\/12\/a-espaldas-de-pobladores-semarnat-avala-basurero-en-slp-confinara-185-mil-toneladas-anuales-de-desechos-toxicos\/","url_meta":{"origin":54558,"position":5},"title":"A espaldas de pobladores, Semarnat avala basurero en SLP; confinar\u00e1 185 mil toneladas anuales de desechos t\u00f3xicos","author":"grieta","date":"12 octubre, 2015","format":false,"excerpt":"(12 de Octubre, 2015).- Participantes del foro de \u201cAn\u00e1lisis y Evaluaci\u00f3n del Tiradero de Desechos Industriales T\u00f3xicos\u201d expresaron su rechazo a la instalaci\u00f3n de un dep\u00f3sito t\u00f3xico en el municipio de Santo Domingo, operado por el empresario Jos\u00e9 Cerrillo Chowell y supuestamente asociado con el ex gobernador panista de San\u2026","rel":"","context":"En &quot;CINTILLO&quot;","block_context":{"text":"CINTILLO","link":"http:\/\/www.grieta.org.mx\/index.php\/category\/cintillo\/"},"img":{"alt_text":"","src":"https:\/\/i0.wp.com\/www.grieta.org.mx\/wp-content\/uploads\/2018\/03\/14524434_1106112876131411_958039263622046936_o.jpg?resize=350%2C200","width":350,"height":200,"srcset":"https:\/\/i0.wp.com\/www.grieta.org.mx\/wp-content\/uploads\/2018\/03\/14524434_1106112876131411_958039263622046936_o.jpg?resize=350%2C200 1x, https:\/\/i0.wp.com\/www.grieta.org.mx\/wp-content\/uploads\/2018\/03\/14524434_1106112876131411_958039263622046936_o.jpg?resize=525%2C300 1.5x, https:\/\/i0.wp.com\/www.grieta.org.mx\/wp-content\/uploads\/2018\/03\/14524434_1106112876131411_958039263622046936_o.jpg?resize=700%2C400 2x"},"classes":[]}],"_links":{"self":[{"href":"http:\/\/www.grieta.org.mx\/index.php\/wp-json\/wp\/v2\/posts\/54558","targetHints":{"allow":["GET"]}}],"collection":[{"href":"http:\/\/www.grieta.org.mx\/index.php\/wp-json\/wp\/v2\/posts"}],"about":[{"href":"http:\/\/www.grieta.org.mx\/index.php\/wp-json\/wp\/v2\/types\/post"}],"author":[{"embeddable":true,"href":"http:\/\/www.grieta.org.mx\/index.php\/wp-json\/wp\/v2\/users\/2"}],"replies":[{"embeddable":true,"href":"http:\/\/www.grieta.org.mx\/index.php\/wp-json\/wp\/v2\/comments?post=54558"}],"version-history":[{"count":1,"href":"http:\/\/www.grieta.org.mx\/index.php\/wp-json\/wp\/v2\/posts\/54558\/revisions"}],"predecessor-version":[{"id":54560,"href":"http:\/\/www.grieta.org.mx\/index.php\/wp-json\/wp\/v2\/posts\/54558\/revisions\/54560"}],"wp:featuredmedia":[{"embeddable":true,"href":"http:\/\/www.grieta.org.mx\/index.php\/wp-json\/wp\/v2\/media\/54559"}],"wp:attachment":[{"href":"http:\/\/www.grieta.org.mx\/index.php\/wp-json\/wp\/v2\/media?parent=54558"}],"wp:term":[{"taxonomy":"category","embeddable":true,"href":"http:\/\/www.grieta.org.mx\/index.php\/wp-json\/wp\/v2\/categories?post=54558"},{"taxonomy":"post_tag","embeddable":true,"href":"http:\/\/www.grieta.org.mx\/index.php\/wp-json\/wp\/v2\/tags?post=54558"}],"curies":[{"name":"wp","href":"https:\/\/api.w.org\/{rel}","templated":true}]}}