{"id":5454,"date":"2015-08-28T03:24:32","date_gmt":"2015-08-28T03:24:32","guid":{"rendered":"http:\/\/50.22.11.12\/~grietaor\/?p=5454"},"modified":"2016-04-25T00:45:05","modified_gmt":"2016-04-25T00:45:05","slug":"ctm-controla-sindicato-de-honda-a-pesar-de-no-tener-afiliados-sindicato-independiente","status":"publish","type":"post","link":"http:\/\/www.grieta.org.mx\/index.php\/2015\/08\/28\/ctm-controla-sindicato-de-honda-a-pesar-de-no-tener-afiliados-sindicato-independiente\/","title":{"rendered":"CTM controla sindicato de Honda a pesar de no tener afiliados: Sindicato Independiente"},"content":{"rendered":"<p>Por: Cinthya G\u00f3mez <\/p>\n<p>28 de agosto de 2015.\u2013 Detr\u00e1s del control sindical de los obreros de la planta automotriz de Honda est\u00e1n los intereses de varios organismos sindicales, entre ellos, la Confederaci\u00f3n de Trabajadores de M\u00e9xico (CTM), quien actualmente ostenta el control sindical de los trabajadores de Honda a pesar de que no tiene afiliados en la empresa, aseguran los miembros del Sindicato Independiente de Trabajadores Unidos de Honda de M\u00e9xico (STUHM).<\/p>\n<p>Los trabajadores que pertenecen al Sindicato Independiente piden que la Junta Federal de Conciliaci\u00f3n y Arbitraje y Honda de M\u00e9xico realice un recuento de los obreros y permita que sean ellos, los empleados, quienes elijan qu\u00e9 sindicato los represente y no uno impuesto por intereses.<\/p>\n<p>\u201cEstamos exigiendo que ya se lleven a cabo las votaciones. Que se haga un recuento\u201d, exigen los trabajadores.<\/p>\n<p>Jos\u00e9 Luis Solorio Alcal\u00e1, secretario General del sindicato independiente se\u00f1ala que la empresa, coludida con la Junta Federal de Conciliaci\u00f3n y Arbitraje han puesto impedimentos procesales para que no se les reconozca su derecho a agremiar a los trabajadores de la planta.<\/p>\n<p>\u201cSolicitamos el llamado recuento. Desde hace cuatro a\u00f1os demandamos la titularidad del contrato colectivo de la planta de Honda, el cual lo tiene un sindicato de protecci\u00f3n patronal, el cual es la CTM. Nosotros como trabajadores solicitamos la titularidad del sindicato. Mas sin embargo la Junta Federal (de Conciliaci\u00f3n y Arbitraje), no nos ha permitido que se lleve el recuento pues ha puesto muchas trabas, junto con el sindicato, la empresa, el sindicato charro y el gobierno han puesto muchas trabas\u201d, denunciaron.<\/p>\n<p>\u201cLos otros solo buscan las cuotas, no hacen nada por los trabajadores\u201d, se\u00f1al\u00f3 el l\u00edder sindical de los trabajadores de la Planta Honda de El Salto.<\/p>\n<p>En la planta automotriz de Honda laboran m\u00e1s de 1,800 trabajadores. De estos al menos el 60 porciento simpatiza con la organizaci\u00f3n sindical independiente STUHM.<\/p>\n<p>Bajos salarios y una seguridad laboral \u201cdeplorable\u201d, son las condiciones que piden erradicar los trabajadores del sindicato independiente de Honda. Sin embargo la automotriz se ha negado a ello amparada en la legislaci\u00f3n local en la que impera un proteccionismo patronal con apoyo de las autoridades de la Junta Federal de Conciliaci\u00f3n y Arbitraje.<\/p>\n<p>\u201cYa hubo una muerte industrial dentro de la planta. Hay compa\u00f1eros con plomo en la sangre, que hay ca\u00eddo con accidentes en coma, m\u00e1s los bajos salarios. \u00c9ramos los m\u00e1s bajos en el sector automotriz. Ya llegaron m\u00e1s plantas que andan en el mismo nivel de Honda. No te puedo decir que seamos los \u00faltimos pero si estamos entre los salarios m\u00e1s precarios del sector automotriz\u201d.<\/p>\n<p>A decir de los integrantes del sindicato independiente tienen el respaldo de otras organizaciones sindicales del pa\u00eds y de instancias obreras internacionales, sin embargo la mayor traba la han recibido en casa.<\/p>\n<p>Seg\u00fan los trabajadores, el gobierno del estado, a trav\u00e9s de la Secretar\u00eda del Trabajo no se han involucrado ni le han dado fluidez al proceso necesario para obtener la titularidad del sindicato.<\/p>\n<p>Aseguran que la empresa ha tomado represalias en contra de los trabajadores simpatizantes de este movimiento sindical independiente, llegando incluso a despedirlos.<\/p>\n<p>En Honda El Salto, los trabajadores de la planta automotriz fabrican el veh\u00edculo HRV, Productos de poder, motocicletas refacciones con una producci\u00f3n anual que supera las 45 mil unidades.<\/p>\n<p>En promedio, un trabajador de la planta Honda de El Salto comienza ganando 158 pesos por d\u00eda, mientras que otros trabajadores automotrices del pa\u00eds, que pertenecen a sindicatos independientes, perciben en promedio hasta 400 pesos diarios por realizar el mismo trabajo<\/p>\n<p><a href=\"http:\/\/www.proyectodiez.mx\/ctm-controla-sindicato-de-honda-a-pesar-de-no-tener-afiliados-sindicato-independiente\/\" target=\"_blank\">http:\/\/www.proyectodiez.mx\/ctm-controla-sindicato-de-honda-a-pesar-de-no-tener-afiliados-sindicato-independiente\/<\/a><\/p>\n","protected":false},"excerpt":{"rendered":"<p>Por: Cinthya G\u00f3mez 28 de agosto de 2015.\u2013 Detr\u00e1s del control sindical de los obreros de la planta automotriz de Honda est\u00e1n los intereses de varios organismos sindicales, entre ellos, &hellip; <a href=\"http:\/\/www.grieta.org.mx\/index.php\/2015\/08\/28\/ctm-controla-sindicato-de-honda-a-pesar-de-no-tener-afiliados-sindicato-independiente\/\" class=\"more-link\">Leer m\u00e1s<\/a><\/p>\n","protected":false},"author":2,"featured_media":21928,"comment_status":"closed","ping_status":"open","sticky":false,"template":"","format":"standard","meta":{"ngg_post_thumbnail":0,"_jetpack_newsletter_access":"","_jetpack_dont_email_post_to_subs":false,"_jetpack_newsletter_tier_id":0,"_jetpack_memberships_contains_paywalled_content":false,"_jetpack_memberships_contains_paid_content":false,"footnotes":""},"categories":[80,230],"tags":[105,147],"class_list":["post-5454","post","type-post","status-publish","format-standard","has-post-thumbnail","hentry","category-cintillo","category-jalisco","tag-derechos-laborales","tag-trabajo","entry"],"jetpack_featured_media_url":"http:\/\/www.grieta.org.mx\/wp-content\/uploads\/2018\/03\/14524434_1106112876131411_958039263622046936_o.jpg","jetpack_sharing_enabled":true,"jetpack_shortlink":"https:\/\/wp.me\/p7ZJR4-1pY","jetpack_likes_enabled":false,"jetpack-related-posts":[{"id":19829,"url":"http:\/\/www.grieta.org.mx\/index.php\/2015\/10\/25\/trabajadores-de-honda-jalisco-en-lucha-por-sindicato-independiente\/","url_meta":{"origin":5454,"position":0},"title":"Trabajadores de Honda Jalisco en lucha por sindicato independiente","author":"grieta","date":"25 octubre, 2015","format":false,"excerpt":"25\/10\/15. Honda de M\u00e9xico y CTM en alianza para impedir el derecho a un sindicato independiente Kaos en la Red 15\/10\/15. Jalisco: Agreden a obreros de la HondaCentro de Medios Libres 28\/08\/15. CTM controla sindicato de Honda a pesar de no tener afiliados: Sindicato IndependienteProyecto Diez 02\/07\/15. Caso Honda lleg\u00f3\u2026","rel":"","context":"En &quot;Jalisco&quot;","block_context":{"text":"Jalisco","link":"http:\/\/www.grieta.org.mx\/index.php\/category\/noticias-nacionales\/jalisco\/"},"img":{"alt_text":"","src":"https:\/\/i0.wp.com\/www.grieta.org.mx\/wp-content\/uploads\/2018\/03\/14524434_1106112876131411_958039263622046936_o.jpg?resize=350%2C200","width":350,"height":200,"srcset":"https:\/\/i0.wp.com\/www.grieta.org.mx\/wp-content\/uploads\/2018\/03\/14524434_1106112876131411_958039263622046936_o.jpg?resize=350%2C200 1x, https:\/\/i0.wp.com\/www.grieta.org.mx\/wp-content\/uploads\/2018\/03\/14524434_1106112876131411_958039263622046936_o.jpg?resize=525%2C300 1.5x, https:\/\/i0.wp.com\/www.grieta.org.mx\/wp-content\/uploads\/2018\/03\/14524434_1106112876131411_958039263622046936_o.jpg?resize=700%2C400 2x"},"classes":[]},{"id":5447,"url":"http:\/\/www.grieta.org.mx\/index.php\/2015\/10\/25\/honda-de-mexico-y-ctm-en-alianza-para-impedir-el-derecho-a-un-sindicato-independiente\/","url_meta":{"origin":5454,"position":1},"title":"Honda de M\u00e9xico y CTM en alianza para impedir el derecho a un sindicato independiente","author":"grieta","date":"25 octubre, 2015","format":false,"excerpt":"Kaos M\u00e9xico El pasado 15 de octubre de 2015, en las instalaciones de la planta de El Salto, Jalisco, se llevaron a cabo las votaciones para decidir que organizaci\u00f3n tendr\u00e1 la representaci\u00f3n de las y los trabajadores de Honda de M\u00e9xico. Desde hace 5 a\u00f1os, el Sindicato de Trabajadores Unidos\u2026","rel":"","context":"En &quot;CINTILLO&quot;","block_context":{"text":"CINTILLO","link":"http:\/\/www.grieta.org.mx\/index.php\/category\/cintillo\/"},"img":{"alt_text":"","src":"https:\/\/i0.wp.com\/www.grieta.org.mx\/wp-content\/uploads\/2018\/03\/14524434_1106112876131411_958039263622046936_o.jpg?resize=350%2C200","width":350,"height":200,"srcset":"https:\/\/i0.wp.com\/www.grieta.org.mx\/wp-content\/uploads\/2018\/03\/14524434_1106112876131411_958039263622046936_o.jpg?resize=350%2C200 1x, https:\/\/i0.wp.com\/www.grieta.org.mx\/wp-content\/uploads\/2018\/03\/14524434_1106112876131411_958039263622046936_o.jpg?resize=525%2C300 1.5x, https:\/\/i0.wp.com\/www.grieta.org.mx\/wp-content\/uploads\/2018\/03\/14524434_1106112876131411_958039263622046936_o.jpg?resize=700%2C400 2x"},"classes":[]},{"id":5460,"url":"http:\/\/www.grieta.org.mx\/index.php\/2015\/07\/02\/caso-honda-llego-a-la-oit\/","url_meta":{"origin":5454,"position":2},"title":"Caso Honda lleg\u00f3 a la OIT","author":"grieta","date":"2 julio, 2015","format":false,"excerpt":"Por: Elizabeth Rivera El caso del movimiento sindical de Honda lleg\u00f3 a la Organizaci\u00f3n Internacional del Trabajo (OIT). El pasado 16 de junio se denunci\u00f3 ante el organismo internacional la falta de libertad sindical en la planta automotriz de capital japon\u00e9s, ubicada en el corredor industrial de El Salto Jalisco.\u2026","rel":"","context":"En &quot;CINTILLO&quot;","block_context":{"text":"CINTILLO","link":"http:\/\/www.grieta.org.mx\/index.php\/category\/cintillo\/"},"img":{"alt_text":"","src":"https:\/\/i0.wp.com\/www.grieta.org.mx\/wp-content\/uploads\/2018\/03\/14524434_1106112876131411_958039263622046936_o.jpg?resize=350%2C200","width":350,"height":200,"srcset":"https:\/\/i0.wp.com\/www.grieta.org.mx\/wp-content\/uploads\/2018\/03\/14524434_1106112876131411_958039263622046936_o.jpg?resize=350%2C200 1x, https:\/\/i0.wp.com\/www.grieta.org.mx\/wp-content\/uploads\/2018\/03\/14524434_1106112876131411_958039263622046936_o.jpg?resize=525%2C300 1.5x, https:\/\/i0.wp.com\/www.grieta.org.mx\/wp-content\/uploads\/2018\/03\/14524434_1106112876131411_958039263622046936_o.jpg?resize=700%2C400 2x"},"classes":[]},{"id":5452,"url":"http:\/\/www.grieta.org.mx\/index.php\/2015\/10\/15\/jalisco-agreden-a-obreros-de-la-honda\/","url_meta":{"origin":5454,"position":3},"title":"Jalisco: Agreden a obreros de la Honda","author":"grieta","date":"15 octubre, 2015","format":false,"excerpt":"Oxnard Unidos Por Mexico Hoy es el recuento sindical en Honda de M\u00e9xico, planta El Salto, Jalisco, luego de una larga lucha de los obreros de Honda de M\u00e9xico lograron que la junta federal de conciliaci\u00f3n y arbitraje cumpliera el laudo para recuento sindical y disputar la titularidad del contrato\u2026","rel":"","context":"En &quot;CINTILLO&quot;","block_context":{"text":"CINTILLO","link":"http:\/\/www.grieta.org.mx\/index.php\/category\/cintillo\/"},"img":{"alt_text":"","src":"https:\/\/i0.wp.com\/www.grieta.org.mx\/wp-content\/uploads\/2018\/03\/14524434_1106112876131411_958039263622046936_o.jpg?resize=350%2C200","width":350,"height":200,"srcset":"https:\/\/i0.wp.com\/www.grieta.org.mx\/wp-content\/uploads\/2018\/03\/14524434_1106112876131411_958039263622046936_o.jpg?resize=350%2C200 1x, https:\/\/i0.wp.com\/www.grieta.org.mx\/wp-content\/uploads\/2018\/03\/14524434_1106112876131411_958039263622046936_o.jpg?resize=525%2C300 1.5x, https:\/\/i0.wp.com\/www.grieta.org.mx\/wp-content\/uploads\/2018\/03\/14524434_1106112876131411_958039263622046936_o.jpg?resize=700%2C400 2x"},"classes":[]},{"id":64087,"url":"http:\/\/www.grieta.org.mx\/index.php\/2022\/04\/20\/sinttia-nuevo-sindicato-de-general-motors-en-silao-emplazara-a-huelga\/","url_meta":{"origin":5454,"position":4},"title":"SINTTIA, nuevo sindicato de General Motors en Silao emplazar\u00e1 a Huelga","author":"grieta","date":"20 abril, 2022","format":false,"excerpt":"Con informaci\u00f3n de El Debate, 20 de abril de 2022 Le\u00f3n, Guanajuato.- La relaci\u00f3n entre General Motors en Silao, Guanajuato y el Sindicato Independiente Nacional de Trabajadores y Trabajadoras de la Industria Automotriz (SINTTIA) sigue dando de qu\u00e9 hablar, ambas organizaciones sostuvieron hoy una reuni\u00f3n frente a un juez para\u2026","rel":"","context":"En &quot;CINTILLO&quot;","block_context":{"text":"CINTILLO","link":"http:\/\/www.grieta.org.mx\/index.php\/category\/cintillo\/"},"img":{"alt_text":"","src":"https:\/\/i0.wp.com\/www.grieta.org.mx\/wp-content\/uploads\/2022\/04\/https-_www.debate.com_.mx___export_1650472510148_sites_debate_img_2022_04_20_gm.jpg_346753400.jpg?resize=350%2C200","width":350,"height":200},"classes":[]},{"id":59832,"url":"http:\/\/www.grieta.org.mx\/index.php\/2021\/06\/16\/celebran-trabajadores-de-gm-silao-apoyo-internacional-guanajuato\/","url_meta":{"origin":5454,"position":5},"title":"Celebran trabajadores de GM Silao apoyo internacional (Guanajuato)","author":"grieta","date":"16 junio, 2021","format":false,"excerpt":"\u00d3scar Ramos - Alejandra S\u00e1nchez | El Sol de Le\u00f3n, 16 de mayo de 2021 Silao, Gto.- La plantilla de 10 mil trabajadores de General Motors (GM) Planta Silao, son vistos como bot\u00edn pol\u00edtico y econ\u00f3mico por parte de la centrales sindicales como CTM y CATEM, las que intentaron reclutar\u2026","rel":"","context":"En &quot;CINTILLO&quot;","block_context":{"text":"CINTILLO","link":"http:\/\/www.grieta.org.mx\/index.php\/category\/cintillo\/"},"img":{"alt_text":"","src":"https:\/\/i0.wp.com\/www.grieta.org.mx\/wp-content\/uploads\/2021\/06\/SINDICATO-AUTOPARTES-GM-CTM.jpg?resize=350%2C200","width":350,"height":200,"srcset":"https:\/\/i0.wp.com\/www.grieta.org.mx\/wp-content\/uploads\/2021\/06\/SINDICATO-AUTOPARTES-GM-CTM.jpg?resize=350%2C200 1x, https:\/\/i0.wp.com\/www.grieta.org.mx\/wp-content\/uploads\/2021\/06\/SINDICATO-AUTOPARTES-GM-CTM.jpg?resize=525%2C300 1.5x, https:\/\/i0.wp.com\/www.grieta.org.mx\/wp-content\/uploads\/2021\/06\/SINDICATO-AUTOPARTES-GM-CTM.jpg?resize=700%2C400 2x"},"classes":[]}],"_links":{"self":[{"href":"http:\/\/www.grieta.org.mx\/index.php\/wp-json\/wp\/v2\/posts\/5454","targetHints":{"allow":["GET"]}}],"collection":[{"href":"http:\/\/www.grieta.org.mx\/index.php\/wp-json\/wp\/v2\/posts"}],"about":[{"href":"http:\/\/www.grieta.org.mx\/index.php\/wp-json\/wp\/v2\/types\/post"}],"author":[{"embeddable":true,"href":"http:\/\/www.grieta.org.mx\/index.php\/wp-json\/wp\/v2\/users\/2"}],"replies":[{"embeddable":true,"href":"http:\/\/www.grieta.org.mx\/index.php\/wp-json\/wp\/v2\/comments?post=5454"}],"version-history":[{"count":1,"href":"http:\/\/www.grieta.org.mx\/index.php\/wp-json\/wp\/v2\/posts\/5454\/revisions"}],"predecessor-version":[{"id":10865,"href":"http:\/\/www.grieta.org.mx\/index.php\/wp-json\/wp\/v2\/posts\/5454\/revisions\/10865"}],"wp:featuredmedia":[{"embeddable":true,"href":"http:\/\/www.grieta.org.mx\/index.php\/wp-json\/wp\/v2\/media\/21928"}],"wp:attachment":[{"href":"http:\/\/www.grieta.org.mx\/index.php\/wp-json\/wp\/v2\/media?parent=5454"}],"wp:term":[{"taxonomy":"category","embeddable":true,"href":"http:\/\/www.grieta.org.mx\/index.php\/wp-json\/wp\/v2\/categories?post=5454"},{"taxonomy":"post_tag","embeddable":true,"href":"http:\/\/www.grieta.org.mx\/index.php\/wp-json\/wp\/v2\/tags?post=5454"}],"curies":[{"name":"wp","href":"https:\/\/api.w.org\/{rel}","templated":true}]}}