{"id":5442,"date":"2015-12-24T03:12:25","date_gmt":"2015-12-24T03:12:25","guid":{"rendered":"http:\/\/50.22.11.12\/~grietaor\/?p=5442"},"modified":"2016-04-25T00:42:33","modified_gmt":"2016-04-25T00:42:33","slug":"se-manifiestan-trabajadores-de-salud-en-en-el-centro-de-guadalajara","status":"publish","type":"post","link":"http:\/\/www.grieta.org.mx\/index.php\/2015\/12\/24\/se-manifiestan-trabajadores-de-salud-en-en-el-centro-de-guadalajara\/","title":{"rendered":"Se manifiestan trabajadores de Salud en en el centro de Guadalajara"},"content":{"rendered":"<p>Gustavo Magana Reportero Vial<\/p>\n<p>Trabajadores de programas emergentes de la Secretaria de Salud Jalisco, se manifestaron este d\u00eda en el centro de Guadalajara, exigiendo se les pague el aguinaldo que dicen por ley les corresponde. Son cerca de cien empleados, que se\u00f1alan que con sus pancartas exigen el mismo trat\u00f3 laboral, que los empleados de base de la dependencia estatal. Esperan entablar di\u00e1logo con las autoridades administrativas de Salud.<\/p>\n<p><a href=\"https:\/\/meganoticias.mx\/tu-ciudad\/guadalajara\/ultimo-minuto\/item\/126598-se-manifiestan-trabajadores-de-salud-en-en-el-centro-de-guadalajara.html\" target=\"_blank\">https:\/\/meganoticias.mx\/tu-ciudad\/guadalajara\/ultimo-minuto\/item\/126598-se-manifiestan-trabajadores-de-salud-en-en-el-centro-de-guadalajara.html<\/a><\/p>\n","protected":false},"excerpt":{"rendered":"<p>Gustavo Magana Reportero Vial Trabajadores de programas emergentes de la Secretaria de Salud Jalisco, se manifestaron este d\u00eda en el centro de Guadalajara, exigiendo se les pague el aguinaldo que &hellip; <a href=\"http:\/\/www.grieta.org.mx\/index.php\/2015\/12\/24\/se-manifiestan-trabajadores-de-salud-en-en-el-centro-de-guadalajara\/\" class=\"more-link\">Leer m\u00e1s<\/a><\/p>\n","protected":false},"author":2,"featured_media":21928,"comment_status":"closed","ping_status":"open","sticky":false,"template":"","format":"standard","meta":{"ngg_post_thumbnail":0,"_jetpack_newsletter_access":"","_jetpack_dont_email_post_to_subs":false,"_jetpack_newsletter_tier_id":0,"_jetpack_memberships_contains_paywalled_content":false,"_jetpack_memberships_contains_paid_content":false,"footnotes":""},"categories":[80],"tags":[105,147],"class_list":["post-5442","post","type-post","status-publish","format-standard","has-post-thumbnail","hentry","category-cintillo","tag-derechos-laborales","tag-trabajo","entry"],"jetpack_featured_media_url":"http:\/\/www.grieta.org.mx\/wp-content\/uploads\/2018\/03\/14524434_1106112876131411_958039263622046936_o.jpg","jetpack_sharing_enabled":true,"jetpack_shortlink":"https:\/\/wp.me\/p7ZJR4-1pM","jetpack_likes_enabled":false,"jetpack-related-posts":[{"id":5431,"url":"http:\/\/www.grieta.org.mx\/index.php\/2016\/09\/07\/conflictos-laborales-en-jalisco\/","url_meta":{"origin":5442,"position":0},"title":"Conflictos laborales de trabajadores del estado en Jalisco","author":"grieta","date":"7 septiembre, 2016","format":false,"excerpt":"07\/09\/16. Bur\u00f3cratas se manifiestan; piden restituir dinero a IpejalUni\u00f3n Jalisco 06\/07\/16. Trabajadores exigen aumento de salarioNtr Guadalajara 07\/06\/16. Exigen trabajadores dinero de sus pensionesNtr Guadalajara 24\/05\/16. Jalisco invierte dinero de sus bur\u00f3cratas en desarrollos hotelerosEl Financiero 20\/02\/16. Trabajadores de Cruz Roja Guadalajara exigen prestaciones m\u00e9dicas P\u00e1gina 24 29\/01\/16. Trabajadores del\u2026","rel":"","context":"En &quot;CINTILLO&quot;","block_context":{"text":"CINTILLO","link":"http:\/\/www.grieta.org.mx\/index.php\/category\/cintillo\/"},"img":{"alt_text":"","src":"https:\/\/i0.wp.com\/www.grieta.org.mx\/wp-content\/uploads\/2018\/03\/14524434_1106112876131411_958039263622046936_o.jpg?resize=350%2C200","width":350,"height":200,"srcset":"https:\/\/i0.wp.com\/www.grieta.org.mx\/wp-content\/uploads\/2018\/03\/14524434_1106112876131411_958039263622046936_o.jpg?resize=350%2C200 1x, https:\/\/i0.wp.com\/www.grieta.org.mx\/wp-content\/uploads\/2018\/03\/14524434_1106112876131411_958039263622046936_o.jpg?resize=525%2C300 1.5x, https:\/\/i0.wp.com\/www.grieta.org.mx\/wp-content\/uploads\/2018\/03\/14524434_1106112876131411_958039263622046936_o.jpg?resize=700%2C400 2x"},"classes":[]},{"id":30351,"url":"http:\/\/www.grieta.org.mx\/index.php\/2019\/03\/09\/ex-empleados-de-prospera-se-manifiestan-en-evento-de-lopez-obrador-jalisco\/","url_meta":{"origin":5442,"position":1},"title":"Ex empleados de Prospera se manifiestan en evento de L\u00f3pez Obrador (Jalisco)","author":"grieta","date":"9 marzo, 2019","format":false,"excerpt":"Protestan en Encarnaci\u00f3n de D\u00edaz por el despido de 246 personas por la desaparici\u00f3n del programa de salud para pasar el recurso a educaci\u00f3n Y. Mora \/ El Informador Durante el evento del Presidente Andr\u00e9s Manuel L\u00f3pez Obrador en el municipio de Encarnaci\u00f3n de D\u00edaz, desempleados del programa Prospera en\u2026","rel":"","context":"En &quot;CINTILLO&quot;","block_context":{"text":"CINTILLO","link":"http:\/\/www.grieta.org.mx\/index.php\/category\/cintillo\/"},"img":{"alt_text":"","src":"https:\/\/i0.wp.com\/www.grieta.org.mx\/wp-content\/uploads\/2018\/03\/14524434_1106112876131411_958039263622046936_o.jpg?resize=350%2C200","width":350,"height":200,"srcset":"https:\/\/i0.wp.com\/www.grieta.org.mx\/wp-content\/uploads\/2018\/03\/14524434_1106112876131411_958039263622046936_o.jpg?resize=350%2C200 1x, https:\/\/i0.wp.com\/www.grieta.org.mx\/wp-content\/uploads\/2018\/03\/14524434_1106112876131411_958039263622046936_o.jpg?resize=525%2C300 1.5x, https:\/\/i0.wp.com\/www.grieta.org.mx\/wp-content\/uploads\/2018\/03\/14524434_1106112876131411_958039263622046936_o.jpg?resize=700%2C400 2x"},"classes":[]},{"id":51347,"url":"http:\/\/www.grieta.org.mx\/index.php\/2020\/06\/25\/protestaran-el-1-de-julio-trabajadores-de-la-salud-en-guadalajara-y-12-estados\/","url_meta":{"origin":5442,"position":2},"title":"Protestar\u00e1n el 1 de julio, trabajadores de la salud en Guadalajara y 12 estados","author":"grieta","date":"25 junio, 2020","format":false,"excerpt":"Foto: Ignacio P\u00e9rez Vega Ignacio P\u00e9rez Vega \/ UDGTV Guadalajara. El pr\u00f3ximo mi\u00e9rcoles 1 de julio a las 12:00 horas, al cumplirse el segundo a\u00f1o del triunfo electoral de Andr\u00e9s Manuel L\u00f3pez Obrador, trabajadores del IMSS y de la Secretar\u00eda de Salud realizar\u00e1n una manifestaci\u00f3n en plaza Universidad, en el\u2026","rel":"","context":"En &quot;CINTILLO&quot;","block_context":{"text":"CINTILLO","link":"http:\/\/www.grieta.org.mx\/index.php\/category\/cintillo\/"},"img":{"alt_text":"","src":"https:\/\/i0.wp.com\/www.grieta.org.mx\/wp-content\/uploads\/2020\/06\/Protesta-Trabajadores-Ignacio-P%C3%A9rez-Vega-696x928.jpeg?resize=350%2C200","width":350,"height":200,"srcset":"https:\/\/i0.wp.com\/www.grieta.org.mx\/wp-content\/uploads\/2020\/06\/Protesta-Trabajadores-Ignacio-P%C3%A9rez-Vega-696x928.jpeg?resize=350%2C200 1x, https:\/\/i0.wp.com\/www.grieta.org.mx\/wp-content\/uploads\/2020\/06\/Protesta-Trabajadores-Ignacio-P%C3%A9rez-Vega-696x928.jpeg?resize=525%2C300 1.5x"},"classes":[]},{"id":6325,"url":"http:\/\/www.grieta.org.mx\/index.php\/2016\/01\/15\/se-manifiestan-trabajadores-de-salud-en-centla\/","url_meta":{"origin":5442,"position":3},"title":"Se manifiestan trabajadores de Salud en Centla","author":"grieta","date":"15 enero, 2016","format":false,"excerpt":"Neftal\u00ed Ortiz Exigen el pago de bonificaciones quincenales atrasadas y reconocimiento a su organizaci\u00f3n sindical M\u00e1s de 35 trabajadores de salud en el municipio de Centla, perteneciente al Sindicato Independiente Nacional de Trabajadores de Salud, se plantaron desde las 9 de la ma\u00f1ana del este martes en protesta porque los\u2026","rel":"","context":"En &quot;CINTILLO&quot;","block_context":{"text":"CINTILLO","link":"http:\/\/www.grieta.org.mx\/index.php\/category\/cintillo\/"},"img":{"alt_text":"","src":"https:\/\/i0.wp.com\/www.grieta.org.mx\/wp-content\/uploads\/2018\/03\/14524434_1106112876131411_958039263622046936_o.jpg?resize=350%2C200","width":350,"height":200,"srcset":"https:\/\/i0.wp.com\/www.grieta.org.mx\/wp-content\/uploads\/2018\/03\/14524434_1106112876131411_958039263622046936_o.jpg?resize=350%2C200 1x, https:\/\/i0.wp.com\/www.grieta.org.mx\/wp-content\/uploads\/2018\/03\/14524434_1106112876131411_958039263622046936_o.jpg?resize=525%2C300 1.5x, https:\/\/i0.wp.com\/www.grieta.org.mx\/wp-content\/uploads\/2018\/03\/14524434_1106112876131411_958039263622046936_o.jpg?resize=700%2C400 2x"},"classes":[]},{"id":57703,"url":"http:\/\/www.grieta.org.mx\/index.php\/2021\/03\/10\/trabajadores-del-imss-se-manifiestan-y-piden-vacunas-jalisco\/","url_meta":{"origin":5442,"position":4},"title":"Trabajadores del IMSS se manifiestan y piden vacunas (Jalisco)","author":"grieta","date":"10 marzo, 2021","format":false,"excerpt":"Foto: Cortes\u00eda V\u00edctor Ch\u00e1vez \/ El Occidental Al grito de \u201cqueremos vacunas, queremos vacunas\u201d, personal m\u00e9dico de la cl\u00ednica 53 del IMSS situada por avenidas Juan Pablo II, Centro, 45100 Zapopan, Jalisco, se manifest\u00f3 la ma\u00f1ana de este mi\u00e9rcoles. Ellos siguen arriesg\u00e1ndose, dicen, y solo ven pasar las vacunas para\u2026","rel":"","context":"En &quot;CINTILLO&quot;","block_context":{"text":"CINTILLO","link":"http:\/\/www.grieta.org.mx\/index.php\/category\/cintillo\/"},"img":{"alt_text":"","src":"https:\/\/i0.wp.com\/www.grieta.org.mx\/wp-content\/uploads\/2021\/03\/Personal-me%CC%81dico1.jpg?resize=350%2C200","width":350,"height":200,"srcset":"https:\/\/i0.wp.com\/www.grieta.org.mx\/wp-content\/uploads\/2021\/03\/Personal-me%CC%81dico1.jpg?resize=350%2C200 1x, https:\/\/i0.wp.com\/www.grieta.org.mx\/wp-content\/uploads\/2021\/03\/Personal-me%CC%81dico1.jpg?resize=525%2C300 1.5x, https:\/\/i0.wp.com\/www.grieta.org.mx\/wp-content\/uploads\/2021\/03\/Personal-me%CC%81dico1.jpg?resize=700%2C400 2x"},"classes":[]},{"id":8974,"url":"http:\/\/www.grieta.org.mx\/index.php\/2015\/10\/26\/sindicalizados-del-sector-salud-se-manifiestan-en-morelia-y-en-michoacan\/","url_meta":{"origin":5442,"position":5},"title":"Sindicalizados del sector salud se manifiestan en Morelia y en Michoac\u00e1n","author":"Admin","date":"26 octubre, 2015","format":false,"excerpt":"Morelia, Mich., a 26 de octubre de 2015.- Trabajadores adscritos al Sindicato de Trabajadores Descentralizados de Servicios de Salud de Michoac\u00e1n (SDTSSM) \u201cL\u00e1zaro C\u00e1rdenas\u201d, realizan una manifestaci\u00f3n este lunes en la ciudad de Morelia y en diferentes puntos del estado, para exigir que sean cumplidos diversos acuerdos. Por una parte,\u2026","rel":"","context":"En &quot;CINTILLO&quot;","block_context":{"text":"CINTILLO","link":"http:\/\/www.grieta.org.mx\/index.php\/category\/cintillo\/"},"img":{"alt_text":"","src":"https:\/\/i0.wp.com\/www.grieta.org.mx\/wp-content\/uploads\/2018\/03\/14524434_1106112876131411_958039263622046936_o.jpg?resize=350%2C200","width":350,"height":200,"srcset":"https:\/\/i0.wp.com\/www.grieta.org.mx\/wp-content\/uploads\/2018\/03\/14524434_1106112876131411_958039263622046936_o.jpg?resize=350%2C200 1x, https:\/\/i0.wp.com\/www.grieta.org.mx\/wp-content\/uploads\/2018\/03\/14524434_1106112876131411_958039263622046936_o.jpg?resize=525%2C300 1.5x, https:\/\/i0.wp.com\/www.grieta.org.mx\/wp-content\/uploads\/2018\/03\/14524434_1106112876131411_958039263622046936_o.jpg?resize=700%2C400 2x"},"classes":[]}],"_links":{"self":[{"href":"http:\/\/www.grieta.org.mx\/index.php\/wp-json\/wp\/v2\/posts\/5442","targetHints":{"allow":["GET"]}}],"collection":[{"href":"http:\/\/www.grieta.org.mx\/index.php\/wp-json\/wp\/v2\/posts"}],"about":[{"href":"http:\/\/www.grieta.org.mx\/index.php\/wp-json\/wp\/v2\/types\/post"}],"author":[{"embeddable":true,"href":"http:\/\/www.grieta.org.mx\/index.php\/wp-json\/wp\/v2\/users\/2"}],"replies":[{"embeddable":true,"href":"http:\/\/www.grieta.org.mx\/index.php\/wp-json\/wp\/v2\/comments?post=5442"}],"version-history":[{"count":1,"href":"http:\/\/www.grieta.org.mx\/index.php\/wp-json\/wp\/v2\/posts\/5442\/revisions"}],"predecessor-version":[{"id":10861,"href":"http:\/\/www.grieta.org.mx\/index.php\/wp-json\/wp\/v2\/posts\/5442\/revisions\/10861"}],"wp:featuredmedia":[{"embeddable":true,"href":"http:\/\/www.grieta.org.mx\/index.php\/wp-json\/wp\/v2\/media\/21928"}],"wp:attachment":[{"href":"http:\/\/www.grieta.org.mx\/index.php\/wp-json\/wp\/v2\/media?parent=5442"}],"wp:term":[{"taxonomy":"category","embeddable":true,"href":"http:\/\/www.grieta.org.mx\/index.php\/wp-json\/wp\/v2\/categories?post=5442"},{"taxonomy":"post_tag","embeddable":true,"href":"http:\/\/www.grieta.org.mx\/index.php\/wp-json\/wp\/v2\/tags?post=5442"}],"curies":[{"name":"wp","href":"https:\/\/api.w.org\/{rel}","templated":true}]}}